{"id":200058,"date":"2026-04-28T13:45:00","date_gmt":"2026-04-28T16:45:00","guid":{"rendered":"https:\/\/www.em.com.br\/emfoco\/?p=200058"},"modified":"2026-04-27T15:40:08","modified_gmt":"2026-04-27T18:40:08","slug":"uma-das-marcas-de-roupa-mais-populares-do-pais-esta-se-despedindo-mais-de-130-lojas-fecharam-e-outras-podem-seguir-o-mesmo-caminho","status":"publish","type":"post","link":"https:\/\/www.em.com.br\/emfoco\/2026\/04\/28\/uma-das-marcas-de-roupa-mais-populares-do-pais-esta-se-despedindo-mais-de-130-lojas-fecharam-e-outras-podem-seguir-o-mesmo-caminho\/","title":{"rendered":"Uma das marcas de roupa mais populares do pa\u00eds est\u00e1 se despedindo: mais de 130 lojas fecharam\u00a0e outras podem seguir o mesmo caminho"},"content":{"rendered":"\n<p>A transforma\u00e7\u00e3o do grupo Inditex, dono de marcas como <strong>Zara<\/strong>, <strong>Massimo Dutti<\/strong> e <strong>Stradivarius<\/strong>, tornou-se um dos principais exemplos de mudan\u00e7a no varejo de moda, com foco em menos lojas f\u00edsicas, pontos de venda maiores, integra\u00e7\u00e3o total com o digital e uma\u00a0<strong>estrat\u00e9gia omnicanal da Inditex<\/strong>\u00a0que redefine como o consumidor descobre, compra, recebe e devolve produtos em qualquer canal.<\/p>\n\n\n\n<h2 class=\"wp-block-heading\">O que \u00e9 a estrat\u00e9gia omnicanal da Inditex<\/h2>\n\n\n\n<p>A\u00a0<strong>estrat\u00e9gia omnicanal da Inditex<\/strong>\u00a0parte da ideia de que <a href=\"https:\/\/www.em.com.br\/emfoco\/2026\/04\/26\/adeus-a-uma-loja-iconica-com-35-anos-de-trabalho-em-shoppings-fecha-92-unidades\/\" target=\"_blank\" rel=\"noreferrer noopener\">loja <\/a>f\u00edsica e e-commerce n\u00e3o devem competir, mas atuar como um \u00fanico ecossistema. Em vez de tratar cada canal de forma isolada, o grupo integra estoques, sistemas de pagamento, log\u00edstica e atendimento em uma mesma arquitetura tecnol\u00f3gica.<\/p>\n\n\n\n<p>Assim, uma pe\u00e7a pode ser vendida online, retirada em loja, devolvida em outra unidade e ainda circular rapidamente entre diferentes pontos, de acordo com a demanda registrada em tempo real. O cliente interage com uma marca \u00fanica, e n\u00e3o com \u201cloja\u201d de um lado e \u201csite\u201d de outro, reduzindo atritos e ampliando conveni\u00eancia.<\/p>\n\n\n\n<figure class=\"wp-block-image\"><img decoding=\"async\" src=\"https:\/\/www.em.com.br\/emfoco\/wp-content\/uploads\/2025\/11\/Inditex-_1762189623596-1024x576.jpg\" alt=\"\"\/><figcaption class=\"wp-element-caption\">O gigante da moda surpreende com fechamento em massa de lojas &#8211; Cr\u00e9ditos: depositphotos.com \/ Krasnevsky<\/figcaption><\/figure>\n\n\n\n<h2 class=\"wp-block-heading\">Por que as lojas maiores s\u00e3o essenciais para o modelo omnicanal<\/h2>\n\n\n\n<p>A aposta em menos lojas, por\u00e9m maiores, est\u00e1 diretamente ligada \u00e0\u00a0<strong>estrat\u00e9gia omnicanal da <a href=\"https:\/\/www.inditex.com\/\" target=\"_blank\" rel=\"noreferrer noopener\">Inditex<\/a><\/strong>. Unidades amplas e bem localizadas permitem concentrar mais estoque, criar \u00e1reas espec\u00edficas para retirada r\u00e1pida de pedidos online e instalar tecnologias que exigem investimentos altos, vi\u00e1veis apenas em opera\u00e7\u00f5es com grande fluxo.<\/p>\n\n\n\n<p>Nesse modelo, as lojas passam a concentrar diferentes fun\u00e7\u00f5es estrat\u00e9gicas para o grupo, atuando de forma integrada ao e-commerce e \u00e0 log\u00edstica urbana, o que ajuda a reduzir custos com unidades pouco rent\u00e1veis e a aumentar a produtividade por metro quadrado.<\/p>\n\n\n\n<ul class=\"wp-block-list\">\n<li><strong>Showroom de produtos<\/strong>, com exposi\u00e7\u00e3o ampla de cole\u00e7\u00f5es e categorias.<\/li>\n\n\n\n<li><strong>Centro log\u00edstico urbano<\/strong>, apoiando entregas r\u00e1pidas e reposi\u00e7\u00e3o eficiente.<\/li>\n\n\n\n<li><strong>Ponto de servi\u00e7o<\/strong>, para trocas, devolu\u00e7\u00f5es e suporte p\u00f3s-venda.<\/li>\n\n\n\n<li><strong>Laborat\u00f3rio de dados<\/strong>, coletando informa\u00e7\u00f5es sobre fluxo e comportamento de compra.<\/li>\n<\/ul>\n\n\n\n<h2 class=\"wp-block-heading\">Quais tecnologias sustentam a integra\u00e7\u00e3o entre canais<\/h2>\n\n\n\n<p>A digitaliza\u00e7\u00e3o das lojas \u00e9 um dos pilares da&nbsp;<strong>estrat\u00e9gia omnicanal da Inditex<\/strong>, conectando o ambiente f\u00edsico ao sistema online. Em v\u00e1rios pa\u00edses, o grupo testa e expande recursos voltados \u00e0 conveni\u00eancia do cliente e \u00e0 efici\u00eancia interna, como pagamento mais \u00e1gil, retirada inteligente e devolu\u00e7\u00f5es simplificadas.<\/p>\n\n\n\n<p>Entre os recursos mais presentes nas novas lojas est\u00e3o solu\u00e7\u00f5es que reduzem filas, agilizam o acesso a pedidos e oferecem visibilidade em tempo real do estoque, al\u00e9m de ferramentas de dados que permitem ajustar cole\u00e7\u00f5es conforme o comportamento do consumidor evolui.<\/p>\n\n\n\n<figure class=\"wp-block-image\"><img decoding=\"async\" src=\"https:\/\/www.em.com.br\/emfoco\/wp-content\/uploads\/2026\/01\/ChatGPT-Image-23-de-jan.-de-2026-14_30_22-1-1024x576.png\" alt=\"\"\/><figcaption class=\"wp-element-caption\">Nova fase da Zara mistura loja e internet<\/figcaption><\/figure>\n\n\n\n<h2 class=\"wp-block-heading\">Como as outras marcas do grupo incorporam o modelo omnicanal<\/h2>\n\n\n\n<p>Embora a Zara concentre grande parte da aten\u00e7\u00e3o, a\u00a0<strong>estrat\u00e9gia omnicanal da Inditex<\/strong>\u00a0atinge todas as bandeiras do grupo. Marcas como <strong>Bershka<\/strong>, <strong>Pull&amp;Bear<\/strong>, Stradivarius, Massimo Dutti e <strong>Oysho <\/strong>tamb\u00e9m passam por ajustes, com fechamento de unidades menores e refor\u00e7o de pontos em \u00e1reas de maior circula\u00e7\u00e3o e ader\u00eancia ao p\u00fablico-alvo.<\/p>\n\n\n\n<p>Esse movimento segue etapas que combinam an\u00e1lise de desempenho, revis\u00e3o do mapa de lojas e integra\u00e7\u00e3o tecnol\u00f3gica, sempre com foco em manter a rentabilidade e fortalecer o v\u00ednculo entre canal f\u00edsico e digital em cada mercado em que o grupo atua.<\/p>\n\n\n\n<h2 class=\"wp-block-heading\">Por que a estrat\u00e9gia omnicanal da Inditex aponta o futuro do varejo<\/h2>\n\n\n\n<p>Ao integrar lojas maiores, tecnologia avan\u00e7ada e log\u00edstica inteligente, a&nbsp;<strong>estrat\u00e9gia omnicanal da Inditex<\/strong>&nbsp;antecipa um varejo em que as fronteiras entre online e offline quase desaparecem. O resultado \u00e9 uma rede mais enxuta, por\u00e9m mais eficiente, com maior potencial de faturamento e experi\u00eancia de compra muito mais fluida.<\/p>\n\n\n\n<p>Se voc\u00ea atua no varejo e ainda n\u00e3o est\u00e1 repensando canais, tecnologia e mapa de lojas, est\u00e1 ficando para tr\u00e1s. Use o modelo da Inditex como alerta e inspira\u00e7\u00e3o: comece agora a revisar sua opera\u00e7\u00e3o, testar integra\u00e7\u00f5es e investir em omnicanalidade antes que seu cliente encontre essa experi\u00eancia completa no concorrente.<\/p>\n","protected":false},"excerpt":{"rendered":"<p>A transforma\u00e7\u00e3o do grupo Inditex, dono de marcas como Zara, Massimo Dutti e Stradivarius, tornou-se um dos principais exemplos de mudan\u00e7a no varejo de moda, com foco em menos lojas f\u00edsicas, pontos de venda maiores, integra\u00e7\u00e3o total com o digital e uma\u00a0estrat\u00e9gia omnicanal da Inditex\u00a0que redefine como o consumidor descobre, compra, recebe e devolve produtos [&hellip;]<\/p>\n","protected":false},"author":11,"featured_media":200613,"comment_status":"open","ping_status":"open","sticky":false,"template":"","format":"standard","meta":{"jnews-multi-image_gallery":[],"jnews_single_post":{"format":"standard"},"jnews_primary_category":[],"jnews_social_meta":[],"jnews_override_counter":[],"footnotes":""},"categories":[28,1],"tags":[22322,21364,9676,28802],"class_list":["post-200058","post","type-post","status-publish","format-standard","has-post-thumbnail","hentry","category-economia","category-noticias","tag-fecha-lojas","tag-fechamento-de-lojas","tag-loja","tag-zara-fecha-lojas"],"yoast_head":"<!-- This site is optimized with the Yoast SEO plugin v23.8 - https:\/\/yoast.com\/wordpress\/plugins\/seo\/ -->\n<title>Uma das marcas de roupa mais populares do pa\u00eds est\u00e1 se despedindo: mais de 130 lojas fecharam\u00a0e outras podem seguir o mesmo caminho - Estado de Minas - Em foco<\/title>\n<meta name=\"description\" content=\"Menos lojas, mais tecnologia e vendas integradas. Entenda a estrat\u00e9gia omnicanal da Inditex e o impacto no consumidor.\" \/>\n<meta name=\"robots\" content=\"index, follow, max-snippet:-1, max-image-preview:large, max-video-preview:-1\" \/>\n<link rel=\"canonical\" href=\"https:\/\/www.em.com.br\/emfoco\/2026\/04\/28\/uma-das-marcas-de-roupa-mais-populares-do-pais-esta-se-despedindo-mais-de-130-lojas-fecharam-e-outras-podem-seguir-o-mesmo-caminho\/\" \/>\n<meta property=\"og:locale\" content=\"pt_BR\" \/>\n<meta property=\"og:type\" content=\"article\" \/>\n<meta property=\"og:title\" content=\"Uma das marcas de roupa mais populares do pa\u00eds est\u00e1 se despedindo: mais de 130 lojas fecharam\u00a0e outras podem seguir o mesmo caminho - Estado de Minas - Em foco\" \/>\n<meta property=\"og:description\" content=\"Menos lojas, mais tecnologia e vendas integradas. Entenda a estrat\u00e9gia omnicanal da Inditex e o impacto no consumidor.\" \/>\n<meta property=\"og:url\" content=\"https:\/\/www.em.com.br\/emfoco\/2026\/04\/28\/uma-das-marcas-de-roupa-mais-populares-do-pais-esta-se-despedindo-mais-de-130-lojas-fecharam-e-outras-podem-seguir-o-mesmo-caminho\/\" \/>\n<meta property=\"og:site_name\" content=\"Estado de Minas - Em foco\" \/>\n<meta property=\"article:published_time\" content=\"2026-04-28T16:45:00+00:00\" \/>\n<meta property=\"article:modified_time\" content=\"2026-04-27T18:40:08+00:00\" \/>\n<meta property=\"og:image\" content=\"https:\/\/www.em.com.br\/emfoco\/wp-content\/uploads\/2026\/04\/EmFoco_39-6.jpg\" \/>\n\t<meta property=\"og:image:width\" content=\"1280\" \/>\n\t<meta property=\"og:image:height\" content=\"720\" \/>\n\t<meta property=\"og:image:type\" content=\"image\/jpeg\" \/>\n<meta name=\"author\" content=\"Andre\u0301 Rangel\u00a0\" \/>\n<meta name=\"twitter:card\" content=\"summary_large_image\" \/>\n<meta name=\"twitter:label1\" content=\"Escrito por\" \/>\n\t<meta name=\"twitter:data1\" content=\"Andre\u0301 Rangel\u00a0\" \/>\n\t<meta name=\"twitter:label2\" content=\"Est. tempo de leitura\" \/>\n\t<meta name=\"twitter:data2\" content=\"5 minutos\" \/>\n<!-- \/ Yoast SEO plugin. -->","yoast_head_json":{"title":"Uma das marcas de roupa mais populares do pa\u00eds est\u00e1 se despedindo: mais de 130 lojas fecharam\u00a0e outras podem seguir o mesmo caminho - Estado de Minas - Em foco","description":"Menos lojas, mais tecnologia e vendas integradas. Entenda a estrat\u00e9gia omnicanal da Inditex e o impacto no consumidor.","robots":{"index":"index","follow":"follow","max-snippet":"max-snippet:-1","max-image-preview":"max-image-preview:large","max-video-preview":"max-video-preview:-1"},"canonical":"https:\/\/www.em.com.br\/emfoco\/2026\/04\/28\/uma-das-marcas-de-roupa-mais-populares-do-pais-esta-se-despedindo-mais-de-130-lojas-fecharam-e-outras-podem-seguir-o-mesmo-caminho\/","og_locale":"pt_BR","og_type":"article","og_title":"Uma das marcas de roupa mais populares do pa\u00eds est\u00e1 se despedindo: mais de 130 lojas fecharam\u00a0e outras podem seguir o mesmo caminho - Estado de Minas - Em foco","og_description":"Menos lojas, mais tecnologia e vendas integradas. Entenda a estrat\u00e9gia omnicanal da Inditex e o impacto no consumidor.","og_url":"https:\/\/www.em.com.br\/emfoco\/2026\/04\/28\/uma-das-marcas-de-roupa-mais-populares-do-pais-esta-se-despedindo-mais-de-130-lojas-fecharam-e-outras-podem-seguir-o-mesmo-caminho\/","og_site_name":"Estado de Minas - Em foco","article_published_time":"2026-04-28T16:45:00+00:00","article_modified_time":"2026-04-27T18:40:08+00:00","og_image":[{"width":1280,"height":720,"url":"https:\/\/www.em.com.br\/emfoco\/wp-content\/uploads\/2026\/04\/EmFoco_39-6.jpg","type":"image\/jpeg"}],"author":"Andre\u0301 Rangel\u00a0","twitter_card":"summary_large_image","twitter_misc":{"Escrito por":"Andre\u0301 Rangel\u00a0","Est. tempo de leitura":"5 minutos"},"schema":{"@context":"https:\/\/schema.org","@graph":[{"@type":"WebPage","@id":"https:\/\/www.em.com.br\/emfoco\/2026\/04\/28\/uma-das-marcas-de-roupa-mais-populares-do-pais-esta-se-despedindo-mais-de-130-lojas-fecharam-e-outras-podem-seguir-o-mesmo-caminho\/","url":"https:\/\/www.em.com.br\/emfoco\/2026\/04\/28\/uma-das-marcas-de-roupa-mais-populares-do-pais-esta-se-despedindo-mais-de-130-lojas-fecharam-e-outras-podem-seguir-o-mesmo-caminho\/","name":"Uma das marcas de roupa mais populares do pa\u00eds est\u00e1 se despedindo: mais de 130 lojas fecharam\u00a0e outras podem seguir o mesmo caminho - Estado de Minas - Em foco","isPartOf":{"@id":"https:\/\/www.em.com.br\/emfoco\/#website"},"primaryImageOfPage":{"@id":"https:\/\/www.em.com.br\/emfoco\/2026\/04\/28\/uma-das-marcas-de-roupa-mais-populares-do-pais-esta-se-despedindo-mais-de-130-lojas-fecharam-e-outras-podem-seguir-o-mesmo-caminho\/#primaryimage"},"image":{"@id":"https:\/\/www.em.com.br\/emfoco\/2026\/04\/28\/uma-das-marcas-de-roupa-mais-populares-do-pais-esta-se-despedindo-mais-de-130-lojas-fecharam-e-outras-podem-seguir-o-mesmo-caminho\/#primaryimage"},"thumbnailUrl":"https:\/\/www.em.com.br\/emfoco\/wp-content\/uploads\/2026\/04\/EmFoco_39-6.jpg","datePublished":"2026-04-28T16:45:00+00:00","dateModified":"2026-04-27T18:40:08+00:00","author":{"@id":"https:\/\/www.em.com.br\/emfoco\/#\/schema\/person\/60eda09c1fedf0d6891f4cef4b60b8b8"},"description":"Menos lojas, mais tecnologia e vendas integradas. Entenda a estrat\u00e9gia omnicanal da Inditex e o impacto no consumidor.","breadcrumb":{"@id":"https:\/\/www.em.com.br\/emfoco\/2026\/04\/28\/uma-das-marcas-de-roupa-mais-populares-do-pais-esta-se-despedindo-mais-de-130-lojas-fecharam-e-outras-podem-seguir-o-mesmo-caminho\/#breadcrumb"},"inLanguage":"pt-BR","potentialAction":[{"@type":"ReadAction","target":["https:\/\/www.em.com.br\/emfoco\/2026\/04\/28\/uma-das-marcas-de-roupa-mais-populares-do-pais-esta-se-despedindo-mais-de-130-lojas-fecharam-e-outras-podem-seguir-o-mesmo-caminho\/"]}]},{"@type":"ImageObject","inLanguage":"pt-BR","@id":"https:\/\/www.em.com.br\/emfoco\/2026\/04\/28\/uma-das-marcas-de-roupa-mais-populares-do-pais-esta-se-despedindo-mais-de-130-lojas-fecharam-e-outras-podem-seguir-o-mesmo-caminho\/#primaryimage","url":"https:\/\/www.em.com.br\/emfoco\/wp-content\/uploads\/2026\/04\/EmFoco_39-6.jpg","contentUrl":"https:\/\/www.em.com.br\/emfoco\/wp-content\/uploads\/2026\/04\/EmFoco_39-6.jpg","width":1280,"height":720,"caption":"Integra\u00e7\u00e3o entre lojas f\u00edsicas e digitais redefine a experi\u00eancia de compra global"},{"@type":"BreadcrumbList","@id":"https:\/\/www.em.com.br\/emfoco\/2026\/04\/28\/uma-das-marcas-de-roupa-mais-populares-do-pais-esta-se-despedindo-mais-de-130-lojas-fecharam-e-outras-podem-seguir-o-mesmo-caminho\/#breadcrumb","itemListElement":[{"@type":"ListItem","position":1,"name":"In\u00edcio","item":"https:\/\/www.em.com.br\/emfoco\/"},{"@type":"ListItem","position":2,"name":"Uma das marcas de roupa mais populares do pa\u00eds est\u00e1 se despedindo: mais de 130 lojas fecharam\u00a0e outras podem seguir o mesmo caminho"}]},{"@type":"WebSite","@id":"https:\/\/www.em.com.br\/emfoco\/#website","url":"https:\/\/www.em.com.br\/emfoco\/","name":"Estado de Minas - Em foco","description":"Acompanhe as \u00faltimas not\u00edcias e fique bem informado sobre tudo o que acontece em Minas Gerais, Brasil e no mundo.","potentialAction":[{"@type":"SearchAction","target":{"@type":"EntryPoint","urlTemplate":"https:\/\/www.em.com.br\/emfoco\/?s={search_term_string}"},"query-input":{"@type":"PropertyValueSpecification","valueRequired":true,"valueName":"search_term_string"}}],"inLanguage":"pt-BR"},{"@type":"Person","@id":"https:\/\/www.em.com.br\/emfoco\/#\/schema\/person\/60eda09c1fedf0d6891f4cef4b60b8b8","name":"Andre\u0301 Rangel\u00a0","image":{"@type":"ImageObject","inLanguage":"pt-BR","@id":"https:\/\/www.em.com.br\/emfoco\/#\/schema\/person\/image\/","url":"https:\/\/secure.gravatar.com\/avatar\/6234dc814c77c8ef6d8bba622c787efc?s=96&d=mm&r=g","contentUrl":"https:\/\/secure.gravatar.com\/avatar\/6234dc814c77c8ef6d8bba622c787efc?s=96&d=mm&r=g","caption":"Andre\u0301 Rangel\u00a0"},"url":"https:\/\/www.em.com.br\/emfoco\/author\/luizmyth\/"}]}},"_links":{"self":[{"href":"https:\/\/www.em.com.br\/emfoco\/wp-json\/wp\/v2\/posts\/200058","targetHints":{"allow":["GET"]}}],"collection":[{"href":"https:\/\/www.em.com.br\/emfoco\/wp-json\/wp\/v2\/posts"}],"about":[{"href":"https:\/\/www.em.com.br\/emfoco\/wp-json\/wp\/v2\/types\/post"}],"author":[{"embeddable":true,"href":"https:\/\/www.em.com.br\/emfoco\/wp-json\/wp\/v2\/users\/11"}],"replies":[{"embeddable":true,"href":"https:\/\/www.em.com.br\/emfoco\/wp-json\/wp\/v2\/comments?post=200058"}],"version-history":[{"count":2,"href":"https:\/\/www.em.com.br\/emfoco\/wp-json\/wp\/v2\/posts\/200058\/revisions"}],"predecessor-version":[{"id":200062,"href":"https:\/\/www.em.com.br\/emfoco\/wp-json\/wp\/v2\/posts\/200058\/revisions\/200062"}],"wp:featuredmedia":[{"embeddable":true,"href":"https:\/\/www.em.com.br\/emfoco\/wp-json\/wp\/v2\/media\/200613"}],"wp:attachment":[{"href":"https:\/\/www.em.com.br\/emfoco\/wp-json\/wp\/v2\/media?parent=200058"}],"wp:term":[{"taxonomy":"category","embeddable":true,"href":"https:\/\/www.em.com.br\/emfoco\/wp-json\/wp\/v2\/categories?post=200058"},{"taxonomy":"post_tag","embeddable":true,"href":"https:\/\/www.em.com.br\/emfoco\/wp-json\/wp\/v2\/tags?post=200058"}],"curies":[{"name":"wp","href":"https:\/\/api.w.org\/{rel}","templated":true}]}}