{"id":200057,"date":"2026-04-28T10:05:00","date_gmt":"2026-04-28T13:05:00","guid":{"rendered":"https:\/\/www.em.com.br\/emfoco\/?p=200057"},"modified":"2026-04-27T15:30:13","modified_gmt":"2026-04-27T18:30:13","slug":"fechamento-de-lojas-em-centro-comercial-historico-acende-alerta-e-mostra-crise-do-varejo-fisico","status":"publish","type":"post","link":"https:\/\/www.em.com.br\/emfoco\/2026\/04\/28\/fechamento-de-lojas-em-centro-comercial-historico-acende-alerta-e-mostra-crise-do-varejo-fisico\/","title":{"rendered":"Fechamento de lojas em centro comercial hist\u00f3rico acende alerta e mostra crise do varejo f\u00edsico"},"content":{"rendered":"\n<p>O fechamento de lojas em grandes centros comerciais virou um dos sinais mais vis\u00edveis das transforma\u00e7\u00f5es do varejo f\u00edsico. Em <strong>Croydon<\/strong>, no sul de <strong>Londres<\/strong>, o esvaziamento gradual do tradicional <strong>Whitgift Centre<\/strong> chama a aten\u00e7\u00e3o de moradores, lojistas e especialistas, que relacionam essa mudan\u00e7a profunda ao avan\u00e7o das compras online, \u00e0 press\u00e3o dos custos e ao impacto direto na din\u00e2mica urbana e na economia local.<\/p>\n\n\n\n<h2 class=\"wp-block-heading\">Fechamento de lojas em Croydon \u00e9 um sintoma de transforma\u00e7\u00e3o do varejo<\/h2>\n\n\n\n<p>O chamado<a href=\"https:\/\/www.em.com.br\/emfoco\/2026\/04\/26\/adeus-a-uma-loja-iconica-com-35-anos-de-trabalho-em-shoppings-fecha-92-unidades\/\" target=\"_blank\" rel=\"noreferrer noopener\">\u00a0<strong>fechamento de lojas<\/strong><\/a><strong> em Croydon<\/strong>\u00a0sintetiza a situa\u00e7\u00e3o atual do Whitgift Centre, onde dezenas de unidades comerciais continuam desocupadas. Grandes marcas de vestu\u00e1rio, cosm\u00e9ticos e joalheria deixaram o empreendimento, ao lado de pequenos neg\u00f3cios independentes, criando uma paisagem de vitrines fechadas.<\/p>\n\n\n\n<p>A sa\u00edda combinada de redes conhecidas e com\u00e9rcios locais revela um desafio duplo: cadeias internacionais reavaliam portf\u00f3lios f\u00edsicos, enquanto pequenos lojistas lidam com menos fluxo de clientes e custos fixos altos. Com isso, menos lojas ativas geram menos movimento de pessoas, o que dificulta atrair novos empreendimentos e quebrar o ciclo de esvaziamento.<\/p>\n\n\n\n<figure class=\"wp-block-image\"><img decoding=\"async\" src=\"https:\/\/www.em.com.br\/emfoco\/wp-content\/uploads\/2025\/06\/loja-fechada_1748876739992-1024x576.jpg\" alt=\"\"\/><figcaption class=\"wp-element-caption\">A estrat\u00e9gia ousada por tr\u00e1s do fechamento das lojas &#8211; Cr\u00e9ditos: depositphotos.com \/ DragonImages<\/figcaption><\/figure>\n\n\n\n<h2 class=\"wp-block-heading\">Quais s\u00e3o as principais causas do fechamento de lojas em Croydon<\/h2>\n\n\n\n<p>O fen\u00f4meno do&nbsp;<strong>fechamento de lojas em Croydon<\/strong>&nbsp;resulta de uma combina\u00e7\u00e3o de fatores que atuam ao mesmo tempo. Especialistas em varejo e desenvolvimento urbano apontam mudan\u00e7as no consumo, press\u00e3o econ\u00f4mica e incertezas sobre grandes projetos imobili\u00e1rios ainda n\u00e3o conclu\u00eddos.<\/p>\n\n\n\n<p>Al\u00e9m disso, a infla\u00e7\u00e3o em alguns per\u00edodos recentes e altera\u00e7\u00f5es na renda dispon\u00edvel fazem muitos consumidores priorizarem itens essenciais. Isso reduz vendas em segmentos como presentes, artigos para o lar e papelaria, comuns entre as lojas que encerraram atividades no Whitgift Centre.<\/p>\n\n\n\n<h2 class=\"wp-block-heading\">Fatores que pressionam o com\u00e9rcio f\u00edsico em Croydon<\/h2>\n\n\n\n<p>Alguns vetores ajudam a explicar por que tantos pontos comerciais est\u00e3o fechando em Croydon, especialmente no <a href=\"https:\/\/centraleandwhitgift.co.uk\/\" target=\"_blank\" rel=\"noreferrer noopener\">Whitgift Centre<\/a>. Eles v\u00e3o desde quest\u00f5es estruturais do varejo at\u00e9 decis\u00f5es de planejamento urbano e estrat\u00e9gias de investimento.<\/p>\n\n\n\n<ul class=\"wp-block-list\">\n<li><strong>Mudan\u00e7a de h\u00e1bitos de compra:<\/strong>\u00a0avan\u00e7o do e-commerce e prefer\u00eancia por compras r\u00e1pidas em plataformas digitais.<\/li>\n\n\n\n<li><strong>Custos operacionais elevados:<\/strong>\u00a0alugu\u00e9is, tarifas de servi\u00e7os e folha de pagamento comprimem as margens.<\/li>\n\n\n\n<li><strong>Incerteza sobre projetos futuros:<\/strong>\u00a0planos de renova\u00e7\u00e3o previstos apenas para os pr\u00f3ximos anos criam um longo per\u00edodo de espera.<\/li>\n\n\n\n<li><strong>Concorr\u00eancia de outros polos comerciais:<\/strong>\u00a0shoppings modernizados em Londres e arredores atraem parte dos consumidores.<\/li>\n<\/ul>\n\n\n\n<figure class=\"wp-block-image size-large\"><img loading=\"lazy\" decoding=\"async\" width=\"1024\" height=\"576\" src=\"https:\/\/www.em.com.br\/emfoco\/wp-content\/uploads\/2026\/04\/Gemini_Generated_Image_hl91whhl91whhl91-1-1024x576.png\" alt=\"\" class=\"wp-image-200061\" srcset=\"https:\/\/www.em.com.br\/emfoco\/wp-content\/uploads\/2026\/04\/Gemini_Generated_Image_hl91whhl91whhl91-1-1024x576.png 1024w, https:\/\/www.em.com.br\/emfoco\/wp-content\/uploads\/2026\/04\/Gemini_Generated_Image_hl91whhl91whhl91-1-300x169.png 300w, https:\/\/www.em.com.br\/emfoco\/wp-content\/uploads\/2026\/04\/Gemini_Generated_Image_hl91whhl91whhl91-1-768x432.png 768w, https:\/\/www.em.com.br\/emfoco\/wp-content\/uploads\/2026\/04\/Gemini_Generated_Image_hl91whhl91whhl91-1-750x422.png 750w, https:\/\/www.em.com.br\/emfoco\/wp-content\/uploads\/2026\/04\/Gemini_Generated_Image_hl91whhl91whhl91-1-1140x641.png 1140w, https:\/\/www.em.com.br\/emfoco\/wp-content\/uploads\/2026\/04\/Gemini_Generated_Image_hl91whhl91whhl91-1.png 1280w\" sizes=\"auto, (max-width: 1024px) 100vw, 1024px\" \/><\/figure>\n\n\n\n<h2 class=\"wp-block-heading\">Como o fechamento de lojas em Croydon afeta a comunidade local<\/h2>\n\n\n\n<p>O&nbsp;<strong>encerramento de lojas no Whitgift Centre<\/strong>&nbsp;impacta diretamente trabalhadores e moradores, com perda de empregos formais e menos op\u00e7\u00f5es de compra e servi\u00e7os presenciais. \u00c1reas com pouca circula\u00e7\u00e3o de pessoas podem ainda gerar sensa\u00e7\u00e3o de inseguran\u00e7a e afastar visitantes.<\/p>\n\n\n\n<p>Do ponto de vista urbano, fachadas desativadas tendem a prejudicar a imagem do bairro e a atratividade para novos investidores. Isso torna ainda mais urgente uma a\u00e7\u00e3o coordenada entre poder p\u00fablico, administradores e empres\u00e1rios para evitar que a regi\u00e3o entre em um ciclo prolongado de degrada\u00e7\u00e3o econ\u00f4mica e social.<\/p>\n\n\n\n<h2 class=\"wp-block-heading\">Quais caminhos podem revitalizar o com\u00e9rcio em Croydon<\/h2>\n\n\n\n<p>Diante do avan\u00e7o do&nbsp;<strong>fechamento de lojas em Croydon<\/strong>, ganham for\u00e7a propostas de renova\u00e7\u00e3o urban\u00edstica e arquitet\u00f4nica para o Whitgift Centre. Ideias incluem modernizar instala\u00e7\u00f5es, criar espa\u00e7os de conviv\u00eancia e integrar com\u00e9rcio, lazer, cultura e servi\u00e7os p\u00fablicos em um mesmo territ\u00f3rio.<\/p>\n\n\n\n<p>O futuro do varejo f\u00edsico em Croydon depende de respostas r\u00e1pidas e concretas. \u00c9 hora de moradores, empreendedores e autoridades pressionarem por projetos vi\u00e1veis, participarem de consultas p\u00fablicas e defenderem um plano de a\u00e7\u00e3o imediato para salvar o centro da cidade antes que o esvaziamento se torne irrevers\u00edvel.<\/p>\n","protected":false},"excerpt":{"rendered":"<p>O fechamento de lojas em grandes centros comerciais virou um dos sinais mais vis\u00edveis das transforma\u00e7\u00f5es do varejo f\u00edsico. Em Croydon, no sul de Londres, o esvaziamento gradual do tradicional Whitgift Centre chama a aten\u00e7\u00e3o de moradores, lojistas e especialistas, que relacionam essa mudan\u00e7a profunda ao avan\u00e7o das compras online, \u00e0 press\u00e3o dos custos e [&hellip;]<\/p>\n","protected":false},"author":11,"featured_media":200590,"comment_status":"open","ping_status":"open","sticky":false,"template":"","format":"standard","meta":{"jnews-multi-image_gallery":[],"jnews_single_post":{"format":"standard"},"jnews_primary_category":[],"jnews_social_meta":[],"jnews_override_counter":[],"footnotes":""},"categories":[28,1],"tags":[1021,21364,10009,15552,28801],"class_list":["post-200057","post","type-post","status-publish","format-standard","has-post-thumbnail","hentry","category-economia","category-noticias","tag-comercio","tag-fechamento-de-lojas","tag-lojas","tag-shopping","tag-vitrines-fechadas"],"yoast_head":"<!-- This site is optimized with the Yoast SEO plugin v23.8 - https:\/\/yoast.com\/wordpress\/plugins\/seo\/ -->\n<title>Fechamento de lojas em centro comercial hist\u00f3rico acende alerta e mostra crise do varejo f\u00edsico - Estado de Minas - Em foco<\/title>\n<meta name=\"description\" content=\"Fechamento de lojas em Croydon exp\u00f5e crise no varejo f\u00edsico. Veja por que o Whitgift Centre perdeu tantas marcas conhecidas.\" \/>\n<meta name=\"robots\" content=\"index, follow, max-snippet:-1, max-image-preview:large, max-video-preview:-1\" \/>\n<link rel=\"canonical\" href=\"https:\/\/www.em.com.br\/emfoco\/2026\/04\/28\/fechamento-de-lojas-em-centro-comercial-historico-acende-alerta-e-mostra-crise-do-varejo-fisico\/\" \/>\n<meta property=\"og:locale\" content=\"pt_BR\" \/>\n<meta property=\"og:type\" content=\"article\" \/>\n<meta property=\"og:title\" content=\"Fechamento de lojas em centro comercial hist\u00f3rico acende alerta e mostra crise do varejo f\u00edsico - Estado de Minas - Em foco\" \/>\n<meta property=\"og:description\" content=\"Fechamento de lojas em Croydon exp\u00f5e crise no varejo f\u00edsico. Veja por que o Whitgift Centre perdeu tantas marcas conhecidas.\" \/>\n<meta property=\"og:url\" content=\"https:\/\/www.em.com.br\/emfoco\/2026\/04\/28\/fechamento-de-lojas-em-centro-comercial-historico-acende-alerta-e-mostra-crise-do-varejo-fisico\/\" \/>\n<meta property=\"og:site_name\" content=\"Estado de Minas - Em foco\" \/>\n<meta property=\"article:published_time\" content=\"2026-04-28T13:05:00+00:00\" \/>\n<meta property=\"article:modified_time\" content=\"2026-04-27T18:30:13+00:00\" \/>\n<meta property=\"og:image\" content=\"https:\/\/www.em.com.br\/emfoco\/wp-content\/uploads\/2026\/04\/EmFoco_25-6.jpg\" \/>\n\t<meta property=\"og:image:width\" content=\"1280\" \/>\n\t<meta property=\"og:image:height\" content=\"720\" \/>\n\t<meta property=\"og:image:type\" content=\"image\/jpeg\" \/>\n<meta name=\"author\" content=\"Andre\u0301 Rangel\u00a0\" \/>\n<meta name=\"twitter:card\" content=\"summary_large_image\" \/>\n<meta name=\"twitter:label1\" content=\"Escrito por\" \/>\n\t<meta name=\"twitter:data1\" content=\"Andre\u0301 Rangel\u00a0\" \/>\n\t<meta name=\"twitter:label2\" content=\"Est. tempo de leitura\" \/>\n\t<meta name=\"twitter:data2\" content=\"4 minutos\" \/>\n<!-- \/ Yoast SEO plugin. -->","yoast_head_json":{"title":"Fechamento de lojas em centro comercial hist\u00f3rico acende alerta e mostra crise do varejo f\u00edsico - Estado de Minas - Em foco","description":"Fechamento de lojas em Croydon exp\u00f5e crise no varejo f\u00edsico. Veja por que o Whitgift Centre perdeu tantas marcas conhecidas.","robots":{"index":"index","follow":"follow","max-snippet":"max-snippet:-1","max-image-preview":"max-image-preview:large","max-video-preview":"max-video-preview:-1"},"canonical":"https:\/\/www.em.com.br\/emfoco\/2026\/04\/28\/fechamento-de-lojas-em-centro-comercial-historico-acende-alerta-e-mostra-crise-do-varejo-fisico\/","og_locale":"pt_BR","og_type":"article","og_title":"Fechamento de lojas em centro comercial hist\u00f3rico acende alerta e mostra crise do varejo f\u00edsico - Estado de Minas - Em foco","og_description":"Fechamento de lojas em Croydon exp\u00f5e crise no varejo f\u00edsico. Veja por que o Whitgift Centre perdeu tantas marcas conhecidas.","og_url":"https:\/\/www.em.com.br\/emfoco\/2026\/04\/28\/fechamento-de-lojas-em-centro-comercial-historico-acende-alerta-e-mostra-crise-do-varejo-fisico\/","og_site_name":"Estado de Minas - Em foco","article_published_time":"2026-04-28T13:05:00+00:00","article_modified_time":"2026-04-27T18:30:13+00:00","og_image":[{"width":1280,"height":720,"url":"https:\/\/www.em.com.br\/emfoco\/wp-content\/uploads\/2026\/04\/EmFoco_25-6.jpg","type":"image\/jpeg"}],"author":"Andre\u0301 Rangel\u00a0","twitter_card":"summary_large_image","twitter_misc":{"Escrito por":"Andre\u0301 Rangel\u00a0","Est. tempo de leitura":"4 minutos"},"schema":{"@context":"https:\/\/schema.org","@graph":[{"@type":"WebPage","@id":"https:\/\/www.em.com.br\/emfoco\/2026\/04\/28\/fechamento-de-lojas-em-centro-comercial-historico-acende-alerta-e-mostra-crise-do-varejo-fisico\/","url":"https:\/\/www.em.com.br\/emfoco\/2026\/04\/28\/fechamento-de-lojas-em-centro-comercial-historico-acende-alerta-e-mostra-crise-do-varejo-fisico\/","name":"Fechamento de lojas em centro comercial hist\u00f3rico acende alerta e mostra crise do varejo f\u00edsico - Estado de Minas - Em foco","isPartOf":{"@id":"https:\/\/www.em.com.br\/emfoco\/#website"},"primaryImageOfPage":{"@id":"https:\/\/www.em.com.br\/emfoco\/2026\/04\/28\/fechamento-de-lojas-em-centro-comercial-historico-acende-alerta-e-mostra-crise-do-varejo-fisico\/#primaryimage"},"image":{"@id":"https:\/\/www.em.com.br\/emfoco\/2026\/04\/28\/fechamento-de-lojas-em-centro-comercial-historico-acende-alerta-e-mostra-crise-do-varejo-fisico\/#primaryimage"},"thumbnailUrl":"https:\/\/www.em.com.br\/emfoco\/wp-content\/uploads\/2026\/04\/EmFoco_25-6.jpg","datePublished":"2026-04-28T13:05:00+00:00","dateModified":"2026-04-27T18:30:13+00:00","author":{"@id":"https:\/\/www.em.com.br\/emfoco\/#\/schema\/person\/60eda09c1fedf0d6891f4cef4b60b8b8"},"description":"Fechamento de lojas em Croydon exp\u00f5e crise no varejo f\u00edsico. Veja por que o Whitgift Centre perdeu tantas marcas conhecidas.","breadcrumb":{"@id":"https:\/\/www.em.com.br\/emfoco\/2026\/04\/28\/fechamento-de-lojas-em-centro-comercial-historico-acende-alerta-e-mostra-crise-do-varejo-fisico\/#breadcrumb"},"inLanguage":"pt-BR","potentialAction":[{"@type":"ReadAction","target":["https:\/\/www.em.com.br\/emfoco\/2026\/04\/28\/fechamento-de-lojas-em-centro-comercial-historico-acende-alerta-e-mostra-crise-do-varejo-fisico\/"]}]},{"@type":"ImageObject","inLanguage":"pt-BR","@id":"https:\/\/www.em.com.br\/emfoco\/2026\/04\/28\/fechamento-de-lojas-em-centro-comercial-historico-acende-alerta-e-mostra-crise-do-varejo-fisico\/#primaryimage","url":"https:\/\/www.em.com.br\/emfoco\/wp-content\/uploads\/2026\/04\/EmFoco_25-6.jpg","contentUrl":"https:\/\/www.em.com.br\/emfoco\/wp-content\/uploads\/2026\/04\/EmFoco_25-6.jpg","width":1280,"height":720,"caption":"Esvaziamento de centros comerciais reflete mudan\u00e7as no varejo e exige planos de revitaliza\u00e7\u00e3o urbana"},{"@type":"BreadcrumbList","@id":"https:\/\/www.em.com.br\/emfoco\/2026\/04\/28\/fechamento-de-lojas-em-centro-comercial-historico-acende-alerta-e-mostra-crise-do-varejo-fisico\/#breadcrumb","itemListElement":[{"@type":"ListItem","position":1,"name":"In\u00edcio","item":"https:\/\/www.em.com.br\/emfoco\/"},{"@type":"ListItem","position":2,"name":"Fechamento de lojas em centro comercial hist\u00f3rico acende alerta e mostra crise do varejo f\u00edsico"}]},{"@type":"WebSite","@id":"https:\/\/www.em.com.br\/emfoco\/#website","url":"https:\/\/www.em.com.br\/emfoco\/","name":"Estado de Minas - Em foco","description":"Acompanhe as \u00faltimas not\u00edcias e fique bem informado sobre tudo o que acontece em Minas Gerais, Brasil e no mundo.","potentialAction":[{"@type":"SearchAction","target":{"@type":"EntryPoint","urlTemplate":"https:\/\/www.em.com.br\/emfoco\/?s={search_term_string}"},"query-input":{"@type":"PropertyValueSpecification","valueRequired":true,"valueName":"search_term_string"}}],"inLanguage":"pt-BR"},{"@type":"Person","@id":"https:\/\/www.em.com.br\/emfoco\/#\/schema\/person\/60eda09c1fedf0d6891f4cef4b60b8b8","name":"Andre\u0301 Rangel\u00a0","image":{"@type":"ImageObject","inLanguage":"pt-BR","@id":"https:\/\/www.em.com.br\/emfoco\/#\/schema\/person\/image\/","url":"https:\/\/secure.gravatar.com\/avatar\/6234dc814c77c8ef6d8bba622c787efc?s=96&d=mm&r=g","contentUrl":"https:\/\/secure.gravatar.com\/avatar\/6234dc814c77c8ef6d8bba622c787efc?s=96&d=mm&r=g","caption":"Andre\u0301 Rangel\u00a0"},"url":"https:\/\/www.em.com.br\/emfoco\/author\/luizmyth\/"}]}},"_links":{"self":[{"href":"https:\/\/www.em.com.br\/emfoco\/wp-json\/wp\/v2\/posts\/200057","targetHints":{"allow":["GET"]}}],"collection":[{"href":"https:\/\/www.em.com.br\/emfoco\/wp-json\/wp\/v2\/posts"}],"about":[{"href":"https:\/\/www.em.com.br\/emfoco\/wp-json\/wp\/v2\/types\/post"}],"author":[{"embeddable":true,"href":"https:\/\/www.em.com.br\/emfoco\/wp-json\/wp\/v2\/users\/11"}],"replies":[{"embeddable":true,"href":"https:\/\/www.em.com.br\/emfoco\/wp-json\/wp\/v2\/comments?post=200057"}],"version-history":[{"count":2,"href":"https:\/\/www.em.com.br\/emfoco\/wp-json\/wp\/v2\/posts\/200057\/revisions"}],"predecessor-version":[{"id":200063,"href":"https:\/\/www.em.com.br\/emfoco\/wp-json\/wp\/v2\/posts\/200057\/revisions\/200063"}],"wp:featuredmedia":[{"embeddable":true,"href":"https:\/\/www.em.com.br\/emfoco\/wp-json\/wp\/v2\/media\/200590"}],"wp:attachment":[{"href":"https:\/\/www.em.com.br\/emfoco\/wp-json\/wp\/v2\/media?parent=200057"}],"wp:term":[{"taxonomy":"category","embeddable":true,"href":"https:\/\/www.em.com.br\/emfoco\/wp-json\/wp\/v2\/categories?post=200057"},{"taxonomy":"post_tag","embeddable":true,"href":"https:\/\/www.em.com.br\/emfoco\/wp-json\/wp\/v2\/tags?post=200057"}],"curies":[{"name":"wp","href":"https:\/\/api.w.org\/{rel}","templated":true}]}}