{"id":20005,"date":"2025-02-24T12:00:00","date_gmt":"2025-02-24T15:00:00","guid":{"rendered":"https:\/\/www.em.com.br\/emfoco\/?p=20005"},"modified":"2025-02-21T16:38:19","modified_gmt":"2025-02-21T19:38:19","slug":"apple-e-starlink-desafiam-mercado-com-internet-movel-sem-fronteiras","status":"publish","type":"post","link":"https:\/\/www.em.com.br\/emfoco\/2025\/02\/24\/apple-e-starlink-desafiam-mercado-com-internet-movel-sem-fronteiras\/","title":{"rendered":"Apple e Starlink desafiam mercado com internet m\u00f3vel sem fronteiras"},"content":{"rendered":"\n<p>Em janeiro de 2025, a <strong><a href=\"https:\/\/www.em.com.br\/emfoco\/2025\/02\/09\/apple-enfrenta-dilema-sobre-privacidade-de-dados-apos-ordem-do-governo-britanico\/\" target=\"_blank\" rel=\"noreferrer noopener\">Apple<\/a> e a Starlink<\/strong> anunciaram uma colabora\u00e7\u00e3o inovadora que promete revolucionar a ind\u00fastria de telecomunica\u00e7\u00f5es. Essa parceria visa integrar a tecnologia de internet via sat\u00e9lite do Starlink diretamente nos <strong>iPhones<\/strong>, ampliando a conectividade m\u00f3vel para al\u00e9m das limita\u00e7\u00f5es das redes celulares tradicionais. A novidade permitir\u00e1 que usu\u00e1rios de iPhones permane\u00e7am conectados mesmo em \u00e1reas remotas, onde a cobertura celular \u00e9 escassa ou inexistente.<\/p>\n\n\n\n<p>Com a tecnologia de sat\u00e9lite direto para smartphones, os usu\u00e1rios poder\u00e3o enviar mensagens de texto e acessar servi\u00e7os de internet em locais isolados. Essa inova\u00e7\u00e3o \u00e9 especialmente vantajosa para \u00e1reas rurais, onde a infraestrutura de telecomunica\u00e7\u00f5es \u00e9 frequentemente limitada. A not\u00edcia da parceria j\u00e1 impactou o mercado, causando quedas significativas nas a\u00e7\u00f5es de empresas especializadas em comunica\u00e7\u00e3o via sat\u00e9lite.<\/p>\n\n\n\n<h2 class=\"wp-block-heading\">Como a parceria afeta o mercado de telecomunica\u00e7\u00f5es?<\/h2>\n\n\n\n<p>A colabora\u00e7\u00e3o entre Apple e Starlink gerou uma rea\u00e7\u00e3o imediata no mercado financeiro. As a\u00e7\u00f5es da <strong>Globalstar,<\/strong> que possui uma parceria significativa com a Apple, sofreram uma queda de aproximadamente 18%. Da mesma forma, as a\u00e7\u00f5es da <strong>AST SpaceMobile<\/strong>, outra grande empresa no setor de comunica\u00e7\u00e3o via sat\u00e9lite, ca\u00edram 12%. Esses movimentos refletem a expectativa de que a nova tecnologia possa redefinir o cen\u00e1rio competitivo, desafiando os modelos de neg\u00f3cios existentes.<\/p>\n\n\n\n<p>Embora o foco inicial seja na capacidade de enviar mensagens de texto, h\u00e1 expectativas de que futuras atualiza\u00e7\u00f5es incluam chamadas de voz, uso de dados e at\u00e9 mesmo streaming de v\u00eddeo. Isso pode abrir novas possibilidades para comunica\u00e7\u00e3o m\u00f3vel e entretenimento, ampliando ainda mais o alcance e a funcionalidade dos dispositivos m\u00f3veis.<\/p>\n\n\n\n<figure class=\"wp-block-image size-large\"><img loading=\"lazy\" decoding=\"async\" width=\"1024\" height=\"576\" src=\"https:\/\/www.em.com.br\/emfoco\/wp-content\/uploads\/2025\/01\/Starlink_1737411867149-1024x576.jpg\" alt=\"Elon Musk Leva a Internet para as Regi\u00f5es Mais Remotas do Brasil\" class=\"wp-image-12104\" srcset=\"https:\/\/www.em.com.br\/emfoco\/wp-content\/uploads\/2025\/01\/Starlink_1737411867149-1024x576.jpg 1024w, https:\/\/www.em.com.br\/emfoco\/wp-content\/uploads\/2025\/01\/Starlink_1737411867149-300x169.jpg 300w, https:\/\/www.em.com.br\/emfoco\/wp-content\/uploads\/2025\/01\/Starlink_1737411867149-768x432.jpg 768w, https:\/\/www.em.com.br\/emfoco\/wp-content\/uploads\/2025\/01\/Starlink_1737411867149-750x422.jpg 750w, https:\/\/www.em.com.br\/emfoco\/wp-content\/uploads\/2025\/01\/Starlink_1737411867149-1140x641.jpg 1140w, https:\/\/www.em.com.br\/emfoco\/wp-content\/uploads\/2025\/01\/Starlink_1737411867149.jpg 1280w\" sizes=\"auto, (max-width: 1024px) 100vw, 1024px\" \/><figcaption class=\"wp-element-caption\">Starlink &#8211; Cr\u00e9ditos: depositphotos.com \/ rokas91<\/figcaption><\/figure>\n\n\n\n<h2 class=\"wp-block-heading\">Quais desafios a parceria enfrenta?<\/h2>\n\n\n\n<p>Apesar das promessas, a parceria entre Apple e Starlink n\u00e3o est\u00e1 isenta de desafios. Existem barreiras regulat\u00f3rias e tecnol\u00f3gicas que precisam ser superadas para que a iniciativa atinja seu pleno potencial. A <strong><a href=\"https:\/\/www.spacex.com\/\" target=\"_blank\" rel=\"noreferrer noopener\">SpaceX<\/a><\/strong>, empresa respons\u00e1vel pelo Starlink, precisar\u00e1 obter aprova\u00e7\u00f5es regulat\u00f3rias para ajustes na densidade de fluxo de pot\u00eancia da <strong>FCC (Federal Communications Commission)<\/strong> dos <strong>Estados Unidos<\/strong>. Esses ajustes s\u00e3o essenciais para maximizar o potencial da arquitetura de sat\u00e9lite e garantir que a tecnologia funcione de maneira eficaz.<\/p>\n\n\n\n<p>Al\u00e9m disso, a integra\u00e7\u00e3o de tecnologias de sat\u00e9lite em dispositivos m\u00f3veis apresenta desafios t\u00e9cnicos significativos. A necessidade de garantir uma conex\u00e3o est\u00e1vel e confi\u00e1vel em diversas condi\u00e7\u00f5es geogr\u00e1ficas e clim\u00e1ticas \u00e9 um aspecto cr\u00edtico que requer solu\u00e7\u00f5es inovadoras e robustas.<\/p>\n\n\n\n<h2 class=\"wp-block-heading\">O futuro da conectividade m\u00f3vel<\/h2>\n\n\n\n<p>A parceria entre Apple e Starlink representa um passo significativo em dire\u00e7\u00e3o a um futuro onde a conectividade m\u00f3vel n\u00e3o ser\u00e1 mais limitada por barreiras geogr\u00e1ficas. Ao integrar a tecnologia de sat\u00e9lite diretamente nos smartphones, a iniciativa tem o potencial de transformar a maneira como as pessoas se comunicam e acessam informa\u00e7\u00f5es, especialmente em regi\u00f5es remotas.<\/p>\n\n\n\n<p>Embora ainda existam desafios a serem superados, a colabora\u00e7\u00e3o entre essas duas gigantes da tecnologia promete abrir novas fronteiras para a conectividade global. \u00c0 medida que a tecnologia evolui, \u00e9 prov\u00e1vel que mais empresas sigam o exemplo, impulsionando ainda mais a inova\u00e7\u00e3o no setor de telecomunica\u00e7\u00f5es.<\/p>\n","protected":false},"excerpt":{"rendered":"<p>Em janeiro de 2025, a Apple e a Starlink anunciaram uma colabora\u00e7\u00e3o inovadora que promete revolucionar a ind\u00fastria de telecomunica\u00e7\u00f5es. Essa parceria visa integrar a tecnologia de internet via sat\u00e9lite do Starlink diretamente nos iPhones, ampliando a conectividade m\u00f3vel para al\u00e9m das limita\u00e7\u00f5es das redes celulares tradicionais. A novidade permitir\u00e1 que usu\u00e1rios de iPhones permane\u00e7am [&hellip;]<\/p>\n","protected":false},"author":5,"featured_media":19995,"comment_status":"open","ping_status":"open","sticky":false,"template":"","format":"standard","meta":{"jnews-multi-image_gallery":[],"jnews_single_post":{"format":"standard"},"jnews_primary_category":[],"jnews_social_meta":[],"jnews_override_counter":[],"footnotes":""},"categories":[1,4204],"tags":[3662,328,3852,5068],"class_list":["post-20005","post","type-post","status-publish","format-standard","has-post-thumbnail","hentry","category-noticias","category-tecnologia","tag-apple","tag-conectividade","tag-starlink","tag-telecomunicacoes"],"yoast_head":"<!-- This site is optimized with the Yoast SEO plugin v23.8 - https:\/\/yoast.com\/wordpress\/plugins\/seo\/ -->\n<title>Apple e Starlink desafiam mercado com internet m\u00f3vel sem fronteiras - Estado de Minas - Em foco<\/title>\n<meta name=\"description\" content=\"Apple e Starlink unem for\u00e7as para acabar com os limites da conectividade m\u00f3vel. Descubra como essa inova\u00e7\u00e3o pode mudar o setor!\" \/>\n<meta name=\"robots\" content=\"index, follow, max-snippet:-1, max-image-preview:large, max-video-preview:-1\" \/>\n<link rel=\"canonical\" href=\"https:\/\/www.em.com.br\/emfoco\/2025\/02\/24\/apple-e-starlink-desafiam-mercado-com-internet-movel-sem-fronteiras\/\" \/>\n<meta property=\"og:locale\" content=\"pt_BR\" \/>\n<meta property=\"og:type\" content=\"article\" \/>\n<meta property=\"og:title\" content=\"Apple e Starlink desafiam mercado com internet m\u00f3vel sem fronteiras - Estado de Minas - Em foco\" \/>\n<meta property=\"og:description\" content=\"Apple e Starlink unem for\u00e7as para acabar com os limites da conectividade m\u00f3vel. Descubra como essa inova\u00e7\u00e3o pode mudar o setor!\" \/>\n<meta property=\"og:url\" content=\"https:\/\/www.em.com.br\/emfoco\/2025\/02\/24\/apple-e-starlink-desafiam-mercado-com-internet-movel-sem-fronteiras\/\" \/>\n<meta property=\"og:site_name\" content=\"Estado de Minas - Em foco\" \/>\n<meta property=\"article:published_time\" content=\"2025-02-24T15:00:00+00:00\" \/>\n<meta property=\"article:modified_time\" content=\"2025-02-21T19:38:19+00:00\" \/>\n<meta property=\"og:image\" content=\"https:\/\/www.em.com.br\/emfoco\/wp-content\/uploads\/2025\/02\/ios_1739620724803.jpg\" \/>\n\t<meta property=\"og:image:width\" content=\"1279\" \/>\n\t<meta property=\"og:image:height\" content=\"720\" \/>\n\t<meta property=\"og:image:type\" content=\"image\/jpeg\" \/>\n<meta name=\"author\" content=\"N\u00fabia Rangel\" \/>\n<meta name=\"twitter:card\" content=\"summary_large_image\" \/>\n<meta name=\"twitter:label1\" content=\"Escrito por\" \/>\n\t<meta name=\"twitter:data1\" content=\"N\u00fabia Rangel\" \/>\n\t<meta name=\"twitter:label2\" content=\"Est. tempo de leitura\" \/>\n\t<meta name=\"twitter:data2\" content=\"4 minutos\" \/>\n<!-- \/ Yoast SEO plugin. -->","yoast_head_json":{"title":"Apple e Starlink desafiam mercado com internet m\u00f3vel sem fronteiras - Estado de Minas - Em foco","description":"Apple e Starlink unem for\u00e7as para acabar com os limites da conectividade m\u00f3vel. Descubra como essa inova\u00e7\u00e3o pode mudar o setor!","robots":{"index":"index","follow":"follow","max-snippet":"max-snippet:-1","max-image-preview":"max-image-preview:large","max-video-preview":"max-video-preview:-1"},"canonical":"https:\/\/www.em.com.br\/emfoco\/2025\/02\/24\/apple-e-starlink-desafiam-mercado-com-internet-movel-sem-fronteiras\/","og_locale":"pt_BR","og_type":"article","og_title":"Apple e Starlink desafiam mercado com internet m\u00f3vel sem fronteiras - Estado de Minas - Em foco","og_description":"Apple e Starlink unem for\u00e7as para acabar com os limites da conectividade m\u00f3vel. Descubra como essa inova\u00e7\u00e3o pode mudar o setor!","og_url":"https:\/\/www.em.com.br\/emfoco\/2025\/02\/24\/apple-e-starlink-desafiam-mercado-com-internet-movel-sem-fronteiras\/","og_site_name":"Estado de Minas - Em foco","article_published_time":"2025-02-24T15:00:00+00:00","article_modified_time":"2025-02-21T19:38:19+00:00","og_image":[{"width":1279,"height":720,"url":"https:\/\/www.em.com.br\/emfoco\/wp-content\/uploads\/2025\/02\/ios_1739620724803.jpg","type":"image\/jpeg"}],"author":"N\u00fabia Rangel","twitter_card":"summary_large_image","twitter_misc":{"Escrito por":"N\u00fabia Rangel","Est. tempo de leitura":"4 minutos"},"schema":{"@context":"https:\/\/schema.org","@graph":[{"@type":"WebPage","@id":"https:\/\/www.em.com.br\/emfoco\/2025\/02\/24\/apple-e-starlink-desafiam-mercado-com-internet-movel-sem-fronteiras\/","url":"https:\/\/www.em.com.br\/emfoco\/2025\/02\/24\/apple-e-starlink-desafiam-mercado-com-internet-movel-sem-fronteiras\/","name":"Apple e Starlink desafiam mercado com internet m\u00f3vel sem fronteiras - Estado de Minas - Em foco","isPartOf":{"@id":"https:\/\/www.em.com.br\/emfoco\/#website"},"primaryImageOfPage":{"@id":"https:\/\/www.em.com.br\/emfoco\/2025\/02\/24\/apple-e-starlink-desafiam-mercado-com-internet-movel-sem-fronteiras\/#primaryimage"},"image":{"@id":"https:\/\/www.em.com.br\/emfoco\/2025\/02\/24\/apple-e-starlink-desafiam-mercado-com-internet-movel-sem-fronteiras\/#primaryimage"},"thumbnailUrl":"https:\/\/www.em.com.br\/emfoco\/wp-content\/uploads\/2025\/02\/ios_1739620724803.jpg","datePublished":"2025-02-24T15:00:00+00:00","dateModified":"2025-02-21T19:38:19+00:00","author":{"@id":"https:\/\/www.em.com.br\/emfoco\/#\/schema\/person\/524437ef54f8a5d32591b143307f2e20"},"description":"Apple e Starlink unem for\u00e7as para acabar com os limites da conectividade m\u00f3vel. Descubra como essa inova\u00e7\u00e3o pode mudar o setor!","breadcrumb":{"@id":"https:\/\/www.em.com.br\/emfoco\/2025\/02\/24\/apple-e-starlink-desafiam-mercado-com-internet-movel-sem-fronteiras\/#breadcrumb"},"inLanguage":"pt-BR","potentialAction":[{"@type":"ReadAction","target":["https:\/\/www.em.com.br\/emfoco\/2025\/02\/24\/apple-e-starlink-desafiam-mercado-com-internet-movel-sem-fronteiras\/"]}]},{"@type":"ImageObject","inLanguage":"pt-BR","@id":"https:\/\/www.em.com.br\/emfoco\/2025\/02\/24\/apple-e-starlink-desafiam-mercado-com-internet-movel-sem-fronteiras\/#primaryimage","url":"https:\/\/www.em.com.br\/emfoco\/wp-content\/uploads\/2025\/02\/ios_1739620724803.jpg","contentUrl":"https:\/\/www.em.com.br\/emfoco\/wp-content\/uploads\/2025\/02\/ios_1739620724803.jpg","width":1279,"height":720,"caption":"Apple - Cr\u00e9ditos: depositphotos.com \/ seemantaduttaskv@gmail.com"},{"@type":"BreadcrumbList","@id":"https:\/\/www.em.com.br\/emfoco\/2025\/02\/24\/apple-e-starlink-desafiam-mercado-com-internet-movel-sem-fronteiras\/#breadcrumb","itemListElement":[{"@type":"ListItem","position":1,"name":"In\u00edcio","item":"https:\/\/www.em.com.br\/emfoco\/"},{"@type":"ListItem","position":2,"name":"Apple e Starlink desafiam mercado com internet m\u00f3vel sem fronteiras"}]},{"@type":"WebSite","@id":"https:\/\/www.em.com.br\/emfoco\/#website","url":"https:\/\/www.em.com.br\/emfoco\/","name":"Estado de Minas - Em foco","description":"Acompanhe as \u00faltimas not\u00edcias e fique bem informado sobre tudo o que acontece em Minas Gerais, Brasil e no mundo.","potentialAction":[{"@type":"SearchAction","target":{"@type":"EntryPoint","urlTemplate":"https:\/\/www.em.com.br\/emfoco\/?s={search_term_string}"},"query-input":{"@type":"PropertyValueSpecification","valueRequired":true,"valueName":"search_term_string"}}],"inLanguage":"pt-BR"},{"@type":"Person","@id":"https:\/\/www.em.com.br\/emfoco\/#\/schema\/person\/524437ef54f8a5d32591b143307f2e20","name":"N\u00fabia Rangel","image":{"@type":"ImageObject","inLanguage":"pt-BR","@id":"https:\/\/www.em.com.br\/emfoco\/#\/schema\/person\/image\/","url":"https:\/\/secure.gravatar.com\/avatar\/47cff2827a5ba23c37e8068c86817ea4?s=96&d=mm&r=g","contentUrl":"https:\/\/secure.gravatar.com\/avatar\/47cff2827a5ba23c37e8068c86817ea4?s=96&d=mm&r=g","caption":"N\u00fabia Rangel"},"sameAs":["https:\/\/www.em.com.br\/emfoco\/"],"url":"https:\/\/www.em.com.br\/emfoco\/author\/nubiamyth\/"}]}},"_links":{"self":[{"href":"https:\/\/www.em.com.br\/emfoco\/wp-json\/wp\/v2\/posts\/20005","targetHints":{"allow":["GET"]}}],"collection":[{"href":"https:\/\/www.em.com.br\/emfoco\/wp-json\/wp\/v2\/posts"}],"about":[{"href":"https:\/\/www.em.com.br\/emfoco\/wp-json\/wp\/v2\/types\/post"}],"author":[{"embeddable":true,"href":"https:\/\/www.em.com.br\/emfoco\/wp-json\/wp\/v2\/users\/5"}],"replies":[{"embeddable":true,"href":"https:\/\/www.em.com.br\/emfoco\/wp-json\/wp\/v2\/comments?post=20005"}],"version-history":[{"count":2,"href":"https:\/\/www.em.com.br\/emfoco\/wp-json\/wp\/v2\/posts\/20005\/revisions"}],"predecessor-version":[{"id":20009,"href":"https:\/\/www.em.com.br\/emfoco\/wp-json\/wp\/v2\/posts\/20005\/revisions\/20009"}],"wp:featuredmedia":[{"embeddable":true,"href":"https:\/\/www.em.com.br\/emfoco\/wp-json\/wp\/v2\/media\/19995"}],"wp:attachment":[{"href":"https:\/\/www.em.com.br\/emfoco\/wp-json\/wp\/v2\/media?parent=20005"}],"wp:term":[{"taxonomy":"category","embeddable":true,"href":"https:\/\/www.em.com.br\/emfoco\/wp-json\/wp\/v2\/categories?post=20005"},{"taxonomy":"post_tag","embeddable":true,"href":"https:\/\/www.em.com.br\/emfoco\/wp-json\/wp\/v2\/tags?post=20005"}],"curies":[{"name":"wp","href":"https:\/\/api.w.org\/{rel}","templated":true}]}}