{"id":200044,"date":"2026-04-28T20:15:00","date_gmt":"2026-04-28T23:15:00","guid":{"rendered":"https:\/\/www.em.com.br\/emfoco\/?p=200044"},"modified":"2026-04-27T15:38:33","modified_gmt":"2026-04-27T18:38:33","slug":"adeus-aos-quadros-na-parede-a-tendencia-europeia-que-esta-dominando-as-casas-em-2026","status":"publish","type":"post","link":"https:\/\/www.em.com.br\/emfoco\/2026\/04\/28\/adeus-aos-quadros-na-parede-a-tendencia-europeia-que-esta-dominando-as-casas-em-2026\/","title":{"rendered":"Adeus aos quadros na parede: a tend\u00eancia europeia que est\u00e1 dominando\u00a0as casas em 2026"},"content":{"rendered":"\n<p>A <strong>decora\u00e7\u00e3o de quartos<\/strong> est\u00e1 passando por uma mudan\u00e7a vis\u00edvel em 2026. O cl\u00e1ssico quadro solit\u00e1rio sobre a cabeceira est\u00e1 sendo trocado por propostas que trabalham a parede como um todo, buscando criar superf\u00edcies funcionais e sensoriais, que influenciam conforto, ac\u00fastica e at\u00e9 a sensa\u00e7\u00e3o de amplitude, especialmente em ambientes compactos e com rotina mais intensa em casa.<\/p>\n\n\n\n<h2 class=\"wp-block-heading\">Por que a parede do quarto ganhou tanto protagonismo<\/h2>\n\n\n\n<p>A parede principal do <a href=\"https:\/\/www.em.com.br\/emfoco\/2026\/04\/14\/adeus-ao-abajur-na-mesa-de-cabeceira-5-ideias-para-quartos-que-serao-tendencia-em-2026\/\" target=\"_blank\" rel=\"noreferrer noopener\">quarto <\/a>passou a ser tratada como um <strong>grande painel cont\u00ednuo<\/strong>, e n\u00e3o apenas como suporte para quadros e p\u00f4steres. Essa leitura mais limpa reduz a sensa\u00e7\u00e3o de fragmenta\u00e7\u00e3o visual, o que impacta diretamente na percep\u00e7\u00e3o de espa\u00e7o, sobretudo em quartos pequenos.<\/p>\n\n\n\n<p>A busca por ambientes silenciosos tamb\u00e9m impulsiona essa mudan\u00e7a, em especial em apartamentos com paredes compartilhadas. Materiais antes usados em est\u00fadios e escrit\u00f3rios agora chegam ao dormit\u00f3rio, ajudando a reduzir eco, filtrar ru\u00eddos externos e tornar o clima mais acolhedor para descanso e trabalho remoto.<\/p>\n\n\n\n<figure class=\"wp-block-image size-large\"><img loading=\"lazy\" decoding=\"async\" width=\"1024\" height=\"576\" src=\"https:\/\/www.em.com.br\/emfoco\/wp-content\/uploads\/2026\/04\/Gemini_Generated_Image_151jch151jch151j-1-1024x576.png\" alt=\"Nova moda no quarto troca quadros por conforto\" class=\"wp-image-200054\" srcset=\"https:\/\/www.em.com.br\/emfoco\/wp-content\/uploads\/2026\/04\/Gemini_Generated_Image_151jch151jch151j-1-1024x576.png 1024w, https:\/\/www.em.com.br\/emfoco\/wp-content\/uploads\/2026\/04\/Gemini_Generated_Image_151jch151jch151j-1-300x169.png 300w, https:\/\/www.em.com.br\/emfoco\/wp-content\/uploads\/2026\/04\/Gemini_Generated_Image_151jch151jch151j-1-768x432.png 768w, https:\/\/www.em.com.br\/emfoco\/wp-content\/uploads\/2026\/04\/Gemini_Generated_Image_151jch151jch151j-1-750x422.png 750w, https:\/\/www.em.com.br\/emfoco\/wp-content\/uploads\/2026\/04\/Gemini_Generated_Image_151jch151jch151j-1-1140x641.png 1140w, https:\/\/www.em.com.br\/emfoco\/wp-content\/uploads\/2026\/04\/Gemini_Generated_Image_151jch151jch151j-1.png 1280w\" sizes=\"auto, (max-width: 1024px) 100vw, 1024px\" \/><figcaption class=\"wp-element-caption\">Nova moda no quarto troca quadros por conforto<\/figcaption><\/figure>\n\n\n\n<h2 class=\"wp-block-heading\">Como usar ripas de madeira na decora\u00e7\u00e3o do quarto<\/h2>\n\n\n\n<p>Entre as solu\u00e7\u00f5es em alta, as <strong><a href=\"https:\/\/br.pinterest.com\/casapensada\/ripas-de-madeira\/\" target=\"_blank\" rel=\"noreferrer noopener\">ripas de madeira <\/a><\/strong>se destacam ao formar pain\u00e9is que revestem parcial ou totalmente uma ou mais paredes. Esses pain\u00e9is funcionam como elemento decorativo e, ao mesmo tempo, como refor\u00e7o ac\u00fastico, tornando o quarto mais reservado, organizado e visualmente cont\u00ednuo.<\/p>\n\n\n\n<p>As composi\u00e7\u00f5es podem ir de paredes inteiras ripadas a aplica\u00e7\u00f5es apenas na parte inferior, delimitando a \u00e1rea de descanso ou um pequeno espa\u00e7o de trabalho. Al\u00e9m disso, o sistema ajuda a esconder fios, cabeamento e imperfei\u00e7\u00f5es da alvenaria, sem exigir grandes interven\u00e7\u00f5es estruturais. Veja como tirar melhor proveito desse recurso:<\/p>\n\n\n\n<ul class=\"wp-block-list\">\n<li><strong>Para amplitude visual<\/strong>\u00a0\u2013 ripas instaladas na vertical ajudam a alongar a parede;<\/li>\n\n\n\n<li><strong>Para aconchego<\/strong>\u00a0\u2013 tons de madeira mais quentes tornam o quarto mais acolhedor;<\/li>\n\n\n\n<li><strong>Para destaque<\/strong>\u00a0\u2013 ilumina\u00e7\u00e3o indireta entre as ripas valoriza o relevo do painel;<\/li>\n\n\n\n<li><strong>Para praticidade<\/strong>\u00a0\u2013 sistemas que permitem nichos, prateleiras e mesas cabeceira embutidas.<\/li>\n<\/ul>\n\n\n\n<h2 class=\"wp-block-heading\">Papel de parede ainda funciona na decora\u00e7\u00e3o de quartos<\/h2>\n\n\n\n<p>O papel de parede continua relevante, mas em vers\u00f5es mais discretas, com relevos suaves, padr\u00f5es finos ou apar\u00eancia de tecidos e fibras naturais. A ideia \u00e9 criar um fundo cont\u00ednuo que valorize o mobili\u00e1rio, sem competir com ele ou cansar o olhar com estampas muito marcantes.<\/p>\n\n\n\n<p>Em quartos menores, costuma-se aplicar o papel em apenas uma parede, geralmente atr\u00e1s da cama, para evitar sensa\u00e7\u00e3o de fechamento. Em espa\u00e7os maiores, a aplica\u00e7\u00e3o em todas as paredes refor\u00e7a o conceito do projeto. Para acertar na escolha, vale observar a fun\u00e7\u00e3o da parede, cores que favore\u00e7am o descanso e tamanho das estampas em rela\u00e7\u00e3o \u00e0 metragem.<\/p>\n\n\n\n<figure class=\"wp-block-image size-large\"><img loading=\"lazy\" decoding=\"async\" width=\"1024\" height=\"576\" src=\"https:\/\/www.em.com.br\/emfoco\/wp-content\/uploads\/2026\/04\/Gemini_Generated_Image_scapm2scapm2scap-1-1024x576.png\" alt=\"Nova moda no quarto troca quadros por conforto\" class=\"wp-image-200055\" srcset=\"https:\/\/www.em.com.br\/emfoco\/wp-content\/uploads\/2026\/04\/Gemini_Generated_Image_scapm2scapm2scap-1-1024x576.png 1024w, https:\/\/www.em.com.br\/emfoco\/wp-content\/uploads\/2026\/04\/Gemini_Generated_Image_scapm2scapm2scap-1-300x169.png 300w, https:\/\/www.em.com.br\/emfoco\/wp-content\/uploads\/2026\/04\/Gemini_Generated_Image_scapm2scapm2scap-1-768x432.png 768w, https:\/\/www.em.com.br\/emfoco\/wp-content\/uploads\/2026\/04\/Gemini_Generated_Image_scapm2scapm2scap-1-750x422.png 750w, https:\/\/www.em.com.br\/emfoco\/wp-content\/uploads\/2026\/04\/Gemini_Generated_Image_scapm2scapm2scap-1-1140x641.png 1140w, https:\/\/www.em.com.br\/emfoco\/wp-content\/uploads\/2026\/04\/Gemini_Generated_Image_scapm2scapm2scap-1.png 1280w\" sizes=\"auto, (max-width: 1024px) 100vw, 1024px\" \/><figcaption class=\"wp-element-caption\">Nova moda no quarto troca quadros por conforto<\/figcaption><\/figure>\n\n\n\n<h2 class=\"wp-block-heading\">Como escolher a solu\u00e7\u00e3o ideal para cada tipo de quarto<\/h2>\n\n\n\n<p>A decis\u00e3o entre pain\u00e9is ripados, papel de parede ou outros revestimentos depende da rotina dos moradores, do n\u00edvel de ru\u00eddo e das dimens\u00f5es do ambiente. Em im\u00f3veis com grande circula\u00e7\u00e3o sonora, solu\u00e7\u00f5es com fun\u00e7\u00e3o ac\u00fastica oferecem melhor desempenho; j\u00e1 em casas mais silenciosas, um bom papel de parede pode ser suficiente para trazer textura e personalidade.<\/p>\n\n\n\n<p>Tamb\u00e9m \u00e9 importante avaliar manuten\u00e7\u00e3o, or\u00e7amento e desejo de flexibilidade est\u00e9tica. Pain\u00e9is de madeira pedem limpeza frequente e investimento maior na instala\u00e7\u00e3o, enquanto pap\u00e9is lav\u00e1veis e revestimentos remov\u00edveis s\u00e3o ideais para quem gosta de renovar o visual com mais frequ\u00eancia, sem obras demoradas.<\/p>\n\n\n\n<h2 class=\"wp-block-heading\">Como transformar seu quarto agora com paredes mais inteligentes<\/h2>\n\n\n\n<p>Com essas possibilidades, a parede do quarto deixa de ser coadjuvante e passa a atuar diretamente no conforto, na est\u00e9tica e no uso inteligente de cada cent\u00edmetro. Ambientes mais integrados, silenciosos e visualmente cont\u00ednuos favorecem n\u00e3o s\u00f3 o descanso, mas tamb\u00e9m o bem-estar di\u00e1rio em rotinas apertadas.<\/p>\n\n\n\n<p>Se o seu quarto ainda \u00e9 marcado apenas por um quadro solit\u00e1rio, este \u00e9 o momento de agir: escolha um painel ripado, um bom papel de parede ou um novo revestimento e comece a transforma\u00e7\u00e3o. N\u00e3o adie o conforto que voc\u00ea pode ter hoje; planeje, defina seu or\u00e7amento e d\u00ea o primeiro passo para renovar seu quarto agora mesmo.<\/p>\n","protected":false},"excerpt":{"rendered":"<p>A decora\u00e7\u00e3o de quartos est\u00e1 passando por uma mudan\u00e7a vis\u00edvel em 2026. O cl\u00e1ssico quadro solit\u00e1rio sobre a cabeceira est\u00e1 sendo trocado por propostas que trabalham a parede como um todo, buscando criar superf\u00edcies funcionais e sensoriais, que influenciam conforto, ac\u00fastica e at\u00e9 a sensa\u00e7\u00e3o de amplitude, especialmente em ambientes compactos e com rotina mais [&hellip;]<\/p>\n","protected":false},"author":11,"featured_media":200605,"comment_status":"open","ping_status":"open","sticky":false,"template":"","format":"standard","meta":{"jnews-multi-image_gallery":[],"jnews_single_post":{"format":"standard"},"jnews_primary_category":[],"jnews_social_meta":[],"jnews_override_counter":[],"footnotes":""},"categories":[8819,1],"tags":[28799,12805,28798,28800,1920],"class_list":["post-200044","post","type-post","status-publish","format-standard","has-post-thumbnail","hentry","category-curiosidades","category-noticias","tag-decorar-quartos","tag-papel-de-parede","tag-parede-do-quarto","tag-ripas-de-madeira","tag-tendencia"],"yoast_head":"<!-- This site is optimized with the Yoast SEO plugin v23.8 - https:\/\/yoast.com\/wordpress\/plugins\/seo\/ -->\n<title>Adeus aos quadros na parede: a tend\u00eancia europeia que est\u00e1 dominando\u00a0as casas em 2026 - Estado de Minas - Em foco<\/title>\n<meta name=\"description\" content=\"A parede do quarto virou protagonista em 2026. Veja ideias com ripas de madeira e papel de parede para renovar o ambiente.\" \/>\n<meta name=\"robots\" content=\"index, follow, max-snippet:-1, max-image-preview:large, max-video-preview:-1\" \/>\n<link rel=\"canonical\" href=\"https:\/\/www.em.com.br\/emfoco\/2026\/04\/28\/adeus-aos-quadros-na-parede-a-tendencia-europeia-que-esta-dominando-as-casas-em-2026\/\" \/>\n<meta property=\"og:locale\" content=\"pt_BR\" \/>\n<meta property=\"og:type\" content=\"article\" \/>\n<meta property=\"og:title\" content=\"Adeus aos quadros na parede: a tend\u00eancia europeia que est\u00e1 dominando\u00a0as casas em 2026 - Estado de Minas - Em foco\" \/>\n<meta property=\"og:description\" content=\"A parede do quarto virou protagonista em 2026. Veja ideias com ripas de madeira e papel de parede para renovar o ambiente.\" \/>\n<meta property=\"og:url\" content=\"https:\/\/www.em.com.br\/emfoco\/2026\/04\/28\/adeus-aos-quadros-na-parede-a-tendencia-europeia-que-esta-dominando-as-casas-em-2026\/\" \/>\n<meta property=\"og:site_name\" content=\"Estado de Minas - Em foco\" \/>\n<meta property=\"article:published_time\" content=\"2026-04-28T23:15:00+00:00\" \/>\n<meta property=\"article:modified_time\" content=\"2026-04-27T18:38:33+00:00\" \/>\n<meta property=\"og:image\" content=\"https:\/\/www.em.com.br\/emfoco\/wp-content\/uploads\/2026\/04\/EmFoco_36-7.jpg\" \/>\n\t<meta property=\"og:image:width\" content=\"1280\" \/>\n\t<meta property=\"og:image:height\" content=\"720\" \/>\n\t<meta property=\"og:image:type\" content=\"image\/jpeg\" \/>\n<meta name=\"author\" content=\"Andre\u0301 Rangel\u00a0\" \/>\n<meta name=\"twitter:card\" content=\"summary_large_image\" \/>\n<meta name=\"twitter:label1\" content=\"Escrito por\" \/>\n\t<meta name=\"twitter:data1\" content=\"Andre\u0301 Rangel\u00a0\" \/>\n\t<meta name=\"twitter:label2\" content=\"Est. tempo de leitura\" \/>\n\t<meta name=\"twitter:data2\" content=\"5 minutos\" \/>\n<!-- \/ Yoast SEO plugin. -->","yoast_head_json":{"title":"Adeus aos quadros na parede: a tend\u00eancia europeia que est\u00e1 dominando\u00a0as casas em 2026 - Estado de Minas - Em foco","description":"A parede do quarto virou protagonista em 2026. Veja ideias com ripas de madeira e papel de parede para renovar o ambiente.","robots":{"index":"index","follow":"follow","max-snippet":"max-snippet:-1","max-image-preview":"max-image-preview:large","max-video-preview":"max-video-preview:-1"},"canonical":"https:\/\/www.em.com.br\/emfoco\/2026\/04\/28\/adeus-aos-quadros-na-parede-a-tendencia-europeia-que-esta-dominando-as-casas-em-2026\/","og_locale":"pt_BR","og_type":"article","og_title":"Adeus aos quadros na parede: a tend\u00eancia europeia que est\u00e1 dominando\u00a0as casas em 2026 - Estado de Minas - Em foco","og_description":"A parede do quarto virou protagonista em 2026. Veja ideias com ripas de madeira e papel de parede para renovar o ambiente.","og_url":"https:\/\/www.em.com.br\/emfoco\/2026\/04\/28\/adeus-aos-quadros-na-parede-a-tendencia-europeia-que-esta-dominando-as-casas-em-2026\/","og_site_name":"Estado de Minas - Em foco","article_published_time":"2026-04-28T23:15:00+00:00","article_modified_time":"2026-04-27T18:38:33+00:00","og_image":[{"width":1280,"height":720,"url":"https:\/\/www.em.com.br\/emfoco\/wp-content\/uploads\/2026\/04\/EmFoco_36-7.jpg","type":"image\/jpeg"}],"author":"Andre\u0301 Rangel\u00a0","twitter_card":"summary_large_image","twitter_misc":{"Escrito por":"Andre\u0301 Rangel\u00a0","Est. tempo de leitura":"5 minutos"},"schema":{"@context":"https:\/\/schema.org","@graph":[{"@type":"WebPage","@id":"https:\/\/www.em.com.br\/emfoco\/2026\/04\/28\/adeus-aos-quadros-na-parede-a-tendencia-europeia-que-esta-dominando-as-casas-em-2026\/","url":"https:\/\/www.em.com.br\/emfoco\/2026\/04\/28\/adeus-aos-quadros-na-parede-a-tendencia-europeia-que-esta-dominando-as-casas-em-2026\/","name":"Adeus aos quadros na parede: a tend\u00eancia europeia que est\u00e1 dominando\u00a0as casas em 2026 - Estado de Minas - Em foco","isPartOf":{"@id":"https:\/\/www.em.com.br\/emfoco\/#website"},"primaryImageOfPage":{"@id":"https:\/\/www.em.com.br\/emfoco\/2026\/04\/28\/adeus-aos-quadros-na-parede-a-tendencia-europeia-que-esta-dominando-as-casas-em-2026\/#primaryimage"},"image":{"@id":"https:\/\/www.em.com.br\/emfoco\/2026\/04\/28\/adeus-aos-quadros-na-parede-a-tendencia-europeia-que-esta-dominando-as-casas-em-2026\/#primaryimage"},"thumbnailUrl":"https:\/\/www.em.com.br\/emfoco\/wp-content\/uploads\/2026\/04\/EmFoco_36-7.jpg","datePublished":"2026-04-28T23:15:00+00:00","dateModified":"2026-04-27T18:38:33+00:00","author":{"@id":"https:\/\/www.em.com.br\/emfoco\/#\/schema\/person\/60eda09c1fedf0d6891f4cef4b60b8b8"},"description":"A parede do quarto virou protagonista em 2026. Veja ideias com ripas de madeira e papel de parede para renovar o ambiente.","breadcrumb":{"@id":"https:\/\/www.em.com.br\/emfoco\/2026\/04\/28\/adeus-aos-quadros-na-parede-a-tendencia-europeia-que-esta-dominando-as-casas-em-2026\/#breadcrumb"},"inLanguage":"pt-BR","potentialAction":[{"@type":"ReadAction","target":["https:\/\/www.em.com.br\/emfoco\/2026\/04\/28\/adeus-aos-quadros-na-parede-a-tendencia-europeia-que-esta-dominando-as-casas-em-2026\/"]}]},{"@type":"ImageObject","inLanguage":"pt-BR","@id":"https:\/\/www.em.com.br\/emfoco\/2026\/04\/28\/adeus-aos-quadros-na-parede-a-tendencia-europeia-que-esta-dominando-as-casas-em-2026\/#primaryimage","url":"https:\/\/www.em.com.br\/emfoco\/wp-content\/uploads\/2026\/04\/EmFoco_36-7.jpg","contentUrl":"https:\/\/www.em.com.br\/emfoco\/wp-content\/uploads\/2026\/04\/EmFoco_36-7.jpg","width":1280,"height":720,"caption":"Pain\u00e9is ripados e texturas cont\u00ednuas substituem quadros para aumentar conforto e ac\u00fastica"},{"@type":"BreadcrumbList","@id":"https:\/\/www.em.com.br\/emfoco\/2026\/04\/28\/adeus-aos-quadros-na-parede-a-tendencia-europeia-que-esta-dominando-as-casas-em-2026\/#breadcrumb","itemListElement":[{"@type":"ListItem","position":1,"name":"In\u00edcio","item":"https:\/\/www.em.com.br\/emfoco\/"},{"@type":"ListItem","position":2,"name":"Adeus aos quadros na parede: a tend\u00eancia europeia que est\u00e1 dominando\u00a0as casas em 2026"}]},{"@type":"WebSite","@id":"https:\/\/www.em.com.br\/emfoco\/#website","url":"https:\/\/www.em.com.br\/emfoco\/","name":"Estado de Minas - Em foco","description":"Acompanhe as \u00faltimas not\u00edcias e fique bem informado sobre tudo o que acontece em Minas Gerais, Brasil e no mundo.","potentialAction":[{"@type":"SearchAction","target":{"@type":"EntryPoint","urlTemplate":"https:\/\/www.em.com.br\/emfoco\/?s={search_term_string}"},"query-input":{"@type":"PropertyValueSpecification","valueRequired":true,"valueName":"search_term_string"}}],"inLanguage":"pt-BR"},{"@type":"Person","@id":"https:\/\/www.em.com.br\/emfoco\/#\/schema\/person\/60eda09c1fedf0d6891f4cef4b60b8b8","name":"Andre\u0301 Rangel\u00a0","image":{"@type":"ImageObject","inLanguage":"pt-BR","@id":"https:\/\/www.em.com.br\/emfoco\/#\/schema\/person\/image\/","url":"https:\/\/secure.gravatar.com\/avatar\/6234dc814c77c8ef6d8bba622c787efc?s=96&d=mm&r=g","contentUrl":"https:\/\/secure.gravatar.com\/avatar\/6234dc814c77c8ef6d8bba622c787efc?s=96&d=mm&r=g","caption":"Andre\u0301 Rangel\u00a0"},"url":"https:\/\/www.em.com.br\/emfoco\/author\/luizmyth\/"}]}},"_links":{"self":[{"href":"https:\/\/www.em.com.br\/emfoco\/wp-json\/wp\/v2\/posts\/200044","targetHints":{"allow":["GET"]}}],"collection":[{"href":"https:\/\/www.em.com.br\/emfoco\/wp-json\/wp\/v2\/posts"}],"about":[{"href":"https:\/\/www.em.com.br\/emfoco\/wp-json\/wp\/v2\/types\/post"}],"author":[{"embeddable":true,"href":"https:\/\/www.em.com.br\/emfoco\/wp-json\/wp\/v2\/users\/11"}],"replies":[{"embeddable":true,"href":"https:\/\/www.em.com.br\/emfoco\/wp-json\/wp\/v2\/comments?post=200044"}],"version-history":[{"count":3,"href":"https:\/\/www.em.com.br\/emfoco\/wp-json\/wp\/v2\/posts\/200044\/revisions"}],"predecessor-version":[{"id":200056,"href":"https:\/\/www.em.com.br\/emfoco\/wp-json\/wp\/v2\/posts\/200044\/revisions\/200056"}],"wp:featuredmedia":[{"embeddable":true,"href":"https:\/\/www.em.com.br\/emfoco\/wp-json\/wp\/v2\/media\/200605"}],"wp:attachment":[{"href":"https:\/\/www.em.com.br\/emfoco\/wp-json\/wp\/v2\/media?parent=200044"}],"wp:term":[{"taxonomy":"category","embeddable":true,"href":"https:\/\/www.em.com.br\/emfoco\/wp-json\/wp\/v2\/categories?post=200044"},{"taxonomy":"post_tag","embeddable":true,"href":"https:\/\/www.em.com.br\/emfoco\/wp-json\/wp\/v2\/tags?post=200044"}],"curies":[{"name":"wp","href":"https:\/\/api.w.org\/{rel}","templated":true}]}}