{"id":200042,"date":"2026-04-28T16:45:00","date_gmt":"2026-04-28T19:45:00","guid":{"rendered":"https:\/\/www.em.com.br\/emfoco\/?p=200042"},"modified":"2026-04-27T15:38:01","modified_gmt":"2026-04-27T18:38:01","slug":"pendurar-o-pano-de-prato-na-torneira-e-comum-mas-pode-estar-prejudicando-a-sua-cozinha","status":"publish","type":"post","link":"https:\/\/www.em.com.br\/emfoco\/2026\/04\/28\/pendurar-o-pano-de-prato-na-torneira-e-comum-mas-pode-estar-prejudicando-a-sua-cozinha\/","title":{"rendered":"Pendurar o pano de prato na torneira \u00e9 comum, mas pode estar prejudicando a sua cozinha"},"content":{"rendered":"\n<p>No dia a dia da cozinha, \u00e9 comum pendurar o <strong>pano de prato<\/strong> na torneira pela praticidade, mas esse h\u00e1bito aparentemente inofensivo pode comprometer a higiene, o visual do ambiente e at\u00e9 a durabilidade do pano. Entender por que isso acontece ajuda a adotar solu\u00e7\u00f5es simples, eficientes e bem mais seguras para a rotina dom\u00e9stica.<\/p>\n\n\n\n<h2 class=\"wp-block-heading\">Por que n\u00e3o se deve deixar o pano de prato pendurado na torneira?<\/h2>\n\n\n\n<p>Quando o pano fica dobrado sobre a torneira, parte do tecido permanece \u00famida por muito tempo, com pouca circula\u00e7\u00e3o de ar. Esse ambiente <strong>favorece a prolifera\u00e7\u00e3o de bact\u00e9rias, fungos e odores desagrad\u00e1veis<\/strong>, especialmente em <a href=\"https:\/\/www.em.com.br\/emfoco\/2026\/04\/21\/adeus-ao-marmore-a-nova-tendencia-mais-elegante-e-pratica-para-cozinhas-e-banheiros-em-2026\/\" target=\"_blank\" rel=\"noreferrer noopener\">cozinhas <\/a>com pouca ventila\u00e7\u00e3o.<\/p>\n\n\n\n<p>Al\u00e9m disso, a \u00e1rea da torneira recebe respingos de \u00e1gua com detergente, restos de alimentos e pequenas part\u00edculas que escorrem durante a lavagem de lou\u00e7a. O pano absorve essa sujeira e aumenta o risco de contamina\u00e7\u00e3o cruzada ao secar pratos, talheres ou bancadas.<\/p>\n\n\n\n<figure class=\"wp-block-image size-large\"><img loading=\"lazy\" decoding=\"async\" width=\"1024\" height=\"576\" src=\"https:\/\/www.em.com.br\/emfoco\/wp-content\/uploads\/2026\/04\/Gemini_Generated_Image_77c18677c18677c1-1-1024x576.png\" alt=\"O erro na pia que deixa sua cozinha suja\" class=\"wp-image-200050\" srcset=\"https:\/\/www.em.com.br\/emfoco\/wp-content\/uploads\/2026\/04\/Gemini_Generated_Image_77c18677c18677c1-1-1024x576.png 1024w, https:\/\/www.em.com.br\/emfoco\/wp-content\/uploads\/2026\/04\/Gemini_Generated_Image_77c18677c18677c1-1-300x169.png 300w, https:\/\/www.em.com.br\/emfoco\/wp-content\/uploads\/2026\/04\/Gemini_Generated_Image_77c18677c18677c1-1-768x432.png 768w, https:\/\/www.em.com.br\/emfoco\/wp-content\/uploads\/2026\/04\/Gemini_Generated_Image_77c18677c18677c1-1-750x422.png 750w, https:\/\/www.em.com.br\/emfoco\/wp-content\/uploads\/2026\/04\/Gemini_Generated_Image_77c18677c18677c1-1-1140x641.png 1140w, https:\/\/www.em.com.br\/emfoco\/wp-content\/uploads\/2026\/04\/Gemini_Generated_Image_77c18677c18677c1-1.png 1280w\" sizes=\"auto, (max-width: 1024px) 100vw, 1024px\" \/><figcaption class=\"wp-element-caption\">O erro na pia que deixa sua cozinha suja<\/figcaption><\/figure>\n\n\n\n<h2 class=\"wp-block-heading\">Como o pano de prato na torneira afeta a organiza\u00e7\u00e3o e o visual da cozinha?<\/h2>\n\n\n\n<p>O pano de prato na torneira <strong>interfere diretamente na sensa\u00e7\u00e3o de ordem<\/strong>, j\u00e1 que a \u00e1rea da pia costuma ser um dos pontos de maior destaque da cozinha. Um tecido \u00famido, amassado e cobrindo a torneira quebra a harmonia visual e passa a impress\u00e3o de bagun\u00e7a e improviso constante.<\/p>\n\n\n\n<p>Profissionais de design de interiores lembram que a torneira geralmente \u00e9 escolhida para combinar com a cuba, os arm\u00e1rios e os revestimentos. Escond\u00ea-la com um pano pendurado reduz o efeito est\u00e9tico planejado, especialmente em <a href=\"https:\/\/br.pinterest.com\/jscrisanto74\/sala-e-cozinha-integrada\/\" target=\"_blank\" rel=\"noreferrer noopener\">cozinhas integradas \u00e0 sala<\/a>, onde a pia fica sempre \u00e0 vista.<\/p>\n\n\n\n<h2 class=\"wp-block-heading\">Quais s\u00e3o as melhores formas de secar e guardar o pano de prato?<\/h2>\n\n\n\n<p>Para manter o pano higienizado, o ideal \u00e9 focar em boa ventila\u00e7\u00e3o, troca frequente e um local adequado, onde ele possa secar completamente entre um uso e outro. Assim, evita-se o ac\u00famulo de umidade por longos per\u00edodos e a multiplica\u00e7\u00e3o de micro-organismos.<\/p>\n\n\n\n<p>Algumas formas simples de organizar o pano de prato ajudam a manter a cozinha mais limpa e funcional no dia a dia:<\/p>\n\n\n\n<ul class=\"wp-block-list\">\n<li><strong>Usar ganchos ou suportes espec\u00edficos<\/strong>\u00a0na parede, na lateral do arm\u00e1rio ou pr\u00f3ximo \u00e0 pia, deixando o pano bem estendido.<\/li>\n\n\n\n<li><strong>Aproveitar barras horizontais<\/strong>, que mant\u00eam o pano aberto e favorecem a secagem uniforme do tecido.<\/li>\n\n\n\n<li><strong>Optar por \u00e1reas ventiladas<\/strong>, pr\u00f3ximas a janelas ou correntes de ar, para acelerar a evapora\u00e7\u00e3o da umidade.<\/li>\n\n\n\n<li><strong>Evitar contato constante com a pia<\/strong>, afastando o pano de respingos, gordura e res\u00edduos que contaminam o tecido.<\/li>\n<\/ul>\n\n\n\n<h2 class=\"wp-block-heading\">Quais cuidados extras ajudam a manter o pano de prato limpo por mais tempo?<\/h2>\n\n\n\n<p>Al\u00e9m do local adequado, a frequ\u00eancia de troca \u00e9 fundamental: recomenda-se substituir o pano de prato diariamente ou, no m\u00e1ximo, a cada dois dias, aumentando a troca em casas onde se cozinha com mais frequ\u00eancia. Isso reduz bastante o risco de mau cheiro e contamina\u00e7\u00e3o.<\/p>\n\n\n\n<figure class=\"wp-block-image size-large\"><img loading=\"lazy\" decoding=\"async\" width=\"1024\" height=\"576\" src=\"https:\/\/www.em.com.br\/emfoco\/wp-content\/uploads\/2026\/04\/Gemini_Generated_Image_vgt8frvgt8frvgt8-1-1024x576.png\" alt=\"A melhor forma de guardar pano de prato\" class=\"wp-image-200051\" srcset=\"https:\/\/www.em.com.br\/emfoco\/wp-content\/uploads\/2026\/04\/Gemini_Generated_Image_vgt8frvgt8frvgt8-1-1024x576.png 1024w, https:\/\/www.em.com.br\/emfoco\/wp-content\/uploads\/2026\/04\/Gemini_Generated_Image_vgt8frvgt8frvgt8-1-300x169.png 300w, https:\/\/www.em.com.br\/emfoco\/wp-content\/uploads\/2026\/04\/Gemini_Generated_Image_vgt8frvgt8frvgt8-1-768x432.png 768w, https:\/\/www.em.com.br\/emfoco\/wp-content\/uploads\/2026\/04\/Gemini_Generated_Image_vgt8frvgt8frvgt8-1-750x422.png 750w, https:\/\/www.em.com.br\/emfoco\/wp-content\/uploads\/2026\/04\/Gemini_Generated_Image_vgt8frvgt8frvgt8-1-1140x641.png 1140w, https:\/\/www.em.com.br\/emfoco\/wp-content\/uploads\/2026\/04\/Gemini_Generated_Image_vgt8frvgt8frvgt8-1.png 1280w\" sizes=\"auto, (max-width: 1024px) 100vw, 1024px\" \/><figcaption class=\"wp-element-caption\">A melhor forma de guardar pano de prato<\/figcaption><\/figure>\n\n\n\n<p>A lavagem correta tamb\u00e9m faz diferen\u00e7a, usando \u00e1gua quente, sab\u00e3o adequado e, quando necess\u00e1rio, um desinfetante pr\u00f3prio para tecidos de cozinha. Em alguns casos, pode-se utilizar vinagre branco ou uma solu\u00e7\u00e3o de \u00e1gua sanit\u00e1ria dilu\u00edda, seguindo sempre as orienta\u00e7\u00f5es do fabricante do pano e dos produtos de limpeza.<\/p>\n\n\n\n<p>Alguns h\u00e1bitos simples ajudam a conservar melhor o pano de prato e evitar que ele se torne um foco de sujeira e odores:<\/p>\n\n\n\n<ol class=\"wp-block-list\">\n<li>Separar panos de prato de outras roupas ao lavar, especialmente pe\u00e7as \u00edntimas e panos de ch\u00e3o.<\/li>\n\n\n\n<li>N\u00e3o guardar o pano ainda \u00famido em gavetas ou arm\u00e1rios fechados, para n\u00e3o mofar.<\/li>\n\n\n\n<li>Evitar usar o mesmo tecido para secar lou\u00e7a e limpar o ch\u00e3o ou o fog\u00e3o.<\/li>\n\n\n\n<li>Observar manchas, odores persistentes e textura \u00e1spera como sinais de desgaste.<\/li>\n<\/ol>\n\n\n\n<h2 class=\"wp-block-heading\">Como transformar o uso do pano de prato em um h\u00e1bito mais higi\u00eanico e organizado?<\/h2>\n\n\n\n<p>Ao substituir o h\u00e1bito de deixar o pano de prato na torneira por suportes, barras ou ganchos bem posicionados, a cozinha fica mais organizada, cheirosa e visualmente agrad\u00e1vel. Essas pequenas mudan\u00e7as tornam a rotina mais pr\u00e1tica e reduzem o risco de contamina\u00e7\u00e3o em pratos, talheres e superf\u00edcies.<\/p>\n\n\n\n<p>N\u00e3o espere surgirem manchas, cheiros fortes ou aquela sensa\u00e7\u00e3o de desleixo na pia para agir: hoje mesmo, escolha um novo lugar para o seu pano de prato, revise sua frequ\u00eancia de troca e mude esse costume de vez. Sua sa\u00fade, sua cozinha e quem convive com voc\u00ea sentem a diferen\u00e7a imediatamente.<\/p>\n","protected":false},"excerpt":{"rendered":"<p>No dia a dia da cozinha, \u00e9 comum pendurar o pano de prato na torneira pela praticidade, mas esse h\u00e1bito aparentemente inofensivo pode comprometer a higiene, o visual do ambiente e at\u00e9 a durabilidade do pano. Entender por que isso acontece ajuda a adotar solu\u00e7\u00f5es simples, eficientes e bem mais seguras para a rotina dom\u00e9stica. [&hellip;]<\/p>\n","protected":false},"author":11,"featured_media":200609,"comment_status":"open","ping_status":"open","sticky":false,"template":"","format":"standard","meta":{"jnews-multi-image_gallery":[],"jnews_single_post":{"format":"standard"},"jnews_primary_category":[],"jnews_social_meta":[],"jnews_override_counter":[],"footnotes":""},"categories":[8819,1],"tags":[3563,6080,21303,28797],"class_list":["post-200042","post","type-post","status-publish","format-standard","has-post-thumbnail","hentry","category-curiosidades","category-noticias","tag-cozinha","tag-higiene","tag-pano-de-prato","tag-torneira"],"yoast_head":"<!-- This site is optimized with the Yoast SEO plugin v23.8 - https:\/\/yoast.com\/wordpress\/plugins\/seo\/ -->\n<title>Pendurar o pano de prato na torneira \u00e9 comum, mas pode estar prejudicando a sua cozinha - Estado de Minas - Em foco<\/title>\n<meta name=\"description\" content=\"Pendurar pano de prato na torneira pode espalhar bact\u00e9rias e bagun\u00e7ar a cozinha. Saiba a forma mais segura de usar o tecido.\" \/>\n<meta name=\"robots\" content=\"index, follow, max-snippet:-1, max-image-preview:large, max-video-preview:-1\" \/>\n<link rel=\"canonical\" href=\"https:\/\/www.em.com.br\/emfoco\/2026\/04\/28\/pendurar-o-pano-de-prato-na-torneira-e-comum-mas-pode-estar-prejudicando-a-sua-cozinha\/\" \/>\n<meta property=\"og:locale\" content=\"pt_BR\" \/>\n<meta property=\"og:type\" content=\"article\" \/>\n<meta property=\"og:title\" content=\"Pendurar o pano de prato na torneira \u00e9 comum, mas pode estar prejudicando a sua cozinha - Estado de Minas - Em foco\" \/>\n<meta property=\"og:description\" content=\"Pendurar pano de prato na torneira pode espalhar bact\u00e9rias e bagun\u00e7ar a cozinha. Saiba a forma mais segura de usar o tecido.\" \/>\n<meta property=\"og:url\" content=\"https:\/\/www.em.com.br\/emfoco\/2026\/04\/28\/pendurar-o-pano-de-prato-na-torneira-e-comum-mas-pode-estar-prejudicando-a-sua-cozinha\/\" \/>\n<meta property=\"og:site_name\" content=\"Estado de Minas - Em foco\" \/>\n<meta property=\"article:published_time\" content=\"2026-04-28T19:45:00+00:00\" \/>\n<meta property=\"article:modified_time\" content=\"2026-04-27T18:38:01+00:00\" \/>\n<meta property=\"og:image\" content=\"https:\/\/www.em.com.br\/emfoco\/wp-content\/uploads\/2026\/04\/EmFoco_32-7.jpg\" \/>\n\t<meta property=\"og:image:width\" content=\"1280\" \/>\n\t<meta property=\"og:image:height\" content=\"720\" \/>\n\t<meta property=\"og:image:type\" content=\"image\/jpeg\" \/>\n<meta name=\"author\" content=\"Andre\u0301 Rangel\u00a0\" \/>\n<meta name=\"twitter:card\" content=\"summary_large_image\" \/>\n<meta name=\"twitter:label1\" content=\"Escrito por\" \/>\n\t<meta name=\"twitter:data1\" content=\"Andre\u0301 Rangel\u00a0\" \/>\n\t<meta name=\"twitter:label2\" content=\"Est. tempo de leitura\" \/>\n\t<meta name=\"twitter:data2\" content=\"5 minutos\" \/>\n<!-- \/ Yoast SEO plugin. -->","yoast_head_json":{"title":"Pendurar o pano de prato na torneira \u00e9 comum, mas pode estar prejudicando a sua cozinha - Estado de Minas - Em foco","description":"Pendurar pano de prato na torneira pode espalhar bact\u00e9rias e bagun\u00e7ar a cozinha. Saiba a forma mais segura de usar o tecido.","robots":{"index":"index","follow":"follow","max-snippet":"max-snippet:-1","max-image-preview":"max-image-preview:large","max-video-preview":"max-video-preview:-1"},"canonical":"https:\/\/www.em.com.br\/emfoco\/2026\/04\/28\/pendurar-o-pano-de-prato-na-torneira-e-comum-mas-pode-estar-prejudicando-a-sua-cozinha\/","og_locale":"pt_BR","og_type":"article","og_title":"Pendurar o pano de prato na torneira \u00e9 comum, mas pode estar prejudicando a sua cozinha - Estado de Minas - Em foco","og_description":"Pendurar pano de prato na torneira pode espalhar bact\u00e9rias e bagun\u00e7ar a cozinha. Saiba a forma mais segura de usar o tecido.","og_url":"https:\/\/www.em.com.br\/emfoco\/2026\/04\/28\/pendurar-o-pano-de-prato-na-torneira-e-comum-mas-pode-estar-prejudicando-a-sua-cozinha\/","og_site_name":"Estado de Minas - Em foco","article_published_time":"2026-04-28T19:45:00+00:00","article_modified_time":"2026-04-27T18:38:01+00:00","og_image":[{"width":1280,"height":720,"url":"https:\/\/www.em.com.br\/emfoco\/wp-content\/uploads\/2026\/04\/EmFoco_32-7.jpg","type":"image\/jpeg"}],"author":"Andre\u0301 Rangel\u00a0","twitter_card":"summary_large_image","twitter_misc":{"Escrito por":"Andre\u0301 Rangel\u00a0","Est. tempo de leitura":"5 minutos"},"schema":{"@context":"https:\/\/schema.org","@graph":[{"@type":"WebPage","@id":"https:\/\/www.em.com.br\/emfoco\/2026\/04\/28\/pendurar-o-pano-de-prato-na-torneira-e-comum-mas-pode-estar-prejudicando-a-sua-cozinha\/","url":"https:\/\/www.em.com.br\/emfoco\/2026\/04\/28\/pendurar-o-pano-de-prato-na-torneira-e-comum-mas-pode-estar-prejudicando-a-sua-cozinha\/","name":"Pendurar o pano de prato na torneira \u00e9 comum, mas pode estar prejudicando a sua cozinha - Estado de Minas - Em foco","isPartOf":{"@id":"https:\/\/www.em.com.br\/emfoco\/#website"},"primaryImageOfPage":{"@id":"https:\/\/www.em.com.br\/emfoco\/2026\/04\/28\/pendurar-o-pano-de-prato-na-torneira-e-comum-mas-pode-estar-prejudicando-a-sua-cozinha\/#primaryimage"},"image":{"@id":"https:\/\/www.em.com.br\/emfoco\/2026\/04\/28\/pendurar-o-pano-de-prato-na-torneira-e-comum-mas-pode-estar-prejudicando-a-sua-cozinha\/#primaryimage"},"thumbnailUrl":"https:\/\/www.em.com.br\/emfoco\/wp-content\/uploads\/2026\/04\/EmFoco_32-7.jpg","datePublished":"2026-04-28T19:45:00+00:00","dateModified":"2026-04-27T18:38:01+00:00","author":{"@id":"https:\/\/www.em.com.br\/emfoco\/#\/schema\/person\/60eda09c1fedf0d6891f4cef4b60b8b8"},"description":"Pendurar pano de prato na torneira pode espalhar bact\u00e9rias e bagun\u00e7ar a cozinha. Saiba a forma mais segura de usar o tecido.","breadcrumb":{"@id":"https:\/\/www.em.com.br\/emfoco\/2026\/04\/28\/pendurar-o-pano-de-prato-na-torneira-e-comum-mas-pode-estar-prejudicando-a-sua-cozinha\/#breadcrumb"},"inLanguage":"pt-BR","potentialAction":[{"@type":"ReadAction","target":["https:\/\/www.em.com.br\/emfoco\/2026\/04\/28\/pendurar-o-pano-de-prato-na-torneira-e-comum-mas-pode-estar-prejudicando-a-sua-cozinha\/"]}]},{"@type":"ImageObject","inLanguage":"pt-BR","@id":"https:\/\/www.em.com.br\/emfoco\/2026\/04\/28\/pendurar-o-pano-de-prato-na-torneira-e-comum-mas-pode-estar-prejudicando-a-sua-cozinha\/#primaryimage","url":"https:\/\/www.em.com.br\/emfoco\/wp-content\/uploads\/2026\/04\/EmFoco_32-7.jpg","contentUrl":"https:\/\/www.em.com.br\/emfoco\/wp-content\/uploads\/2026\/04\/EmFoco_32-7.jpg","width":1280,"height":720,"caption":"H\u00e1bito de pendurar panos na torneira favorece bact\u00e9rias e prejudica a higiene"},{"@type":"BreadcrumbList","@id":"https:\/\/www.em.com.br\/emfoco\/2026\/04\/28\/pendurar-o-pano-de-prato-na-torneira-e-comum-mas-pode-estar-prejudicando-a-sua-cozinha\/#breadcrumb","itemListElement":[{"@type":"ListItem","position":1,"name":"In\u00edcio","item":"https:\/\/www.em.com.br\/emfoco\/"},{"@type":"ListItem","position":2,"name":"Pendurar o pano de prato na torneira \u00e9 comum, mas pode estar prejudicando a sua cozinha"}]},{"@type":"WebSite","@id":"https:\/\/www.em.com.br\/emfoco\/#website","url":"https:\/\/www.em.com.br\/emfoco\/","name":"Estado de Minas - Em foco","description":"Acompanhe as \u00faltimas not\u00edcias e fique bem informado sobre tudo o que acontece em Minas Gerais, Brasil e no mundo.","potentialAction":[{"@type":"SearchAction","target":{"@type":"EntryPoint","urlTemplate":"https:\/\/www.em.com.br\/emfoco\/?s={search_term_string}"},"query-input":{"@type":"PropertyValueSpecification","valueRequired":true,"valueName":"search_term_string"}}],"inLanguage":"pt-BR"},{"@type":"Person","@id":"https:\/\/www.em.com.br\/emfoco\/#\/schema\/person\/60eda09c1fedf0d6891f4cef4b60b8b8","name":"Andre\u0301 Rangel\u00a0","image":{"@type":"ImageObject","inLanguage":"pt-BR","@id":"https:\/\/www.em.com.br\/emfoco\/#\/schema\/person\/image\/","url":"https:\/\/secure.gravatar.com\/avatar\/6234dc814c77c8ef6d8bba622c787efc?s=96&d=mm&r=g","contentUrl":"https:\/\/secure.gravatar.com\/avatar\/6234dc814c77c8ef6d8bba622c787efc?s=96&d=mm&r=g","caption":"Andre\u0301 Rangel\u00a0"},"url":"https:\/\/www.em.com.br\/emfoco\/author\/luizmyth\/"}]}},"_links":{"self":[{"href":"https:\/\/www.em.com.br\/emfoco\/wp-json\/wp\/v2\/posts\/200042","targetHints":{"allow":["GET"]}}],"collection":[{"href":"https:\/\/www.em.com.br\/emfoco\/wp-json\/wp\/v2\/posts"}],"about":[{"href":"https:\/\/www.em.com.br\/emfoco\/wp-json\/wp\/v2\/types\/post"}],"author":[{"embeddable":true,"href":"https:\/\/www.em.com.br\/emfoco\/wp-json\/wp\/v2\/users\/11"}],"replies":[{"embeddable":true,"href":"https:\/\/www.em.com.br\/emfoco\/wp-json\/wp\/v2\/comments?post=200042"}],"version-history":[{"count":2,"href":"https:\/\/www.em.com.br\/emfoco\/wp-json\/wp\/v2\/posts\/200042\/revisions"}],"predecessor-version":[{"id":200052,"href":"https:\/\/www.em.com.br\/emfoco\/wp-json\/wp\/v2\/posts\/200042\/revisions\/200052"}],"wp:featuredmedia":[{"embeddable":true,"href":"https:\/\/www.em.com.br\/emfoco\/wp-json\/wp\/v2\/media\/200609"}],"wp:attachment":[{"href":"https:\/\/www.em.com.br\/emfoco\/wp-json\/wp\/v2\/media?parent=200042"}],"wp:term":[{"taxonomy":"category","embeddable":true,"href":"https:\/\/www.em.com.br\/emfoco\/wp-json\/wp\/v2\/categories?post=200042"},{"taxonomy":"post_tag","embeddable":true,"href":"https:\/\/www.em.com.br\/emfoco\/wp-json\/wp\/v2\/tags?post=200042"}],"curies":[{"name":"wp","href":"https:\/\/api.w.org\/{rel}","templated":true}]}}