{"id":200031,"date":"2026-04-28T08:55:00","date_gmt":"2026-04-28T11:55:00","guid":{"rendered":"https:\/\/www.em.com.br\/emfoco\/?p=200031"},"modified":"2026-04-27T15:30:07","modified_gmt":"2026-04-27T18:30:07","slug":"se-voce-tem-meias-sem-par-aqui-vai-uma-ideia-para-evitar-joga-las-fora-e-reutiliza-las-em-casa","status":"publish","type":"post","link":"https:\/\/www.em.com.br\/emfoco\/2026\/04\/28\/se-voce-tem-meias-sem-par-aqui-vai-uma-ideia-para-evitar-joga-las-fora-e-reutiliza-las-em-casa\/","title":{"rendered":"Se voc\u00ea tem meias sem par, aqui vai uma ideia para evitar jog\u00e1-las fora e reutiliz\u00e1-las em casa"},"content":{"rendered":"\n<p>Meias sem par costumam se acumular nas gavetas e, muitas vezes, acabam indo direto para o lixo, gerando desperd\u00edcio de dinheiro e aumentando o volume de res\u00edduos t\u00eaxteis. Em vez de descartar pe\u00e7as de algod\u00e3o, l\u00e3 ou microfibra que ainda est\u00e3o em bom estado, \u00e9 poss\u00edvel dar a elas uma nova fun\u00e7\u00e3o na rotina, substituindo produtos de uso di\u00e1rio e tornando o consumo mais consciente.<\/p>\n\n\n\n<h2 class=\"wp-block-heading\">Por onde come\u00e7ar a reutilizar meias sem par<\/h2>\n\n\n\n<p>O primeiro passo \u00e9 separar as pe\u00e7as que ainda estejam limpas e sem rasgos grandes. <a href=\"https:\/\/www.em.com.br\/emfoco\/2026\/04\/14\/nao-jogue-fora-meias-calcas-velhas-veja-como-reaproveitar-com-um-projeto-simples-e-util-em-poucos-minutos\/\" target=\"_blank\" rel=\"noreferrer noopener\">Meias <\/a>de algod\u00e3o, l\u00e3 ou microfibra s\u00e3o ideais porque suportam bem o manuseio repetido e diferentes tipos de uso.<\/p>\n\n\n\n<p>Para evitar desperd\u00edcio, muitas fam\u00edlias criam uma pequena \u201ccaixa das meias soltas\u201d e v\u00e3o destinando cada par perdido para uma fun\u00e7\u00e3o espec\u00edfica. Assim, em vez de comprar panos, flanelas ou enchimentos, essas meias reaproveitadas passam a assumir novos pap\u00e9is dentro de casa.<\/p>\n\n\n\n<figure class=\"wp-block-image size-large\"><img loading=\"lazy\" decoding=\"async\" width=\"1024\" height=\"576\" src=\"https:\/\/www.em.com.br\/emfoco\/wp-content\/uploads\/2026\/04\/ChatGPT-Image-26-de-abr.-de-2026-11_12_42-1-1024x576.png\" alt=\"Meias sem par viram solu\u00e7\u00e3o \u00fatil em casa\" class=\"wp-image-200034\" srcset=\"https:\/\/www.em.com.br\/emfoco\/wp-content\/uploads\/2026\/04\/ChatGPT-Image-26-de-abr.-de-2026-11_12_42-1-1024x576.png 1024w, https:\/\/www.em.com.br\/emfoco\/wp-content\/uploads\/2026\/04\/ChatGPT-Image-26-de-abr.-de-2026-11_12_42-1-300x169.png 300w, https:\/\/www.em.com.br\/emfoco\/wp-content\/uploads\/2026\/04\/ChatGPT-Image-26-de-abr.-de-2026-11_12_42-1-768x432.png 768w, https:\/\/www.em.com.br\/emfoco\/wp-content\/uploads\/2026\/04\/ChatGPT-Image-26-de-abr.-de-2026-11_12_42-1-750x422.png 750w, https:\/\/www.em.com.br\/emfoco\/wp-content\/uploads\/2026\/04\/ChatGPT-Image-26-de-abr.-de-2026-11_12_42-1-1140x642.png 1140w, https:\/\/www.em.com.br\/emfoco\/wp-content\/uploads\/2026\/04\/ChatGPT-Image-26-de-abr.-de-2026-11_12_42-1.png 1279w\" sizes=\"auto, (max-width: 1024px) 100vw, 1024px\" \/><figcaption class=\"wp-element-caption\">Meias sem par viram solu\u00e7\u00e3o \u00fatil em casa<\/figcaption><\/figure>\n\n\n\n<h2 class=\"wp-block-heading\">Como reutilizar meias velhas na limpeza e na organiza\u00e7\u00e3o<\/h2>\n\n\n\n<p>Uma das formas mais comuns de\u00a0<strong>reaproveitar meias velhas<\/strong>\u00a0\u00e9 na<a href=\"https:\/\/br.pinterest.com\/ideas\/limpeza-da-casa\/905827374542\/\" target=\"_blank\" rel=\"noreferrer noopener\"> limpeza dom\u00e9stica<\/a>, usando-as como luvas improvisadas em m\u00f3veis, prateleiras ou telas. Em superf\u00edcies sens\u00edveis, como monitores e televisores, o tecido macio ajuda a retirar o p\u00f3 sem arranhar, principalmente quando levemente umedecido.<\/p>\n\n\n\n<p>Na organiza\u00e7\u00e3o, \u00e9 poss\u00edvel usar meias compridas para agrupar fios, proteger objetos delicados e at\u00e9 evitar riscos no piso, aproveitando ao m\u00e1ximo cada pe\u00e7a que iria para o lixo. Veja algumas ideias pr\u00e1ticas para inserir essa reutiliza\u00e7\u00e3o no dia a dia:<\/p>\n\n\n\n<ul class=\"wp-block-list\">\n<li><strong>Panos de p\u00f3:<\/strong>\u00a0ideais para estantes, rodap\u00e9s e objetos decorativos.<\/li>\n\n\n\n<li><strong>Capa protetora:<\/strong>\u00a0colocadas em p\u00e9s de cadeiras ou mesas, evitam riscos no piso.<\/li>\n\n\n\n<li><strong>Prote\u00e7\u00e3o para objetos:<\/strong>\u00a0meias grossas envolvem garrafas, copos ou c\u00e2meras em viagens.<\/li>\n\n\n\n<li><strong>Organizador de cabos:<\/strong>\u00a0cabos reunidos dentro de uma meia, com um n\u00f3 na ponta, ficam protegidos.<\/li>\n<\/ul>\n\n\n\n<h2 class=\"wp-block-heading\">Ideias criativas para transformar meias sem par<\/h2>\n\n\n\n<p>Quem deseja ir al\u00e9m da limpeza encontra diferentes usos criativos para&nbsp;<strong>meias sem par<\/strong>, como aromatizadores caseiros. A meia funciona como um pequeno saco, preenchido com arroz ou outro gr\u00e3o seco e algumas gotas de ess\u00eancia, que pode ser colocado em gavetas, arm\u00e1rios ou no carro.<\/p>\n\n\n\n<p>Outra possibilidade \u00e9 transformar meias em brinquedos simples para animais dom\u00e9sticos, enchimentos de almofadas pequenas, apoios de punho para teclado ou pesos de porta. Basta ajustar o tipo de tecido, o conte\u00fado interno e a densidade desejada para criar pe\u00e7as \u00fateis e personalizadas.<\/p>\n\n\n\n<figure class=\"wp-block-image size-large\"><img loading=\"lazy\" decoding=\"async\" width=\"1024\" height=\"576\" src=\"https:\/\/www.em.com.br\/emfoco\/wp-content\/uploads\/2026\/04\/Gemini_Generated_Image_iur555iur555iur5-1-1024x576.png\" alt=\"Meias sem par viram solu\u00e7\u00e3o \u00fatil em casa\" class=\"wp-image-200035\" srcset=\"https:\/\/www.em.com.br\/emfoco\/wp-content\/uploads\/2026\/04\/Gemini_Generated_Image_iur555iur555iur5-1-1024x576.png 1024w, https:\/\/www.em.com.br\/emfoco\/wp-content\/uploads\/2026\/04\/Gemini_Generated_Image_iur555iur555iur5-1-300x169.png 300w, https:\/\/www.em.com.br\/emfoco\/wp-content\/uploads\/2026\/04\/Gemini_Generated_Image_iur555iur555iur5-1-768x432.png 768w, https:\/\/www.em.com.br\/emfoco\/wp-content\/uploads\/2026\/04\/Gemini_Generated_Image_iur555iur555iur5-1-750x422.png 750w, https:\/\/www.em.com.br\/emfoco\/wp-content\/uploads\/2026\/04\/Gemini_Generated_Image_iur555iur555iur5-1-1140x641.png 1140w, https:\/\/www.em.com.br\/emfoco\/wp-content\/uploads\/2026\/04\/Gemini_Generated_Image_iur555iur555iur5-1.png 1280w\" sizes=\"auto, (max-width: 1024px) 100vw, 1024px\" \/><figcaption class=\"wp-element-caption\">Meias sem par viram solu\u00e7\u00e3o \u00fatil em casa<\/figcaption><\/figure>\n\n\n\n<h2 class=\"wp-block-heading\">Por que reutilizar meias contribui para a sustentabilidade<\/h2>\n\n\n\n<p>O ato de&nbsp;<strong>reaproveitar meias<\/strong>&nbsp;est\u00e1 diretamente ligado \u00e0 redu\u00e7\u00e3o de res\u00edduos t\u00eaxteis, um problema crescente em v\u00e1rios pa\u00edses. Cada par que deixa de ser descartado diminui a demanda por novos produtos e o consumo de recursos naturais envolvidos na produ\u00e7\u00e3o, como \u00e1gua, energia e mat\u00e9rias-primas.<\/p>\n\n\n\n<p>Al\u00e9m do impacto ambiental positivo, a reutiliza\u00e7\u00e3o gera economia real, j\u00e1 que panos de limpeza, aromatizadores, organizadores e enchimentos deixam de ser comprados com tanta frequ\u00eancia. Com pequenos ajustes na rotina dom\u00e9stica, uma pe\u00e7a antes considerada inutiliz\u00e1vel passa a ter m\u00faltiplas fun\u00e7\u00f5es.<\/p>\n\n\n\n<h2 class=\"wp-block-heading\">Conclus\u00e3o sobre o reaproveitamento de meias e chamada para a\u00e7\u00e3o<\/h2>\n\n\n\n<p>Reutilizar meias \u00e9 uma atitude simples, acess\u00edvel e poderosa para reduzir o lixo e controlar melhor os gastos da casa. Cada meia reaproveitada mostra, na pr\u00e1tica, que \u00e9 poss\u00edvel consumir com mais consci\u00eancia sem abrir m\u00e3o de conforto e praticidade.<\/p>\n\n\n\n<p>Comece hoje: separe agora mesmo suas meias sem par, crie uma caixa exclusiva para elas e defina ao menos um novo uso ainda esta semana. Quanto mais r\u00e1pido voc\u00ea agir, menor ser\u00e1 o desperd\u00edcio e maior o impacto positivo que sua casa ter\u00e1 no meio ambiente e no seu bolso.<\/p>\n","protected":false},"excerpt":{"rendered":"<p>Meias sem par costumam se acumular nas gavetas e, muitas vezes, acabam indo direto para o lixo, gerando desperd\u00edcio de dinheiro e aumentando o volume de res\u00edduos t\u00eaxteis. Em vez de descartar pe\u00e7as de algod\u00e3o, l\u00e3 ou microfibra que ainda est\u00e3o em bom estado, \u00e9 poss\u00edvel dar a elas uma nova fun\u00e7\u00e3o na rotina, substituindo [&hellip;]<\/p>\n","protected":false},"author":11,"featured_media":200591,"comment_status":"open","ping_status":"open","sticky":false,"template":"","format":"standard","meta":{"jnews-multi-image_gallery":[],"jnews_single_post":{"format":"standard"},"jnews_primary_category":[],"jnews_social_meta":[],"jnews_override_counter":[],"footnotes":""},"categories":[8819,1],"tags":[5115,12880,28793,28792,1920],"class_list":["post-200031","post","type-post","status-publish","format-standard","has-post-thumbnail","hentry","category-curiosidades","category-noticias","tag-diy","tag-meias","tag-meias-velhas","tag-reduzir-lixo","tag-tendencia"],"yoast_head":"<!-- This site is optimized with the Yoast SEO plugin v23.8 - https:\/\/yoast.com\/wordpress\/plugins\/seo\/ -->\n<title>Se voc\u00ea tem meias sem par, aqui vai uma ideia para evitar jog\u00e1-las fora e reutiliz\u00e1-las em casa - Estado de Minas - Em foco<\/title>\n<meta name=\"description\" content=\"Meias sem par podem virar panos, organizadores e muito mais. Veja ideias simples para economizar e reduzir lixo.\" \/>\n<meta name=\"robots\" content=\"index, follow, max-snippet:-1, max-image-preview:large, max-video-preview:-1\" \/>\n<link rel=\"canonical\" href=\"https:\/\/www.em.com.br\/emfoco\/2026\/04\/28\/se-voce-tem-meias-sem-par-aqui-vai-uma-ideia-para-evitar-joga-las-fora-e-reutiliza-las-em-casa\/\" \/>\n<meta property=\"og:locale\" content=\"pt_BR\" \/>\n<meta property=\"og:type\" content=\"article\" \/>\n<meta property=\"og:title\" content=\"Se voc\u00ea tem meias sem par, aqui vai uma ideia para evitar jog\u00e1-las fora e reutiliz\u00e1-las em casa - Estado de Minas - Em foco\" \/>\n<meta property=\"og:description\" content=\"Meias sem par podem virar panos, organizadores e muito mais. Veja ideias simples para economizar e reduzir lixo.\" \/>\n<meta property=\"og:url\" content=\"https:\/\/www.em.com.br\/emfoco\/2026\/04\/28\/se-voce-tem-meias-sem-par-aqui-vai-uma-ideia-para-evitar-joga-las-fora-e-reutiliza-las-em-casa\/\" \/>\n<meta property=\"og:site_name\" content=\"Estado de Minas - Em foco\" \/>\n<meta property=\"article:published_time\" content=\"2026-04-28T11:55:00+00:00\" \/>\n<meta property=\"article:modified_time\" content=\"2026-04-27T18:30:07+00:00\" \/>\n<meta property=\"og:image\" content=\"https:\/\/www.em.com.br\/emfoco\/wp-content\/uploads\/2026\/04\/EmFoco_24-7.jpg\" \/>\n\t<meta property=\"og:image:width\" content=\"1280\" \/>\n\t<meta property=\"og:image:height\" content=\"720\" \/>\n\t<meta property=\"og:image:type\" content=\"image\/jpeg\" \/>\n<meta name=\"author\" content=\"Andre\u0301 Rangel\u00a0\" \/>\n<meta name=\"twitter:card\" content=\"summary_large_image\" \/>\n<meta name=\"twitter:label1\" content=\"Escrito por\" \/>\n\t<meta name=\"twitter:data1\" content=\"Andre\u0301 Rangel\u00a0\" \/>\n\t<meta name=\"twitter:label2\" content=\"Est. tempo de leitura\" \/>\n\t<meta name=\"twitter:data2\" content=\"4 minutos\" \/>\n<!-- \/ Yoast SEO plugin. -->","yoast_head_json":{"title":"Se voc\u00ea tem meias sem par, aqui vai uma ideia para evitar jog\u00e1-las fora e reutiliz\u00e1-las em casa - Estado de Minas - Em foco","description":"Meias sem par podem virar panos, organizadores e muito mais. Veja ideias simples para economizar e reduzir lixo.","robots":{"index":"index","follow":"follow","max-snippet":"max-snippet:-1","max-image-preview":"max-image-preview:large","max-video-preview":"max-video-preview:-1"},"canonical":"https:\/\/www.em.com.br\/emfoco\/2026\/04\/28\/se-voce-tem-meias-sem-par-aqui-vai-uma-ideia-para-evitar-joga-las-fora-e-reutiliza-las-em-casa\/","og_locale":"pt_BR","og_type":"article","og_title":"Se voc\u00ea tem meias sem par, aqui vai uma ideia para evitar jog\u00e1-las fora e reutiliz\u00e1-las em casa - Estado de Minas - Em foco","og_description":"Meias sem par podem virar panos, organizadores e muito mais. Veja ideias simples para economizar e reduzir lixo.","og_url":"https:\/\/www.em.com.br\/emfoco\/2026\/04\/28\/se-voce-tem-meias-sem-par-aqui-vai-uma-ideia-para-evitar-joga-las-fora-e-reutiliza-las-em-casa\/","og_site_name":"Estado de Minas - Em foco","article_published_time":"2026-04-28T11:55:00+00:00","article_modified_time":"2026-04-27T18:30:07+00:00","og_image":[{"width":1280,"height":720,"url":"https:\/\/www.em.com.br\/emfoco\/wp-content\/uploads\/2026\/04\/EmFoco_24-7.jpg","type":"image\/jpeg"}],"author":"Andre\u0301 Rangel\u00a0","twitter_card":"summary_large_image","twitter_misc":{"Escrito por":"Andre\u0301 Rangel\u00a0","Est. tempo de leitura":"4 minutos"},"schema":{"@context":"https:\/\/schema.org","@graph":[{"@type":"WebPage","@id":"https:\/\/www.em.com.br\/emfoco\/2026\/04\/28\/se-voce-tem-meias-sem-par-aqui-vai-uma-ideia-para-evitar-joga-las-fora-e-reutiliza-las-em-casa\/","url":"https:\/\/www.em.com.br\/emfoco\/2026\/04\/28\/se-voce-tem-meias-sem-par-aqui-vai-uma-ideia-para-evitar-joga-las-fora-e-reutiliza-las-em-casa\/","name":"Se voc\u00ea tem meias sem par, aqui vai uma ideia para evitar jog\u00e1-las fora e reutiliz\u00e1-las em casa - Estado de Minas - Em foco","isPartOf":{"@id":"https:\/\/www.em.com.br\/emfoco\/#website"},"primaryImageOfPage":{"@id":"https:\/\/www.em.com.br\/emfoco\/2026\/04\/28\/se-voce-tem-meias-sem-par-aqui-vai-uma-ideia-para-evitar-joga-las-fora-e-reutiliza-las-em-casa\/#primaryimage"},"image":{"@id":"https:\/\/www.em.com.br\/emfoco\/2026\/04\/28\/se-voce-tem-meias-sem-par-aqui-vai-uma-ideia-para-evitar-joga-las-fora-e-reutiliza-las-em-casa\/#primaryimage"},"thumbnailUrl":"https:\/\/www.em.com.br\/emfoco\/wp-content\/uploads\/2026\/04\/EmFoco_24-7.jpg","datePublished":"2026-04-28T11:55:00+00:00","dateModified":"2026-04-27T18:30:07+00:00","author":{"@id":"https:\/\/www.em.com.br\/emfoco\/#\/schema\/person\/60eda09c1fedf0d6891f4cef4b60b8b8"},"description":"Meias sem par podem virar panos, organizadores e muito mais. Veja ideias simples para economizar e reduzir lixo.","breadcrumb":{"@id":"https:\/\/www.em.com.br\/emfoco\/2026\/04\/28\/se-voce-tem-meias-sem-par-aqui-vai-uma-ideia-para-evitar-joga-las-fora-e-reutiliza-las-em-casa\/#breadcrumb"},"inLanguage":"pt-BR","potentialAction":[{"@type":"ReadAction","target":["https:\/\/www.em.com.br\/emfoco\/2026\/04\/28\/se-voce-tem-meias-sem-par-aqui-vai-uma-ideia-para-evitar-joga-las-fora-e-reutiliza-las-em-casa\/"]}]},{"@type":"ImageObject","inLanguage":"pt-BR","@id":"https:\/\/www.em.com.br\/emfoco\/2026\/04\/28\/se-voce-tem-meias-sem-par-aqui-vai-uma-ideia-para-evitar-joga-las-fora-e-reutiliza-las-em-casa\/#primaryimage","url":"https:\/\/www.em.com.br\/emfoco\/wp-content\/uploads\/2026\/04\/EmFoco_24-7.jpg","contentUrl":"https:\/\/www.em.com.br\/emfoco\/wp-content\/uploads\/2026\/04\/EmFoco_24-7.jpg","width":1280,"height":720,"caption":"Transforma\u00e7\u00e3o de meias velhas em itens de limpeza e organiza\u00e7\u00e3o promove consumo sustent\u00e1vel"},{"@type":"BreadcrumbList","@id":"https:\/\/www.em.com.br\/emfoco\/2026\/04\/28\/se-voce-tem-meias-sem-par-aqui-vai-uma-ideia-para-evitar-joga-las-fora-e-reutiliza-las-em-casa\/#breadcrumb","itemListElement":[{"@type":"ListItem","position":1,"name":"In\u00edcio","item":"https:\/\/www.em.com.br\/emfoco\/"},{"@type":"ListItem","position":2,"name":"Se voc\u00ea tem meias sem par, aqui vai uma ideia para evitar jog\u00e1-las fora e reutiliz\u00e1-las em casa"}]},{"@type":"WebSite","@id":"https:\/\/www.em.com.br\/emfoco\/#website","url":"https:\/\/www.em.com.br\/emfoco\/","name":"Estado de Minas - Em foco","description":"Acompanhe as \u00faltimas not\u00edcias e fique bem informado sobre tudo o que acontece em Minas Gerais, Brasil e no mundo.","potentialAction":[{"@type":"SearchAction","target":{"@type":"EntryPoint","urlTemplate":"https:\/\/www.em.com.br\/emfoco\/?s={search_term_string}"},"query-input":{"@type":"PropertyValueSpecification","valueRequired":true,"valueName":"search_term_string"}}],"inLanguage":"pt-BR"},{"@type":"Person","@id":"https:\/\/www.em.com.br\/emfoco\/#\/schema\/person\/60eda09c1fedf0d6891f4cef4b60b8b8","name":"Andre\u0301 Rangel\u00a0","image":{"@type":"ImageObject","inLanguage":"pt-BR","@id":"https:\/\/www.em.com.br\/emfoco\/#\/schema\/person\/image\/","url":"https:\/\/secure.gravatar.com\/avatar\/6234dc814c77c8ef6d8bba622c787efc?s=96&d=mm&r=g","contentUrl":"https:\/\/secure.gravatar.com\/avatar\/6234dc814c77c8ef6d8bba622c787efc?s=96&d=mm&r=g","caption":"Andre\u0301 Rangel\u00a0"},"url":"https:\/\/www.em.com.br\/emfoco\/author\/luizmyth\/"}]}},"_links":{"self":[{"href":"https:\/\/www.em.com.br\/emfoco\/wp-json\/wp\/v2\/posts\/200031","targetHints":{"allow":["GET"]}}],"collection":[{"href":"https:\/\/www.em.com.br\/emfoco\/wp-json\/wp\/v2\/posts"}],"about":[{"href":"https:\/\/www.em.com.br\/emfoco\/wp-json\/wp\/v2\/types\/post"}],"author":[{"embeddable":true,"href":"https:\/\/www.em.com.br\/emfoco\/wp-json\/wp\/v2\/users\/11"}],"replies":[{"embeddable":true,"href":"https:\/\/www.em.com.br\/emfoco\/wp-json\/wp\/v2\/comments?post=200031"}],"version-history":[{"count":2,"href":"https:\/\/www.em.com.br\/emfoco\/wp-json\/wp\/v2\/posts\/200031\/revisions"}],"predecessor-version":[{"id":200039,"href":"https:\/\/www.em.com.br\/emfoco\/wp-json\/wp\/v2\/posts\/200031\/revisions\/200039"}],"wp:featuredmedia":[{"embeddable":true,"href":"https:\/\/www.em.com.br\/emfoco\/wp-json\/wp\/v2\/media\/200591"}],"wp:attachment":[{"href":"https:\/\/www.em.com.br\/emfoco\/wp-json\/wp\/v2\/media?parent=200031"}],"wp:term":[{"taxonomy":"category","embeddable":true,"href":"https:\/\/www.em.com.br\/emfoco\/wp-json\/wp\/v2\/categories?post=200031"},{"taxonomy":"post_tag","embeddable":true,"href":"https:\/\/www.em.com.br\/emfoco\/wp-json\/wp\/v2\/tags?post=200031"}],"curies":[{"name":"wp","href":"https:\/\/api.w.org\/{rel}","templated":true}]}}