{"id":199941,"date":"2026-04-27T07:55:00","date_gmt":"2026-04-27T10:55:00","guid":{"rendered":"https:\/\/www.em.com.br\/emfoco\/?p=199941"},"modified":"2026-04-26T06:46:12","modified_gmt":"2026-04-26T09:46:12","slug":"o-uso-errado-da-borra-de-cafe-na-adubacao-pode-prejudicar-plantas-em-vasos-dentro-de-casa","status":"publish","type":"post","link":"https:\/\/www.em.com.br\/emfoco\/2026\/04\/27\/o-uso-errado-da-borra-de-cafe-na-adubacao-pode-prejudicar-plantas-em-vasos-dentro-de-casa\/","title":{"rendered":"O uso errado da borra de caf\u00e9 na aduba\u00e7\u00e3o pode prejudicar plantas em vasos dentro de casa"},"content":{"rendered":"\n<p>A <strong>borra de caf\u00e9<\/strong> \u00e9 um dos fertilizantes caseiros mais populares, mas sua aplica\u00e7\u00e3o direta no solo pode compactar o substrato e atrair fungos. Para que os nutrientes beneficiem a planta, o res\u00edduo precisa passar por um processo de decomposi\u00e7\u00e3o adequado antes do uso.<\/p>\n\n\n\n<h2 class=\"wp-block-heading\">Por que aplicar mat\u00e9ria org\u00e2nica crua no vaso \u00e9 um erro?<\/h2>\n\n\n\n<p>O engano mais frequente \u00e9 colocar restos de alimentos diretamente na terra sem decomposi\u00e7\u00e3o pr\u00e9via. Para liberar nitrog\u00eanio e pot\u00e1ssio de forma assimil\u00e1vel, a mat\u00e9ria org\u00e2nica precisa da mineraliza\u00e7\u00e3o microbiana, processo que converte os res\u00edduos em compostos minerais sol\u00faveis.<\/p>\n\n\n\n<p>Segundo o <a href=\"https:\/\/www.gov.br\/agricultura\/pt-br\" target=\"_blank\" rel=\"noreferrer noopener\"><strong>Minist\u00e9rio da Agricultura<\/strong><\/a>, a digest\u00e3o microbiana libera macronutrientes gradualmente. Res\u00edduos crus fermentam no vaso, alteram o pH e criam um <a href=\"https:\/\/www.em.com.br\/emfoco\/2026\/04\/25\/a-planta-rica-em-magnesio-que-cresce-sozinha-e-muita-gente-arranca-sem-perceber-o-valor-real\/\" target=\"_blank\" rel=\"noreferrer noopener\">ambiente favor\u00e1vel<\/a> a insetos e fungos oportunistas, o que \u00e9 especialmente problem\u00e1tico em ambientes fechados com pouca ventila\u00e7\u00e3o.<\/p>\n\n\n<div class=\"wp-block-image\">\n<figure class=\"aligncenter size-large\"><img loading=\"lazy\" decoding=\"async\" width=\"1024\" height=\"576\" src=\"https:\/\/www.em.com.br\/emfoco\/wp-content\/uploads\/2026\/04\/adubo23-1-1024x576.jpg\" alt=\"Aten\u00e7\u00e3o pois a borra de caf\u00e9 mal utilizada pode ser um perigo para plantas em vasos\" class=\"wp-image-199952\" srcset=\"https:\/\/www.em.com.br\/emfoco\/wp-content\/uploads\/2026\/04\/adubo23-1-1024x576.jpg 1024w, https:\/\/www.em.com.br\/emfoco\/wp-content\/uploads\/2026\/04\/adubo23-1-300x169.jpg 300w, https:\/\/www.em.com.br\/emfoco\/wp-content\/uploads\/2026\/04\/adubo23-1-768x432.jpg 768w, https:\/\/www.em.com.br\/emfoco\/wp-content\/uploads\/2026\/04\/adubo23-1-750x422.jpg 750w, https:\/\/www.em.com.br\/emfoco\/wp-content\/uploads\/2026\/04\/adubo23-1-1140x641.jpg 1140w, https:\/\/www.em.com.br\/emfoco\/wp-content\/uploads\/2026\/04\/adubo23-1.jpg 1280w\" sizes=\"auto, (max-width: 1024px) 100vw, 1024px\" \/><figcaption class=\"wp-element-caption\">Aten\u00e7\u00e3o pois a borra de caf\u00e9 mal utilizada pode ser um perigo para plantas em vasos<\/figcaption><\/figure><\/div>\n\n\n<h2 class=\"wp-block-heading\">A borra de caf\u00e9 realmente acidifica o solo das plantas?<\/h2>\n\n\n\n<p>Muitos tutoriais sugerem o uso do caf\u00e9 para baixar o pH do solo, mas esse efeito \u00e9 tempor\u00e1rio e inst\u00e1vel. Assim que a decomposi\u00e7\u00e3o se completa, o pH tende a retornar ao valor inicial, invalidando a promessa de acidifica\u00e7\u00e3o duradoura para esp\u00e9cies que exigem terras mais \u00e1cidas.<\/p>\n\n\n\n<p>Experimentos publicados nos <a href=\"https:\/\/periodicos.unoesc.edu.br\/\" target=\"_blank\" rel=\"noreferrer noopener\"><strong>Peri\u00f3dicos da Unoesc<\/strong><\/a> demonstraram que, embora aumente os teores de f\u00f3sforo, o excesso de part\u00edculas finas da borra compacta o substrato. Isso reduz drasticamente a drenagem e a oxigena\u00e7\u00e3o, prejudicando o desenvolvimento saud\u00e1vel das ra\u00edzes em vasos.<\/p>\n\n\n\n<p>Confira os principais riscos da aplica\u00e7\u00e3o incorreta:<\/p>\n\n\n\n<ul class=\"wp-block-list\">\n<li><strong>Compacta\u00e7\u00e3o:<\/strong> as part\u00edculas finas bloqueiam a passagem de ar e \u00e1gua.<\/li>\n\n\n\n<li><strong>Fermenta\u00e7\u00e3o:<\/strong> gera calor e gases que podem queimar as ra\u00edzes sens\u00edveis.<\/li>\n\n\n\n<li><strong>Pragas:<\/strong> atrai moscas e fungos que se alimentam da mat\u00e9ria em decomposi\u00e7\u00e3o.<\/li>\n\n\n\n<li><strong>Saliniza\u00e7\u00e3o:<\/strong> o excesso de res\u00edduos aumenta a condutividade el\u00e9trica do solo.<\/li>\n<\/ul>\n\n\n\n<h2 class=\"wp-block-heading\">Qual \u00e9 a efic\u00e1cia real da casca de ovo e da banana?<\/h2>\n\n\n\n<p>A casca de ovo \u00e9 uma fonte leg\u00edtima de c\u00e1lcio, por\u00e9m sua libera\u00e7\u00e3o \u00e9 extremamente lenta, levando meses para ser processada pela microbiota. J\u00e1 a famosa &#8220;\u00e1gua de banana&#8221; pode desequilibrar o solo, pois o l\u00edquido fermenta r\u00e1pido e possui concentra\u00e7\u00f5es irrelevantes de pot\u00e1ssio se comparado ao adubo maturado.<\/p>\n\n\n\n<p>Pesquisas da <strong>Universidade Federal Rural da Amaz\u00f4nia (UFRA)<\/strong> confirmam que a casca de ovo triturada funciona como corretivo de acidez a longo prazo. No entanto, para resultados eficientes em hortas dom\u00e9sticas, o ideal \u00e9 que esses materiais passem por uma composteira antes de tocarem a raiz da planta.<\/p>\n\n\n<div class=\"wp-block-image\">\n<figure class=\"aligncenter size-large\"><img loading=\"lazy\" decoding=\"async\" width=\"1024\" height=\"576\" src=\"https:\/\/www.em.com.br\/emfoco\/wp-content\/uploads\/2026\/04\/adubo234-1-1024x576.jpg\" alt=\"O que acontece com suas plantas em vasos se voc\u00ea colocar borra de caf\u00e9 do jeito errado\" class=\"wp-image-199955\" srcset=\"https:\/\/www.em.com.br\/emfoco\/wp-content\/uploads\/2026\/04\/adubo234-1-1024x576.jpg 1024w, https:\/\/www.em.com.br\/emfoco\/wp-content\/uploads\/2026\/04\/adubo234-1-300x169.jpg 300w, https:\/\/www.em.com.br\/emfoco\/wp-content\/uploads\/2026\/04\/adubo234-1-768x432.jpg 768w, https:\/\/www.em.com.br\/emfoco\/wp-content\/uploads\/2026\/04\/adubo234-1-750x422.jpg 750w, https:\/\/www.em.com.br\/emfoco\/wp-content\/uploads\/2026\/04\/adubo234-1-1140x641.jpg 1140w, https:\/\/www.em.com.br\/emfoco\/wp-content\/uploads\/2026\/04\/adubo234-1.jpg 1280w\" sizes=\"auto, (max-width: 1024px) 100vw, 1024px\" \/><figcaption class=\"wp-element-caption\">O que acontece com suas plantas em vasos se voc\u00ea colocar borra de caf\u00e9 do jeito errado<\/figcaption><\/figure><\/div>\n\n\n<h2 class=\"wp-block-heading\">Como fazer a compostagem dom\u00e9stica da borra de caf\u00e9 de forma segura?<\/h2>\n\n\n\n<p>A alternativa mais eficiente para aproveitar a <strong>borra de caf\u00e9<\/strong> e outros res\u00edduos \u00e9 a compostagem em recipientes ventilados. Ao alternar camadas \u00famidas e secas, voc\u00ea garante uma aera\u00e7\u00e3o que evita odores desagrad\u00e1veis e acelera a transforma\u00e7\u00e3o do lixo org\u00e2nico em adubo de alta qualidade.<\/p>\n\n\n\n<p>O composto maduro deve ser escuro e ter cheiro de terra \u00famida. Quando incorporado ao substrato em camadas pequenas, ele fornece magn\u00e9sio, enxofre e micronutrientes como zinco e boro de forma gradual, protegendo a planta contra o estresse h\u00eddrico e nutricional.<\/p>\n\n\n\n<p>Veja as diretrizes de manuten\u00e7\u00e3o na tabela abaixo:<\/p>\n\n\n<div class=\"wp-block-image\">\n<figure class=\"aligncenter size-large is-resized\"><img loading=\"lazy\" decoding=\"async\" width=\"1024\" height=\"545\" src=\"https:\/\/www.em.com.br\/emfoco\/wp-content\/uploads\/2026\/04\/image-201-1024x545.png\" alt=\"\" class=\"wp-image-199963\" style=\"width:764px;height:auto\" srcset=\"https:\/\/www.em.com.br\/emfoco\/wp-content\/uploads\/2026\/04\/image-201-1024x545.png 1024w, https:\/\/www.em.com.br\/emfoco\/wp-content\/uploads\/2026\/04\/image-201-300x160.png 300w, https:\/\/www.em.com.br\/emfoco\/wp-content\/uploads\/2026\/04\/image-201-768x409.png 768w, https:\/\/www.em.com.br\/emfoco\/wp-content\/uploads\/2026\/04\/image-201-750x399.png 750w, https:\/\/www.em.com.br\/emfoco\/wp-content\/uploads\/2026\/04\/image-201-1140x607.png 1140w, https:\/\/www.em.com.br\/emfoco\/wp-content\/uploads\/2026\/04\/image-201.png 1280w\" sizes=\"auto, (max-width: 1024px) 100vw, 1024px\" \/><\/figure><\/div>\n\n\n<h2 class=\"wp-block-heading\">Vale a pena usar adubos caseiros em vasos internos?<\/h2>\n\n\n\n<p>Aproveitar res\u00edduos \u00e9 uma pr\u00e1tica sustent\u00e1vel, mas exige conhecimento t\u00e9cnico b\u00e1sico para n\u00e3o perder suas plantas favoritas. O uso da <strong>borra de caf\u00e9<\/strong> e outros materiais org\u00e2nicos deve ser feito com modera\u00e7\u00e3o e sempre priorizando a sa\u00fade do ecossistema contido no vaso.<\/p>\n\n\n\n<p>Em resumo, o segredo da aduba\u00e7\u00e3o dom\u00e9stica est\u00e1 no equil\u00edbrio e no respeito ao tempo da natureza. Transformar sobras de cozinha em nutrientes exige paci\u00eancia; ao seguir o caminho da compostagem, voc\u00ea garante um jardim interno exuberante, livre de pragas e verdadeiramente nutrido.<\/p>\n","protected":false},"excerpt":{"rendered":"<p>A borra de caf\u00e9 \u00e9 um dos fertilizantes caseiros mais populares, mas sua aplica\u00e7\u00e3o direta no solo pode compactar o substrato e atrair fungos. Para que os nutrientes beneficiem a planta, o res\u00edduo precisa passar por um processo de decomposi\u00e7\u00e3o adequado antes do uso. Por que aplicar mat\u00e9ria org\u00e2nica crua no vaso \u00e9 um erro? [&hellip;]<\/p>\n","protected":false},"author":30,"featured_media":199946,"comment_status":"open","ping_status":"open","sticky":false,"template":"","format":"standard","meta":{"jnews-multi-image_gallery":[],"jnews_single_post":{"format":"standard"},"jnews_primary_category":[],"jnews_social_meta":[],"jnews_override_counter":[],"footnotes":""},"categories":[8691],"tags":[26837,2911,3792,3324],"class_list":["post-199941","post","type-post","status-publish","format-standard","has-post-thumbnail","hentry","category-bem-estar","tag-adubacao","tag-casa","tag-horta","tag-plantas"],"yoast_head":"<!-- This site is optimized with the Yoast SEO plugin v23.8 - https:\/\/yoast.com\/wordpress\/plugins\/seo\/ -->\n<title>O uso errado da borra de caf\u00e9 na aduba\u00e7\u00e3o pode prejudicar plantas em vasos dentro de casa - Estado de Minas - Em foco<\/title>\n<meta name=\"description\" content=\"Entenda o uso errado da borra de caf\u00e9 que pode prejudicar plantas em vasos. Veja como aplicar corretamente para evitar fungos.\" \/>\n<meta name=\"robots\" content=\"index, follow, max-snippet:-1, max-image-preview:large, max-video-preview:-1\" \/>\n<link rel=\"canonical\" href=\"https:\/\/www.em.com.br\/emfoco\/2026\/04\/27\/o-uso-errado-da-borra-de-cafe-na-adubacao-pode-prejudicar-plantas-em-vasos-dentro-de-casa\/\" \/>\n<meta property=\"og:locale\" content=\"pt_BR\" \/>\n<meta property=\"og:type\" content=\"article\" \/>\n<meta property=\"og:title\" content=\"O uso errado da borra de caf\u00e9 na aduba\u00e7\u00e3o pode prejudicar plantas em vasos dentro de casa - Estado de Minas - Em foco\" \/>\n<meta property=\"og:description\" content=\"Entenda o uso errado da borra de caf\u00e9 que pode prejudicar plantas em vasos. Veja como aplicar corretamente para evitar fungos.\" \/>\n<meta property=\"og:url\" content=\"https:\/\/www.em.com.br\/emfoco\/2026\/04\/27\/o-uso-errado-da-borra-de-cafe-na-adubacao-pode-prejudicar-plantas-em-vasos-dentro-de-casa\/\" \/>\n<meta property=\"og:site_name\" content=\"Estado de Minas - Em foco\" \/>\n<meta property=\"article:published_time\" content=\"2026-04-27T10:55:00+00:00\" \/>\n<meta property=\"article:modified_time\" content=\"2026-04-26T09:46:12+00:00\" \/>\n<meta property=\"og:image\" content=\"https:\/\/www.em.com.br\/emfoco\/wp-content\/uploads\/2026\/04\/adubo1.jpg\" \/>\n\t<meta property=\"og:image:width\" content=\"1280\" \/>\n\t<meta property=\"og:image:height\" content=\"720\" \/>\n\t<meta property=\"og:image:type\" content=\"image\/jpeg\" \/>\n<meta name=\"author\" content=\"Guilherme Ara\u00fajo\" \/>\n<meta name=\"twitter:card\" content=\"summary_large_image\" \/>\n<meta name=\"twitter:label1\" content=\"Escrito por\" \/>\n\t<meta name=\"twitter:data1\" content=\"Guilherme Ara\u00fajo\" \/>\n\t<meta name=\"twitter:label2\" content=\"Est. tempo de leitura\" \/>\n\t<meta name=\"twitter:data2\" content=\"5 minutos\" \/>\n<!-- \/ Yoast SEO plugin. -->","yoast_head_json":{"title":"O uso errado da borra de caf\u00e9 na aduba\u00e7\u00e3o pode prejudicar plantas em vasos dentro de casa - Estado de Minas - Em foco","description":"Entenda o uso errado da borra de caf\u00e9 que pode prejudicar plantas em vasos. Veja como aplicar corretamente para evitar fungos.","robots":{"index":"index","follow":"follow","max-snippet":"max-snippet:-1","max-image-preview":"max-image-preview:large","max-video-preview":"max-video-preview:-1"},"canonical":"https:\/\/www.em.com.br\/emfoco\/2026\/04\/27\/o-uso-errado-da-borra-de-cafe-na-adubacao-pode-prejudicar-plantas-em-vasos-dentro-de-casa\/","og_locale":"pt_BR","og_type":"article","og_title":"O uso errado da borra de caf\u00e9 na aduba\u00e7\u00e3o pode prejudicar plantas em vasos dentro de casa - Estado de Minas - Em foco","og_description":"Entenda o uso errado da borra de caf\u00e9 que pode prejudicar plantas em vasos. Veja como aplicar corretamente para evitar fungos.","og_url":"https:\/\/www.em.com.br\/emfoco\/2026\/04\/27\/o-uso-errado-da-borra-de-cafe-na-adubacao-pode-prejudicar-plantas-em-vasos-dentro-de-casa\/","og_site_name":"Estado de Minas - Em foco","article_published_time":"2026-04-27T10:55:00+00:00","article_modified_time":"2026-04-26T09:46:12+00:00","og_image":[{"width":1280,"height":720,"url":"https:\/\/www.em.com.br\/emfoco\/wp-content\/uploads\/2026\/04\/adubo1.jpg","type":"image\/jpeg"}],"author":"Guilherme Ara\u00fajo","twitter_card":"summary_large_image","twitter_misc":{"Escrito por":"Guilherme Ara\u00fajo","Est. tempo de leitura":"5 minutos"},"schema":{"@context":"https:\/\/schema.org","@graph":[{"@type":"WebPage","@id":"https:\/\/www.em.com.br\/emfoco\/2026\/04\/27\/o-uso-errado-da-borra-de-cafe-na-adubacao-pode-prejudicar-plantas-em-vasos-dentro-de-casa\/","url":"https:\/\/www.em.com.br\/emfoco\/2026\/04\/27\/o-uso-errado-da-borra-de-cafe-na-adubacao-pode-prejudicar-plantas-em-vasos-dentro-de-casa\/","name":"O uso errado da borra de caf\u00e9 na aduba\u00e7\u00e3o pode prejudicar plantas em vasos dentro de casa - Estado de Minas - Em foco","isPartOf":{"@id":"https:\/\/www.em.com.br\/emfoco\/#website"},"primaryImageOfPage":{"@id":"https:\/\/www.em.com.br\/emfoco\/2026\/04\/27\/o-uso-errado-da-borra-de-cafe-na-adubacao-pode-prejudicar-plantas-em-vasos-dentro-de-casa\/#primaryimage"},"image":{"@id":"https:\/\/www.em.com.br\/emfoco\/2026\/04\/27\/o-uso-errado-da-borra-de-cafe-na-adubacao-pode-prejudicar-plantas-em-vasos-dentro-de-casa\/#primaryimage"},"thumbnailUrl":"https:\/\/www.em.com.br\/emfoco\/wp-content\/uploads\/2026\/04\/adubo1.jpg","datePublished":"2026-04-27T10:55:00+00:00","dateModified":"2026-04-26T09:46:12+00:00","author":{"@id":"https:\/\/www.em.com.br\/emfoco\/#\/schema\/person\/5379e929a4b966c775d121e23f9bb421"},"description":"Entenda o uso errado da borra de caf\u00e9 que pode prejudicar plantas em vasos. Veja como aplicar corretamente para evitar fungos.","breadcrumb":{"@id":"https:\/\/www.em.com.br\/emfoco\/2026\/04\/27\/o-uso-errado-da-borra-de-cafe-na-adubacao-pode-prejudicar-plantas-em-vasos-dentro-de-casa\/#breadcrumb"},"inLanguage":"pt-BR","potentialAction":[{"@type":"ReadAction","target":["https:\/\/www.em.com.br\/emfoco\/2026\/04\/27\/o-uso-errado-da-borra-de-cafe-na-adubacao-pode-prejudicar-plantas-em-vasos-dentro-de-casa\/"]}]},{"@type":"ImageObject","inLanguage":"pt-BR","@id":"https:\/\/www.em.com.br\/emfoco\/2026\/04\/27\/o-uso-errado-da-borra-de-cafe-na-adubacao-pode-prejudicar-plantas-em-vasos-dentro-de-casa\/#primaryimage","url":"https:\/\/www.em.com.br\/emfoco\/wp-content\/uploads\/2026\/04\/adubo1.jpg","contentUrl":"https:\/\/www.em.com.br\/emfoco\/wp-content\/uploads\/2026\/04\/adubo1.jpg","width":1280,"height":720,"caption":"O erro comum com borra de caf\u00e9 que est\u00e1 impedindo suas plantas de crescerem em casa"},{"@type":"BreadcrumbList","@id":"https:\/\/www.em.com.br\/emfoco\/2026\/04\/27\/o-uso-errado-da-borra-de-cafe-na-adubacao-pode-prejudicar-plantas-em-vasos-dentro-de-casa\/#breadcrumb","itemListElement":[{"@type":"ListItem","position":1,"name":"In\u00edcio","item":"https:\/\/www.em.com.br\/emfoco\/"},{"@type":"ListItem","position":2,"name":"O uso errado da borra de caf\u00e9 na aduba\u00e7\u00e3o pode prejudicar plantas em vasos dentro de casa"}]},{"@type":"WebSite","@id":"https:\/\/www.em.com.br\/emfoco\/#website","url":"https:\/\/www.em.com.br\/emfoco\/","name":"Estado de Minas - Em foco","description":"Acompanhe as \u00faltimas not\u00edcias e fique bem informado sobre tudo o que acontece em Minas Gerais, Brasil e no mundo.","potentialAction":[{"@type":"SearchAction","target":{"@type":"EntryPoint","urlTemplate":"https:\/\/www.em.com.br\/emfoco\/?s={search_term_string}"},"query-input":{"@type":"PropertyValueSpecification","valueRequired":true,"valueName":"search_term_string"}}],"inLanguage":"pt-BR"},{"@type":"Person","@id":"https:\/\/www.em.com.br\/emfoco\/#\/schema\/person\/5379e929a4b966c775d121e23f9bb421","name":"Guilherme Ara\u00fajo","image":{"@type":"ImageObject","inLanguage":"pt-BR","@id":"https:\/\/www.em.com.br\/emfoco\/#\/schema\/person\/image\/","url":"https:\/\/secure.gravatar.com\/avatar\/b8bf1fd0130e170bd8f5d7298dbafa25?s=96&d=mm&r=g","contentUrl":"https:\/\/secure.gravatar.com\/avatar\/b8bf1fd0130e170bd8f5d7298dbafa25?s=96&d=mm&r=g","caption":"Guilherme Ara\u00fajo"},"sameAs":["https:\/\/www.em.com.br\/emfoco"],"url":"https:\/\/www.em.com.br\/emfoco\/author\/guilhermeamyth\/"}]}},"_links":{"self":[{"href":"https:\/\/www.em.com.br\/emfoco\/wp-json\/wp\/v2\/posts\/199941","targetHints":{"allow":["GET"]}}],"collection":[{"href":"https:\/\/www.em.com.br\/emfoco\/wp-json\/wp\/v2\/posts"}],"about":[{"href":"https:\/\/www.em.com.br\/emfoco\/wp-json\/wp\/v2\/types\/post"}],"author":[{"embeddable":true,"href":"https:\/\/www.em.com.br\/emfoco\/wp-json\/wp\/v2\/users\/30"}],"replies":[{"embeddable":true,"href":"https:\/\/www.em.com.br\/emfoco\/wp-json\/wp\/v2\/comments?post=199941"}],"version-history":[{"count":5,"href":"https:\/\/www.em.com.br\/emfoco\/wp-json\/wp\/v2\/posts\/199941\/revisions"}],"predecessor-version":[{"id":199966,"href":"https:\/\/www.em.com.br\/emfoco\/wp-json\/wp\/v2\/posts\/199941\/revisions\/199966"}],"wp:featuredmedia":[{"embeddable":true,"href":"https:\/\/www.em.com.br\/emfoco\/wp-json\/wp\/v2\/media\/199946"}],"wp:attachment":[{"href":"https:\/\/www.em.com.br\/emfoco\/wp-json\/wp\/v2\/media?parent=199941"}],"wp:term":[{"taxonomy":"category","embeddable":true,"href":"https:\/\/www.em.com.br\/emfoco\/wp-json\/wp\/v2\/categories?post=199941"},{"taxonomy":"post_tag","embeddable":true,"href":"https:\/\/www.em.com.br\/emfoco\/wp-json\/wp\/v2\/tags?post=199941"}],"curies":[{"name":"wp","href":"https:\/\/api.w.org\/{rel}","templated":true}]}}