{"id":199917,"date":"2026-04-27T16:05:00","date_gmt":"2026-04-27T19:05:00","guid":{"rendered":"https:\/\/www.em.com.br\/emfoco\/?p=199917"},"modified":"2026-04-26T07:13:25","modified_gmt":"2026-04-26T10:13:25","slug":"o-motivo-de-borrifar-vinagre-nas-cortinas-ter-virado-uma-dica-popular-de-limpeza","status":"publish","type":"post","link":"https:\/\/www.em.com.br\/emfoco\/2026\/04\/27\/o-motivo-de-borrifar-vinagre-nas-cortinas-ter-virado-uma-dica-popular-de-limpeza\/","title":{"rendered":"O motivo de borrifar vinagre nas cortinas ter virado uma dica popular de limpeza"},"content":{"rendered":"\n<p><strong>Borrifar vinagre nas cortinas<\/strong> tornou-se uma pr\u00e1tica comum para quem busca eliminar odores e micro-organismos sem recorrer a produtos qu\u00edmicos agressivos. A ci\u00eancia confirma que o \u00e1cido ac\u00e9tico possui propriedades antimicrobianas potentes, desde que utilizado na concentra\u00e7\u00e3o correta.<\/p>\n\n\n\n<h2 class=\"wp-block-heading\">O que o \u00e1cido ac\u00e9tico realmente faz nas fibras do tecido?<\/h2>\n\n\n\n<p>O <a href=\"https:\/\/www.em.com.br\/emfoco\/2026\/04\/25\/faca-uma-pasta-de-polimento-com-vinagre-para-limpar-metais-e-devolver-o-brilho\/\" target=\"_blank\" rel=\"noreferrer noopener\">vinagre dom\u00e9stico<\/a> cont\u00e9m uma concentra\u00e7\u00e3o de \u00e1cido ac\u00e9tico entre 4% e 6%, subst\u00e2ncia capaz de desintegrar a estrutura de diversos pat\u00f3genos. Essa acidez natural ataca a membrana celular de fungos e bact\u00e9rias, impedindo sua prolifera\u00e7\u00e3o em superf\u00edcies t\u00eaxteis que acumulam poeira.<\/p>\n\n\n\n<p>Um estudo publicado no <a href=\"https:\/\/pmc.ncbi.nlm.nih.gov\/articles\/PMC7447605\/\" target=\"_blank\" rel=\"noreferrer noopener\"><strong>PubMed Central (PMC)<\/strong><\/a> demonstrou que o vinagre puro elimina completamente fungos como o <em>Aspergillus brasiliensis<\/em>. A efic\u00e1cia \u00e9 compar\u00e1vel a desinfetantes comerciais, sendo uma alternativa sustent\u00e1vel para manter a higiene respirat\u00f3ria dentro de casa.<\/p>\n\n\n<div class=\"wp-block-image\">\n<figure class=\"aligncenter size-large\"><img loading=\"lazy\" decoding=\"async\" width=\"1024\" height=\"576\" src=\"https:\/\/www.em.com.br\/emfoco\/wp-content\/uploads\/2026\/04\/cortina2-1-1024x576.jpg\" alt=\"Mantenha suas cortinas sempre frescas com este truque simples de borrifar vinagre\" class=\"wp-image-199930\" srcset=\"https:\/\/www.em.com.br\/emfoco\/wp-content\/uploads\/2026\/04\/cortina2-1-1024x576.jpg 1024w, https:\/\/www.em.com.br\/emfoco\/wp-content\/uploads\/2026\/04\/cortina2-1-300x169.jpg 300w, https:\/\/www.em.com.br\/emfoco\/wp-content\/uploads\/2026\/04\/cortina2-1-768x432.jpg 768w, https:\/\/www.em.com.br\/emfoco\/wp-content\/uploads\/2026\/04\/cortina2-1-750x422.jpg 750w, https:\/\/www.em.com.br\/emfoco\/wp-content\/uploads\/2026\/04\/cortina2-1-1140x641.jpg 1140w, https:\/\/www.em.com.br\/emfoco\/wp-content\/uploads\/2026\/04\/cortina2-1.jpg 1280w\" sizes=\"auto, (max-width: 1024px) 100vw, 1024px\" \/><figcaption class=\"wp-element-caption\">Mantenha suas cortinas sempre frescas com este truque simples de borrifar vinagre<\/figcaption><\/figure><\/div>\n\n\n<h2 class=\"wp-block-heading\">Por que a dilui\u00e7\u00e3o excessiva pode anular o efeito da limpeza?<\/h2>\n\n\n\n<p>Um erro frequente ao <strong>borrifar vinagre nas cortinas<\/strong> \u00e9 diluir o produto em muita \u00e1gua, o que reduz a concentra\u00e7\u00e3o de \u00e1cido ac\u00e9tico abaixo do limiar bactericida. Para que o efeito desinfetante ocorra, o vinagre deve ser aplicado puro ou em misturas com pouca \u00e1gua.<\/p>\n\n\n\n<p>Quando a solu\u00e7\u00e3o \u00e9 muito dilu\u00edda, ela deixa de ser um agente esterilizante e passa a funcionar apenas como um desodorizante superficial. Para atingir a m\u00e1xima efic\u00e1cia contra bact\u00e9rias resistentes, como o <em>S. aureus<\/em>, a ci\u00eancia recomenda manter a acidez elevada durante o tempo de contato com o tecido.<\/p>\n\n\n\n<p>Confira as fun\u00e7\u00f5es do vinagre conforme a aplica\u00e7\u00e3o:<\/p>\n\n\n\n<ul class=\"wp-block-list\">\n<li><strong>Neutraliza\u00e7\u00e3o de odores:<\/strong> quebra mol\u00e9culas de mofo e fuma\u00e7a impregnadas.<\/li>\n\n\n\n<li><strong>Amaciamento:<\/strong> dissolve res\u00edduos de sab\u00e3o que endurecem as fibras.<\/li>\n\n\n\n<li><strong>A\u00e7\u00e3o antif\u00fangica:<\/strong> elimina esporos de fungos se usado sem dilui\u00e7\u00e3o.<\/li>\n\n\n\n<li><strong>Brilho:<\/strong> remove dep\u00f3sitos alcalinos que deixam o tecido opaco.<\/li>\n<\/ul>\n\n\n\n<h2 class=\"wp-block-heading\">Para que serve o vinagre nas cortinas al\u00e9m da desinfec\u00e7\u00e3o?<\/h2>\n\n\n\n<p>Al\u00e9m de combater germes, o vinagre branco \u00e9 um excelente amaciante natural de fibras. Ele neutraliza os res\u00edduos alcalinos deixados pelos detergentes de lavanderia, o que devolve a maciez original \u00e0s cortinas de tecido grosso sem a necessidade de produtos sint\u00e9ticos que podem causar alergias.<\/p>\n\n\n\n<p>Essa neutraliza\u00e7\u00e3o qu\u00edmica tamb\u00e9m impede que o tecido acumule eletricidade est\u00e1tica, reduzindo a atra\u00e7\u00e3o de part\u00edculas de poeira. O resultado \u00e9 uma pe\u00e7a que permanece limpa por mais tempo, facilitando a manuten\u00e7\u00e3o de ambientes internos com pouca ventila\u00e7\u00e3o ou luz solar reduzida.<\/p>\n\n\n<div class=\"wp-block-image\">\n<figure class=\"aligncenter size-large\"><img loading=\"lazy\" decoding=\"async\" width=\"1024\" height=\"576\" src=\"https:\/\/www.em.com.br\/emfoco\/wp-content\/uploads\/2026\/04\/cortina-desintfera-1-1024x576.jpg\" alt=\"O que acontece se voc\u00ea borrifar vinagre nas cortinas da sua sala hoje mesmo\" class=\"wp-image-199932\" srcset=\"https:\/\/www.em.com.br\/emfoco\/wp-content\/uploads\/2026\/04\/cortina-desintfera-1-1024x576.jpg 1024w, https:\/\/www.em.com.br\/emfoco\/wp-content\/uploads\/2026\/04\/cortina-desintfera-1-300x169.jpg 300w, https:\/\/www.em.com.br\/emfoco\/wp-content\/uploads\/2026\/04\/cortina-desintfera-1-768x432.jpg 768w, https:\/\/www.em.com.br\/emfoco\/wp-content\/uploads\/2026\/04\/cortina-desintfera-1-750x422.jpg 750w, https:\/\/www.em.com.br\/emfoco\/wp-content\/uploads\/2026\/04\/cortina-desintfera-1-1140x641.jpg 1140w, https:\/\/www.em.com.br\/emfoco\/wp-content\/uploads\/2026\/04\/cortina-desintfera-1.jpg 1280w\" sizes=\"auto, (max-width: 1024px) 100vw, 1024px\" \/><figcaption class=\"wp-element-caption\">O que acontece se voc\u00ea borrifar vinagre nas cortinas da sua sala hoje mesmo<\/figcaption><\/figure><\/div>\n\n\n<h2 class=\"wp-block-heading\">Como aplicar o produto com seguran\u00e7a e efici\u00eancia?<\/h2>\n\n\n\n<p>O protocolo mais seguro para <strong>borrifar vinagre nas cortinas<\/strong> envolve a aplica\u00e7\u00e3o direta em dias com boa circula\u00e7\u00e3o de ar para garantir a secagem r\u00e1pida. A umidade residual \u00e9 perigosa, pois pode favorecer o surgimento de novos fungos se o tecido n\u00e3o secar completamente em poucos minutos.<\/p>\n\n\n\n<p>Antes de aplicar em toda a pe\u00e7a, teste o l\u00edquido em uma pequena \u00e1rea escondida. Tecidos delicados como seda ou veludo podem reagir negativamente ao pH \u00e1cido do vinagre, resultando em manchas ou enfraquecimento das fibras, o que exige cuidado redobrado do morador.<\/p>\n\n\n\n<p>Veja as recomenda\u00e7\u00f5es de uso na tabela abaixo:<\/p>\n\n\n<div class=\"wp-block-image\">\n<figure class=\"aligncenter size-large is-resized\"><img loading=\"lazy\" decoding=\"async\" width=\"1024\" height=\"544\" src=\"https:\/\/www.em.com.br\/emfoco\/wp-content\/uploads\/2026\/04\/image-205-1024x544.png\" alt=\"\" class=\"wp-image-199975\" style=\"width:826px;height:auto\" srcset=\"https:\/\/www.em.com.br\/emfoco\/wp-content\/uploads\/2026\/04\/image-205-1024x544.png 1024w, https:\/\/www.em.com.br\/emfoco\/wp-content\/uploads\/2026\/04\/image-205-300x159.png 300w, https:\/\/www.em.com.br\/emfoco\/wp-content\/uploads\/2026\/04\/image-205-768x408.png 768w, https:\/\/www.em.com.br\/emfoco\/wp-content\/uploads\/2026\/04\/image-205-750x398.png 750w, https:\/\/www.em.com.br\/emfoco\/wp-content\/uploads\/2026\/04\/image-205-1140x606.png 1140w, https:\/\/www.em.com.br\/emfoco\/wp-content\/uploads\/2026\/04\/image-205.png 1280w\" sizes=\"auto, (max-width: 1024px) 100vw, 1024px\" \/><\/figure><\/div>\n\n\n<h2 class=\"wp-block-heading\">Vale a pena adotar o vinagre na rotina de limpeza?<\/h2>\n\n\n\n<p><strong>Borrifar vinagre nas cortinas<\/strong> \u00e9 uma estrat\u00e9gia inteligente de baixo custo que beneficia a sa\u00fade da fam\u00edlia, especialmente em casas com pessoas al\u00e9rgicas. O controle de fungos e bact\u00e9rias sem o uso de perfumes sint\u00e9ticos agressivos melhora a qualidade do ar em quartos e salas.<\/p>\n\n\n\n<p>Em resumo, o vinagre branco \u00e9 um aliado poderoso da limpeza dom\u00e9stica quando respeitadas suas propriedades qu\u00edmicas. Ao manter a concentra\u00e7\u00e3o correta e garantir a ventila\u00e7\u00e3o do ambiente, voc\u00ea transforma um ingrediente culin\u00e1rio simples em um escudo eficiente contra os agentes invis\u00edveis que habitam sua casa.<\/p>\n","protected":false},"excerpt":{"rendered":"<p>Borrifar vinagre nas cortinas tornou-se uma pr\u00e1tica comum para quem busca eliminar odores e micro-organismos sem recorrer a produtos qu\u00edmicos agressivos. A ci\u00eancia confirma que o \u00e1cido ac\u00e9tico possui propriedades antimicrobianas potentes, desde que utilizado na concentra\u00e7\u00e3o correta. O que o \u00e1cido ac\u00e9tico realmente faz nas fibras do tecido? O vinagre dom\u00e9stico cont\u00e9m uma concentra\u00e7\u00e3o [&hellip;]<\/p>\n","protected":false},"author":30,"featured_media":199928,"comment_status":"open","ping_status":"open","sticky":false,"template":"","format":"standard","meta":{"jnews-multi-image_gallery":[],"jnews_single_post":{"format":"standard"},"jnews_primary_category":[],"jnews_social_meta":[],"jnews_override_counter":[],"footnotes":""},"categories":[8691],"tags":[13430,2911,3337,3890],"class_list":["post-199917","post","type-post","status-publish","format-standard","has-post-thumbnail","hentry","category-bem-estar","tag-acaro","tag-casa","tag-limpeza","tag-vinagre"],"yoast_head":"<!-- This site is optimized with the Yoast SEO plugin v23.8 - https:\/\/yoast.com\/wordpress\/plugins\/seo\/ -->\n<title>O motivo de borrifar vinagre nas cortinas ter virado uma dica popular de limpeza - Estado de Minas - Em foco<\/title>\n<meta name=\"description\" content=\"Entenda o motivo de borrifar vinagre nas cortinas ter virado dica popular de limpeza. Veja o poder antimicrobiano do \u00e1cido ac\u00e9tico agora.\" \/>\n<meta name=\"robots\" content=\"index, follow, max-snippet:-1, max-image-preview:large, max-video-preview:-1\" \/>\n<link rel=\"canonical\" href=\"https:\/\/www.em.com.br\/emfoco\/2026\/04\/27\/o-motivo-de-borrifar-vinagre-nas-cortinas-ter-virado-uma-dica-popular-de-limpeza\/\" \/>\n<meta property=\"og:locale\" content=\"pt_BR\" \/>\n<meta property=\"og:type\" content=\"article\" \/>\n<meta property=\"og:title\" content=\"O motivo de borrifar vinagre nas cortinas ter virado uma dica popular de limpeza - Estado de Minas - Em foco\" \/>\n<meta property=\"og:description\" content=\"Entenda o motivo de borrifar vinagre nas cortinas ter virado dica popular de limpeza. Veja o poder antimicrobiano do \u00e1cido ac\u00e9tico agora.\" \/>\n<meta property=\"og:url\" content=\"https:\/\/www.em.com.br\/emfoco\/2026\/04\/27\/o-motivo-de-borrifar-vinagre-nas-cortinas-ter-virado-uma-dica-popular-de-limpeza\/\" \/>\n<meta property=\"og:site_name\" content=\"Estado de Minas - Em foco\" \/>\n<meta property=\"article:published_time\" content=\"2026-04-27T19:05:00+00:00\" \/>\n<meta property=\"article:modified_time\" content=\"2026-04-26T10:13:25+00:00\" \/>\n<meta property=\"og:image\" content=\"https:\/\/www.em.com.br\/emfoco\/wp-content\/uploads\/2026\/04\/cortinas1-1.jpg\" \/>\n\t<meta property=\"og:image:width\" content=\"1280\" \/>\n\t<meta property=\"og:image:height\" content=\"720\" \/>\n\t<meta property=\"og:image:type\" content=\"image\/jpeg\" \/>\n<meta name=\"author\" content=\"Guilherme Ara\u00fajo\" \/>\n<meta name=\"twitter:card\" content=\"summary_large_image\" \/>\n<meta name=\"twitter:label1\" content=\"Escrito por\" \/>\n\t<meta name=\"twitter:data1\" content=\"Guilherme Ara\u00fajo\" \/>\n\t<meta name=\"twitter:label2\" content=\"Est. tempo de leitura\" \/>\n\t<meta name=\"twitter:data2\" content=\"5 minutos\" \/>\n<!-- \/ Yoast SEO plugin. -->","yoast_head_json":{"title":"O motivo de borrifar vinagre nas cortinas ter virado uma dica popular de limpeza - Estado de Minas - Em foco","description":"Entenda o motivo de borrifar vinagre nas cortinas ter virado dica popular de limpeza. Veja o poder antimicrobiano do \u00e1cido ac\u00e9tico agora.","robots":{"index":"index","follow":"follow","max-snippet":"max-snippet:-1","max-image-preview":"max-image-preview:large","max-video-preview":"max-video-preview:-1"},"canonical":"https:\/\/www.em.com.br\/emfoco\/2026\/04\/27\/o-motivo-de-borrifar-vinagre-nas-cortinas-ter-virado-uma-dica-popular-de-limpeza\/","og_locale":"pt_BR","og_type":"article","og_title":"O motivo de borrifar vinagre nas cortinas ter virado uma dica popular de limpeza - Estado de Minas - Em foco","og_description":"Entenda o motivo de borrifar vinagre nas cortinas ter virado dica popular de limpeza. Veja o poder antimicrobiano do \u00e1cido ac\u00e9tico agora.","og_url":"https:\/\/www.em.com.br\/emfoco\/2026\/04\/27\/o-motivo-de-borrifar-vinagre-nas-cortinas-ter-virado-uma-dica-popular-de-limpeza\/","og_site_name":"Estado de Minas - Em foco","article_published_time":"2026-04-27T19:05:00+00:00","article_modified_time":"2026-04-26T10:13:25+00:00","og_image":[{"width":1280,"height":720,"url":"https:\/\/www.em.com.br\/emfoco\/wp-content\/uploads\/2026\/04\/cortinas1-1.jpg","type":"image\/jpeg"}],"author":"Guilherme Ara\u00fajo","twitter_card":"summary_large_image","twitter_misc":{"Escrito por":"Guilherme Ara\u00fajo","Est. tempo de leitura":"5 minutos"},"schema":{"@context":"https:\/\/schema.org","@graph":[{"@type":"WebPage","@id":"https:\/\/www.em.com.br\/emfoco\/2026\/04\/27\/o-motivo-de-borrifar-vinagre-nas-cortinas-ter-virado-uma-dica-popular-de-limpeza\/","url":"https:\/\/www.em.com.br\/emfoco\/2026\/04\/27\/o-motivo-de-borrifar-vinagre-nas-cortinas-ter-virado-uma-dica-popular-de-limpeza\/","name":"O motivo de borrifar vinagre nas cortinas ter virado uma dica popular de limpeza - Estado de Minas - Em foco","isPartOf":{"@id":"https:\/\/www.em.com.br\/emfoco\/#website"},"primaryImageOfPage":{"@id":"https:\/\/www.em.com.br\/emfoco\/2026\/04\/27\/o-motivo-de-borrifar-vinagre-nas-cortinas-ter-virado-uma-dica-popular-de-limpeza\/#primaryimage"},"image":{"@id":"https:\/\/www.em.com.br\/emfoco\/2026\/04\/27\/o-motivo-de-borrifar-vinagre-nas-cortinas-ter-virado-uma-dica-popular-de-limpeza\/#primaryimage"},"thumbnailUrl":"https:\/\/www.em.com.br\/emfoco\/wp-content\/uploads\/2026\/04\/cortinas1-1.jpg","datePublished":"2026-04-27T19:05:00+00:00","dateModified":"2026-04-26T10:13:25+00:00","author":{"@id":"https:\/\/www.em.com.br\/emfoco\/#\/schema\/person\/5379e929a4b966c775d121e23f9bb421"},"description":"Entenda o motivo de borrifar vinagre nas cortinas ter virado dica popular de limpeza. Veja o poder antimicrobiano do \u00e1cido ac\u00e9tico agora.","breadcrumb":{"@id":"https:\/\/www.em.com.br\/emfoco\/2026\/04\/27\/o-motivo-de-borrifar-vinagre-nas-cortinas-ter-virado-uma-dica-popular-de-limpeza\/#breadcrumb"},"inLanguage":"pt-BR","potentialAction":[{"@type":"ReadAction","target":["https:\/\/www.em.com.br\/emfoco\/2026\/04\/27\/o-motivo-de-borrifar-vinagre-nas-cortinas-ter-virado-uma-dica-popular-de-limpeza\/"]}]},{"@type":"ImageObject","inLanguage":"pt-BR","@id":"https:\/\/www.em.com.br\/emfoco\/2026\/04\/27\/o-motivo-de-borrifar-vinagre-nas-cortinas-ter-virado-uma-dica-popular-de-limpeza\/#primaryimage","url":"https:\/\/www.em.com.br\/emfoco\/wp-content\/uploads\/2026\/04\/cortinas1-1.jpg","contentUrl":"https:\/\/www.em.com.br\/emfoco\/wp-content\/uploads\/2026\/04\/cortinas1-1.jpg","width":1280,"height":720,"caption":"Saiba por que borrifar vinagre nas cortinas virou a dica favorita de limpeza do momento"},{"@type":"BreadcrumbList","@id":"https:\/\/www.em.com.br\/emfoco\/2026\/04\/27\/o-motivo-de-borrifar-vinagre-nas-cortinas-ter-virado-uma-dica-popular-de-limpeza\/#breadcrumb","itemListElement":[{"@type":"ListItem","position":1,"name":"In\u00edcio","item":"https:\/\/www.em.com.br\/emfoco\/"},{"@type":"ListItem","position":2,"name":"O motivo de borrifar vinagre nas cortinas ter virado uma dica popular de limpeza"}]},{"@type":"WebSite","@id":"https:\/\/www.em.com.br\/emfoco\/#website","url":"https:\/\/www.em.com.br\/emfoco\/","name":"Estado de Minas - Em foco","description":"Acompanhe as \u00faltimas not\u00edcias e fique bem informado sobre tudo o que acontece em Minas Gerais, Brasil e no mundo.","potentialAction":[{"@type":"SearchAction","target":{"@type":"EntryPoint","urlTemplate":"https:\/\/www.em.com.br\/emfoco\/?s={search_term_string}"},"query-input":{"@type":"PropertyValueSpecification","valueRequired":true,"valueName":"search_term_string"}}],"inLanguage":"pt-BR"},{"@type":"Person","@id":"https:\/\/www.em.com.br\/emfoco\/#\/schema\/person\/5379e929a4b966c775d121e23f9bb421","name":"Guilherme Ara\u00fajo","image":{"@type":"ImageObject","inLanguage":"pt-BR","@id":"https:\/\/www.em.com.br\/emfoco\/#\/schema\/person\/image\/","url":"https:\/\/secure.gravatar.com\/avatar\/b8bf1fd0130e170bd8f5d7298dbafa25?s=96&d=mm&r=g","contentUrl":"https:\/\/secure.gravatar.com\/avatar\/b8bf1fd0130e170bd8f5d7298dbafa25?s=96&d=mm&r=g","caption":"Guilherme Ara\u00fajo"},"sameAs":["https:\/\/www.em.com.br\/emfoco"],"url":"https:\/\/www.em.com.br\/emfoco\/author\/guilhermeamyth\/"}]}},"_links":{"self":[{"href":"https:\/\/www.em.com.br\/emfoco\/wp-json\/wp\/v2\/posts\/199917","targetHints":{"allow":["GET"]}}],"collection":[{"href":"https:\/\/www.em.com.br\/emfoco\/wp-json\/wp\/v2\/posts"}],"about":[{"href":"https:\/\/www.em.com.br\/emfoco\/wp-json\/wp\/v2\/types\/post"}],"author":[{"embeddable":true,"href":"https:\/\/www.em.com.br\/emfoco\/wp-json\/wp\/v2\/users\/30"}],"replies":[{"embeddable":true,"href":"https:\/\/www.em.com.br\/emfoco\/wp-json\/wp\/v2\/comments?post=199917"}],"version-history":[{"count":5,"href":"https:\/\/www.em.com.br\/emfoco\/wp-json\/wp\/v2\/posts\/199917\/revisions"}],"predecessor-version":[{"id":199976,"href":"https:\/\/www.em.com.br\/emfoco\/wp-json\/wp\/v2\/posts\/199917\/revisions\/199976"}],"wp:featuredmedia":[{"embeddable":true,"href":"https:\/\/www.em.com.br\/emfoco\/wp-json\/wp\/v2\/media\/199928"}],"wp:attachment":[{"href":"https:\/\/www.em.com.br\/emfoco\/wp-json\/wp\/v2\/media?parent=199917"}],"wp:term":[{"taxonomy":"category","embeddable":true,"href":"https:\/\/www.em.com.br\/emfoco\/wp-json\/wp\/v2\/categories?post=199917"},{"taxonomy":"post_tag","embeddable":true,"href":"https:\/\/www.em.com.br\/emfoco\/wp-json\/wp\/v2\/tags?post=199917"}],"curies":[{"name":"wp","href":"https:\/\/api.w.org\/{rel}","templated":true}]}}