{"id":199916,"date":"2026-04-27T17:45:00","date_gmt":"2026-04-27T20:45:00","guid":{"rendered":"https:\/\/www.em.com.br\/emfoco\/?p=199916"},"modified":"2026-04-26T07:10:56","modified_gmt":"2026-04-26T10:10:56","slug":"o-que-olhar-para-o-chao-enquanto-caminha-pode-dizer-sobre-seu-estado-emocional-segundo-a-psicologia","status":"publish","type":"post","link":"https:\/\/www.em.com.br\/emfoco\/2026\/04\/27\/o-que-olhar-para-o-chao-enquanto-caminha-pode-dizer-sobre-seu-estado-emocional-segundo-a-psicologia\/","title":{"rendered":"O que olhar para o ch\u00e3o enquanto caminha pode dizer sobre seu estado emocional, segundo a psicologia"},"content":{"rendered":"\n<p>O h\u00e1bito de <strong>olhar para o ch\u00e3o<\/strong> enquanto caminha \u00e9 um comportamento corporal que gera interpreta\u00e7\u00f5es autom\u00e1ticas no cotidiano. No entanto, a ci\u00eancia explica que esse gesto \u00e9 multifatorial, refletindo desde processos neurol\u00f3gicos intensos at\u00e9 estrat\u00e9gias de prote\u00e7\u00e3o emocional.<\/p>\n\n\n\n<h2 class=\"wp-block-heading\">O que a ci\u00eancia diz sobre a rela\u00e7\u00e3o entre postura e emo\u00e7\u00e3o?<\/h2>\n\n\n\n<p>A conex\u00e3o entre a posi\u00e7\u00e3o do corpo e o que sentimos \u00e9 documentada h\u00e1 d\u00e9cadas por pesquisadores da mente. Estudos indicam que a postura de um indiv\u00edduo funciona como um espelho de suas emo\u00e7\u00f5es, e que alterar fisicamente a forma como caminhamos pode influenciar diretamente nosso humor.<\/p>\n\n\n\n<p>Segundo dados do <strong><a href=\"https:\/\/repositorio.unifesp.br\/items\/a9be21f4-6eb1-4993-b59f-e9f17d430c7d\" target=\"_blank\" rel=\"noreferrer noopener\">R<\/a><\/strong><a href=\"https:\/\/repositorio.unifesp.br\/\" target=\"_blank\" rel=\"noreferrer noopener\"><strong>eposit\u00f3rio UNIFESP<\/strong><\/a>, a modifica\u00e7\u00e3o postural \u00e9 capaz de alterar relatos subjetivos de emo\u00e7\u00e3o. Al\u00e9m disso, pesquisas publicadas na <strong>Frontiers in Psychology<\/strong> mostram que a tristeza \u00e9 percebida com maior intensidade por observadores quando o olhar do sujeito est\u00e1 voltado para baixo.<\/p>\n\n\n\n<h2 class=\"wp-block-heading\">Quando o h\u00e1bito de olhar para o ch\u00e3o indica estados emocionais?<\/h2>\n\n\n\n<p>A psicologia associa a esquiva do olhar durante a caminhada a um conjunto de estados internos que buscam reduzir a exposi\u00e7\u00e3o social. Frequentemente, esse comportamento \u00e9 uma resposta inconsciente a est\u00edmulos que o c\u00e9rebro interpreta como amea\u00e7adores ou cansativos para o indiv\u00edduo.<\/p>\n\n\n\n<p>O corpo tende a se &#8220;encolher&#8221; fisicamente em per\u00edodos de alta sobrecarga. Ombros ca\u00eddos e o olhar fixo no solo refletem o estresse que a pessoa n\u00e3o consegue expressar verbalmente, servindo como uma barreira de prote\u00e7\u00e3o emocional.<\/p>\n\n\n\n<p>Confira as principais associa\u00e7\u00f5es psicol\u00f3gicas do gesto:<\/p>\n\n\n\n<ul class=\"wp-block-list\">\n<li><strong>Ansiedade Social:<\/strong> mecanismo de evita\u00e7\u00e3o para reduzir o contato visual com estranhos.<\/li>\n\n\n\n<li><strong>Rumina\u00e7\u00e3o Mental:<\/strong> processamento interno intenso que desvia a aten\u00e7\u00e3o do ambiente.<\/li>\n\n\n\n<li><strong>Baixa Autoestima:<\/strong> sinal de vulnerabilidade e inseguran\u00e7a quanto \u00e0s pr\u00f3prias capacidades.<\/li>\n\n\n\n<li><strong>Cansa\u00e7o Emocional:<\/strong> reflexo f\u00edsico de esgotamento mental e necessidade de introspec\u00e7\u00e3o.<\/li>\n<\/ul>\n\n\n\n<h2 class=\"wp-block-heading\">O que o gesto n\u00e3o significa necessariamente?<\/h2>\n\n\n\n<p>\u00c9 fundamental compreender que <strong>olhar para o ch\u00e3o<\/strong> n\u00e3o \u00e9 um diagn\u00f3stico cl\u00ednico isolado de tristeza ou depress\u00e3o. Muitas vezes, o comportamento \u00e9 meramente adaptativo e funcional, servindo para organizar o fluxo de ideias antes de uma decis\u00e3o importante ou simplesmente para evitar obst\u00e1culos f\u00edsicos.<\/p>\n\n\n\n<p>Contextos culturais tamb\u00e9m pesam na an\u00e1lise, j\u00e1 que em certas sociedades o olhar direto \u00e9 visto como intrusivo. Um estudo dispon\u00edvel na <a href=\"https:\/\/journals.plos.org\/plosone\/\" target=\"_blank\" rel=\"noreferrer noopener\"><strong>PLOS ONE<\/strong><\/a> demonstra que, embora olhar para cima ajude na recupera\u00e7\u00e3o emocional, o olhar baixo pode ser apenas uma ferramenta de foco cognitivo moment\u00e2neo.<\/p>\n\n\n<div class=\"wp-block-image\">\n<figure class=\"aligncenter size-large\"><img loading=\"lazy\" decoding=\"async\" width=\"1024\" height=\"576\" src=\"https:\/\/www.em.com.br\/emfoco\/wp-content\/uploads\/2026\/04\/olhar-pra-baixo2-1024x576.jpg\" alt=\"\" class=\"wp-image-199927\" srcset=\"https:\/\/www.em.com.br\/emfoco\/wp-content\/uploads\/2026\/04\/olhar-pra-baixo2-1024x576.jpg 1024w, https:\/\/www.em.com.br\/emfoco\/wp-content\/uploads\/2026\/04\/olhar-pra-baixo2-300x169.jpg 300w, https:\/\/www.em.com.br\/emfoco\/wp-content\/uploads\/2026\/04\/olhar-pra-baixo2-768x432.jpg 768w, https:\/\/www.em.com.br\/emfoco\/wp-content\/uploads\/2026\/04\/olhar-pra-baixo2-750x422.jpg 750w, https:\/\/www.em.com.br\/emfoco\/wp-content\/uploads\/2026\/04\/olhar-pra-baixo2-1140x641.jpg 1140w, https:\/\/www.em.com.br\/emfoco\/wp-content\/uploads\/2026\/04\/olhar-pra-baixo2.jpg 1280w\" sizes=\"auto, (max-width: 1024px) 100vw, 1024px\" \/><\/figure><\/div>\n\n\n<p>Leia tamb\u00e9m: <a href=\"https:\/\/www.em.com.br\/emfoco\/2026\/04\/26\/o-que-significa-quando-alguem-responde-ok-sem-mais-palavras-segundo-a-psicologia\/\" target=\"_blank\" rel=\"noreferrer noopener\">O que significa quando algu\u00e9m responde \u201cOK\u201d sem mais palavras segundo a psicologia?<\/a><\/p>\n\n\n\n<h2 class=\"wp-block-heading\">Como a percep\u00e7\u00e3o social decodifica o olhar baixo?<\/h2>\n\n\n\n<p>A forma como as pessoas interpretam quem caminha olhando para baixo varia de acordo com a emo\u00e7\u00e3o que acompanha o gesto. Estudos da <strong>University College London (UCL)<\/strong> sugerem que a decodifica\u00e7\u00e3o social \u00e9 espec\u00edfica: enquanto a tristeza parece mais &#8220;cr\u00edvel&#8221; de olhar baixo, o medo n\u00e3o gera a mesma percep\u00e7\u00e3o autom\u00e1tica.<\/p>\n\n\n\n<p>Veja a tabela de correla\u00e7\u00e3o entre postura e percep\u00e7\u00e3o social:<\/p>\n\n\n<div class=\"wp-block-image\">\n<figure class=\"aligncenter size-large is-resized\"><img loading=\"lazy\" decoding=\"async\" width=\"1024\" height=\"576\" src=\"https:\/\/www.em.com.br\/emfoco\/wp-content\/uploads\/2026\/04\/image-206-1024x576.png\" alt=\"\" class=\"wp-image-199977\" style=\"width:826px;height:auto\" srcset=\"https:\/\/www.em.com.br\/emfoco\/wp-content\/uploads\/2026\/04\/image-206-1024x576.png 1024w, https:\/\/www.em.com.br\/emfoco\/wp-content\/uploads\/2026\/04\/image-206-300x169.png 300w, https:\/\/www.em.com.br\/emfoco\/wp-content\/uploads\/2026\/04\/image-206-768x432.png 768w, https:\/\/www.em.com.br\/emfoco\/wp-content\/uploads\/2026\/04\/image-206-750x422.png 750w, https:\/\/www.em.com.br\/emfoco\/wp-content\/uploads\/2026\/04\/image-206-1140x641.png 1140w, https:\/\/www.em.com.br\/emfoco\/wp-content\/uploads\/2026\/04\/image-206.png 1280w\" sizes=\"auto, (max-width: 1024px) 100vw, 1024px\" \/><\/figure><\/div>\n\n\n<h2 class=\"wp-block-heading\">Quando \u00e9 o momento de prestar aten\u00e7\u00e3o ao comportamento?<\/h2>\n\n\n\n<p>O gesto de <strong>olhar para o ch\u00e3o<\/strong> merece uma an\u00e1lise cuidadosa quando se torna persistente e vem acompanhado de outros sintomas claros. Isolamento social, altera\u00e7\u00f5es bruscas de humor e dificuldade de concentra\u00e7\u00e3o s\u00e3o sinais de que a postura f\u00edsica pode estar escondendo um sofrimento ps\u00edquico real.<\/p>\n\n\n\n<p>Nesses casos, a orienta\u00e7\u00e3o un\u00e2nime \u00e9 buscar o aux\u00edlio de um psic\u00f3logo ou psiquiatra para uma avalia\u00e7\u00e3o profissional completa. Um comportamento isolado, sem o acompanhamento de outros preju\u00edzos na rotina di\u00e1ria, \u00e9 insuficiente para qualquer conclus\u00e3o cl\u00ednica definitiva sobre a sa\u00fade mental.<\/p>\n","protected":false},"excerpt":{"rendered":"<p>O h\u00e1bito de olhar para o ch\u00e3o enquanto caminha \u00e9 um comportamento corporal que gera interpreta\u00e7\u00f5es autom\u00e1ticas no cotidiano. No entanto, a ci\u00eancia explica que esse gesto \u00e9 multifatorial, refletindo desde processos neurol\u00f3gicos intensos at\u00e9 estrat\u00e9gias de prote\u00e7\u00e3o emocional. O que a ci\u00eancia diz sobre a rela\u00e7\u00e3o entre postura e emo\u00e7\u00e3o? A conex\u00e3o entre a [&hellip;]<\/p>\n","protected":false},"author":30,"featured_media":199926,"comment_status":"open","ping_status":"open","sticky":false,"template":"","format":"standard","meta":{"jnews-multi-image_gallery":[],"jnews_single_post":{"format":"standard"},"jnews_primary_category":[],"jnews_social_meta":[],"jnews_override_counter":[],"footnotes":""},"categories":[8691],"tags":[4983,1060,8842,5155],"class_list":["post-199916","post","type-post","status-publish","format-standard","has-post-thumbnail","hentry","category-bem-estar","tag-comportamento","tag-emocoes","tag-linguagem-corporal","tag-psicologia"],"yoast_head":"<!-- This site is optimized with the Yoast SEO plugin v23.8 - https:\/\/yoast.com\/wordpress\/plugins\/seo\/ -->\n<title>O que olhar para o ch\u00e3o enquanto caminha pode dizer sobre seu estado emocional, segundo a psicologia - Estado de Minas - Em foco<\/title>\n<meta name=\"description\" content=\"Entenda o que olhar para o ch\u00e3o enquanto caminha pode dizer sobre seu estado emocional. Veja a explica\u00e7\u00e3o da psicologia para este gesto.\" \/>\n<meta name=\"robots\" content=\"index, follow, max-snippet:-1, max-image-preview:large, max-video-preview:-1\" \/>\n<link rel=\"canonical\" href=\"https:\/\/www.em.com.br\/emfoco\/2026\/04\/27\/o-que-olhar-para-o-chao-enquanto-caminha-pode-dizer-sobre-seu-estado-emocional-segundo-a-psicologia\/\" \/>\n<meta property=\"og:locale\" content=\"pt_BR\" \/>\n<meta property=\"og:type\" content=\"article\" \/>\n<meta property=\"og:title\" content=\"O que olhar para o ch\u00e3o enquanto caminha pode dizer sobre seu estado emocional, segundo a psicologia - Estado de Minas - Em foco\" \/>\n<meta property=\"og:description\" content=\"Entenda o que olhar para o ch\u00e3o enquanto caminha pode dizer sobre seu estado emocional. Veja a explica\u00e7\u00e3o da psicologia para este gesto.\" \/>\n<meta property=\"og:url\" content=\"https:\/\/www.em.com.br\/emfoco\/2026\/04\/27\/o-que-olhar-para-o-chao-enquanto-caminha-pode-dizer-sobre-seu-estado-emocional-segundo-a-psicologia\/\" \/>\n<meta property=\"og:site_name\" content=\"Estado de Minas - Em foco\" \/>\n<meta property=\"article:published_time\" content=\"2026-04-27T20:45:00+00:00\" \/>\n<meta property=\"article:modified_time\" content=\"2026-04-26T10:10:56+00:00\" \/>\n<meta property=\"og:image\" content=\"https:\/\/www.em.com.br\/emfoco\/wp-content\/uploads\/2026\/04\/olhar-pra-baixo.jpg\" \/>\n\t<meta property=\"og:image:width\" content=\"1280\" \/>\n\t<meta property=\"og:image:height\" content=\"720\" \/>\n\t<meta property=\"og:image:type\" content=\"image\/jpeg\" \/>\n<meta name=\"author\" content=\"Guilherme Ara\u00fajo\" \/>\n<meta name=\"twitter:card\" content=\"summary_large_image\" \/>\n<meta name=\"twitter:label1\" content=\"Escrito por\" \/>\n\t<meta name=\"twitter:data1\" content=\"Guilherme Ara\u00fajo\" \/>\n\t<meta name=\"twitter:label2\" content=\"Est. tempo de leitura\" \/>\n\t<meta name=\"twitter:data2\" content=\"4 minutos\" \/>\n<!-- \/ Yoast SEO plugin. -->","yoast_head_json":{"title":"O que olhar para o ch\u00e3o enquanto caminha pode dizer sobre seu estado emocional, segundo a psicologia - Estado de Minas - Em foco","description":"Entenda o que olhar para o ch\u00e3o enquanto caminha pode dizer sobre seu estado emocional. Veja a explica\u00e7\u00e3o da psicologia para este gesto.","robots":{"index":"index","follow":"follow","max-snippet":"max-snippet:-1","max-image-preview":"max-image-preview:large","max-video-preview":"max-video-preview:-1"},"canonical":"https:\/\/www.em.com.br\/emfoco\/2026\/04\/27\/o-que-olhar-para-o-chao-enquanto-caminha-pode-dizer-sobre-seu-estado-emocional-segundo-a-psicologia\/","og_locale":"pt_BR","og_type":"article","og_title":"O que olhar para o ch\u00e3o enquanto caminha pode dizer sobre seu estado emocional, segundo a psicologia - Estado de Minas - Em foco","og_description":"Entenda o que olhar para o ch\u00e3o enquanto caminha pode dizer sobre seu estado emocional. Veja a explica\u00e7\u00e3o da psicologia para este gesto.","og_url":"https:\/\/www.em.com.br\/emfoco\/2026\/04\/27\/o-que-olhar-para-o-chao-enquanto-caminha-pode-dizer-sobre-seu-estado-emocional-segundo-a-psicologia\/","og_site_name":"Estado de Minas - Em foco","article_published_time":"2026-04-27T20:45:00+00:00","article_modified_time":"2026-04-26T10:10:56+00:00","og_image":[{"width":1280,"height":720,"url":"https:\/\/www.em.com.br\/emfoco\/wp-content\/uploads\/2026\/04\/olhar-pra-baixo.jpg","type":"image\/jpeg"}],"author":"Guilherme Ara\u00fajo","twitter_card":"summary_large_image","twitter_misc":{"Escrito por":"Guilherme Ara\u00fajo","Est. tempo de leitura":"4 minutos"},"schema":{"@context":"https:\/\/schema.org","@graph":[{"@type":"WebPage","@id":"https:\/\/www.em.com.br\/emfoco\/2026\/04\/27\/o-que-olhar-para-o-chao-enquanto-caminha-pode-dizer-sobre-seu-estado-emocional-segundo-a-psicologia\/","url":"https:\/\/www.em.com.br\/emfoco\/2026\/04\/27\/o-que-olhar-para-o-chao-enquanto-caminha-pode-dizer-sobre-seu-estado-emocional-segundo-a-psicologia\/","name":"O que olhar para o ch\u00e3o enquanto caminha pode dizer sobre seu estado emocional, segundo a psicologia - Estado de Minas - Em foco","isPartOf":{"@id":"https:\/\/www.em.com.br\/emfoco\/#website"},"primaryImageOfPage":{"@id":"https:\/\/www.em.com.br\/emfoco\/2026\/04\/27\/o-que-olhar-para-o-chao-enquanto-caminha-pode-dizer-sobre-seu-estado-emocional-segundo-a-psicologia\/#primaryimage"},"image":{"@id":"https:\/\/www.em.com.br\/emfoco\/2026\/04\/27\/o-que-olhar-para-o-chao-enquanto-caminha-pode-dizer-sobre-seu-estado-emocional-segundo-a-psicologia\/#primaryimage"},"thumbnailUrl":"https:\/\/www.em.com.br\/emfoco\/wp-content\/uploads\/2026\/04\/olhar-pra-baixo.jpg","datePublished":"2026-04-27T20:45:00+00:00","dateModified":"2026-04-26T10:10:56+00:00","author":{"@id":"https:\/\/www.em.com.br\/emfoco\/#\/schema\/person\/5379e929a4b966c775d121e23f9bb421"},"description":"Entenda o que olhar para o ch\u00e3o enquanto caminha pode dizer sobre seu estado emocional. Veja a explica\u00e7\u00e3o da psicologia para este gesto.","breadcrumb":{"@id":"https:\/\/www.em.com.br\/emfoco\/2026\/04\/27\/o-que-olhar-para-o-chao-enquanto-caminha-pode-dizer-sobre-seu-estado-emocional-segundo-a-psicologia\/#breadcrumb"},"inLanguage":"pt-BR","potentialAction":[{"@type":"ReadAction","target":["https:\/\/www.em.com.br\/emfoco\/2026\/04\/27\/o-que-olhar-para-o-chao-enquanto-caminha-pode-dizer-sobre-seu-estado-emocional-segundo-a-psicologia\/"]}]},{"@type":"ImageObject","inLanguage":"pt-BR","@id":"https:\/\/www.em.com.br\/emfoco\/2026\/04\/27\/o-que-olhar-para-o-chao-enquanto-caminha-pode-dizer-sobre-seu-estado-emocional-segundo-a-psicologia\/#primaryimage","url":"https:\/\/www.em.com.br\/emfoco\/wp-content\/uploads\/2026\/04\/olhar-pra-baixo.jpg","contentUrl":"https:\/\/www.em.com.br\/emfoco\/wp-content\/uploads\/2026\/04\/olhar-pra-baixo.jpg","width":1280,"height":720},{"@type":"BreadcrumbList","@id":"https:\/\/www.em.com.br\/emfoco\/2026\/04\/27\/o-que-olhar-para-o-chao-enquanto-caminha-pode-dizer-sobre-seu-estado-emocional-segundo-a-psicologia\/#breadcrumb","itemListElement":[{"@type":"ListItem","position":1,"name":"In\u00edcio","item":"https:\/\/www.em.com.br\/emfoco\/"},{"@type":"ListItem","position":2,"name":"O que olhar para o ch\u00e3o enquanto caminha pode dizer sobre seu estado emocional, segundo a psicologia"}]},{"@type":"WebSite","@id":"https:\/\/www.em.com.br\/emfoco\/#website","url":"https:\/\/www.em.com.br\/emfoco\/","name":"Estado de Minas - Em foco","description":"Acompanhe as \u00faltimas not\u00edcias e fique bem informado sobre tudo o que acontece em Minas Gerais, Brasil e no mundo.","potentialAction":[{"@type":"SearchAction","target":{"@type":"EntryPoint","urlTemplate":"https:\/\/www.em.com.br\/emfoco\/?s={search_term_string}"},"query-input":{"@type":"PropertyValueSpecification","valueRequired":true,"valueName":"search_term_string"}}],"inLanguage":"pt-BR"},{"@type":"Person","@id":"https:\/\/www.em.com.br\/emfoco\/#\/schema\/person\/5379e929a4b966c775d121e23f9bb421","name":"Guilherme Ara\u00fajo","image":{"@type":"ImageObject","inLanguage":"pt-BR","@id":"https:\/\/www.em.com.br\/emfoco\/#\/schema\/person\/image\/","url":"https:\/\/secure.gravatar.com\/avatar\/b8bf1fd0130e170bd8f5d7298dbafa25?s=96&d=mm&r=g","contentUrl":"https:\/\/secure.gravatar.com\/avatar\/b8bf1fd0130e170bd8f5d7298dbafa25?s=96&d=mm&r=g","caption":"Guilherme Ara\u00fajo"},"sameAs":["https:\/\/www.em.com.br\/emfoco"],"url":"https:\/\/www.em.com.br\/emfoco\/author\/guilhermeamyth\/"}]}},"_links":{"self":[{"href":"https:\/\/www.em.com.br\/emfoco\/wp-json\/wp\/v2\/posts\/199916","targetHints":{"allow":["GET"]}}],"collection":[{"href":"https:\/\/www.em.com.br\/emfoco\/wp-json\/wp\/v2\/posts"}],"about":[{"href":"https:\/\/www.em.com.br\/emfoco\/wp-json\/wp\/v2\/types\/post"}],"author":[{"embeddable":true,"href":"https:\/\/www.em.com.br\/emfoco\/wp-json\/wp\/v2\/users\/30"}],"replies":[{"embeddable":true,"href":"https:\/\/www.em.com.br\/emfoco\/wp-json\/wp\/v2\/comments?post=199916"}],"version-history":[{"count":3,"href":"https:\/\/www.em.com.br\/emfoco\/wp-json\/wp\/v2\/posts\/199916\/revisions"}],"predecessor-version":[{"id":199988,"href":"https:\/\/www.em.com.br\/emfoco\/wp-json\/wp\/v2\/posts\/199916\/revisions\/199988"}],"wp:featuredmedia":[{"embeddable":true,"href":"https:\/\/www.em.com.br\/emfoco\/wp-json\/wp\/v2\/media\/199926"}],"wp:attachment":[{"href":"https:\/\/www.em.com.br\/emfoco\/wp-json\/wp\/v2\/media?parent=199916"}],"wp:term":[{"taxonomy":"category","embeddable":true,"href":"https:\/\/www.em.com.br\/emfoco\/wp-json\/wp\/v2\/categories?post=199916"},{"taxonomy":"post_tag","embeddable":true,"href":"https:\/\/www.em.com.br\/emfoco\/wp-json\/wp\/v2\/tags?post=199916"}],"curies":[{"name":"wp","href":"https:\/\/api.w.org\/{rel}","templated":true}]}}