{"id":199899,"date":"2026-04-27T14:35:00","date_gmt":"2026-04-27T17:35:00","guid":{"rendered":"https:\/\/www.em.com.br\/emfoco\/?p=199899"},"modified":"2026-04-26T07:11:30","modified_gmt":"2026-04-26T10:11:30","slug":"o-verdadeiro-motivo-do-tamanho-das-orelhas-dos-elefantes-e-mais-interessante-do-que-parece","status":"publish","type":"post","link":"https:\/\/www.em.com.br\/emfoco\/2026\/04\/27\/o-verdadeiro-motivo-do-tamanho-das-orelhas-dos-elefantes-e-mais-interessante-do-que-parece\/","title":{"rendered":"O verdadeiro motivo do tamanho das orelhas dos elefantes \u00e9 mais interessante do que parece"},"content":{"rendered":"\n<p>As <strong>orelhas dos elefantes<\/strong> funcionam como radiadores biol\u00f3gicos essenciais para a sobreviv\u00eancia desses gigantes em climas \u00e1ridos. Essa estrutura anat\u00f4mica permite dissipar o calor metab\u00f3lico acumulado, garantindo o equil\u00edbrio t\u00e9rmico de forma eficiente e natural.<\/p>\n\n\n\n<h2 class=\"wp-block-heading\">Como funciona o mecanismo de radiador natural nos elefantes?<\/h2>\n\n\n\n<p>A pele auricular desses <a href=\"https:\/\/www.em.com.br\/emfoco\/2026\/04\/23\/o-achado-fascinante-nas-montanhas-das-filipinas-revela-plantas-capazes-de-comer-animais\/\" target=\"_blank\" rel=\"noreferrer noopener\">mam\u00edferos<\/a> \u00e9 extremamente fina e possui uma densa rede de capilares sangu\u00edneos localizados logo abaixo da superf\u00edcie. Quando o animal agita as extremidades, ele cria correntes de convec\u00e7\u00e3o que resfriam o sangue antes que ele retorne ao restante do organismo.<\/p>\n\n\n\n<p>Estudos publicados na revista cient\u00edfica <a href=\"https:\/\/journals.plos.org\/plosone\/\" target=\"_blank\" rel=\"noreferrer noopener\"><strong>PLOS ONE<\/strong><\/a> confirmam que o pavilh\u00e3o auricular \u00e9 a regi\u00e3o com maior varia\u00e7\u00e3o de temperatura durante o esfor\u00e7o f\u00edsico. Como esses animais n\u00e3o possuem gl\u00e2ndulas sudor\u00edparas pelo corpo, essa troca de calor pelas orelhas torna-se a principal ferramenta de resfriamento interno.<\/p>\n\n\n<div class=\"wp-block-image\">\n<figure class=\"aligncenter size-large\"><img loading=\"lazy\" decoding=\"async\" width=\"1024\" height=\"576\" src=\"https:\/\/www.em.com.br\/emfoco\/wp-content\/uploads\/2026\/04\/elefante2-1024x576.jpg\" alt=\"A fun\u00e7\u00e3o biol\u00f3gica das orelhas dos elefantes vai muito al\u00e9m do que a gente imagina\" class=\"wp-image-199905\" srcset=\"https:\/\/www.em.com.br\/emfoco\/wp-content\/uploads\/2026\/04\/elefante2-1024x576.jpg 1024w, https:\/\/www.em.com.br\/emfoco\/wp-content\/uploads\/2026\/04\/elefante2-300x169.jpg 300w, https:\/\/www.em.com.br\/emfoco\/wp-content\/uploads\/2026\/04\/elefante2-768x432.jpg 768w, https:\/\/www.em.com.br\/emfoco\/wp-content\/uploads\/2026\/04\/elefante2-750x422.jpg 750w, https:\/\/www.em.com.br\/emfoco\/wp-content\/uploads\/2026\/04\/elefante2-1140x641.jpg 1140w, https:\/\/www.em.com.br\/emfoco\/wp-content\/uploads\/2026\/04\/elefante2.jpg 1280w\" sizes=\"auto, (max-width: 1024px) 100vw, 1024px\" \/><figcaption class=\"wp-element-caption\">A fun\u00e7\u00e3o biol\u00f3gica das orelhas dos elefantes vai muito al\u00e9m do que a gente imagina<\/figcaption><\/figure><\/div>\n\n\n<h2 class=\"wp-block-heading\">Por que as orelhas dos elefantes africanos s\u00e3o maiores?<\/h2>\n\n\n\n<p>A diferen\u00e7a de tamanho entre as esp\u00e9cies africana e asi\u00e1tica \u00e9 um exemplo cl\u00e1ssico de adapta\u00e7\u00e3o ao ambiente. O <strong>elefante africano<\/strong> habita savanas onde as temperaturas superam os <strong>38 \u00b0C<\/strong>, exigindo uma \u00e1rea de superf\u00edcie muito maior para liberar o calor excedente de sua enorme massa.<\/p>\n\n\n\n<p>J\u00e1 o <strong>elefante asi\u00e1tico<\/strong>, que evoluiu em florestas \u00famidas e sombreadas, possui orelhas proporcionalmente menores, com uma \u00e1rea tr\u00eas vezes reduzida. Pesquisadores indicam que a estrutura do gigante africano pode dissipar at\u00e9 <strong>100%<\/strong> de sua taxa metab\u00f3lica basal, enquanto o parente asi\u00e1tico dissipa cerca de um ter\u00e7o desse valor.<\/p>\n\n\n\n<p>Confira as principais diferen\u00e7as entre as esp\u00e9cies:<\/p>\n\n\n\n<ul class=\"wp-block-list\">\n<li><strong>Elefante Africano:<\/strong> orelhas que chegam a <strong>1,8 metro<\/strong> de comprimento e formato similar ao mapa da \u00c1frica.<\/li>\n\n\n\n<li><strong>Elefante Asi\u00e1tico:<\/strong> orelhas menores e arredondadas, adaptadas para climas com menor incid\u00eancia solar direta.<\/li>\n\n\n\n<li><strong>Capacidade T\u00e9rmica:<\/strong> o tamanho maior permite habitar \u00e1reas de campo aberto sem sofrer hipertermia.<\/li>\n\n\n\n<li><strong>Habitat:<\/strong> a vegeta\u00e7\u00e3o densa da <strong>\u00c1sia<\/strong> reduz a necessidade de superf\u00edcies de resfriamento gigantescas.<\/li>\n<\/ul>\n\n\n\n<h2 class=\"wp-block-heading\">Qual \u00e9 o papel das orelhas na comunica\u00e7\u00e3o social?<\/h2>\n\n\n\n<p>Al\u00e9m da fun\u00e7\u00e3o t\u00e9rmica, essas estruturas s\u00e3o fundamentais para a linguagem corporal e a intimida\u00e7\u00e3o de amea\u00e7as. Ao abrir as orelhas em leque, o animal aumenta seu tamanho aparente, enviando um sinal visual claro de domin\u00e2ncia para rivais ou predadores que se aproximam do grupo.<\/p>\n\n\n\n<p>Essa exibi\u00e7\u00e3o demonstra como a press\u00e3o evolutiva moldou uma \u00fanica parte do corpo para cumprir m\u00faltiplas fun\u00e7\u00f5es vitais. O movimento auricular pode indicar desde um estado de alerta m\u00e1ximo at\u00e9 um gesto de sauda\u00e7\u00e3o entre membros de uma mesma manada, revelando a complexidade social desses seres.<\/p>\n\n\n\n<h2 class=\"wp-block-heading\">Como a f\u00edsica explica a efici\u00eancia desse sistema?<\/h2>\n\n\n\n<p>A transfer\u00eancia de calor ocorre de forma mais r\u00e1pida em superf\u00edcies finas e extensas, princ\u00edpio amplamente utilizado na engenharia de radiadores automotivos. Nos <strong>elefantes<\/strong>, a aus\u00eancia de pelos espessos nessa regi\u00e3o facilita a dissipa\u00e7\u00e3o por radia\u00e7\u00e3o, mantendo o sangue em temperaturas seguras.<\/p>\n\n\n\n<p>Veja a compara\u00e7\u00e3o t\u00e9cnica do desempenho t\u00e9rmico auricular:<\/p>\n\n\n<div class=\"wp-block-image\">\n<figure class=\"aligncenter size-large is-resized\"><img loading=\"lazy\" decoding=\"async\" width=\"1024\" height=\"554\" src=\"https:\/\/www.em.com.br\/emfoco\/wp-content\/uploads\/2026\/04\/image-210-1024x554.png\" alt=\"\" class=\"wp-image-199982\" style=\"width:754px;height:auto\" srcset=\"https:\/\/www.em.com.br\/emfoco\/wp-content\/uploads\/2026\/04\/image-210-1024x554.png 1024w, https:\/\/www.em.com.br\/emfoco\/wp-content\/uploads\/2026\/04\/image-210-300x162.png 300w, https:\/\/www.em.com.br\/emfoco\/wp-content\/uploads\/2026\/04\/image-210-768x415.png 768w, https:\/\/www.em.com.br\/emfoco\/wp-content\/uploads\/2026\/04\/image-210-750x405.png 750w, https:\/\/www.em.com.br\/emfoco\/wp-content\/uploads\/2026\/04\/image-210-1140x616.png 1140w, https:\/\/www.em.com.br\/emfoco\/wp-content\/uploads\/2026\/04\/image-210.png 1280w\" sizes=\"auto, (max-width: 1024px) 100vw, 1024px\" \/><\/figure><\/div>\n\n\n<h2 class=\"wp-block-heading\">O que acontece se as orelhas n\u00e3o funcionarem corretamente?<\/h2>\n\n\n\n<p>Sem esse sistema de troca t\u00e9rmica, o animal sofreria um superaquecimento fatal em poucos minutos de caminhada sob o sol. O corpo dos grandes mam\u00edferos gera uma quantidade de calor imensa, e as <strong>orelhas dos elefantes<\/strong> s\u00e3o a \u00fanica via de sa\u00edda eficiente para esse excesso energ\u00e9tico.<\/p>\n\n\n\n<p>Em suma, o tamanho dessas estruturas \u00e9 uma obra-prima da bioengenharia natural. Ao aliar a f\u00edsica do calor com a necessidade de comunica\u00e7\u00e3o, a natureza criou nos <strong>elefantes<\/strong> um sistema que garante n\u00e3o apenas o conforto t\u00e9rmico, mas tamb\u00e9m a sobreviv\u00eancia em um dos climas mais hostis do planeta.<\/p>\n","protected":false},"excerpt":{"rendered":"<p>As orelhas dos elefantes funcionam como radiadores biol\u00f3gicos essenciais para a sobreviv\u00eancia desses gigantes em climas \u00e1ridos. Essa estrutura anat\u00f4mica permite dissipar o calor metab\u00f3lico acumulado, garantindo o equil\u00edbrio t\u00e9rmico de forma eficiente e natural. Como funciona o mecanismo de radiador natural nos elefantes? A pele auricular desses mam\u00edferos \u00e9 extremamente fina e possui uma [&hellip;]<\/p>\n","protected":false},"author":30,"featured_media":199904,"comment_status":"open","ping_status":"open","sticky":false,"template":"","format":"standard","meta":{"jnews-multi-image_gallery":[],"jnews_single_post":{"format":"standard"},"jnews_primary_category":[],"jnews_social_meta":[],"jnews_override_counter":[],"footnotes":""},"categories":[8819],"tags":[9793,884,25385,318],"class_list":["post-199899","post","type-post","status-publish","format-standard","has-post-thumbnail","hentry","category-curiosidades","tag-biologia","tag-ciencia","tag-elefantes","tag-natureza"],"yoast_head":"<!-- This site is optimized with the Yoast SEO plugin v23.8 - https:\/\/yoast.com\/wordpress\/plugins\/seo\/ -->\n<title>O verdadeiro motivo do tamanho das orelhas dos elefantes \u00e9 mais interessante do que parece - Estado de Minas - Em foco<\/title>\n<meta name=\"description\" content=\"Voc\u00ea sabe por que os elefantes t\u00eam orelhas t\u00e3o grandes? A ci\u00eancia revela um sistema de resfriamento digno da engenharia moderna.\" \/>\n<meta name=\"robots\" content=\"index, follow, max-snippet:-1, max-image-preview:large, max-video-preview:-1\" \/>\n<link rel=\"canonical\" href=\"https:\/\/www.em.com.br\/emfoco\/2026\/04\/27\/o-verdadeiro-motivo-do-tamanho-das-orelhas-dos-elefantes-e-mais-interessante-do-que-parece\/\" \/>\n<meta property=\"og:locale\" content=\"pt_BR\" \/>\n<meta property=\"og:type\" content=\"article\" \/>\n<meta property=\"og:title\" content=\"O verdadeiro motivo do tamanho das orelhas dos elefantes \u00e9 mais interessante do que parece - Estado de Minas - Em foco\" \/>\n<meta property=\"og:description\" content=\"Voc\u00ea sabe por que os elefantes t\u00eam orelhas t\u00e3o grandes? A ci\u00eancia revela um sistema de resfriamento digno da engenharia moderna.\" \/>\n<meta property=\"og:url\" content=\"https:\/\/www.em.com.br\/emfoco\/2026\/04\/27\/o-verdadeiro-motivo-do-tamanho-das-orelhas-dos-elefantes-e-mais-interessante-do-que-parece\/\" \/>\n<meta property=\"og:site_name\" content=\"Estado de Minas - Em foco\" \/>\n<meta property=\"article:published_time\" content=\"2026-04-27T17:35:00+00:00\" \/>\n<meta property=\"article:modified_time\" content=\"2026-04-26T10:11:30+00:00\" \/>\n<meta property=\"og:image\" content=\"https:\/\/www.em.com.br\/emfoco\/wp-content\/uploads\/2026\/04\/elefante1.jpg\" \/>\n\t<meta property=\"og:image:width\" content=\"1280\" \/>\n\t<meta property=\"og:image:height\" content=\"720\" \/>\n\t<meta property=\"og:image:type\" content=\"image\/jpeg\" \/>\n<meta name=\"author\" content=\"Guilherme Ara\u00fajo\" \/>\n<meta name=\"twitter:card\" content=\"summary_large_image\" \/>\n<meta name=\"twitter:label1\" content=\"Escrito por\" \/>\n\t<meta name=\"twitter:data1\" content=\"Guilherme Ara\u00fajo\" \/>\n\t<meta name=\"twitter:label2\" content=\"Est. tempo de leitura\" \/>\n\t<meta name=\"twitter:data2\" content=\"4 minutos\" \/>\n<!-- \/ Yoast SEO plugin. -->","yoast_head_json":{"title":"O verdadeiro motivo do tamanho das orelhas dos elefantes \u00e9 mais interessante do que parece - Estado de Minas - Em foco","description":"Voc\u00ea sabe por que os elefantes t\u00eam orelhas t\u00e3o grandes? A ci\u00eancia revela um sistema de resfriamento digno da engenharia moderna.","robots":{"index":"index","follow":"follow","max-snippet":"max-snippet:-1","max-image-preview":"max-image-preview:large","max-video-preview":"max-video-preview:-1"},"canonical":"https:\/\/www.em.com.br\/emfoco\/2026\/04\/27\/o-verdadeiro-motivo-do-tamanho-das-orelhas-dos-elefantes-e-mais-interessante-do-que-parece\/","og_locale":"pt_BR","og_type":"article","og_title":"O verdadeiro motivo do tamanho das orelhas dos elefantes \u00e9 mais interessante do que parece - Estado de Minas - Em foco","og_description":"Voc\u00ea sabe por que os elefantes t\u00eam orelhas t\u00e3o grandes? A ci\u00eancia revela um sistema de resfriamento digno da engenharia moderna.","og_url":"https:\/\/www.em.com.br\/emfoco\/2026\/04\/27\/o-verdadeiro-motivo-do-tamanho-das-orelhas-dos-elefantes-e-mais-interessante-do-que-parece\/","og_site_name":"Estado de Minas - Em foco","article_published_time":"2026-04-27T17:35:00+00:00","article_modified_time":"2026-04-26T10:11:30+00:00","og_image":[{"width":1280,"height":720,"url":"https:\/\/www.em.com.br\/emfoco\/wp-content\/uploads\/2026\/04\/elefante1.jpg","type":"image\/jpeg"}],"author":"Guilherme Ara\u00fajo","twitter_card":"summary_large_image","twitter_misc":{"Escrito por":"Guilherme Ara\u00fajo","Est. tempo de leitura":"4 minutos"},"schema":{"@context":"https:\/\/schema.org","@graph":[{"@type":"WebPage","@id":"https:\/\/www.em.com.br\/emfoco\/2026\/04\/27\/o-verdadeiro-motivo-do-tamanho-das-orelhas-dos-elefantes-e-mais-interessante-do-que-parece\/","url":"https:\/\/www.em.com.br\/emfoco\/2026\/04\/27\/o-verdadeiro-motivo-do-tamanho-das-orelhas-dos-elefantes-e-mais-interessante-do-que-parece\/","name":"O verdadeiro motivo do tamanho das orelhas dos elefantes \u00e9 mais interessante do que parece - Estado de Minas - Em foco","isPartOf":{"@id":"https:\/\/www.em.com.br\/emfoco\/#website"},"primaryImageOfPage":{"@id":"https:\/\/www.em.com.br\/emfoco\/2026\/04\/27\/o-verdadeiro-motivo-do-tamanho-das-orelhas-dos-elefantes-e-mais-interessante-do-que-parece\/#primaryimage"},"image":{"@id":"https:\/\/www.em.com.br\/emfoco\/2026\/04\/27\/o-verdadeiro-motivo-do-tamanho-das-orelhas-dos-elefantes-e-mais-interessante-do-que-parece\/#primaryimage"},"thumbnailUrl":"https:\/\/www.em.com.br\/emfoco\/wp-content\/uploads\/2026\/04\/elefante1.jpg","datePublished":"2026-04-27T17:35:00+00:00","dateModified":"2026-04-26T10:11:30+00:00","author":{"@id":"https:\/\/www.em.com.br\/emfoco\/#\/schema\/person\/5379e929a4b966c775d121e23f9bb421"},"description":"Voc\u00ea sabe por que os elefantes t\u00eam orelhas t\u00e3o grandes? A ci\u00eancia revela um sistema de resfriamento digno da engenharia moderna.","breadcrumb":{"@id":"https:\/\/www.em.com.br\/emfoco\/2026\/04\/27\/o-verdadeiro-motivo-do-tamanho-das-orelhas-dos-elefantes-e-mais-interessante-do-que-parece\/#breadcrumb"},"inLanguage":"pt-BR","potentialAction":[{"@type":"ReadAction","target":["https:\/\/www.em.com.br\/emfoco\/2026\/04\/27\/o-verdadeiro-motivo-do-tamanho-das-orelhas-dos-elefantes-e-mais-interessante-do-que-parece\/"]}]},{"@type":"ImageObject","inLanguage":"pt-BR","@id":"https:\/\/www.em.com.br\/emfoco\/2026\/04\/27\/o-verdadeiro-motivo-do-tamanho-das-orelhas-dos-elefantes-e-mais-interessante-do-que-parece\/#primaryimage","url":"https:\/\/www.em.com.br\/emfoco\/wp-content\/uploads\/2026\/04\/elefante1.jpg","contentUrl":"https:\/\/www.em.com.br\/emfoco\/wp-content\/uploads\/2026\/04\/elefante1.jpg","width":1280,"height":720,"caption":"O motivo real do tamanho das orelhas dos elefantes \u00e9 surpreendente e vital"},{"@type":"BreadcrumbList","@id":"https:\/\/www.em.com.br\/emfoco\/2026\/04\/27\/o-verdadeiro-motivo-do-tamanho-das-orelhas-dos-elefantes-e-mais-interessante-do-que-parece\/#breadcrumb","itemListElement":[{"@type":"ListItem","position":1,"name":"In\u00edcio","item":"https:\/\/www.em.com.br\/emfoco\/"},{"@type":"ListItem","position":2,"name":"O verdadeiro motivo do tamanho das orelhas dos elefantes \u00e9 mais interessante do que parece"}]},{"@type":"WebSite","@id":"https:\/\/www.em.com.br\/emfoco\/#website","url":"https:\/\/www.em.com.br\/emfoco\/","name":"Estado de Minas - Em foco","description":"Acompanhe as \u00faltimas not\u00edcias e fique bem informado sobre tudo o que acontece em Minas Gerais, Brasil e no mundo.","potentialAction":[{"@type":"SearchAction","target":{"@type":"EntryPoint","urlTemplate":"https:\/\/www.em.com.br\/emfoco\/?s={search_term_string}"},"query-input":{"@type":"PropertyValueSpecification","valueRequired":true,"valueName":"search_term_string"}}],"inLanguage":"pt-BR"},{"@type":"Person","@id":"https:\/\/www.em.com.br\/emfoco\/#\/schema\/person\/5379e929a4b966c775d121e23f9bb421","name":"Guilherme Ara\u00fajo","image":{"@type":"ImageObject","inLanguage":"pt-BR","@id":"https:\/\/www.em.com.br\/emfoco\/#\/schema\/person\/image\/","url":"https:\/\/secure.gravatar.com\/avatar\/b8bf1fd0130e170bd8f5d7298dbafa25?s=96&d=mm&r=g","contentUrl":"https:\/\/secure.gravatar.com\/avatar\/b8bf1fd0130e170bd8f5d7298dbafa25?s=96&d=mm&r=g","caption":"Guilherme Ara\u00fajo"},"sameAs":["https:\/\/www.em.com.br\/emfoco"],"url":"https:\/\/www.em.com.br\/emfoco\/author\/guilhermeamyth\/"}]}},"_links":{"self":[{"href":"https:\/\/www.em.com.br\/emfoco\/wp-json\/wp\/v2\/posts\/199899","targetHints":{"allow":["GET"]}}],"collection":[{"href":"https:\/\/www.em.com.br\/emfoco\/wp-json\/wp\/v2\/posts"}],"about":[{"href":"https:\/\/www.em.com.br\/emfoco\/wp-json\/wp\/v2\/types\/post"}],"author":[{"embeddable":true,"href":"https:\/\/www.em.com.br\/emfoco\/wp-json\/wp\/v2\/users\/30"}],"replies":[{"embeddable":true,"href":"https:\/\/www.em.com.br\/emfoco\/wp-json\/wp\/v2\/comments?post=199899"}],"version-history":[{"count":4,"href":"https:\/\/www.em.com.br\/emfoco\/wp-json\/wp\/v2\/posts\/199899\/revisions"}],"predecessor-version":[{"id":199990,"href":"https:\/\/www.em.com.br\/emfoco\/wp-json\/wp\/v2\/posts\/199899\/revisions\/199990"}],"wp:featuredmedia":[{"embeddable":true,"href":"https:\/\/www.em.com.br\/emfoco\/wp-json\/wp\/v2\/media\/199904"}],"wp:attachment":[{"href":"https:\/\/www.em.com.br\/emfoco\/wp-json\/wp\/v2\/media?parent=199899"}],"wp:term":[{"taxonomy":"category","embeddable":true,"href":"https:\/\/www.em.com.br\/emfoco\/wp-json\/wp\/v2\/categories?post=199899"},{"taxonomy":"post_tag","embeddable":true,"href":"https:\/\/www.em.com.br\/emfoco\/wp-json\/wp\/v2\/tags?post=199899"}],"curies":[{"name":"wp","href":"https:\/\/api.w.org\/{rel}","templated":true}]}}