{"id":199898,"date":"2026-04-27T13:45:00","date_gmt":"2026-04-27T16:45:00","guid":{"rendered":"https:\/\/www.em.com.br\/emfoco\/?p=199898"},"modified":"2026-04-26T07:11:25","modified_gmt":"2026-04-26T10:11:25","slug":"com-mais-de-100-anos-de-historia-rede-de-supermercados-encerra-atividades-apos-falencia","status":"publish","type":"post","link":"https:\/\/www.em.com.br\/emfoco\/2026\/04\/27\/com-mais-de-100-anos-de-historia-rede-de-supermercados-encerra-atividades-apos-falencia\/","title":{"rendered":"Com mais de 100 anos de hist\u00f3ria, rede de supermercados encerra atividades ap\u00f3s fal\u00eancia"},"content":{"rendered":"\n<p>A <strong>rede de supermercados<\/strong> Breithaupt, um dos nomes mais tradicionais do varejo em Santa Catarina, anunciou o encerramento definitivo de suas opera\u00e7\u00f5es em 2026. Ap\u00f3s quase um s\u00e9culo de hist\u00f3ria, a empresa formalizou o pedido de autofal\u00eancia devido \u00e0 inviabilidade financeira irrevers\u00edvel.<\/p>\n\n\n\n<h2 class=\"wp-block-heading\">Como surgiu o Grupo Breithaupt em Santa Catarina?<\/h2>\n\n\n\n<p>Fundada em 1926 pelos irm\u00e3os <strong>Walter<\/strong> e <strong>Arthur Breithaupt<\/strong>, a empresa come\u00e7ou como uma pequena loja de secos e molhados em <strong>Jaragu\u00e1 do Sul<\/strong>. Com apenas <strong>35 metros quadrados<\/strong>, o neg\u00f3cio prosperou atendendo \u00e0s col\u00f4nias de imigrantes alem\u00e3es, vendendo desde a\u00e7\u00facar mascavo at\u00e9 lou\u00e7as finas.<\/p>\n\n\n\n<p>Nas d\u00e9cadas seguintes, o grupo expandiu sua atua\u00e7\u00e3o para o transporte ferrovi\u00e1rio de mercadorias entre <strong>S\u00e3o Paulo<\/strong> e o <strong>Rio Grande do Sul<\/strong>. Nos anos 80, a sede foi convertida em um supermercado de grande porte, consolidando a marca como uma refer\u00eancia de consumo e modernidade para as fam\u00edlias da regi\u00e3o norte catarinense.<\/p>\n\n\n<div class=\"wp-block-image\">\n<figure class=\"aligncenter size-large\"><img loading=\"lazy\" decoding=\"async\" width=\"1024\" height=\"576\" src=\"https:\/\/www.em.com.br\/emfoco\/wp-content\/uploads\/2026\/04\/jagura1-1024x576.jpg\" alt=\"Rede de supermercados com mais de 100 anos encerra atividades ap\u00f3s decretar fal\u00eancia - Imagem ilustrativa\" class=\"wp-image-199908\" srcset=\"https:\/\/www.em.com.br\/emfoco\/wp-content\/uploads\/2026\/04\/jagura1-1024x576.jpg 1024w, https:\/\/www.em.com.br\/emfoco\/wp-content\/uploads\/2026\/04\/jagura1-300x169.jpg 300w, https:\/\/www.em.com.br\/emfoco\/wp-content\/uploads\/2026\/04\/jagura1-768x432.jpg 768w, https:\/\/www.em.com.br\/emfoco\/wp-content\/uploads\/2026\/04\/jagura1-750x422.jpg 750w, https:\/\/www.em.com.br\/emfoco\/wp-content\/uploads\/2026\/04\/jagura1-1140x641.jpg 1140w, https:\/\/www.em.com.br\/emfoco\/wp-content\/uploads\/2026\/04\/jagura1.jpg 1280w\" sizes=\"auto, (max-width: 1024px) 100vw, 1024px\" \/><figcaption class=\"wp-element-caption\">Rede de supermercados com mais de 100 anos encerra atividades ap\u00f3s decretar fal\u00eancia &#8211; Imagem ilustrativa<\/figcaption><\/figure><\/div>\n\n\n<h2 class=\"wp-block-heading\">O que causou o pedido de recupera\u00e7\u00e3o judicial em 2020?<\/h2>\n\n\n\n<p>Os primeiros sinais de desgaste financeiro tornaram-se p\u00fablicos em agosto de 2020, quando o grupo buscou amparo legal para reestruturar suas d\u00edvidas. O plano de recupera\u00e7\u00e3o foi homologado pelo <strong>TJSC<\/strong> em 2022, mas a empresa n\u00e3o conseguiu atrair os aportes de capital necess\u00e1rios para manter a opera\u00e7\u00e3o saud\u00e1vel.<\/p>\n\n\n\n<p>Mesmo reduzida a apenas tr\u00eas unidades f\u00edsicas, a <strong>rede de supermercados<\/strong> operava com preju\u00edzos mensais de aproximadamente <strong>R$ 165 mil<\/strong>. A escala insuficiente e a press\u00e3o competitiva tornaram imposs\u00edvel honrar o passivo total de <strong>R$ 35 milh\u00f5es<\/strong> acumulado ao longo dos anos, levando ao colapso final da estrutura corporativa.<\/p>\n\n\n\n<p>Confira a evolu\u00e7\u00e3o da marca ao longo das d\u00e9cadas:<\/p>\n\n\n\n<ul class=\"wp-block-list\">\n<li><strong>1926:<\/strong> Funda\u00e7\u00e3o da primeira loja de secos e molhados em <strong>Jaragu\u00e1 do Sul<\/strong>.<\/li>\n\n\n\n<li><strong>1970:<\/strong> Diversifica\u00e7\u00e3o para materiais de constru\u00e7\u00e3o e brinquedos.<\/li>\n\n\n\n<li><strong>1986:<\/strong> Inaugura\u00e7\u00e3o do supermercado de grande porte na sede principal.<\/li>\n\n\n\n<li><strong>1999:<\/strong> Abertura do primeiro shopping center do grupo no mesmo terreno original.<\/li>\n\n\n\n<li><strong>2025:<\/strong> Pedido de autofal\u00eancia e encerramento oficial das atividades remanescentes.<\/li>\n<\/ul>\n\n\n\n<h2 class=\"wp-block-heading\">Quais os desafios estruturais enfrentados pelo varejo familiar?<\/h2>\n\n\n\n<p>O fim do Grupo Breithaupt reflete uma dificuldade crescente enfrentada por empresas familiares de m\u00e9dio porte no <strong>Brasil<\/strong>. A concentra\u00e7\u00e3o do mercado em grandes redes nacionais e o avan\u00e7o agressivo do e-commerce criam um ambiente de margens muito estreitas para neg\u00f3cios que possuem passivos herdados de d\u00e9cadas anteriores.<\/p>\n\n\n\n<p>Para entender a import\u00e2ncia hist\u00f3rica da regi\u00e3o para o empreendedorismo nacional, a cidade de <a href=\"https:\/\/pt.wikipedia.org\/wiki\/Jaragu%C3%A1_do_Sul\" target=\"_blank\" rel=\"noreferrer noopener\"><strong>Jaragu\u00e1 do Sul<\/strong><\/a> \u00e9 reconhecida como um dos polos industriais mais din\u00e2micos do pa\u00eds. A queda de um s\u00edmbolo local como o Breithaupt serve de alerta para a necessidade de renova\u00e7\u00e3o estrutural cont\u00ednua no setor de servi\u00e7os.<\/p>\n\n\n\n<h2 class=\"wp-block-heading\">Como o encerramento impacta a economia local?<\/h2>\n\n\n\n<p>O encerramento das atividades atinge diretamente funcion\u00e1rios e fornecedores regionais que mantinham la\u00e7os comerciais com o grupo h\u00e1 gera\u00e7\u00f5es. Embora a opera\u00e7\u00e3o estivesse reduzida, a marca possu\u00eda um valor afetivo e hist\u00f3rico significativo em cidades como <strong>Joinville<\/strong>, <strong>Timb\u00f3<\/strong> e na pr\u00f3pria sede fundadora.<\/p>\n\n\n\n<p>Especialistas em gest\u00e3o apontam que o desinvestimento estrat\u00e9gico feito em 2013, com a venda de parte dos supermercados, n\u00e3o foi suficiente para estancar o endividamento. A falta de escala operacional impediu que a empresa competisse em igualdade de condi\u00e7\u00f5es com grupos que possuem maior poder de negocia\u00e7\u00e3o junto aos grandes fornecedores.<\/p>\n\n\n\n<p>Veja os dados financeiros que motivaram a decis\u00e3o judicial:<\/p>\n\n\n<div class=\"wp-block-image\">\n<figure class=\"aligncenter size-large is-resized\"><img loading=\"lazy\" decoding=\"async\" width=\"1024\" height=\"782\" src=\"https:\/\/www.em.com.br\/emfoco\/wp-content\/uploads\/2026\/04\/image-208-1024x782.png\" alt=\"\" class=\"wp-image-199980\" style=\"width:772px;height:auto\" srcset=\"https:\/\/www.em.com.br\/emfoco\/wp-content\/uploads\/2026\/04\/image-208-1024x782.png 1024w, https:\/\/www.em.com.br\/emfoco\/wp-content\/uploads\/2026\/04\/image-208-300x229.png 300w, https:\/\/www.em.com.br\/emfoco\/wp-content\/uploads\/2026\/04\/image-208-768x587.png 768w, https:\/\/www.em.com.br\/emfoco\/wp-content\/uploads\/2026\/04\/image-208-750x573.png 750w, https:\/\/www.em.com.br\/emfoco\/wp-content\/uploads\/2026\/04\/image-208-1140x871.png 1140w, https:\/\/www.em.com.br\/emfoco\/wp-content\/uploads\/2026\/04\/image-208.png 1280w\" sizes=\"auto, (max-width: 1024px) 100vw, 1024px\" \/><\/figure><\/div>\n\n\n<p>Leia tamb\u00e9m: <a href=\"https:\/\/www.em.com.br\/emfoco\/2026\/04\/25\/vistoria-de-carro-reprovada-pode-gerar-gastos-extras-travar-documentos-e-ate-multas-veja-os-erros-mais-comuns-e-como-evitar\/\" target=\"_blank\" rel=\"noreferrer noopener\">Vistoria de carro reprovada pode gerar gastos extras, travar documentos e at\u00e9 multas: veja os erros mais comuns e como evitar<\/a><\/p>\n\n\n\n<h2 class=\"wp-block-heading\">O que fica como legado da rede de supermercados?<\/h2>\n\n\n\n<p>Apesar do desfecho melanc\u00f3lico, a <strong>rede de supermercados<\/strong> Breithaupt deixa um legado de forma\u00e7\u00e3o profissional e influ\u00eancia cultural no varejo sulista. Por quase um s\u00e9culo, a empresa foi a porta de entrada para o mercado de trabalho de milhares de jovens catarinenses e ajudou a moldar os h\u00e1bitos de consumo da regi\u00e3o.<\/p>\n\n\n\n<p>Em resumo, o caso encerra um cap\u00edtulo importante da hist\u00f3ria empresarial de <strong>Santa Catarina<\/strong>. A fal\u00eancia serve como um estudo de caso sobre os limites da longevidade corporativa perante crises sist\u00eamicas e a import\u00e2ncia de manter modelos de neg\u00f3cio \u00e1geis e adaptados \u00e0s transforma\u00e7\u00f5es digitais do s\u00e9culo XXI.<\/p>\n","protected":false},"excerpt":{"rendered":"<p>A rede de supermercados Breithaupt, um dos nomes mais tradicionais do varejo em Santa Catarina, anunciou o encerramento definitivo de suas opera\u00e7\u00f5es em 2026. Ap\u00f3s quase um s\u00e9culo de hist\u00f3ria, a empresa formalizou o pedido de autofal\u00eancia devido \u00e0 inviabilidade financeira irrevers\u00edvel. Como surgiu o Grupo Breithaupt em Santa Catarina? Fundada em 1926 pelos irm\u00e3os [&hellip;]<\/p>\n","protected":false},"author":30,"featured_media":199907,"comment_status":"open","ping_status":"open","sticky":false,"template":"","format":"standard","meta":{"jnews-multi-image_gallery":[],"jnews_single_post":{"format":"standard"},"jnews_primary_category":[],"jnews_social_meta":[],"jnews_override_counter":[],"footnotes":""},"categories":[8819],"tags":[160,5478,734,4302],"class_list":["post-199898","post","type-post","status-publish","format-standard","has-post-thumbnail","hentry","category-curiosidades","tag-economia","tag-falencia","tag-santa-catarina","tag-varejo"],"yoast_head":"<!-- This site is optimized with the Yoast SEO plugin v23.8 - https:\/\/yoast.com\/wordpress\/plugins\/seo\/ -->\n<title>Com mais de 100 anos de hist\u00f3ria, rede de supermercados encerra atividades ap\u00f3s fal\u00eancia - Estado de Minas - Em foco<\/title>\n<meta name=\"description\" content=\"Entenda por que esta rede de supermercados com mais de 100 anos encerrou atividades ap\u00f3s fal\u00eancia. Veja o caso do Breithaupt.\" \/>\n<meta name=\"robots\" content=\"index, follow, max-snippet:-1, max-image-preview:large, max-video-preview:-1\" \/>\n<link rel=\"canonical\" href=\"https:\/\/www.em.com.br\/emfoco\/2026\/04\/27\/com-mais-de-100-anos-de-historia-rede-de-supermercados-encerra-atividades-apos-falencia\/\" \/>\n<meta property=\"og:locale\" content=\"pt_BR\" \/>\n<meta property=\"og:type\" content=\"article\" \/>\n<meta property=\"og:title\" content=\"Com mais de 100 anos de hist\u00f3ria, rede de supermercados encerra atividades ap\u00f3s fal\u00eancia - Estado de Minas - Em foco\" \/>\n<meta property=\"og:description\" content=\"Entenda por que esta rede de supermercados com mais de 100 anos encerrou atividades ap\u00f3s fal\u00eancia. Veja o caso do Breithaupt.\" \/>\n<meta property=\"og:url\" content=\"https:\/\/www.em.com.br\/emfoco\/2026\/04\/27\/com-mais-de-100-anos-de-historia-rede-de-supermercados-encerra-atividades-apos-falencia\/\" \/>\n<meta property=\"og:site_name\" content=\"Estado de Minas - Em foco\" \/>\n<meta property=\"article:published_time\" content=\"2026-04-27T16:45:00+00:00\" \/>\n<meta property=\"article:modified_time\" content=\"2026-04-26T10:11:25+00:00\" \/>\n<meta property=\"og:image\" content=\"https:\/\/www.em.com.br\/emfoco\/wp-content\/uploads\/2026\/04\/supermercado2.jpg\" \/>\n\t<meta property=\"og:image:width\" content=\"1280\" \/>\n\t<meta property=\"og:image:height\" content=\"720\" \/>\n\t<meta property=\"og:image:type\" content=\"image\/jpeg\" \/>\n<meta name=\"author\" content=\"Guilherme Ara\u00fajo\" \/>\n<meta name=\"twitter:card\" content=\"summary_large_image\" \/>\n<meta name=\"twitter:label1\" content=\"Escrito por\" \/>\n\t<meta name=\"twitter:data1\" content=\"Guilherme Ara\u00fajo\" \/>\n\t<meta name=\"twitter:label2\" content=\"Est. tempo de leitura\" \/>\n\t<meta name=\"twitter:data2\" content=\"5 minutos\" \/>\n<!-- \/ Yoast SEO plugin. -->","yoast_head_json":{"title":"Com mais de 100 anos de hist\u00f3ria, rede de supermercados encerra atividades ap\u00f3s fal\u00eancia - Estado de Minas - Em foco","description":"Entenda por que esta rede de supermercados com mais de 100 anos encerrou atividades ap\u00f3s fal\u00eancia. Veja o caso do Breithaupt.","robots":{"index":"index","follow":"follow","max-snippet":"max-snippet:-1","max-image-preview":"max-image-preview:large","max-video-preview":"max-video-preview:-1"},"canonical":"https:\/\/www.em.com.br\/emfoco\/2026\/04\/27\/com-mais-de-100-anos-de-historia-rede-de-supermercados-encerra-atividades-apos-falencia\/","og_locale":"pt_BR","og_type":"article","og_title":"Com mais de 100 anos de hist\u00f3ria, rede de supermercados encerra atividades ap\u00f3s fal\u00eancia - Estado de Minas - Em foco","og_description":"Entenda por que esta rede de supermercados com mais de 100 anos encerrou atividades ap\u00f3s fal\u00eancia. Veja o caso do Breithaupt.","og_url":"https:\/\/www.em.com.br\/emfoco\/2026\/04\/27\/com-mais-de-100-anos-de-historia-rede-de-supermercados-encerra-atividades-apos-falencia\/","og_site_name":"Estado de Minas - Em foco","article_published_time":"2026-04-27T16:45:00+00:00","article_modified_time":"2026-04-26T10:11:25+00:00","og_image":[{"width":1280,"height":720,"url":"https:\/\/www.em.com.br\/emfoco\/wp-content\/uploads\/2026\/04\/supermercado2.jpg","type":"image\/jpeg"}],"author":"Guilherme Ara\u00fajo","twitter_card":"summary_large_image","twitter_misc":{"Escrito por":"Guilherme Ara\u00fajo","Est. tempo de leitura":"5 minutos"},"schema":{"@context":"https:\/\/schema.org","@graph":[{"@type":"WebPage","@id":"https:\/\/www.em.com.br\/emfoco\/2026\/04\/27\/com-mais-de-100-anos-de-historia-rede-de-supermercados-encerra-atividades-apos-falencia\/","url":"https:\/\/www.em.com.br\/emfoco\/2026\/04\/27\/com-mais-de-100-anos-de-historia-rede-de-supermercados-encerra-atividades-apos-falencia\/","name":"Com mais de 100 anos de hist\u00f3ria, rede de supermercados encerra atividades ap\u00f3s fal\u00eancia - Estado de Minas - Em foco","isPartOf":{"@id":"https:\/\/www.em.com.br\/emfoco\/#website"},"primaryImageOfPage":{"@id":"https:\/\/www.em.com.br\/emfoco\/2026\/04\/27\/com-mais-de-100-anos-de-historia-rede-de-supermercados-encerra-atividades-apos-falencia\/#primaryimage"},"image":{"@id":"https:\/\/www.em.com.br\/emfoco\/2026\/04\/27\/com-mais-de-100-anos-de-historia-rede-de-supermercados-encerra-atividades-apos-falencia\/#primaryimage"},"thumbnailUrl":"https:\/\/www.em.com.br\/emfoco\/wp-content\/uploads\/2026\/04\/supermercado2.jpg","datePublished":"2026-04-27T16:45:00+00:00","dateModified":"2026-04-26T10:11:25+00:00","author":{"@id":"https:\/\/www.em.com.br\/emfoco\/#\/schema\/person\/5379e929a4b966c775d121e23f9bb421"},"description":"Entenda por que esta rede de supermercados com mais de 100 anos encerrou atividades ap\u00f3s fal\u00eancia. Veja o caso do Breithaupt.","breadcrumb":{"@id":"https:\/\/www.em.com.br\/emfoco\/2026\/04\/27\/com-mais-de-100-anos-de-historia-rede-de-supermercados-encerra-atividades-apos-falencia\/#breadcrumb"},"inLanguage":"pt-BR","potentialAction":[{"@type":"ReadAction","target":["https:\/\/www.em.com.br\/emfoco\/2026\/04\/27\/com-mais-de-100-anos-de-historia-rede-de-supermercados-encerra-atividades-apos-falencia\/"]}]},{"@type":"ImageObject","inLanguage":"pt-BR","@id":"https:\/\/www.em.com.br\/emfoco\/2026\/04\/27\/com-mais-de-100-anos-de-historia-rede-de-supermercados-encerra-atividades-apos-falencia\/#primaryimage","url":"https:\/\/www.em.com.br\/emfoco\/wp-content\/uploads\/2026\/04\/supermercado2.jpg","contentUrl":"https:\/\/www.em.com.br\/emfoco\/wp-content\/uploads\/2026\/04\/supermercado2.jpg","width":1280,"height":720,"caption":"Fim de uma era com a fal\u00eancia confirmada de rede de supermercados centen\u00e1ria no brasil"},{"@type":"BreadcrumbList","@id":"https:\/\/www.em.com.br\/emfoco\/2026\/04\/27\/com-mais-de-100-anos-de-historia-rede-de-supermercados-encerra-atividades-apos-falencia\/#breadcrumb","itemListElement":[{"@type":"ListItem","position":1,"name":"In\u00edcio","item":"https:\/\/www.em.com.br\/emfoco\/"},{"@type":"ListItem","position":2,"name":"Com mais de 100 anos de hist\u00f3ria, rede de supermercados encerra atividades ap\u00f3s fal\u00eancia"}]},{"@type":"WebSite","@id":"https:\/\/www.em.com.br\/emfoco\/#website","url":"https:\/\/www.em.com.br\/emfoco\/","name":"Estado de Minas - Em foco","description":"Acompanhe as \u00faltimas not\u00edcias e fique bem informado sobre tudo o que acontece em Minas Gerais, Brasil e no mundo.","potentialAction":[{"@type":"SearchAction","target":{"@type":"EntryPoint","urlTemplate":"https:\/\/www.em.com.br\/emfoco\/?s={search_term_string}"},"query-input":{"@type":"PropertyValueSpecification","valueRequired":true,"valueName":"search_term_string"}}],"inLanguage":"pt-BR"},{"@type":"Person","@id":"https:\/\/www.em.com.br\/emfoco\/#\/schema\/person\/5379e929a4b966c775d121e23f9bb421","name":"Guilherme Ara\u00fajo","image":{"@type":"ImageObject","inLanguage":"pt-BR","@id":"https:\/\/www.em.com.br\/emfoco\/#\/schema\/person\/image\/","url":"https:\/\/secure.gravatar.com\/avatar\/b8bf1fd0130e170bd8f5d7298dbafa25?s=96&d=mm&r=g","contentUrl":"https:\/\/secure.gravatar.com\/avatar\/b8bf1fd0130e170bd8f5d7298dbafa25?s=96&d=mm&r=g","caption":"Guilherme Ara\u00fajo"},"sameAs":["https:\/\/www.em.com.br\/emfoco"],"url":"https:\/\/www.em.com.br\/emfoco\/author\/guilhermeamyth\/"}]}},"_links":{"self":[{"href":"https:\/\/www.em.com.br\/emfoco\/wp-json\/wp\/v2\/posts\/199898","targetHints":{"allow":["GET"]}}],"collection":[{"href":"https:\/\/www.em.com.br\/emfoco\/wp-json\/wp\/v2\/posts"}],"about":[{"href":"https:\/\/www.em.com.br\/emfoco\/wp-json\/wp\/v2\/types\/post"}],"author":[{"embeddable":true,"href":"https:\/\/www.em.com.br\/emfoco\/wp-json\/wp\/v2\/users\/30"}],"replies":[{"embeddable":true,"href":"https:\/\/www.em.com.br\/emfoco\/wp-json\/wp\/v2\/comments?post=199898"}],"version-history":[{"count":3,"href":"https:\/\/www.em.com.br\/emfoco\/wp-json\/wp\/v2\/posts\/199898\/revisions"}],"predecessor-version":[{"id":199989,"href":"https:\/\/www.em.com.br\/emfoco\/wp-json\/wp\/v2\/posts\/199898\/revisions\/199989"}],"wp:featuredmedia":[{"embeddable":true,"href":"https:\/\/www.em.com.br\/emfoco\/wp-json\/wp\/v2\/media\/199907"}],"wp:attachment":[{"href":"https:\/\/www.em.com.br\/emfoco\/wp-json\/wp\/v2\/media?parent=199898"}],"wp:term":[{"taxonomy":"category","embeddable":true,"href":"https:\/\/www.em.com.br\/emfoco\/wp-json\/wp\/v2\/categories?post=199898"},{"taxonomy":"post_tag","embeddable":true,"href":"https:\/\/www.em.com.br\/emfoco\/wp-json\/wp\/v2\/tags?post=199898"}],"curies":[{"name":"wp","href":"https:\/\/api.w.org\/{rel}","templated":true}]}}