{"id":199897,"date":"2026-04-27T10:05:00","date_gmt":"2026-04-27T13:05:00","guid":{"rendered":"https:\/\/www.em.com.br\/emfoco\/?p=199897"},"modified":"2026-04-26T07:13:26","modified_gmt":"2026-04-26T10:13:26","slug":"gigante-da-industria-automotiva-entra-em-falencia-apos-168-anos-de-historia-com-provavel-corte-de-20-mil-funcionarios","status":"publish","type":"post","link":"https:\/\/www.em.com.br\/emfoco\/2026\/04\/27\/gigante-da-industria-automotiva-entra-em-falencia-apos-168-anos-de-historia-com-provavel-corte-de-20-mil-funcionarios\/","title":{"rendered":"Gigante da ind\u00fastria automotiva entra em fal\u00eancia ap\u00f3s 168 anos de hist\u00f3ria com prov\u00e1vel corte de 20 mil funcion\u00e1rios"},"content":{"rendered":"\n<p>A <strong>ind\u00fastria automotiva<\/strong> enfrenta um abalo hist\u00f3rico com o pedido de insolv\u00eancia da gigante alem\u00e3 Kiekert AG. Fundada em <strong>1857<\/strong>, a l\u00edder em sistemas de travamento sucumbiu a uma crise de liquidez sem precedentes em 2026.<\/p>\n\n\n\n<h2 class=\"wp-block-heading\">Por que uma l\u00edder de mercado entrou em colapso?<\/h2>\n\n\n\n<p>O colapso da Kiekert AG resultou da recusa de seus controladores chineses, o grupo <strong>North Lingyun Industrial<\/strong>, em injetar capital na unidade alem\u00e3. Segundo o CEO <strong>J\u00e9r\u00f4me Debreu<\/strong>, a aus\u00eancia desses recursos tornou a continuidade das opera\u00e7\u00f5es financeiramente invi\u00e1vel perante o tribunal.<\/p>\n\n\n\n<p>Al\u00e9m da gest\u00e3o interna, san\u00e7\u00f5es geopol\u00edticas e o aumento de tarifas sobre autope\u00e7as pressionaram as margens de lucro em mercados cruciais. O rebaixamento das classifica\u00e7\u00f5es de risco de cr\u00e9dito impediu que a empresa buscasse novos financiamentos para quitar d\u00edvidas operacionais acumuladas ao longo dos \u00faltimos anos.<\/p>\n\n\n<div class=\"wp-block-image\">\n<figure class=\"aligncenter size-large\"><img loading=\"lazy\" decoding=\"async\" width=\"1024\" height=\"576\" src=\"https:\/\/www.em.com.br\/emfoco\/wp-content\/uploads\/2026\/04\/image-200-1024x576.png\" alt=\"O fim de uma era com a fal\u00eancia confirmada de fabricante automotiva centen\u00e1ria\" class=\"wp-image-199901\" srcset=\"https:\/\/www.em.com.br\/emfoco\/wp-content\/uploads\/2026\/04\/image-200-1024x576.png 1024w, https:\/\/www.em.com.br\/emfoco\/wp-content\/uploads\/2026\/04\/image-200-300x169.png 300w, https:\/\/www.em.com.br\/emfoco\/wp-content\/uploads\/2026\/04\/image-200-768x432.png 768w, https:\/\/www.em.com.br\/emfoco\/wp-content\/uploads\/2026\/04\/image-200-750x422.png 750w, https:\/\/www.em.com.br\/emfoco\/wp-content\/uploads\/2026\/04\/image-200-1140x641.png 1140w, https:\/\/www.em.com.br\/emfoco\/wp-content\/uploads\/2026\/04\/image-200.png 1280w\" sizes=\"auto, (max-width: 1024px) 100vw, 1024px\" \/><figcaption class=\"wp-element-caption\">O fim de uma era com a fal\u00eancia confirmada de fabricante automotiva centen\u00e1ria &#8211; Cr\u00e9ditos: Divulga\u00e7\u00e3o\/Kiekert AG<\/figcaption><\/figure><\/div>\n\n\n<h2 class=\"wp-block-heading\">Qual o impacto desta fal\u00eancia na cadeia global?<\/h2>\n\n\n\n<p>A crise coloca em risco direto cerca de <strong>4.500 postos de trabalho<\/strong>, principalmente na sede em <strong>Heiligenhaus<\/strong>. Como a empresa fornece componentes de seguran\u00e7a essenciais para diversas montadoras, a interrup\u00e7\u00e3o da produ\u00e7\u00e3o pode gerar um efeito domin\u00f3 em linhas de montagem por todo o mundo.<\/p>\n\n\n\n<p>Para entender a import\u00e2ncia hist\u00f3rica da regi\u00e3o onde a empresa operava, o estado da <a href=\"https:\/\/pt.wikipedia.org\/wiki\/Ren%C3%A2nia_do_Norte-Vestf%C3%A1lia\" target=\"_blank\" rel=\"noreferrer noopener\"><strong>Ren\u00e2nia do Norte-Vestf\u00e1lia<\/strong><\/a> abriga um dos polos industriais mais antigos da Europa. O encerramento de atividades de uma companhia centen\u00e1ria nesse local sinaliza uma mudan\u00e7a dr\u00e1stica no setor.<\/p>\n\n\n\n<p>Confira os principais fatores da queda:<\/p>\n\n\n\n<ul class=\"wp-block-list\">\n<li><strong>Conflitos de Controle:<\/strong> diverg\u00eancias entre a gest\u00e3o alem\u00e3 e os donos chineses.<\/li>\n\n\n\n<li><strong>Barreiras de Cr\u00e9dito:<\/strong> dificuldade de acesso ao capital ocidental devido a san\u00e7\u00f5es.<\/li>\n\n\n\n<li><strong>Custos de Exporta\u00e7\u00e3o:<\/strong> tarifas elevadas que inviabilizaram a competitividade na <strong>Am\u00e9rica do Norte<\/strong>.<\/li>\n\n\n\n<li><strong>Risco Sist\u00eamico:<\/strong> depend\u00eancia excessiva de contratos globais sob press\u00e3o.<\/li>\n<\/ul>\n\n\n\n<h2 class=\"wp-block-heading\">O setor de autope\u00e7as vive uma crise sist\u00eamica?<\/h2>\n\n\n\n<p>O caso da Kiekert n\u00e3o \u00e9 isolado dentro da <strong>ind\u00fastria automotiva<\/strong> global em 2026. A americana <strong>First Brands Group<\/strong> tamb\u00e9m declarou fal\u00eancia recentemente, revelando um passivo bilion\u00e1rio que surpreendeu o mercado financeiro e as autoridades reguladoras dos <strong>Estados Unidos<\/strong>.<\/p>\n\n\n\n<p>Investiga\u00e7\u00f5es publicadas pelo <strong>Wall Street Journal<\/strong> apontam para o desaparecimento de mais de <strong>US$ 2 bilh\u00f5es<\/strong> das contas dessa fabricante. Essa instabilidade atinge marcas de renome como <strong>FRAM<\/strong> e <strong>TRICO<\/strong>, afetando diretamente a manuten\u00e7\u00e3o de ve\u00edculos em circula\u00e7\u00e3o.<\/p>\n\n\n\n<h2 class=\"wp-block-heading\">Como as grandes montadoras est\u00e3o reagindo \u00e0 crise?<\/h2>\n\n\n\n<p>As montadoras tamb\u00e9m enfrentam preju\u00edzos recordes e planos de reestrutura\u00e7\u00e3o agressivos para evitar o fechamento total. A <strong>Nissan<\/strong>, por exemplo, anunciou cortes profundos em sua for\u00e7a de trabalho e o encerramento de diversas f\u00e1bricas para tentar recuperar a sa\u00fade financeira at\u00e9 o pr\u00f3ximo ciclo fiscal.<\/p>\n\n\n\n<p>O plano denominado <strong>Re:Nissan<\/strong> prev\u00ea o corte de <strong>20 mil empregos<\/strong> e o fechamento de quase metade de suas unidades fabris. Essa retra\u00e7\u00e3o demonstra que nem mesmo as maiores corpora\u00e7\u00f5es do planeta est\u00e3o imunes \u00e0s transforma\u00e7\u00f5es estruturais e aos custos elevados de produ\u00e7\u00e3o atuais.<\/p>\n\n\n\n<p>Veja os impactos nas grandes empresas do setor:<\/p>\n\n\n<div class=\"wp-block-image\">\n<figure class=\"aligncenter size-large is-resized\"><img loading=\"lazy\" decoding=\"async\" width=\"1024\" height=\"622\" src=\"https:\/\/www.em.com.br\/emfoco\/wp-content\/uploads\/2026\/04\/image-212-1024x622.png\" alt=\"\" class=\"wp-image-199986\" style=\"width:820px;height:auto\" srcset=\"https:\/\/www.em.com.br\/emfoco\/wp-content\/uploads\/2026\/04\/image-212-1024x622.png 1024w, https:\/\/www.em.com.br\/emfoco\/wp-content\/uploads\/2026\/04\/image-212-300x182.png 300w, https:\/\/www.em.com.br\/emfoco\/wp-content\/uploads\/2026\/04\/image-212-768x467.png 768w, https:\/\/www.em.com.br\/emfoco\/wp-content\/uploads\/2026\/04\/image-212-750x456.png 750w, https:\/\/www.em.com.br\/emfoco\/wp-content\/uploads\/2026\/04\/image-212-1140x693.png 1140w, https:\/\/www.em.com.br\/emfoco\/wp-content\/uploads\/2026\/04\/image-212.png 1280w\" sizes=\"auto, (max-width: 1024px) 100vw, 1024px\" \/><\/figure><\/div>\n\n\n<p>Leia tamb\u00e9m: <a href=\"https:\/\/www.em.com.br\/emfoco\/2026\/04\/25\/vistoria-de-carro-reprovada-pode-gerar-gastos-extras-travar-documentos-e-ate-multas-veja-os-erros-mais-comuns-e-como-evitar\/\" target=\"_blank\" rel=\"noreferrer noopener\">Vistoria de carro reprovada pode gerar gastos extras, travar documentos e at\u00e9 multas: veja os erros mais comuns e como evitar<\/a><\/p>\n\n\n\n<h2 class=\"wp-block-heading\">O que esperar para o futuro da ind\u00fastria automotiva?<\/h2>\n\n\n\n<p>A fal\u00eancia de empresas com quase dois s\u00e9culos de hist\u00f3ria indica que a tradi\u00e7\u00e3o n\u00e3o \u00e9 mais garantia de sobreviv\u00eancia no mercado moderno. A <strong>ind\u00fastria automotiva<\/strong> passa por uma transi\u00e7\u00e3o dolorosa, onde a efici\u00eancia operacional e o acesso facilitado ao cr\u00e9dito s\u00e3o mais vitais do que nunca.<\/p>\n\n\n\n<p>Em resumo, o cen\u00e1rio atual exige cautela de investidores e governos. A queda da Kiekert AG serve como um aviso severo: sem inova\u00e7\u00e3o e seguran\u00e7a financeira, at\u00e9 os pilares mais antigos da economia global podem desabar, deixando milhares de trabalhadores e uma vasta rede de suprimentos em total incerteza.<\/p>\n","protected":false},"excerpt":{"rendered":"<p>A ind\u00fastria automotiva enfrenta um abalo hist\u00f3rico com o pedido de insolv\u00eancia da gigante alem\u00e3 Kiekert AG. Fundada em 1857, a l\u00edder em sistemas de travamento sucumbiu a uma crise de liquidez sem precedentes em 2026. Por que uma l\u00edder de mercado entrou em colapso? O colapso da Kiekert AG resultou da recusa de seus [&hellip;]<\/p>\n","protected":false},"author":30,"featured_media":199902,"comment_status":"open","ping_status":"open","sticky":false,"template":"","format":"standard","meta":{"jnews-multi-image_gallery":[],"jnews_single_post":{"format":"standard"},"jnews_primary_category":[],"jnews_social_meta":[],"jnews_override_counter":[],"footnotes":""},"categories":[138],"tags":[1116,4996,160,5478],"class_list":["post-199897","post","type-post","status-publish","format-standard","has-post-thumbnail","hentry","category-mundo","tag-carros","tag-crise","tag-economia","tag-falencia"],"yoast_head":"<!-- This site is optimized with the Yoast SEO plugin v23.8 - https:\/\/yoast.com\/wordpress\/plugins\/seo\/ -->\n<title>Gigante da ind\u00fastria automotiva entra em fal\u00eancia ap\u00f3s 168 anos de hist\u00f3ria com prov\u00e1vel corte de 20 mil funcion\u00e1rios - Estado de Minas - Em foco<\/title>\n<meta name=\"description\" content=\"Entenda por que esta gigante da ind\u00fastria automotiva entrou em fal\u00eancia ap\u00f3s 168 anos de hist\u00f3ria. Veja o caso da alem\u00e3 Kiekert AG.\" \/>\n<meta name=\"robots\" content=\"index, follow, max-snippet:-1, max-image-preview:large, max-video-preview:-1\" \/>\n<link rel=\"canonical\" href=\"https:\/\/www.em.com.br\/emfoco\/2026\/04\/27\/gigante-da-industria-automotiva-entra-em-falencia-apos-168-anos-de-historia-com-provavel-corte-de-20-mil-funcionarios\/\" \/>\n<meta property=\"og:locale\" content=\"pt_BR\" \/>\n<meta property=\"og:type\" content=\"article\" \/>\n<meta property=\"og:title\" content=\"Gigante da ind\u00fastria automotiva entra em fal\u00eancia ap\u00f3s 168 anos de hist\u00f3ria com prov\u00e1vel corte de 20 mil funcion\u00e1rios - Estado de Minas - Em foco\" \/>\n<meta property=\"og:description\" content=\"Entenda por que esta gigante da ind\u00fastria automotiva entrou em fal\u00eancia ap\u00f3s 168 anos de hist\u00f3ria. Veja o caso da alem\u00e3 Kiekert AG.\" \/>\n<meta property=\"og:url\" content=\"https:\/\/www.em.com.br\/emfoco\/2026\/04\/27\/gigante-da-industria-automotiva-entra-em-falencia-apos-168-anos-de-historia-com-provavel-corte-de-20-mil-funcionarios\/\" \/>\n<meta property=\"og:site_name\" content=\"Estado de Minas - Em foco\" \/>\n<meta property=\"article:published_time\" content=\"2026-04-27T13:05:00+00:00\" \/>\n<meta property=\"article:modified_time\" content=\"2026-04-26T10:13:26+00:00\" \/>\n<meta property=\"og:image\" content=\"https:\/\/www.em.com.br\/emfoco\/wp-content\/uploads\/2026\/04\/imagem.jpg\" \/>\n\t<meta property=\"og:image:width\" content=\"1280\" \/>\n\t<meta property=\"og:image:height\" content=\"720\" \/>\n\t<meta property=\"og:image:type\" content=\"image\/jpeg\" \/>\n<meta name=\"author\" content=\"Guilherme Ara\u00fajo\" \/>\n<meta name=\"twitter:card\" content=\"summary_large_image\" \/>\n<meta name=\"twitter:label1\" content=\"Escrito por\" \/>\n\t<meta name=\"twitter:data1\" content=\"Guilherme Ara\u00fajo\" \/>\n\t<meta name=\"twitter:label2\" content=\"Est. tempo de leitura\" \/>\n\t<meta name=\"twitter:data2\" content=\"4 minutos\" \/>\n<!-- \/ Yoast SEO plugin. -->","yoast_head_json":{"title":"Gigante da ind\u00fastria automotiva entra em fal\u00eancia ap\u00f3s 168 anos de hist\u00f3ria com prov\u00e1vel corte de 20 mil funcion\u00e1rios - Estado de Minas - Em foco","description":"Entenda por que esta gigante da ind\u00fastria automotiva entrou em fal\u00eancia ap\u00f3s 168 anos de hist\u00f3ria. Veja o caso da alem\u00e3 Kiekert AG.","robots":{"index":"index","follow":"follow","max-snippet":"max-snippet:-1","max-image-preview":"max-image-preview:large","max-video-preview":"max-video-preview:-1"},"canonical":"https:\/\/www.em.com.br\/emfoco\/2026\/04\/27\/gigante-da-industria-automotiva-entra-em-falencia-apos-168-anos-de-historia-com-provavel-corte-de-20-mil-funcionarios\/","og_locale":"pt_BR","og_type":"article","og_title":"Gigante da ind\u00fastria automotiva entra em fal\u00eancia ap\u00f3s 168 anos de hist\u00f3ria com prov\u00e1vel corte de 20 mil funcion\u00e1rios - Estado de Minas - Em foco","og_description":"Entenda por que esta gigante da ind\u00fastria automotiva entrou em fal\u00eancia ap\u00f3s 168 anos de hist\u00f3ria. Veja o caso da alem\u00e3 Kiekert AG.","og_url":"https:\/\/www.em.com.br\/emfoco\/2026\/04\/27\/gigante-da-industria-automotiva-entra-em-falencia-apos-168-anos-de-historia-com-provavel-corte-de-20-mil-funcionarios\/","og_site_name":"Estado de Minas - Em foco","article_published_time":"2026-04-27T13:05:00+00:00","article_modified_time":"2026-04-26T10:13:26+00:00","og_image":[{"width":1280,"height":720,"url":"https:\/\/www.em.com.br\/emfoco\/wp-content\/uploads\/2026\/04\/imagem.jpg","type":"image\/jpeg"}],"author":"Guilherme Ara\u00fajo","twitter_card":"summary_large_image","twitter_misc":{"Escrito por":"Guilherme Ara\u00fajo","Est. tempo de leitura":"4 minutos"},"schema":{"@context":"https:\/\/schema.org","@graph":[{"@type":"WebPage","@id":"https:\/\/www.em.com.br\/emfoco\/2026\/04\/27\/gigante-da-industria-automotiva-entra-em-falencia-apos-168-anos-de-historia-com-provavel-corte-de-20-mil-funcionarios\/","url":"https:\/\/www.em.com.br\/emfoco\/2026\/04\/27\/gigante-da-industria-automotiva-entra-em-falencia-apos-168-anos-de-historia-com-provavel-corte-de-20-mil-funcionarios\/","name":"Gigante da ind\u00fastria automotiva entra em fal\u00eancia ap\u00f3s 168 anos de hist\u00f3ria com prov\u00e1vel corte de 20 mil funcion\u00e1rios - Estado de Minas - Em foco","isPartOf":{"@id":"https:\/\/www.em.com.br\/emfoco\/#website"},"primaryImageOfPage":{"@id":"https:\/\/www.em.com.br\/emfoco\/2026\/04\/27\/gigante-da-industria-automotiva-entra-em-falencia-apos-168-anos-de-historia-com-provavel-corte-de-20-mil-funcionarios\/#primaryimage"},"image":{"@id":"https:\/\/www.em.com.br\/emfoco\/2026\/04\/27\/gigante-da-industria-automotiva-entra-em-falencia-apos-168-anos-de-historia-com-provavel-corte-de-20-mil-funcionarios\/#primaryimage"},"thumbnailUrl":"https:\/\/www.em.com.br\/emfoco\/wp-content\/uploads\/2026\/04\/imagem.jpg","datePublished":"2026-04-27T13:05:00+00:00","dateModified":"2026-04-26T10:13:26+00:00","author":{"@id":"https:\/\/www.em.com.br\/emfoco\/#\/schema\/person\/5379e929a4b966c775d121e23f9bb421"},"description":"Entenda por que esta gigante da ind\u00fastria automotiva entrou em fal\u00eancia ap\u00f3s 168 anos de hist\u00f3ria. Veja o caso da alem\u00e3 Kiekert AG.","breadcrumb":{"@id":"https:\/\/www.em.com.br\/emfoco\/2026\/04\/27\/gigante-da-industria-automotiva-entra-em-falencia-apos-168-anos-de-historia-com-provavel-corte-de-20-mil-funcionarios\/#breadcrumb"},"inLanguage":"pt-BR","potentialAction":[{"@type":"ReadAction","target":["https:\/\/www.em.com.br\/emfoco\/2026\/04\/27\/gigante-da-industria-automotiva-entra-em-falencia-apos-168-anos-de-historia-com-provavel-corte-de-20-mil-funcionarios\/"]}]},{"@type":"ImageObject","inLanguage":"pt-BR","@id":"https:\/\/www.em.com.br\/emfoco\/2026\/04\/27\/gigante-da-industria-automotiva-entra-em-falencia-apos-168-anos-de-historia-com-provavel-corte-de-20-mil-funcionarios\/#primaryimage","url":"https:\/\/www.em.com.br\/emfoco\/wp-content\/uploads\/2026\/04\/imagem.jpg","contentUrl":"https:\/\/www.em.com.br\/emfoco\/wp-content\/uploads\/2026\/04\/imagem.jpg","width":1280,"height":720},{"@type":"BreadcrumbList","@id":"https:\/\/www.em.com.br\/emfoco\/2026\/04\/27\/gigante-da-industria-automotiva-entra-em-falencia-apos-168-anos-de-historia-com-provavel-corte-de-20-mil-funcionarios\/#breadcrumb","itemListElement":[{"@type":"ListItem","position":1,"name":"In\u00edcio","item":"https:\/\/www.em.com.br\/emfoco\/"},{"@type":"ListItem","position":2,"name":"Gigante da ind\u00fastria automotiva entra em fal\u00eancia ap\u00f3s 168 anos de hist\u00f3ria com prov\u00e1vel corte de 20 mil funcion\u00e1rios"}]},{"@type":"WebSite","@id":"https:\/\/www.em.com.br\/emfoco\/#website","url":"https:\/\/www.em.com.br\/emfoco\/","name":"Estado de Minas - Em foco","description":"Acompanhe as \u00faltimas not\u00edcias e fique bem informado sobre tudo o que acontece em Minas Gerais, Brasil e no mundo.","potentialAction":[{"@type":"SearchAction","target":{"@type":"EntryPoint","urlTemplate":"https:\/\/www.em.com.br\/emfoco\/?s={search_term_string}"},"query-input":{"@type":"PropertyValueSpecification","valueRequired":true,"valueName":"search_term_string"}}],"inLanguage":"pt-BR"},{"@type":"Person","@id":"https:\/\/www.em.com.br\/emfoco\/#\/schema\/person\/5379e929a4b966c775d121e23f9bb421","name":"Guilherme Ara\u00fajo","image":{"@type":"ImageObject","inLanguage":"pt-BR","@id":"https:\/\/www.em.com.br\/emfoco\/#\/schema\/person\/image\/","url":"https:\/\/secure.gravatar.com\/avatar\/b8bf1fd0130e170bd8f5d7298dbafa25?s=96&d=mm&r=g","contentUrl":"https:\/\/secure.gravatar.com\/avatar\/b8bf1fd0130e170bd8f5d7298dbafa25?s=96&d=mm&r=g","caption":"Guilherme Ara\u00fajo"},"sameAs":["https:\/\/www.em.com.br\/emfoco"],"url":"https:\/\/www.em.com.br\/emfoco\/author\/guilhermeamyth\/"}]}},"_links":{"self":[{"href":"https:\/\/www.em.com.br\/emfoco\/wp-json\/wp\/v2\/posts\/199897","targetHints":{"allow":["GET"]}}],"collection":[{"href":"https:\/\/www.em.com.br\/emfoco\/wp-json\/wp\/v2\/posts"}],"about":[{"href":"https:\/\/www.em.com.br\/emfoco\/wp-json\/wp\/v2\/types\/post"}],"author":[{"embeddable":true,"href":"https:\/\/www.em.com.br\/emfoco\/wp-json\/wp\/v2\/users\/30"}],"replies":[{"embeddable":true,"href":"https:\/\/www.em.com.br\/emfoco\/wp-json\/wp\/v2\/comments?post=199897"}],"version-history":[{"count":3,"href":"https:\/\/www.em.com.br\/emfoco\/wp-json\/wp\/v2\/posts\/199897\/revisions"}],"predecessor-version":[{"id":199987,"href":"https:\/\/www.em.com.br\/emfoco\/wp-json\/wp\/v2\/posts\/199897\/revisions\/199987"}],"wp:featuredmedia":[{"embeddable":true,"href":"https:\/\/www.em.com.br\/emfoco\/wp-json\/wp\/v2\/media\/199902"}],"wp:attachment":[{"href":"https:\/\/www.em.com.br\/emfoco\/wp-json\/wp\/v2\/media?parent=199897"}],"wp:term":[{"taxonomy":"category","embeddable":true,"href":"https:\/\/www.em.com.br\/emfoco\/wp-json\/wp\/v2\/categories?post=199897"},{"taxonomy":"post_tag","embeddable":true,"href":"https:\/\/www.em.com.br\/emfoco\/wp-json\/wp\/v2\/tags?post=199897"}],"curies":[{"name":"wp","href":"https:\/\/api.w.org\/{rel}","templated":true}]}}