{"id":199858,"date":"2026-04-27T06:25:00","date_gmt":"2026-04-27T09:25:00","guid":{"rendered":"https:\/\/www.em.com.br\/emfoco\/?p=199858"},"modified":"2026-04-26T07:13:29","modified_gmt":"2026-04-26T10:13:29","slug":"4-plantas-que-nao-precisam-de-sol-direto-e-transformam-corredores-escuros-em-cantinhos-verdes","status":"publish","type":"post","link":"https:\/\/www.em.com.br\/emfoco\/2026\/04\/27\/4-plantas-que-nao-precisam-de-sol-direto-e-transformam-corredores-escuros-em-cantinhos-verdes\/","title":{"rendered":"4 plantas que n\u00e3o precisam de sol direto e transformam corredores escuros em cantinhos verdes"},"content":{"rendered":"\n<p>As <strong>plantas<\/strong> que prosperam na sombra s\u00e3o a<strong> solu\u00e7\u00e3o perfeita <\/strong>para dar vida a corredores e salas com pouca ilumina\u00e7\u00e3o natural. Escolher esp\u00e9cies que toleram luz difusa garante um ambiente verde e saud\u00e1vel sem exigir rotinas complexas.<\/p>\n\n\n\n<h2 class=\"wp-block-heading\">Por que a zamioculca \u00e9 a melhor escolha para locais escuros?<\/h2>\n\n\n\n<p>Origin\u00e1ria da \u00c1frica Oriental, a zamioculca \u00e9 famosa por sua resili\u00eancia extrema em ambientes com quase nenhuma luz solar direta. Ela armazena \u00e1gua em rizomas subterr\u00e2neos, o que permite que a esp\u00e9cie sobreviva a longos per\u00edodos de seca sem perder o brilho de suas folhas.<\/p>\n\n\n\n<p>Segundo o <strong>Laborat\u00f3rio de Sistem\u00e1tica de Plantas Vasculares da USP<\/strong>, essa planta atinge at\u00e9 um metro de altura e exige pouqu\u00edssima manuten\u00e7\u00e3o. O maior erro no seu cultivo \u00e9 o excesso de \u00e1gua, por isso, a recomenda\u00e7\u00e3o t\u00e9cnica \u00e9 regar apenas quando o substrato estiver completamente seco ao toque.<\/p>\n\n\n<div class=\"wp-block-image\">\n<figure class=\"aligncenter size-large\"><img loading=\"lazy\" decoding=\"async\" width=\"1024\" height=\"576\" src=\"https:\/\/www.em.com.br\/emfoco\/wp-content\/uploads\/2026\/04\/escuro2-1024x576.jpg\" alt=\"\" class=\"wp-image-199890\" srcset=\"https:\/\/www.em.com.br\/emfoco\/wp-content\/uploads\/2026\/04\/escuro2-1024x576.jpg 1024w, https:\/\/www.em.com.br\/emfoco\/wp-content\/uploads\/2026\/04\/escuro2-300x169.jpg 300w, https:\/\/www.em.com.br\/emfoco\/wp-content\/uploads\/2026\/04\/escuro2-768x432.jpg 768w, https:\/\/www.em.com.br\/emfoco\/wp-content\/uploads\/2026\/04\/escuro2-750x422.jpg 750w, https:\/\/www.em.com.br\/emfoco\/wp-content\/uploads\/2026\/04\/escuro2-1140x641.jpg 1140w, https:\/\/www.em.com.br\/emfoco\/wp-content\/uploads\/2026\/04\/escuro2.jpg 1280w\" sizes=\"auto, (max-width: 1024px) 100vw, 1024px\" \/><figcaption class=\"wp-element-caption\">Use plantas que n\u00e3o precisam de sol direto para renovar corredores vazios<\/figcaption><\/figure><\/div>\n\n\n<h2 class=\"wp-block-heading\">Como a espada-de-s\u00e3o-jorge atua na limpeza do ar?<\/h2>\n\n\n\n<p>A espada-de-s\u00e3o-jorge \u00e9 considerada quase indestrut\u00edvel, suportando varia\u00e7\u00f5es bruscas de temperatura e umidade que matariam outras esp\u00e9cies. Al\u00e9m de sua resist\u00eancia, ela possui uma fun\u00e7\u00e3o biol\u00f3gica importante na remo\u00e7\u00e3o de compostos org\u00e2nicos vol\u00e1teis presentes em m\u00f3veis e tintas.<\/p>\n\n\n\n<p>Um estudo analisado pelo <a href=\"https:\/\/ibape-nacional.com.br\/\" target=\"_blank\" rel=\"noreferrer noopener\"><strong>IBAPE Naciona<\/strong><\/a><strong><a href=\"https:\/\/biblioteca.ibape-nacional.com.br\/wp-content\/uploads\/2025\/12\/5195.pdf\" target=\"_blank\" rel=\"noreferrer noopener\">l<\/a><\/strong> confirma que ela filtra toxinas como o benzeno e o formalde\u00eddo. Por ser uma das <strong>plantas<\/strong> que mais purificam o ar em ambientes internos, ela \u00e9 ideal para corredores estreitos e quartos com pouca circula\u00e7\u00e3o de oxig\u00eanio.<\/p>\n\n\n\n<p>Confira os benef\u00edcios de ter essa esp\u00e9cie em casa:<\/p>\n\n\n\n<ul class=\"wp-block-list\">\n<li><strong>Purifica\u00e7\u00e3o:<\/strong> absorve gases t\u00f3xicos emitidos por materiais sint\u00e9ticos.<\/li>\n\n\n\n<li><strong>Resili\u00eancia:<\/strong> sobrevive em locais com sombra total ou luz artificial.<\/li>\n\n\n\n<li><strong>Baixa manuten\u00e7\u00e3o:<\/strong> exige regas esparsas, a cada 15 ou 20 dias.<\/li>\n\n\n\n<li><strong>Est\u00e9tica:<\/strong> suas folhas verticais economizam espa\u00e7o em corredores.<\/li>\n<\/ul>\n\n\n\n<h2 class=\"wp-block-heading\">O l\u00edrio-da-paz pode florescer sem a luz do sol?<\/h2>\n\n\n\n<p>Nativo de florestas tropicais, o l\u00edrio-da-paz cresce naturalmente sob a copa das \u00e1rvores, protegido da incid\u00eancia direta dos raios solares. Isso o torna ideal para ambientes de meia-sombra, onde ele consegue produzir suas famosas flores brancas com perfume suave ao longo de todo o ano.<\/p>\n\n\n\n<p>Dados t\u00e9cnicos do <strong><a href=\"https:\/\/sites.usp.br\/jardimdabotanicausprp\/lirio-da-paz-spathiphyllum-wallisii\/\" target=\"_blank\" rel=\"noreferrer noopener\">Jardim Bot\u00e2nico da USP em Ribeir\u00e3o Preto<\/a><\/strong> indicam que a temperatura ideal para a planta deve ser superior a 15 \u00b0C. Em locais muito frios ou escuros demais, ela pode parar de florescer, mas continua mantendo suas folhagens verdes se o solo estiver levemente \u00famido.<\/p>\n\n\n\n<h2 class=\"wp-block-heading\">Qual \u00e9 a versatilidade da jib\u00f3ia na decora\u00e7\u00e3o de interiores?<\/h2>\n\n\n\n<p>A jib\u00f3ia \u00e9 uma trepadeira de crescimento r\u00e1pido que se adapta a prateleiras altas e suportes verticais em corredores longos. Suas folhas variegadas refletem a pouca luminosidade dispon\u00edvel, ajudando a criar uma sensa\u00e7\u00e3o visual de que o ambiente interno \u00e9 mais claro e arejado.<\/p>\n\n\n\n<p>Diferente de outras <strong>plantas<\/strong> pendentes, ela suporta bem a rega irregular, mas deve ser mantida longe do alcance de animais de estima\u00e7\u00e3o por ser t\u00f3xica se ingerida. Para quem busca um visual de &#8220;selva urbana&#8221; sem o trabalho de uma horta, a jib\u00f3ia \u00e9 a escolha mais pr\u00e1tica e visualmente atraente.<\/p>\n\n\n<div class=\"wp-block-image\">\n<figure class=\"aligncenter size-large\"><img loading=\"lazy\" decoding=\"async\" width=\"1024\" height=\"576\" src=\"https:\/\/www.em.com.br\/emfoco\/wp-content\/uploads\/2026\/04\/na-sombra-1024x576.jpg\" alt=\"\" class=\"wp-image-199891\" srcset=\"https:\/\/www.em.com.br\/emfoco\/wp-content\/uploads\/2026\/04\/na-sombra-1024x576.jpg 1024w, https:\/\/www.em.com.br\/emfoco\/wp-content\/uploads\/2026\/04\/na-sombra-300x169.jpg 300w, https:\/\/www.em.com.br\/emfoco\/wp-content\/uploads\/2026\/04\/na-sombra-768x432.jpg 768w, https:\/\/www.em.com.br\/emfoco\/wp-content\/uploads\/2026\/04\/na-sombra-750x422.jpg 750w, https:\/\/www.em.com.br\/emfoco\/wp-content\/uploads\/2026\/04\/na-sombra-1140x641.jpg 1140w, https:\/\/www.em.com.br\/emfoco\/wp-content\/uploads\/2026\/04\/na-sombra.jpg 1280w\" sizes=\"auto, (max-width: 1024px) 100vw, 1024px\" \/><figcaption class=\"wp-element-caption\">Plantas para sombra s\u00e3o a solu\u00e7\u00e3o ideal para transformar os corredores da sua casa<\/figcaption><\/figure><\/div>\n\n\n<h2 class=\"wp-block-heading\">Como manter a sa\u00fade das plantas em ambientes sem janelas?<\/h2>\n\n\n\n<p>O maior inimigo das <strong><a href=\"https:\/\/www.em.com.br\/emfoco\/2026\/04\/25\/5-plantas-exoticas-brasileiras-que-chamam-atencao-pelo-visual-e-mudam-o-clima-do-jardim\/\" target=\"_blank\" rel=\"noreferrer noopener\">plantas de interior<\/a> <\/strong>n\u00e3o \u00e9 a falta de sol, mas o apodrecimento das ra\u00edzes causado pelo excesso de rega em locais sem ventila\u00e7\u00e3o. Em corredores totalmente fechados, uma solu\u00e7\u00e3o eficiente \u00e9 o uso de l\u00e2mpadas LED de espectro completo para suprir a necessidade de fotoss\u00edntese.<\/p>\n\n\n\n<p>Veja as principais orienta\u00e7\u00f5es de cuidado na tabela abaixo:<\/p>\n\n\n<div class=\"wp-block-image\">\n<figure class=\"aligncenter size-large is-resized\"><img loading=\"lazy\" decoding=\"async\" width=\"1024\" height=\"682\" src=\"https:\/\/www.em.com.br\/emfoco\/wp-content\/uploads\/2026\/04\/image-220-1024x682.png\" alt=\"\" class=\"wp-image-200002\" style=\"width:834px;height:auto\" srcset=\"https:\/\/www.em.com.br\/emfoco\/wp-content\/uploads\/2026\/04\/image-220-1024x682.png 1024w, https:\/\/www.em.com.br\/emfoco\/wp-content\/uploads\/2026\/04\/image-220-300x200.png 300w, https:\/\/www.em.com.br\/emfoco\/wp-content\/uploads\/2026\/04\/image-220-768x511.png 768w, https:\/\/www.em.com.br\/emfoco\/wp-content\/uploads\/2026\/04\/image-220-750x499.png 750w, https:\/\/www.em.com.br\/emfoco\/wp-content\/uploads\/2026\/04\/image-220-1140x759.png 1140w, https:\/\/www.em.com.br\/emfoco\/wp-content\/uploads\/2026\/04\/image-220.png 1280w\" sizes=\"auto, (max-width: 1024px) 100vw, 1024px\" \/><\/figure><\/div>\n\n\n<h2 class=\"wp-block-heading\">Vale a pena investir no verde para corredores?<\/h2>\n\n\n\n<p>Transformar espa\u00e7os antes ignorados em cantinhos verdes melhora n\u00e3o apenas a est\u00e9tica da casa, mas tamb\u00e9m o bem-estar psicol\u00f3gico dos moradores. As <strong>plantas<\/strong> certas trazem frescor e ajudam a quebrar a monotonia de \u00e1reas de passagem que costumam ser escuras e frias.<\/p>\n\n\n\n<p>Seguindo as recomenda\u00e7\u00f5es de rega e ilumina\u00e7\u00e3o artificial quando necess\u00e1rio, \u00e9 poss\u00edvel manter um jardim interno exuberante durante todo o ano. Comece com esp\u00e9cies robustas como a zamioculca e sinta a diferen\u00e7a que a natureza faz na energia do seu lar, independentemente do tamanho da sua janela.<\/p>\n","protected":false},"excerpt":{"rendered":"<p>As plantas que prosperam na sombra s\u00e3o a solu\u00e7\u00e3o perfeita para dar vida a corredores e salas com pouca ilumina\u00e7\u00e3o natural. Escolher esp\u00e9cies que toleram luz difusa garante um ambiente verde e saud\u00e1vel sem exigir rotinas complexas. Por que a zamioculca \u00e9 a melhor escolha para locais escuros? Origin\u00e1ria da \u00c1frica Oriental, a zamioculca \u00e9 [&hellip;]<\/p>\n","protected":false},"author":30,"featured_media":199889,"comment_status":"open","ping_status":"open","sticky":false,"template":"","format":"standard","meta":{"jnews-multi-image_gallery":[],"jnews_single_post":{"format":"standard"},"jnews_primary_category":[],"jnews_social_meta":[],"jnews_override_counter":[],"footnotes":""},"categories":[8691],"tags":[4687,12289,3358,12369],"class_list":["post-199858","post","type-post","status-publish","format-standard","has-post-thumbnail","hentry","category-bem-estar","tag-decoracao","tag-interiores","tag-jardinagem","tag-sombra"],"yoast_head":"<!-- This site is optimized with the Yoast SEO plugin v23.8 - https:\/\/yoast.com\/wordpress\/plugins\/seo\/ -->\n<title>4 plantas que n\u00e3o precisam de sol direto e transformam corredores escuros em cantinhos verdes - Estado de Minas - Em foco<\/title>\n<meta name=\"description\" content=\"Conhe\u00e7a 4 plantas que n\u00e3o precisam de sol direto e transformam corredores escuros em cantinhos verdes. Veja as esp\u00e9cies para pouca luz agora.\" \/>\n<meta name=\"robots\" content=\"index, follow, max-snippet:-1, max-image-preview:large, max-video-preview:-1\" \/>\n<link rel=\"canonical\" href=\"https:\/\/www.em.com.br\/emfoco\/2026\/04\/27\/4-plantas-que-nao-precisam-de-sol-direto-e-transformam-corredores-escuros-em-cantinhos-verdes\/\" \/>\n<meta property=\"og:locale\" content=\"pt_BR\" \/>\n<meta property=\"og:type\" content=\"article\" \/>\n<meta property=\"og:title\" content=\"4 plantas que n\u00e3o precisam de sol direto e transformam corredores escuros em cantinhos verdes - Estado de Minas - Em foco\" \/>\n<meta property=\"og:description\" content=\"Conhe\u00e7a 4 plantas que n\u00e3o precisam de sol direto e transformam corredores escuros em cantinhos verdes. Veja as esp\u00e9cies para pouca luz agora.\" \/>\n<meta property=\"og:url\" content=\"https:\/\/www.em.com.br\/emfoco\/2026\/04\/27\/4-plantas-que-nao-precisam-de-sol-direto-e-transformam-corredores-escuros-em-cantinhos-verdes\/\" \/>\n<meta property=\"og:site_name\" content=\"Estado de Minas - Em foco\" \/>\n<meta property=\"article:published_time\" content=\"2026-04-27T09:25:00+00:00\" \/>\n<meta property=\"article:modified_time\" content=\"2026-04-26T10:13:29+00:00\" \/>\n<meta property=\"og:image\" content=\"https:\/\/www.em.com.br\/emfoco\/wp-content\/uploads\/2026\/04\/corredor1.jpg\" \/>\n\t<meta property=\"og:image:width\" content=\"1280\" \/>\n\t<meta property=\"og:image:height\" content=\"720\" \/>\n\t<meta property=\"og:image:type\" content=\"image\/jpeg\" \/>\n<meta name=\"author\" content=\"Guilherme Ara\u00fajo\" \/>\n<meta name=\"twitter:card\" content=\"summary_large_image\" \/>\n<meta name=\"twitter:label1\" content=\"Escrito por\" \/>\n\t<meta name=\"twitter:data1\" content=\"Guilherme Ara\u00fajo\" \/>\n\t<meta name=\"twitter:label2\" content=\"Est. tempo de leitura\" \/>\n\t<meta name=\"twitter:data2\" content=\"5 minutos\" \/>\n<!-- \/ Yoast SEO plugin. -->","yoast_head_json":{"title":"4 plantas que n\u00e3o precisam de sol direto e transformam corredores escuros em cantinhos verdes - Estado de Minas - Em foco","description":"Conhe\u00e7a 4 plantas que n\u00e3o precisam de sol direto e transformam corredores escuros em cantinhos verdes. Veja as esp\u00e9cies para pouca luz agora.","robots":{"index":"index","follow":"follow","max-snippet":"max-snippet:-1","max-image-preview":"max-image-preview:large","max-video-preview":"max-video-preview:-1"},"canonical":"https:\/\/www.em.com.br\/emfoco\/2026\/04\/27\/4-plantas-que-nao-precisam-de-sol-direto-e-transformam-corredores-escuros-em-cantinhos-verdes\/","og_locale":"pt_BR","og_type":"article","og_title":"4 plantas que n\u00e3o precisam de sol direto e transformam corredores escuros em cantinhos verdes - Estado de Minas - Em foco","og_description":"Conhe\u00e7a 4 plantas que n\u00e3o precisam de sol direto e transformam corredores escuros em cantinhos verdes. Veja as esp\u00e9cies para pouca luz agora.","og_url":"https:\/\/www.em.com.br\/emfoco\/2026\/04\/27\/4-plantas-que-nao-precisam-de-sol-direto-e-transformam-corredores-escuros-em-cantinhos-verdes\/","og_site_name":"Estado de Minas - Em foco","article_published_time":"2026-04-27T09:25:00+00:00","article_modified_time":"2026-04-26T10:13:29+00:00","og_image":[{"width":1280,"height":720,"url":"https:\/\/www.em.com.br\/emfoco\/wp-content\/uploads\/2026\/04\/corredor1.jpg","type":"image\/jpeg"}],"author":"Guilherme Ara\u00fajo","twitter_card":"summary_large_image","twitter_misc":{"Escrito por":"Guilherme Ara\u00fajo","Est. tempo de leitura":"5 minutos"},"schema":{"@context":"https:\/\/schema.org","@graph":[{"@type":"WebPage","@id":"https:\/\/www.em.com.br\/emfoco\/2026\/04\/27\/4-plantas-que-nao-precisam-de-sol-direto-e-transformam-corredores-escuros-em-cantinhos-verdes\/","url":"https:\/\/www.em.com.br\/emfoco\/2026\/04\/27\/4-plantas-que-nao-precisam-de-sol-direto-e-transformam-corredores-escuros-em-cantinhos-verdes\/","name":"4 plantas que n\u00e3o precisam de sol direto e transformam corredores escuros em cantinhos verdes - Estado de Minas - Em foco","isPartOf":{"@id":"https:\/\/www.em.com.br\/emfoco\/#website"},"primaryImageOfPage":{"@id":"https:\/\/www.em.com.br\/emfoco\/2026\/04\/27\/4-plantas-que-nao-precisam-de-sol-direto-e-transformam-corredores-escuros-em-cantinhos-verdes\/#primaryimage"},"image":{"@id":"https:\/\/www.em.com.br\/emfoco\/2026\/04\/27\/4-plantas-que-nao-precisam-de-sol-direto-e-transformam-corredores-escuros-em-cantinhos-verdes\/#primaryimage"},"thumbnailUrl":"https:\/\/www.em.com.br\/emfoco\/wp-content\/uploads\/2026\/04\/corredor1.jpg","datePublished":"2026-04-27T09:25:00+00:00","dateModified":"2026-04-26T10:13:29+00:00","author":{"@id":"https:\/\/www.em.com.br\/emfoco\/#\/schema\/person\/5379e929a4b966c775d121e23f9bb421"},"description":"Conhe\u00e7a 4 plantas que n\u00e3o precisam de sol direto e transformam corredores escuros em cantinhos verdes. Veja as esp\u00e9cies para pouca luz agora.","breadcrumb":{"@id":"https:\/\/www.em.com.br\/emfoco\/2026\/04\/27\/4-plantas-que-nao-precisam-de-sol-direto-e-transformam-corredores-escuros-em-cantinhos-verdes\/#breadcrumb"},"inLanguage":"pt-BR","potentialAction":[{"@type":"ReadAction","target":["https:\/\/www.em.com.br\/emfoco\/2026\/04\/27\/4-plantas-que-nao-precisam-de-sol-direto-e-transformam-corredores-escuros-em-cantinhos-verdes\/"]}]},{"@type":"ImageObject","inLanguage":"pt-BR","@id":"https:\/\/www.em.com.br\/emfoco\/2026\/04\/27\/4-plantas-que-nao-precisam-de-sol-direto-e-transformam-corredores-escuros-em-cantinhos-verdes\/#primaryimage","url":"https:\/\/www.em.com.br\/emfoco\/wp-content\/uploads\/2026\/04\/corredor1.jpg","contentUrl":"https:\/\/www.em.com.br\/emfoco\/wp-content\/uploads\/2026\/04\/corredor1.jpg","width":1280,"height":720},{"@type":"BreadcrumbList","@id":"https:\/\/www.em.com.br\/emfoco\/2026\/04\/27\/4-plantas-que-nao-precisam-de-sol-direto-e-transformam-corredores-escuros-em-cantinhos-verdes\/#breadcrumb","itemListElement":[{"@type":"ListItem","position":1,"name":"In\u00edcio","item":"https:\/\/www.em.com.br\/emfoco\/"},{"@type":"ListItem","position":2,"name":"4 plantas que n\u00e3o precisam de sol direto e transformam corredores escuros em cantinhos verdes"}]},{"@type":"WebSite","@id":"https:\/\/www.em.com.br\/emfoco\/#website","url":"https:\/\/www.em.com.br\/emfoco\/","name":"Estado de Minas - Em foco","description":"Acompanhe as \u00faltimas not\u00edcias e fique bem informado sobre tudo o que acontece em Minas Gerais, Brasil e no mundo.","potentialAction":[{"@type":"SearchAction","target":{"@type":"EntryPoint","urlTemplate":"https:\/\/www.em.com.br\/emfoco\/?s={search_term_string}"},"query-input":{"@type":"PropertyValueSpecification","valueRequired":true,"valueName":"search_term_string"}}],"inLanguage":"pt-BR"},{"@type":"Person","@id":"https:\/\/www.em.com.br\/emfoco\/#\/schema\/person\/5379e929a4b966c775d121e23f9bb421","name":"Guilherme Ara\u00fajo","image":{"@type":"ImageObject","inLanguage":"pt-BR","@id":"https:\/\/www.em.com.br\/emfoco\/#\/schema\/person\/image\/","url":"https:\/\/secure.gravatar.com\/avatar\/b8bf1fd0130e170bd8f5d7298dbafa25?s=96&d=mm&r=g","contentUrl":"https:\/\/secure.gravatar.com\/avatar\/b8bf1fd0130e170bd8f5d7298dbafa25?s=96&d=mm&r=g","caption":"Guilherme Ara\u00fajo"},"sameAs":["https:\/\/www.em.com.br\/emfoco"],"url":"https:\/\/www.em.com.br\/emfoco\/author\/guilhermeamyth\/"}]}},"_links":{"self":[{"href":"https:\/\/www.em.com.br\/emfoco\/wp-json\/wp\/v2\/posts\/199858","targetHints":{"allow":["GET"]}}],"collection":[{"href":"https:\/\/www.em.com.br\/emfoco\/wp-json\/wp\/v2\/posts"}],"about":[{"href":"https:\/\/www.em.com.br\/emfoco\/wp-json\/wp\/v2\/types\/post"}],"author":[{"embeddable":true,"href":"https:\/\/www.em.com.br\/emfoco\/wp-json\/wp\/v2\/users\/30"}],"replies":[{"embeddable":true,"href":"https:\/\/www.em.com.br\/emfoco\/wp-json\/wp\/v2\/comments?post=199858"}],"version-history":[{"count":5,"href":"https:\/\/www.em.com.br\/emfoco\/wp-json\/wp\/v2\/posts\/199858\/revisions"}],"predecessor-version":[{"id":200021,"href":"https:\/\/www.em.com.br\/emfoco\/wp-json\/wp\/v2\/posts\/199858\/revisions\/200021"}],"wp:featuredmedia":[{"embeddable":true,"href":"https:\/\/www.em.com.br\/emfoco\/wp-json\/wp\/v2\/media\/199889"}],"wp:attachment":[{"href":"https:\/\/www.em.com.br\/emfoco\/wp-json\/wp\/v2\/media?parent=199858"}],"wp:term":[{"taxonomy":"category","embeddable":true,"href":"https:\/\/www.em.com.br\/emfoco\/wp-json\/wp\/v2\/categories?post=199858"},{"taxonomy":"post_tag","embeddable":true,"href":"https:\/\/www.em.com.br\/emfoco\/wp-json\/wp\/v2\/tags?post=199858"}],"curies":[{"name":"wp","href":"https:\/\/api.w.org\/{rel}","templated":true}]}}