{"id":199855,"date":"2026-04-27T09:55:00","date_gmt":"2026-04-27T12:55:00","guid":{"rendered":"https:\/\/www.em.com.br\/emfoco\/?p=199855"},"modified":"2026-04-26T07:13:28","modified_gmt":"2026-04-26T10:13:28","slug":"3-plantas-perfeitas-para-quem-nao-tem-tempo-e-quer-deixar-a-casa-mais-verde","status":"publish","type":"post","link":"https:\/\/www.em.com.br\/emfoco\/2026\/04\/27\/3-plantas-perfeitas-para-quem-nao-tem-tempo-e-quer-deixar-a-casa-mais-verde\/","title":{"rendered":"3 plantas perfeitas para quem n\u00e3o tem tempo e quer deixar a casa mais verde"},"content":{"rendered":"\n<p>As plantas de baixa manuten\u00e7\u00e3o s\u00e3o a solu\u00e7\u00e3o ideal para quem deseja decorar ambientes internos sem enfrentar rotinas complexas de rega. Esp\u00e9cies como a <strong>zamioculca <\/strong>e a <strong>espada-de-s\u00e3o-jorge<\/strong> destacam-se pela alta resist\u00eancia e adaptabilidade.<\/p>\n\n\n\n<h2 class=\"wp-block-heading\">Por que a zamioculca \u00e9 considerada indestrut\u00edvel?<\/h2>\n\n\n\n<p>Origin\u00e1ria das savanas da <strong>\u00c1frica<\/strong>, a zamioculca possui rizomas subterr\u00e2neos que funcionam como reservat\u00f3rios biol\u00f3gicos de \u00e1gua e nutrientes. Essa estrutura permite que a esp\u00e9cie sobreviva por semanas sem hidrata\u00e7\u00e3o, sendo perfeita para quem viaja com frequ\u00eancia ou esquece a rega.<\/p>\n\n\n\n<p>Segundo o guia da <strong>MadeiraMadeira<\/strong>, ela prefere luz indireta, j\u00e1 que o sol forte pode queimar suas folhas cerosas. O substrato deve ser bem dren\u00e1vel, combinando terra vegetal e areia, garantindo que o rizoma n\u00e3o apodre\u00e7a pelo ac\u00famulo excessivo de umidade no fundo do vaso.<\/p>\n\n\n<div class=\"wp-block-image\">\n<figure class=\"aligncenter size-large\"><img loading=\"lazy\" decoding=\"async\" width=\"1024\" height=\"576\" src=\"https:\/\/www.em.com.br\/emfoco\/wp-content\/uploads\/2026\/04\/esapda-sao-jorge-1-1024x576.jpg\" alt=\"O segredo para ter plantas lindas em casa mesmo com o dia a dia agitado\" class=\"wp-image-199884\" srcset=\"https:\/\/www.em.com.br\/emfoco\/wp-content\/uploads\/2026\/04\/esapda-sao-jorge-1-1024x576.jpg 1024w, https:\/\/www.em.com.br\/emfoco\/wp-content\/uploads\/2026\/04\/esapda-sao-jorge-1-300x169.jpg 300w, https:\/\/www.em.com.br\/emfoco\/wp-content\/uploads\/2026\/04\/esapda-sao-jorge-1-768x432.jpg 768w, https:\/\/www.em.com.br\/emfoco\/wp-content\/uploads\/2026\/04\/esapda-sao-jorge-1-750x422.jpg 750w, https:\/\/www.em.com.br\/emfoco\/wp-content\/uploads\/2026\/04\/esapda-sao-jorge-1-1140x641.jpg 1140w, https:\/\/www.em.com.br\/emfoco\/wp-content\/uploads\/2026\/04\/esapda-sao-jorge-1.jpg 1280w\" sizes=\"auto, (max-width: 1024px) 100vw, 1024px\" \/><figcaption class=\"wp-element-caption\">O segredo para ter plantas lindas em casa mesmo com o dia a dia agitado<\/figcaption><\/figure><\/div>\n\n\n<h2 class=\"wp-block-heading\">Qual a efic\u00e1cia da espada-de-s\u00e3o-jorge na limpeza do ar?<\/h2>\n\n\n\n<p>A espada-de-s\u00e3o-jorge \u00e9 mundialmente famosa por sua capacidade de filtrar poluentes em espa\u00e7os fechados. Um estudo cl\u00e1ssico conduzido pela <a href=\"https:\/\/www.nasa.gov\/\" target=\"_blank\" rel=\"noreferrer noopener\"><strong>NASA<\/strong><\/a> identificou que a esp\u00e9cie absorve toxinas como benzeno e formalde\u00eddo, comuns em produtos de limpeza e tintas.<\/p>\n\n\n\n<p>Embora pesquisas publicadas no <strong>Journal of Exposure Science &amp; Environmental Epidemiology<\/strong> contextualizem que seriam necess\u00e1rias muitas unidades para uma purifica\u00e7\u00e3o total, sua resist\u00eancia \u00e9 ineg\u00e1vel. Ela tolera desde o sol direto at\u00e9 a sombra total, exigindo regas esparsas a cada <strong>15 ou 20 dias<\/strong>.<\/p>\n\n\n\n<p>Confira os cuidados b\u00e1sicos com esta esp\u00e9cie:<\/p>\n\n\n\n<ul class=\"wp-block-list\">\n<li><strong>Luz:<\/strong> extremamente vers\u00e1til, aceita sol pleno ou ambientes escuros.<\/li>\n\n\n\n<li><strong>Rega:<\/strong> apenas quando o solo estiver completamente seco ao toque.<\/li>\n\n\n\n<li><strong>Toxicidade:<\/strong> deve ficar longe de pets, pois pode causar irrita\u00e7\u00e3o g\u00e1strica.<\/li>\n\n\n\n<li><strong>Solo:<\/strong> prefere misturas leves que evitem o encharcamento das ra\u00edzes.<\/li>\n<\/ul>\n\n\n\n<h2 class=\"wp-block-heading\">O pothos \u00e9 a melhor escolha para iniciantes em jardinagem?<\/h2>\n\n\n\n<p>O pothos, conhecido popularmente como jiboia, \u00e9 uma trepadeira de crescimento acelerado que pode atingir <strong>45 cm<\/strong> por m\u00eas. Sua facilidade de propaga\u00e7\u00e3o e resili\u00eancia em ambientes com pouca luz natural fazem dela a favorita para quem est\u00e1 come\u00e7ando a cultivar <strong>plantas<\/strong>.<\/p>\n\n\n\n<p>De acordo com o portal <strong>eCycle<\/strong>, essa esp\u00e9cie indica claramente quando precisa de \u00e1gua, apresentando folhas levemente murchas. Al\u00e9m da est\u00e9tica pendente que valoriza prateleiras, ela \u00e9 de f\u00e1cil reprodu\u00e7\u00e3o, bastando colocar um pequeno corte do caule na \u00e1gua para criar ra\u00edzes em poucos dias.<\/p>\n\n\n<div class=\"wp-block-image\">\n<figure class=\"aligncenter size-large\"><img loading=\"lazy\" decoding=\"async\" width=\"1024\" height=\"576\" src=\"https:\/\/www.em.com.br\/emfoco\/wp-content\/uploads\/2026\/04\/planta-na-sombra-1-1024x576.jpg\" alt=\"Plantas que n\u00e3o morrem f\u00e1cil s\u00e3o a solu\u00e7\u00e3o para deixar sua casa mais viva\" class=\"wp-image-199882\" srcset=\"https:\/\/www.em.com.br\/emfoco\/wp-content\/uploads\/2026\/04\/planta-na-sombra-1-1024x576.jpg 1024w, https:\/\/www.em.com.br\/emfoco\/wp-content\/uploads\/2026\/04\/planta-na-sombra-1-300x169.jpg 300w, https:\/\/www.em.com.br\/emfoco\/wp-content\/uploads\/2026\/04\/planta-na-sombra-1-768x432.jpg 768w, https:\/\/www.em.com.br\/emfoco\/wp-content\/uploads\/2026\/04\/planta-na-sombra-1-750x422.jpg 750w, https:\/\/www.em.com.br\/emfoco\/wp-content\/uploads\/2026\/04\/planta-na-sombra-1-1140x641.jpg 1140w, https:\/\/www.em.com.br\/emfoco\/wp-content\/uploads\/2026\/04\/planta-na-sombra-1.jpg 1280w\" sizes=\"auto, (max-width: 1024px) 100vw, 1024px\" \/><figcaption class=\"wp-element-caption\">Plantas que n\u00e3o morrem f\u00e1cil s\u00e3o a solu\u00e7\u00e3o para deixar sua casa mais viva<\/figcaption><\/figure><\/div>\n\n\n<h2 class=\"wp-block-heading\">Como escolher a planta ideal para cada ambiente?<\/h2>\n\n\n\n<p>A escolha deve considerar o n\u00edvel de luminosidade dispon\u00edvel e a presen\u00e7a de animais dom\u00e9sticos no local. Como muitas <strong>plantas<\/strong> ornamentais possuem mecanismos de defesa qu\u00edmicos, posicion\u00e1-las em locais altos \u00e9 uma estrat\u00e9gia de seguran\u00e7a necess\u00e1ria para casas com c\u00e3es e gatos.<\/p>\n\n\n\n<p>Veja a tabela comparativa para facilitar sua decis\u00e3o:<\/p>\n\n\n<div class=\"wp-block-image\">\n<figure class=\"aligncenter size-large is-resized\"><img loading=\"lazy\" decoding=\"async\" width=\"1024\" height=\"549\" src=\"https:\/\/www.em.com.br\/emfoco\/wp-content\/uploads\/2026\/04\/image-218-1024x549.png\" alt=\"\" class=\"wp-image-199999\" style=\"width:828px;height:auto\" srcset=\"https:\/\/www.em.com.br\/emfoco\/wp-content\/uploads\/2026\/04\/image-218-1024x549.png 1024w, https:\/\/www.em.com.br\/emfoco\/wp-content\/uploads\/2026\/04\/image-218-300x161.png 300w, https:\/\/www.em.com.br\/emfoco\/wp-content\/uploads\/2026\/04\/image-218-768x412.png 768w, https:\/\/www.em.com.br\/emfoco\/wp-content\/uploads\/2026\/04\/image-218-750x402.png 750w, https:\/\/www.em.com.br\/emfoco\/wp-content\/uploads\/2026\/04\/image-218-1140x611.png 1140w, https:\/\/www.em.com.br\/emfoco\/wp-content\/uploads\/2026\/04\/image-218.png 1280w\" sizes=\"auto, (max-width: 1024px) 100vw, 1024px\" \/><\/figure><\/div>\n\n\n<h2 class=\"wp-block-heading\">Quais erros evitar no cultivo de plantas de baixa manuten\u00e7\u00e3o?<\/h2>\n\n\n\n<p>O erro mais comum cometido por donos de <strong>plantas<\/strong> resistentes \u00e9 o excesso de zelo, especificamente na rega. Essas esp\u00e9cies evolu\u00edram para sobreviver \u00e0 escassez, e o solo constantemente \u00famido \u00e9 o principal fator de morte por fungos e apodrecimento radicular em apartamentos.<\/p>\n\n\n\n<p>Em resumo, cultivar o verde em casa \u00e9 poss\u00edvel mesmo com pouco tempo dispon\u00edvel. Ao escolher esp\u00e9cies como a zamioculca, a espada-de-s\u00e3o-jorge ou o pothos, voc\u00ea garante um ambiente mais vivo e equilibrado com o m\u00ednimo de esfor\u00e7o e a m\u00e1xima durabilidade est\u00e9tica.<\/p>\n","protected":false},"excerpt":{"rendered":"<p>As plantas de baixa manuten\u00e7\u00e3o s\u00e3o a solu\u00e7\u00e3o ideal para quem deseja decorar ambientes internos sem enfrentar rotinas complexas de rega. Esp\u00e9cies como a zamioculca e a espada-de-s\u00e3o-jorge destacam-se pela alta resist\u00eancia e adaptabilidade. Por que a zamioculca \u00e9 considerada indestrut\u00edvel? Origin\u00e1ria das savanas da \u00c1frica, a zamioculca possui rizomas subterr\u00e2neos que funcionam como reservat\u00f3rios [&hellip;]<\/p>\n","protected":false},"author":30,"featured_media":199893,"comment_status":"open","ping_status":"open","sticky":false,"template":"","format":"standard","meta":{"jnews-multi-image_gallery":[],"jnews_single_post":{"format":"standard"},"jnews_primary_category":[],"jnews_social_meta":[],"jnews_override_counter":[],"footnotes":""},"categories":[1],"tags":[4687,28789,12369],"class_list":["post-199855","post","type-post","status-publish","format-standard","has-post-thumbnail","hentry","category-noticias","tag-decoracao","tag-plantas-jardinagem","tag-sombra"],"yoast_head":"<!-- This site is optimized with the Yoast SEO plugin v23.8 - https:\/\/yoast.com\/wordpress\/plugins\/seo\/ -->\n<title>3 plantas perfeitas para quem n\u00e3o tem tempo e quer deixar a casa mais verde - Estado de Minas - Em foco<\/title>\n<meta name=\"description\" content=\"Conhe\u00e7a 3 plantas perfeitas para quem n\u00e3o tem tempo e quer deixar a casa mais verde. Veja esp\u00e9cies de baixa manuten\u00e7\u00e3o como zamioculca agora.\" \/>\n<meta name=\"robots\" content=\"index, follow, max-snippet:-1, max-image-preview:large, max-video-preview:-1\" \/>\n<link rel=\"canonical\" href=\"https:\/\/www.em.com.br\/emfoco\/2026\/04\/27\/3-plantas-perfeitas-para-quem-nao-tem-tempo-e-quer-deixar-a-casa-mais-verde\/\" \/>\n<meta property=\"og:locale\" content=\"pt_BR\" \/>\n<meta property=\"og:type\" content=\"article\" \/>\n<meta property=\"og:title\" content=\"3 plantas perfeitas para quem n\u00e3o tem tempo e quer deixar a casa mais verde - Estado de Minas - Em foco\" \/>\n<meta property=\"og:description\" content=\"Conhe\u00e7a 3 plantas perfeitas para quem n\u00e3o tem tempo e quer deixar a casa mais verde. Veja esp\u00e9cies de baixa manuten\u00e7\u00e3o como zamioculca agora.\" \/>\n<meta property=\"og:url\" content=\"https:\/\/www.em.com.br\/emfoco\/2026\/04\/27\/3-plantas-perfeitas-para-quem-nao-tem-tempo-e-quer-deixar-a-casa-mais-verde\/\" \/>\n<meta property=\"og:site_name\" content=\"Estado de Minas - Em foco\" \/>\n<meta property=\"article:published_time\" content=\"2026-04-27T12:55:00+00:00\" \/>\n<meta property=\"article:modified_time\" content=\"2026-04-26T10:13:28+00:00\" \/>\n<meta property=\"og:image\" content=\"https:\/\/www.em.com.br\/emfoco\/wp-content\/uploads\/2026\/04\/planta-cuidar.jpg\" \/>\n\t<meta property=\"og:image:width\" content=\"1280\" \/>\n\t<meta property=\"og:image:height\" content=\"720\" \/>\n\t<meta property=\"og:image:type\" content=\"image\/jpeg\" \/>\n<meta name=\"author\" content=\"Guilherme Ara\u00fajo\" \/>\n<meta name=\"twitter:card\" content=\"summary_large_image\" \/>\n<meta name=\"twitter:label1\" content=\"Escrito por\" \/>\n\t<meta name=\"twitter:data1\" content=\"Guilherme Ara\u00fajo\" \/>\n\t<meta name=\"twitter:label2\" content=\"Est. tempo de leitura\" \/>\n\t<meta name=\"twitter:data2\" content=\"4 minutos\" \/>\n<!-- \/ Yoast SEO plugin. -->","yoast_head_json":{"title":"3 plantas perfeitas para quem n\u00e3o tem tempo e quer deixar a casa mais verde - Estado de Minas - Em foco","description":"Conhe\u00e7a 3 plantas perfeitas para quem n\u00e3o tem tempo e quer deixar a casa mais verde. Veja esp\u00e9cies de baixa manuten\u00e7\u00e3o como zamioculca agora.","robots":{"index":"index","follow":"follow","max-snippet":"max-snippet:-1","max-image-preview":"max-image-preview:large","max-video-preview":"max-video-preview:-1"},"canonical":"https:\/\/www.em.com.br\/emfoco\/2026\/04\/27\/3-plantas-perfeitas-para-quem-nao-tem-tempo-e-quer-deixar-a-casa-mais-verde\/","og_locale":"pt_BR","og_type":"article","og_title":"3 plantas perfeitas para quem n\u00e3o tem tempo e quer deixar a casa mais verde - Estado de Minas - Em foco","og_description":"Conhe\u00e7a 3 plantas perfeitas para quem n\u00e3o tem tempo e quer deixar a casa mais verde. Veja esp\u00e9cies de baixa manuten\u00e7\u00e3o como zamioculca agora.","og_url":"https:\/\/www.em.com.br\/emfoco\/2026\/04\/27\/3-plantas-perfeitas-para-quem-nao-tem-tempo-e-quer-deixar-a-casa-mais-verde\/","og_site_name":"Estado de Minas - Em foco","article_published_time":"2026-04-27T12:55:00+00:00","article_modified_time":"2026-04-26T10:13:28+00:00","og_image":[{"width":1280,"height":720,"url":"https:\/\/www.em.com.br\/emfoco\/wp-content\/uploads\/2026\/04\/planta-cuidar.jpg","type":"image\/jpeg"}],"author":"Guilherme Ara\u00fajo","twitter_card":"summary_large_image","twitter_misc":{"Escrito por":"Guilherme Ara\u00fajo","Est. tempo de leitura":"4 minutos"},"schema":{"@context":"https:\/\/schema.org","@graph":[{"@type":"WebPage","@id":"https:\/\/www.em.com.br\/emfoco\/2026\/04\/27\/3-plantas-perfeitas-para-quem-nao-tem-tempo-e-quer-deixar-a-casa-mais-verde\/","url":"https:\/\/www.em.com.br\/emfoco\/2026\/04\/27\/3-plantas-perfeitas-para-quem-nao-tem-tempo-e-quer-deixar-a-casa-mais-verde\/","name":"3 plantas perfeitas para quem n\u00e3o tem tempo e quer deixar a casa mais verde - Estado de Minas - Em foco","isPartOf":{"@id":"https:\/\/www.em.com.br\/emfoco\/#website"},"primaryImageOfPage":{"@id":"https:\/\/www.em.com.br\/emfoco\/2026\/04\/27\/3-plantas-perfeitas-para-quem-nao-tem-tempo-e-quer-deixar-a-casa-mais-verde\/#primaryimage"},"image":{"@id":"https:\/\/www.em.com.br\/emfoco\/2026\/04\/27\/3-plantas-perfeitas-para-quem-nao-tem-tempo-e-quer-deixar-a-casa-mais-verde\/#primaryimage"},"thumbnailUrl":"https:\/\/www.em.com.br\/emfoco\/wp-content\/uploads\/2026\/04\/planta-cuidar.jpg","datePublished":"2026-04-27T12:55:00+00:00","dateModified":"2026-04-26T10:13:28+00:00","author":{"@id":"https:\/\/www.em.com.br\/emfoco\/#\/schema\/person\/5379e929a4b966c775d121e23f9bb421"},"description":"Conhe\u00e7a 3 plantas perfeitas para quem n\u00e3o tem tempo e quer deixar a casa mais verde. Veja esp\u00e9cies de baixa manuten\u00e7\u00e3o como zamioculca agora.","breadcrumb":{"@id":"https:\/\/www.em.com.br\/emfoco\/2026\/04\/27\/3-plantas-perfeitas-para-quem-nao-tem-tempo-e-quer-deixar-a-casa-mais-verde\/#breadcrumb"},"inLanguage":"pt-BR","potentialAction":[{"@type":"ReadAction","target":["https:\/\/www.em.com.br\/emfoco\/2026\/04\/27\/3-plantas-perfeitas-para-quem-nao-tem-tempo-e-quer-deixar-a-casa-mais-verde\/"]}]},{"@type":"ImageObject","inLanguage":"pt-BR","@id":"https:\/\/www.em.com.br\/emfoco\/2026\/04\/27\/3-plantas-perfeitas-para-quem-nao-tem-tempo-e-quer-deixar-a-casa-mais-verde\/#primaryimage","url":"https:\/\/www.em.com.br\/emfoco\/wp-content\/uploads\/2026\/04\/planta-cuidar.jpg","contentUrl":"https:\/\/www.em.com.br\/emfoco\/wp-content\/uploads\/2026\/04\/planta-cuidar.jpg","width":1280,"height":720,"caption":"Plantas perfeitas para quem tem a rotina corrida e quer uma casa verde"},{"@type":"BreadcrumbList","@id":"https:\/\/www.em.com.br\/emfoco\/2026\/04\/27\/3-plantas-perfeitas-para-quem-nao-tem-tempo-e-quer-deixar-a-casa-mais-verde\/#breadcrumb","itemListElement":[{"@type":"ListItem","position":1,"name":"In\u00edcio","item":"https:\/\/www.em.com.br\/emfoco\/"},{"@type":"ListItem","position":2,"name":"3 plantas perfeitas para quem n\u00e3o tem tempo e quer deixar a casa mais verde"}]},{"@type":"WebSite","@id":"https:\/\/www.em.com.br\/emfoco\/#website","url":"https:\/\/www.em.com.br\/emfoco\/","name":"Estado de Minas - Em foco","description":"Acompanhe as \u00faltimas not\u00edcias e fique bem informado sobre tudo o que acontece em Minas Gerais, Brasil e no mundo.","potentialAction":[{"@type":"SearchAction","target":{"@type":"EntryPoint","urlTemplate":"https:\/\/www.em.com.br\/emfoco\/?s={search_term_string}"},"query-input":{"@type":"PropertyValueSpecification","valueRequired":true,"valueName":"search_term_string"}}],"inLanguage":"pt-BR"},{"@type":"Person","@id":"https:\/\/www.em.com.br\/emfoco\/#\/schema\/person\/5379e929a4b966c775d121e23f9bb421","name":"Guilherme Ara\u00fajo","image":{"@type":"ImageObject","inLanguage":"pt-BR","@id":"https:\/\/www.em.com.br\/emfoco\/#\/schema\/person\/image\/","url":"https:\/\/secure.gravatar.com\/avatar\/b8bf1fd0130e170bd8f5d7298dbafa25?s=96&d=mm&r=g","contentUrl":"https:\/\/secure.gravatar.com\/avatar\/b8bf1fd0130e170bd8f5d7298dbafa25?s=96&d=mm&r=g","caption":"Guilherme Ara\u00fajo"},"sameAs":["https:\/\/www.em.com.br\/emfoco"],"url":"https:\/\/www.em.com.br\/emfoco\/author\/guilhermeamyth\/"}]}},"_links":{"self":[{"href":"https:\/\/www.em.com.br\/emfoco\/wp-json\/wp\/v2\/posts\/199855","targetHints":{"allow":["GET"]}}],"collection":[{"href":"https:\/\/www.em.com.br\/emfoco\/wp-json\/wp\/v2\/posts"}],"about":[{"href":"https:\/\/www.em.com.br\/emfoco\/wp-json\/wp\/v2\/types\/post"}],"author":[{"embeddable":true,"href":"https:\/\/www.em.com.br\/emfoco\/wp-json\/wp\/v2\/users\/30"}],"replies":[{"embeddable":true,"href":"https:\/\/www.em.com.br\/emfoco\/wp-json\/wp\/v2\/comments?post=199855"}],"version-history":[{"count":3,"href":"https:\/\/www.em.com.br\/emfoco\/wp-json\/wp\/v2\/posts\/199855\/revisions"}],"predecessor-version":[{"id":200020,"href":"https:\/\/www.em.com.br\/emfoco\/wp-json\/wp\/v2\/posts\/199855\/revisions\/200020"}],"wp:featuredmedia":[{"embeddable":true,"href":"https:\/\/www.em.com.br\/emfoco\/wp-json\/wp\/v2\/media\/199893"}],"wp:attachment":[{"href":"https:\/\/www.em.com.br\/emfoco\/wp-json\/wp\/v2\/media?parent=199855"}],"wp:term":[{"taxonomy":"category","embeddable":true,"href":"https:\/\/www.em.com.br\/emfoco\/wp-json\/wp\/v2\/categories?post=199855"},{"taxonomy":"post_tag","embeddable":true,"href":"https:\/\/www.em.com.br\/emfoco\/wp-json\/wp\/v2\/tags?post=199855"}],"curies":[{"name":"wp","href":"https:\/\/api.w.org\/{rel}","templated":true}]}}