{"id":199849,"date":"2026-04-27T12:05:00","date_gmt":"2026-04-27T15:05:00","guid":{"rendered":"https:\/\/www.em.com.br\/emfoco\/?p=199849"},"modified":"2026-04-26T07:13:28","modified_gmt":"2026-04-26T10:13:28","slug":"plantar-tomates-de-cabeca-para-baixo-em-pet-e-possivel-e-ocupa-pouco-espaco-na-varanda","status":"publish","type":"post","link":"https:\/\/www.em.com.br\/emfoco\/2026\/04\/27\/plantar-tomates-de-cabeca-para-baixo-em-pet-e-possivel-e-ocupa-pouco-espaco-na-varanda\/","title":{"rendered":"Plantar tomates de cabe\u00e7a para baixo em PET \u00e9 poss\u00edvel e ocupa pouco espa\u00e7o na varanda"},"content":{"rendered":"\n<p>Plantar tomates de forma invertida em garrafas PET \u00e9 uma t\u00e9cnica de horta vertical que dispensa canteiros e grandes espa\u00e7os. O m\u00e9todo utiliza o gravitropismo negativo para otimizar o crescimento do caule enquanto economiza \u00e1rea \u00fatil em varandas.<\/p>\n\n\n\n<h2 class=\"wp-block-heading\">Por que o cultivo invertido favorece o tomateiro?<\/h2>\n\n\n\n<p>A posi\u00e7\u00e3o suspensa oferece vantagens pr\u00e1ticas, como a elimina\u00e7\u00e3o do contato dos frutos com o solo, o que reduz drasticamente pragas f\u00fangicas. Al\u00e9m disso, a rega por gravidade garante que a \u00e1gua alcance as ra\u00edzes de forma eficiente, diminuindo riscos de encharcamento localizado.<\/p>\n\n\n\n<p>Biologicamente, o caule da planta se curva para cima em busca de luz, um fen\u00f4meno estudado pela bot\u00e2nica para entender como os vegetais percebem a gravidade. Para aprofundar o conhecimento sobre esses mecanismos celulares.<\/p>\n\n\n<div class=\"wp-block-image\">\n<figure class=\"aligncenter size-large\"><img loading=\"lazy\" decoding=\"async\" width=\"1024\" height=\"576\" src=\"https:\/\/www.em.com.br\/emfoco\/wp-content\/uploads\/2026\/04\/oendura1-1-1024x576.jpg\" alt=\"O m\u00e9todo criativo para ter uma horta de tomates na varanda usando garrafas pet\" class=\"wp-image-199876\" srcset=\"https:\/\/www.em.com.br\/emfoco\/wp-content\/uploads\/2026\/04\/oendura1-1-1024x576.jpg 1024w, https:\/\/www.em.com.br\/emfoco\/wp-content\/uploads\/2026\/04\/oendura1-1-300x169.jpg 300w, https:\/\/www.em.com.br\/emfoco\/wp-content\/uploads\/2026\/04\/oendura1-1-768x432.jpg 768w, https:\/\/www.em.com.br\/emfoco\/wp-content\/uploads\/2026\/04\/oendura1-1-750x422.jpg 750w, https:\/\/www.em.com.br\/emfoco\/wp-content\/uploads\/2026\/04\/oendura1-1-1140x641.jpg 1140w, https:\/\/www.em.com.br\/emfoco\/wp-content\/uploads\/2026\/04\/oendura1-1.jpg 1280w\" sizes=\"auto, (max-width: 1024px) 100vw, 1024px\" \/><figcaption class=\"wp-element-caption\">O m\u00e9todo criativo para ter uma horta de tomates na varanda usando garrafas pet<\/figcaption><\/figure><\/div>\n\n\n<h2 class=\"wp-block-heading\">Quais variedades s\u00e3o ideais para o plantio em PET?<\/h2>\n\n\n\n<p>Para garrafas de 2 a 5 litros, as variedades mais indicadas s\u00e3o o<strong> tomate-cereja <\/strong>e o <strong>tomate-uva<\/strong>, pois possuem ra\u00edzes menores e frutos leves. Tipos maiores, como o <strong>tomate italiano<\/strong>, exigem recipientes mais robustos para suportar o peso da carga sem danificar a estrutura suspensa.<\/p>\n\n\n\n<p>A <a href=\"https:\/\/www.embrapa.br\/hortalicas\/tomate\" target=\"_blank\" rel=\"noreferrer noopener\"><strong>Embrapa Hortali\u00e7as<\/strong><\/a> orienta que o substrato dom\u00e9stico seja composto por terra vegetal e composto org\u00e2nico em propor\u00e7\u00f5es equilibradas. Essa mistura garante a nutri\u00e7\u00e3o necess\u00e1ria para que o tomateiro complete seu ciclo de vida em um ambiente restrito de solo.<\/p>\n\n\n\n<p>Confira as caracter\u00edsticas das variedades recomendadas:<\/p>\n\n\n\n<ul class=\"wp-block-list\">\n<li><strong>Tomate-cereja:<\/strong> alta produtividade e ra\u00edzes compactas.<\/li>\n\n\n\n<li><strong>Tomate-uva:<\/strong> frutos resistentes e adapt\u00e1veis ao calor.<\/li>\n\n\n\n<li><strong>Mini Italiano:<\/strong> exige garrafas de no m\u00ednimo 5 litros.<\/li>\n\n\n\n<li><strong>Micro-tomate:<\/strong> ideal para garrafas PET de 2 litros.<\/li>\n<\/ul>\n\n\n\n<h2 class=\"wp-block-heading\">Como montar o vaso invertido passo a passo?<\/h2>\n\n\n\n<p>A montagem exige precis\u00e3o para n\u00e3o sufocar a muda durante a inser\u00e7\u00e3o no gargalo da garrafa. \u00c9 necess\u00e1rio preparar o recipiente criando um sistema de drenagem eficiente e um reservat\u00f3rio superior que facilite a manuten\u00e7\u00e3o h\u00eddrica di\u00e1ria, especialmente em climas mais quentes.<\/p>\n\n\n\n<p>Siga estas etapas fundamentais para o sucesso do plantio:<\/p>\n\n\n\n<ol class=\"wp-block-list\">\n<li><strong>Prepare a garrafa:<\/strong> corte o fundo e fa\u00e7a furos de 2 mm na tampa para drenagem.<\/li>\n\n\n\n<li><strong>Proteja a muda:<\/strong> envolva a base com papel filtro para sustentar a terra no gargalo.<\/li>\n\n\n\n<li><strong>Insira o caule:<\/strong> passe as folhas pelo gargalo at\u00e9 que fiquem para fora da garrafa.<\/li>\n\n\n\n<li><strong>Preencha o solo:<\/strong> complete com substrato nutritivo at\u00e9 4 cm abaixo da borda.<\/li>\n\n\n\n<li><strong>Posicione ao sol:<\/strong> pendure em local com 4 a 6 horas de sol direto por dia.<\/li>\n<\/ol>\n\n\n\n<h2 class=\"wp-block-heading\">Como realizar a rega e a aduba\u00e7\u00e3o corretamente?<\/h2>\n\n\n\n<p>Em recipientes pequenos, o solo seca mais r\u00e1pido, exigindo regas frequentes durante o ver\u00e3o brasileiro. A refer\u00eancia pr\u00e1tica \u00e9 manter o substrato sempre \u00famido ao toque, sem nunca permitir que a \u00e1gua fique estagnada, o que poderia apodrecer as ra\u00edzes sens\u00edveis do tomateiro.<\/p>\n\n\n\n<p>A aduba\u00e7\u00e3o deve ser feita a cada <strong>15 dias<\/strong> com fertilizantes l\u00edquidos ou h\u00famus de minhoca para repor os nutrientes consumidos rapidamente. Como a planta est\u00e1 suspensa, o nutriente desce por gravidade, sendo absorvido de forma mais uniforme pelo sistema radicular contido na garrafa.<\/p>\n\n\n<div class=\"wp-block-image\">\n<figure class=\"aligncenter size-large\"><img loading=\"lazy\" decoding=\"async\" width=\"1024\" height=\"576\" src=\"https:\/\/www.em.com.br\/emfoco\/wp-content\/uploads\/2026\/04\/pendurado13-1-1024x576.jpg\" alt=\"Cultivo de tomate de cabe\u00e7a para baixo em pet une sustentabilidade e praticidade\" class=\"wp-image-199878\" srcset=\"https:\/\/www.em.com.br\/emfoco\/wp-content\/uploads\/2026\/04\/pendurado13-1-1024x576.jpg 1024w, https:\/\/www.em.com.br\/emfoco\/wp-content\/uploads\/2026\/04\/pendurado13-1-300x169.jpg 300w, https:\/\/www.em.com.br\/emfoco\/wp-content\/uploads\/2026\/04\/pendurado13-1-768x432.jpg 768w, https:\/\/www.em.com.br\/emfoco\/wp-content\/uploads\/2026\/04\/pendurado13-1-750x422.jpg 750w, https:\/\/www.em.com.br\/emfoco\/wp-content\/uploads\/2026\/04\/pendurado13-1-1140x641.jpg 1140w, https:\/\/www.em.com.br\/emfoco\/wp-content\/uploads\/2026\/04\/pendurado13-1.jpg 1280w\" sizes=\"auto, (max-width: 1024px) 100vw, 1024px\" \/><figcaption class=\"wp-element-caption\">Cultivo de tomate de cabe\u00e7a para baixo em pet une sustentabilidade e praticidade<\/figcaption><\/figure><\/div>\n\n\n<h2 class=\"wp-block-heading\">O que esperar ap\u00f3s o per\u00edodo de adapta\u00e7\u00e3o?<\/h2>\n\n\n\n<p>Nos primeiros dias, \u00e9 normal que o caule pare\u00e7a curvado, mas ele se redirecionar\u00e1 rapidamente para cima em dire\u00e7\u00e3o \u00e0 luz solar. A partir desse ponto, o desenvolvimento segue o fluxo natural com a emiss\u00e3o de flores e a forma\u00e7\u00e3o dos primeiros cachos de frutos org\u00e2nicos.<\/p>\n\n\n\n<p>Veja os cuidados principais na tabela de manuten\u00e7\u00e3o:<\/p>\n\n\n<div class=\"wp-block-image\">\n<figure class=\"aligncenter size-large is-resized\"><img loading=\"lazy\" decoding=\"async\" width=\"1024\" height=\"491\" src=\"https:\/\/www.em.com.br\/emfoco\/wp-content\/uploads\/2026\/04\/image-216-1024x491.png\" alt=\"\" class=\"wp-image-199996\" style=\"width:904px;height:auto\" srcset=\"https:\/\/www.em.com.br\/emfoco\/wp-content\/uploads\/2026\/04\/image-216-1024x491.png 1024w, https:\/\/www.em.com.br\/emfoco\/wp-content\/uploads\/2026\/04\/image-216-300x144.png 300w, https:\/\/www.em.com.br\/emfoco\/wp-content\/uploads\/2026\/04\/image-216-768x368.png 768w, https:\/\/www.em.com.br\/emfoco\/wp-content\/uploads\/2026\/04\/image-216-750x360.png 750w, https:\/\/www.em.com.br\/emfoco\/wp-content\/uploads\/2026\/04\/image-216-1140x547.png 1140w, https:\/\/www.em.com.br\/emfoco\/wp-content\/uploads\/2026\/04\/image-216.png 1280w\" sizes=\"auto, (max-width: 1024px) 100vw, 1024px\" \/><\/figure><\/div>\n\n\n<p>Leia tamb\u00e9m: <a href=\"https:\/\/www.em.com.br\/emfoco\/2026\/04\/25\/a-planta-rica-em-magnesio-que-cresce-sozinha-e-muita-gente-arranca-sem-perceber-o-valor-real\/\" target=\"_blank\" rel=\"noreferrer noopener\">A planta rica em magn\u00e9sio que cresce sozinha e muita gente arranca sem perceber o valor real<\/a><\/p>\n\n\n\n<h2 class=\"wp-block-heading\">Vale a pena plantar tomates de forma vertical?<\/h2>\n\n\n\n<p><strong>Plantar tomates<\/strong> invertidos \u00e9 uma solu\u00e7\u00e3o inteligente para quem vive em apartamentos ou casas sem quintal. Al\u00e9m da colheita fresca, o m\u00e9todo serve como uma atividade educativa e sustent\u00e1vel, reduzindo o descarte de pl\u00e1sticos e promovendo a soberania alimentar urbana.<\/p>\n\n\n\n<p>O sucesso do cultivo depende da disciplina na rega e da exposi\u00e7\u00e3o solar adequada. Com esses cuidados simples, sua varanda se transformar\u00e1 em um pequeno pomar vertical, fornecendo tomates saborosos e livres de agrot\u00f3xicos durante boa parte do ano.<\/p>\n","protected":false},"excerpt":{"rendered":"<p>Plantar tomates de forma invertida em garrafas PET \u00e9 uma t\u00e9cnica de horta vertical que dispensa canteiros e grandes espa\u00e7os. O m\u00e9todo utiliza o gravitropismo negativo para otimizar o crescimento do caule enquanto economiza \u00e1rea \u00fatil em varandas. Por que o cultivo invertido favorece o tomateiro? A posi\u00e7\u00e3o suspensa oferece vantagens pr\u00e1ticas, como a elimina\u00e7\u00e3o [&hellip;]<\/p>\n","protected":false},"author":30,"featured_media":199874,"comment_status":"open","ping_status":"open","sticky":false,"template":"","format":"standard","meta":{"jnews-multi-image_gallery":[],"jnews_single_post":{"format":"standard"},"jnews_primary_category":[],"jnews_social_meta":[],"jnews_override_counter":[],"footnotes":""},"categories":[8691],"tags":[3792,1469,325,5025],"class_list":["post-199849","post","type-post","status-publish","format-standard","has-post-thumbnail","hentry","category-bem-estar","tag-horta","tag-pet","tag-sustentabilidade","tag-varanda"],"yoast_head":"<!-- This site is optimized with the Yoast SEO plugin v23.8 - https:\/\/yoast.com\/wordpress\/plugins\/seo\/ -->\n<title>Plantar tomates de cabe\u00e7a para baixo em PET \u00e9 poss\u00edvel e ocupa pouco espa\u00e7o na varanda - Estado de Minas - Em foco<\/title>\n<meta name=\"description\" content=\"Entenda como plantar tomates de cabe\u00e7a para baixo em PET \u00e9 poss\u00edvel e ocupa pouco espa\u00e7o na varanda. Veja a t\u00e9cnica de horta vertical agora.\" \/>\n<meta name=\"robots\" content=\"index, follow, max-snippet:-1, max-image-preview:large, max-video-preview:-1\" \/>\n<link rel=\"canonical\" href=\"https:\/\/www.em.com.br\/emfoco\/2026\/04\/27\/plantar-tomates-de-cabeca-para-baixo-em-pet-e-possivel-e-ocupa-pouco-espaco-na-varanda\/\" \/>\n<meta property=\"og:locale\" content=\"pt_BR\" \/>\n<meta property=\"og:type\" content=\"article\" \/>\n<meta property=\"og:title\" content=\"Plantar tomates de cabe\u00e7a para baixo em PET \u00e9 poss\u00edvel e ocupa pouco espa\u00e7o na varanda - Estado de Minas - Em foco\" \/>\n<meta property=\"og:description\" content=\"Entenda como plantar tomates de cabe\u00e7a para baixo em PET \u00e9 poss\u00edvel e ocupa pouco espa\u00e7o na varanda. Veja a t\u00e9cnica de horta vertical agora.\" \/>\n<meta property=\"og:url\" content=\"https:\/\/www.em.com.br\/emfoco\/2026\/04\/27\/plantar-tomates-de-cabeca-para-baixo-em-pet-e-possivel-e-ocupa-pouco-espaco-na-varanda\/\" \/>\n<meta property=\"og:site_name\" content=\"Estado de Minas - Em foco\" \/>\n<meta property=\"article:published_time\" content=\"2026-04-27T15:05:00+00:00\" \/>\n<meta property=\"article:modified_time\" content=\"2026-04-26T10:13:28+00:00\" \/>\n<meta property=\"og:image\" content=\"https:\/\/www.em.com.br\/emfoco\/wp-content\/uploads\/2026\/04\/pendurado.jpg\" \/>\n\t<meta property=\"og:image:width\" content=\"1280\" \/>\n\t<meta property=\"og:image:height\" content=\"720\" \/>\n\t<meta property=\"og:image:type\" content=\"image\/jpeg\" \/>\n<meta name=\"author\" content=\"Guilherme Ara\u00fajo\" \/>\n<meta name=\"twitter:card\" content=\"summary_large_image\" \/>\n<meta name=\"twitter:label1\" content=\"Escrito por\" \/>\n\t<meta name=\"twitter:data1\" content=\"Guilherme Ara\u00fajo\" \/>\n\t<meta name=\"twitter:label2\" content=\"Est. tempo de leitura\" \/>\n\t<meta name=\"twitter:data2\" content=\"5 minutos\" \/>\n<!-- \/ Yoast SEO plugin. -->","yoast_head_json":{"title":"Plantar tomates de cabe\u00e7a para baixo em PET \u00e9 poss\u00edvel e ocupa pouco espa\u00e7o na varanda - Estado de Minas - Em foco","description":"Entenda como plantar tomates de cabe\u00e7a para baixo em PET \u00e9 poss\u00edvel e ocupa pouco espa\u00e7o na varanda. Veja a t\u00e9cnica de horta vertical agora.","robots":{"index":"index","follow":"follow","max-snippet":"max-snippet:-1","max-image-preview":"max-image-preview:large","max-video-preview":"max-video-preview:-1"},"canonical":"https:\/\/www.em.com.br\/emfoco\/2026\/04\/27\/plantar-tomates-de-cabeca-para-baixo-em-pet-e-possivel-e-ocupa-pouco-espaco-na-varanda\/","og_locale":"pt_BR","og_type":"article","og_title":"Plantar tomates de cabe\u00e7a para baixo em PET \u00e9 poss\u00edvel e ocupa pouco espa\u00e7o na varanda - Estado de Minas - Em foco","og_description":"Entenda como plantar tomates de cabe\u00e7a para baixo em PET \u00e9 poss\u00edvel e ocupa pouco espa\u00e7o na varanda. Veja a t\u00e9cnica de horta vertical agora.","og_url":"https:\/\/www.em.com.br\/emfoco\/2026\/04\/27\/plantar-tomates-de-cabeca-para-baixo-em-pet-e-possivel-e-ocupa-pouco-espaco-na-varanda\/","og_site_name":"Estado de Minas - Em foco","article_published_time":"2026-04-27T15:05:00+00:00","article_modified_time":"2026-04-26T10:13:28+00:00","og_image":[{"width":1280,"height":720,"url":"https:\/\/www.em.com.br\/emfoco\/wp-content\/uploads\/2026\/04\/pendurado.jpg","type":"image\/jpeg"}],"author":"Guilherme Ara\u00fajo","twitter_card":"summary_large_image","twitter_misc":{"Escrito por":"Guilherme Ara\u00fajo","Est. tempo de leitura":"5 minutos"},"schema":{"@context":"https:\/\/schema.org","@graph":[{"@type":"WebPage","@id":"https:\/\/www.em.com.br\/emfoco\/2026\/04\/27\/plantar-tomates-de-cabeca-para-baixo-em-pet-e-possivel-e-ocupa-pouco-espaco-na-varanda\/","url":"https:\/\/www.em.com.br\/emfoco\/2026\/04\/27\/plantar-tomates-de-cabeca-para-baixo-em-pet-e-possivel-e-ocupa-pouco-espaco-na-varanda\/","name":"Plantar tomates de cabe\u00e7a para baixo em PET \u00e9 poss\u00edvel e ocupa pouco espa\u00e7o na varanda - Estado de Minas - Em foco","isPartOf":{"@id":"https:\/\/www.em.com.br\/emfoco\/#website"},"primaryImageOfPage":{"@id":"https:\/\/www.em.com.br\/emfoco\/2026\/04\/27\/plantar-tomates-de-cabeca-para-baixo-em-pet-e-possivel-e-ocupa-pouco-espaco-na-varanda\/#primaryimage"},"image":{"@id":"https:\/\/www.em.com.br\/emfoco\/2026\/04\/27\/plantar-tomates-de-cabeca-para-baixo-em-pet-e-possivel-e-ocupa-pouco-espaco-na-varanda\/#primaryimage"},"thumbnailUrl":"https:\/\/www.em.com.br\/emfoco\/wp-content\/uploads\/2026\/04\/pendurado.jpg","datePublished":"2026-04-27T15:05:00+00:00","dateModified":"2026-04-26T10:13:28+00:00","author":{"@id":"https:\/\/www.em.com.br\/emfoco\/#\/schema\/person\/5379e929a4b966c775d121e23f9bb421"},"description":"Entenda como plantar tomates de cabe\u00e7a para baixo em PET \u00e9 poss\u00edvel e ocupa pouco espa\u00e7o na varanda. Veja a t\u00e9cnica de horta vertical agora.","breadcrumb":{"@id":"https:\/\/www.em.com.br\/emfoco\/2026\/04\/27\/plantar-tomates-de-cabeca-para-baixo-em-pet-e-possivel-e-ocupa-pouco-espaco-na-varanda\/#breadcrumb"},"inLanguage":"pt-BR","potentialAction":[{"@type":"ReadAction","target":["https:\/\/www.em.com.br\/emfoco\/2026\/04\/27\/plantar-tomates-de-cabeca-para-baixo-em-pet-e-possivel-e-ocupa-pouco-espaco-na-varanda\/"]}]},{"@type":"ImageObject","inLanguage":"pt-BR","@id":"https:\/\/www.em.com.br\/emfoco\/2026\/04\/27\/plantar-tomates-de-cabeca-para-baixo-em-pet-e-possivel-e-ocupa-pouco-espaco-na-varanda\/#primaryimage","url":"https:\/\/www.em.com.br\/emfoco\/wp-content\/uploads\/2026\/04\/pendurado.jpg","contentUrl":"https:\/\/www.em.com.br\/emfoco\/wp-content\/uploads\/2026\/04\/pendurado.jpg","width":1280,"height":720,"caption":"Aprenda a cultivar tomates em vasos suspensos de pet ideais para varandas pequenas"},{"@type":"BreadcrumbList","@id":"https:\/\/www.em.com.br\/emfoco\/2026\/04\/27\/plantar-tomates-de-cabeca-para-baixo-em-pet-e-possivel-e-ocupa-pouco-espaco-na-varanda\/#breadcrumb","itemListElement":[{"@type":"ListItem","position":1,"name":"In\u00edcio","item":"https:\/\/www.em.com.br\/emfoco\/"},{"@type":"ListItem","position":2,"name":"Plantar tomates de cabe\u00e7a para baixo em PET \u00e9 poss\u00edvel e ocupa pouco espa\u00e7o na varanda"}]},{"@type":"WebSite","@id":"https:\/\/www.em.com.br\/emfoco\/#website","url":"https:\/\/www.em.com.br\/emfoco\/","name":"Estado de Minas - Em foco","description":"Acompanhe as \u00faltimas not\u00edcias e fique bem informado sobre tudo o que acontece em Minas Gerais, Brasil e no mundo.","potentialAction":[{"@type":"SearchAction","target":{"@type":"EntryPoint","urlTemplate":"https:\/\/www.em.com.br\/emfoco\/?s={search_term_string}"},"query-input":{"@type":"PropertyValueSpecification","valueRequired":true,"valueName":"search_term_string"}}],"inLanguage":"pt-BR"},{"@type":"Person","@id":"https:\/\/www.em.com.br\/emfoco\/#\/schema\/person\/5379e929a4b966c775d121e23f9bb421","name":"Guilherme Ara\u00fajo","image":{"@type":"ImageObject","inLanguage":"pt-BR","@id":"https:\/\/www.em.com.br\/emfoco\/#\/schema\/person\/image\/","url":"https:\/\/secure.gravatar.com\/avatar\/b8bf1fd0130e170bd8f5d7298dbafa25?s=96&d=mm&r=g","contentUrl":"https:\/\/secure.gravatar.com\/avatar\/b8bf1fd0130e170bd8f5d7298dbafa25?s=96&d=mm&r=g","caption":"Guilherme Ara\u00fajo"},"sameAs":["https:\/\/www.em.com.br\/emfoco"],"url":"https:\/\/www.em.com.br\/emfoco\/author\/guilhermeamyth\/"}]}},"_links":{"self":[{"href":"https:\/\/www.em.com.br\/emfoco\/wp-json\/wp\/v2\/posts\/199849","targetHints":{"allow":["GET"]}}],"collection":[{"href":"https:\/\/www.em.com.br\/emfoco\/wp-json\/wp\/v2\/posts"}],"about":[{"href":"https:\/\/www.em.com.br\/emfoco\/wp-json\/wp\/v2\/types\/post"}],"author":[{"embeddable":true,"href":"https:\/\/www.em.com.br\/emfoco\/wp-json\/wp\/v2\/users\/30"}],"replies":[{"embeddable":true,"href":"https:\/\/www.em.com.br\/emfoco\/wp-json\/wp\/v2\/comments?post=199849"}],"version-history":[{"count":6,"href":"https:\/\/www.em.com.br\/emfoco\/wp-json\/wp\/v2\/posts\/199849\/revisions"}],"predecessor-version":[{"id":199997,"href":"https:\/\/www.em.com.br\/emfoco\/wp-json\/wp\/v2\/posts\/199849\/revisions\/199997"}],"wp:featuredmedia":[{"embeddable":true,"href":"https:\/\/www.em.com.br\/emfoco\/wp-json\/wp\/v2\/media\/199874"}],"wp:attachment":[{"href":"https:\/\/www.em.com.br\/emfoco\/wp-json\/wp\/v2\/media?parent=199849"}],"wp:term":[{"taxonomy":"category","embeddable":true,"href":"https:\/\/www.em.com.br\/emfoco\/wp-json\/wp\/v2\/categories?post=199849"},{"taxonomy":"post_tag","embeddable":true,"href":"https:\/\/www.em.com.br\/emfoco\/wp-json\/wp\/v2\/tags?post=199849"}],"curies":[{"name":"wp","href":"https:\/\/api.w.org\/{rel}","templated":true}]}}