{"id":199848,"date":"2026-04-27T08:15:00","date_gmt":"2026-04-27T11:15:00","guid":{"rendered":"https:\/\/www.em.com.br\/emfoco\/?p=199848"},"modified":"2026-04-27T09:59:12","modified_gmt":"2026-04-27T12:59:12","slug":"nem-preto-nem-cinza-a-cor-elegante-que-esta-virando-tendencia-no-outono-de-2026","status":"publish","type":"post","link":"https:\/\/www.em.com.br\/emfoco\/2026\/04\/27\/nem-preto-nem-cinza-a-cor-elegante-que-esta-virando-tendencia-no-outono-de-2026\/","title":{"rendered":"Nem preto nem azul: a cor elegante que est\u00e1 virando tend\u00eancia no outono de 2026"},"content":{"rendered":"\n<p>Cor elegante por excel\u00eancia, o<strong> marrom chocolate<\/strong> assume o posto de tom protagonista nas cole\u00e7\u00f5es de outono e inverno de <strong>2026<\/strong>. Esta tonalidade envolvente substitui o preto tradicional, trazendo uma profundidade rica que valoriza texturas e cortes de alfaiataria.<\/p>\n\n\n\n<h2 class=\"wp-block-heading\">Por que o marrom chocolate \u00e9 a aposta da Pantone para 2025 e 2026?<\/h2>\n\n\n\n<p>A transi\u00e7\u00e3o para os tons terrosos foi consolidada quando a <strong>Pantone<\/strong> elegeu o <strong>Mocha Mousse<\/strong> como a cor do ano. Segundo a autoridade global em cores, esse matiz remete ao conforto do cacau e do caf\u00e9, respondendo ao desejo coletivo por bem-estar e sofistica\u00e7\u00e3o natural.<\/p>\n\n\n\n<p>Essa tend\u00eancia reflete um movimento estrutural da moda em dire\u00e7\u00e3o a est\u00e9ticas mais org\u00e2nicas. As cores t\u00eam um papel importante nesse processo, j\u00e1 que influenciam o comportamento de consumo e tamb\u00e9m despertam diferentes emo\u00e7\u00f5es ao longo das esta\u00e7\u00f5es, impactando diretamente as escolhas de design e da ind\u00fastria.<\/p>\n\n\n<div class=\"wp-block-image\">\n<figure class=\"aligncenter size-large\"><img loading=\"lazy\" decoding=\"async\" width=\"1024\" height=\"576\" src=\"https:\/\/www.em.com.br\/emfoco\/wp-content\/uploads\/2026\/04\/maroom2-1-1024x576.jpg\" alt=\"A nova cor favorita das mulheres elegantes para os dias frios deste ano\" class=\"wp-image-199869\" srcset=\"https:\/\/www.em.com.br\/emfoco\/wp-content\/uploads\/2026\/04\/maroom2-1-1024x576.jpg 1024w, https:\/\/www.em.com.br\/emfoco\/wp-content\/uploads\/2026\/04\/maroom2-1-300x169.jpg 300w, https:\/\/www.em.com.br\/emfoco\/wp-content\/uploads\/2026\/04\/maroom2-1-768x432.jpg 768w, https:\/\/www.em.com.br\/emfoco\/wp-content\/uploads\/2026\/04\/maroom2-1-750x422.jpg 750w, https:\/\/www.em.com.br\/emfoco\/wp-content\/uploads\/2026\/04\/maroom2-1-1140x641.jpg 1140w, https:\/\/www.em.com.br\/emfoco\/wp-content\/uploads\/2026\/04\/maroom2-1.jpg 1280w\" sizes=\"auto, (max-width: 1024px) 100vw, 1024px\" \/><figcaption class=\"wp-element-caption\">A nova cor favorita das mulheres elegantes para os dias frios deste ano<\/figcaption><\/figure><\/div>\n\n\n<h2 class=\"wp-block-heading\">Como as passarelas europeias receberam esta nova tend\u00eancia?<\/h2>\n\n\n\n<p>Nas semanas de moda de <strong>Paris<\/strong> e <strong>Mil\u00e3o<\/strong>, observadores registraram uma presen\u00e7a massiva de varia\u00e7\u00f5es como bourbon e top\u00e1zio. O uso de materiais nobres, como a caxemira e a camur\u00e7a, refor\u00e7ou a ideia de que o marrom \u00e9 a nova <strong>cor elegante<\/strong> para pe\u00e7as de alto valor agregado.<\/p>\n\n\n\n<p>De acordo com o <strong>The New York Times<\/strong>, a prefer\u00eancia pelos matizes mais ricos em detrimento do bege comum marcou as cole\u00e7\u00f5es de luxo. A revista <strong>InStyle<\/strong> tamb\u00e9m classificou o tom como incontorn\u00e1vel, prevendo sua perman\u00eancia no topo das escolhas de <strong>street style<\/strong> at\u00e9 o fim de <strong>2026<\/strong>.<\/p>\n\n\n\n<h2 class=\"wp-block-heading\">Quais s\u00e3o as melhores formas de usar o marrom na pr\u00e1tica?<\/h2>\n\n\n\n<p>O marrom chocolate funciona como uma base neutra quente que se adapta a diferentes graus de formalidade. Ele permite combina\u00e7\u00f5es que o preto, por ser uma cor mais &#8220;dura&#8221; e fria, muitas vezes limita, especialmente em composi\u00e7\u00f5es que buscam transmitir acolhimento e luxo discreto.<\/p>\n\n\n\n<p>Especialistas da <strong>Marie Claire<\/strong> recomendam substituir itens pretos b\u00e1sicos por pe\u00e7as em cognac ou caramelo escuro. Essa troca mant\u00e9m a sofistica\u00e7\u00e3o do visual, mas entrega um resultado visualmente mais moderno e menos \u00f3bvio para os dias frios do <strong>Sudeste<\/strong> e <strong>Sul do Brasil<\/strong>.<\/p>\n\n\n\n<p>Confira as combina\u00e7\u00f5es mais indicadas para a temporada:<\/p>\n\n\n\n<ul class=\"wp-block-list\">\n<li><strong>Monocrom\u00e1tico total:<\/strong> o uso de diferentes varia\u00e7\u00f5es de marrom no mesmo look cria um visual de alto impacto.<\/li>\n\n\n\n<li><strong>Contraste claro:<\/strong> misturar com off-white ou bege equilibra o peso visual das pe\u00e7as de inverno.<\/li>\n\n\n\n<li><strong>Contraste crom\u00e1tico:<\/strong> verde-oliva e azul-petr\u00f3leo s\u00e3o parceiros naturais para tons terrosos.<\/li>\n\n\n\n<li><strong>Mix de texturas:<\/strong> couro e tric\u00f4 amplificam a profundidade e o brilho da cor chocolate.<\/li>\n<\/ul>\n\n\n<div class=\"wp-block-image\">\n<figure class=\"aligncenter size-large\"><img loading=\"lazy\" decoding=\"async\" width=\"1024\" height=\"576\" src=\"https:\/\/www.em.com.br\/emfoco\/wp-content\/uploads\/2026\/04\/marom1-1024x576.jpg\" alt=\"Mude o visual com a cor tend\u00eancia de 2026 que \u00e9 puro luxo e sofistica\u00e7\u00e3o\" class=\"wp-image-199870\" srcset=\"https:\/\/www.em.com.br\/emfoco\/wp-content\/uploads\/2026\/04\/marom1-1024x576.jpg 1024w, https:\/\/www.em.com.br\/emfoco\/wp-content\/uploads\/2026\/04\/marom1-300x169.jpg 300w, https:\/\/www.em.com.br\/emfoco\/wp-content\/uploads\/2026\/04\/marom1-768x432.jpg 768w, https:\/\/www.em.com.br\/emfoco\/wp-content\/uploads\/2026\/04\/marom1-750x422.jpg 750w, https:\/\/www.em.com.br\/emfoco\/wp-content\/uploads\/2026\/04\/marom1-1140x641.jpg 1140w, https:\/\/www.em.com.br\/emfoco\/wp-content\/uploads\/2026\/04\/marom1.jpg 1280w\" sizes=\"auto, (max-width: 1024px) 100vw, 1024px\" \/><figcaption class=\"wp-element-caption\">Mude o visual com a cor tend\u00eancia de 2026 que \u00e9 puro luxo e sofistica\u00e7\u00e3o<\/figcaption><\/figure><\/div>\n\n\n<h2 class=\"wp-block-heading\">Por que especialistas afirmam que o marrom &#8220;faz tudo parecer mais caro&#8221;?<\/h2>\n\n\n\n<p>Diferente do preto, que absorve a luz e pode esconder detalhes da pe\u00e7a, o marrom chocolate real\u00e7a a qualidade dos tecidos. Essa profundidade crom\u00e1tica faz com que a l\u00e3 ou a seda revelem melhor sua trama, elevando instantaneamente a percep\u00e7\u00e3o de valor do vestu\u00e1rio.<\/p>\n\n\n\n<p>O tom entrou de vez no estilo mais duradouro da moda, aparecendo com facilidade tanto em produ\u00e7\u00f5es mais pesadas do inverno quanto em combina\u00e7\u00f5es leves da primavera. \u00c9 uma cor que se destaca no visual e traz uma op\u00e7\u00e3o interessante para quem quer manter eleg\u00e2ncia sem cair no lugar-comum.<\/p>\n\n\n\n<p>Veja os principais benef\u00edcios de adotar esta paleta:<\/p>\n\n\n<div class=\"wp-block-image\">\n<figure class=\"aligncenter size-large is-resized\"><img loading=\"lazy\" decoding=\"async\" width=\"1024\" height=\"628\" src=\"https:\/\/www.em.com.br\/emfoco\/wp-content\/uploads\/2026\/04\/image-223-1024x628.png\" alt=\"\" class=\"wp-image-200007\" style=\"width:802px;height:auto\" srcset=\"https:\/\/www.em.com.br\/emfoco\/wp-content\/uploads\/2026\/04\/image-223-1024x628.png 1024w, https:\/\/www.em.com.br\/emfoco\/wp-content\/uploads\/2026\/04\/image-223-300x184.png 300w, https:\/\/www.em.com.br\/emfoco\/wp-content\/uploads\/2026\/04\/image-223-768x471.png 768w, https:\/\/www.em.com.br\/emfoco\/wp-content\/uploads\/2026\/04\/image-223-750x460.png 750w, https:\/\/www.em.com.br\/emfoco\/wp-content\/uploads\/2026\/04\/image-223-1140x699.png 1140w, https:\/\/www.em.com.br\/emfoco\/wp-content\/uploads\/2026\/04\/image-223.png 1280w\" sizes=\"auto, (max-width: 1024px) 100vw, 1024px\" \/><\/figure><\/div>\n\n\n<p>Leita tamb\u00e9m: <a href=\"https:\/\/www.em.com.br\/emfoco\/2026\/04\/15\/essas-5-calcas-dos-anos-90-que-estao-voltando-como-simbolo-de-elegancia-e-estilo\/\" target=\"_blank\" rel=\"noreferrer noopener\">Essas 5 cal\u00e7as dos anos 90 que est\u00e3o voltando como s\u00edmbolo de eleg\u00e2ncia e estilo<\/a><\/p>\n\n\n\n<h2 class=\"wp-block-heading\">Como essa cor reflete o comportamento da sociedade em 2026?<\/h2>\n\n\n\n<p>A ascens\u00e3o desta <strong>cor elegante<\/strong> n\u00e3o \u00e9 apenas est\u00e9tica, mas um reflexo da busca por conex\u00e3o com a natureza e por um estilo de vida menos artificial. O marrom chocolate traz uma mensagem de pertencimento e p\u00e9 no ch\u00e3o, caracter\u00edsticas muito valorizadas no design contempor\u00e2neo atual.<\/p>\n\n\n\n<p>Ao adotar essa paleta, o consumidor se alinha a uma est\u00e9tica de \u00e9poca que valoriza a durabilidade e o conforto. Seja em um casaco estruturado ou em acess\u00f3rios de couro, o marrom chocolate prova que a eleg\u00e2ncia em <strong>2026<\/strong> \u00e9, acima de tudo, uma celebra\u00e7\u00e3o da suavidade e da autenticidade nas escolhas di\u00e1rias.<\/p>\n","protected":false},"excerpt":{"rendered":"<p>Cor elegante por excel\u00eancia, o marrom chocolate assume o posto de tom protagonista nas cole\u00e7\u00f5es de outono e inverno de 2026. Esta tonalidade envolvente substitui o preto tradicional, trazendo uma profundidade rica que valoriza texturas e cortes de alfaiataria. Por que o marrom chocolate \u00e9 a aposta da Pantone para 2025 e 2026? A transi\u00e7\u00e3o [&hellip;]<\/p>\n","protected":false},"author":30,"featured_media":199872,"comment_status":"open","ping_status":"open","sticky":false,"template":"","format":"standard","meta":{"jnews-multi-image_gallery":[],"jnews_single_post":{"format":"standard"},"jnews_primary_category":[],"jnews_social_meta":[],"jnews_override_counter":[],"footnotes":""},"categories":[8691],"tags":[5318,8114,4977,27762],"class_list":["post-199848","post","type-post","status-publish","format-standard","has-post-thumbnail","hentry","category-bem-estar","tag-estilo","tag-marrom","tag-moda","tag-outono-2026"],"yoast_head":"<!-- This site is optimized with the Yoast SEO plugin v23.8 - https:\/\/yoast.com\/wordpress\/plugins\/seo\/ -->\n<title>Nem preto nem azul: a cor elegante que est\u00e1 virando tend\u00eancia no outono de 2026 - Estado de Minas - Em foco<\/title>\n<meta name=\"description\" content=\"Entenda qual cor elegante est\u00e1 virando tend\u00eancia no outono de 2026, nem preto nem cinza. Veja o marrom chocolate como tom protagonista agora.\" \/>\n<meta name=\"robots\" content=\"index, follow, max-snippet:-1, max-image-preview:large, max-video-preview:-1\" \/>\n<link rel=\"canonical\" href=\"https:\/\/www.em.com.br\/emfoco\/2026\/04\/27\/nem-preto-nem-cinza-a-cor-elegante-que-esta-virando-tendencia-no-outono-de-2026\/\" \/>\n<meta property=\"og:locale\" content=\"pt_BR\" \/>\n<meta property=\"og:type\" content=\"article\" \/>\n<meta property=\"og:title\" content=\"Nem preto nem azul: a cor elegante que est\u00e1 virando tend\u00eancia no outono de 2026 - Estado de Minas - Em foco\" \/>\n<meta property=\"og:description\" content=\"Entenda qual cor elegante est\u00e1 virando tend\u00eancia no outono de 2026, nem preto nem cinza. Veja o marrom chocolate como tom protagonista agora.\" \/>\n<meta property=\"og:url\" content=\"https:\/\/www.em.com.br\/emfoco\/2026\/04\/27\/nem-preto-nem-cinza-a-cor-elegante-que-esta-virando-tendencia-no-outono-de-2026\/\" \/>\n<meta property=\"og:site_name\" content=\"Estado de Minas - Em foco\" \/>\n<meta property=\"article:published_time\" content=\"2026-04-27T11:15:00+00:00\" \/>\n<meta property=\"article:modified_time\" content=\"2026-04-27T12:59:12+00:00\" \/>\n<meta property=\"og:image\" content=\"https:\/\/www.em.com.br\/emfoco\/wp-content\/uploads\/2026\/04\/preto-cinza-1.jpg\" \/>\n\t<meta property=\"og:image:width\" content=\"1280\" \/>\n\t<meta property=\"og:image:height\" content=\"720\" \/>\n\t<meta property=\"og:image:type\" content=\"image\/jpeg\" \/>\n<meta name=\"author\" content=\"Guilherme Ara\u00fajo\" \/>\n<meta name=\"twitter:card\" content=\"summary_large_image\" \/>\n<meta name=\"twitter:label1\" content=\"Escrito por\" \/>\n\t<meta name=\"twitter:data1\" content=\"Guilherme Ara\u00fajo\" \/>\n\t<meta name=\"twitter:label2\" content=\"Est. tempo de leitura\" \/>\n\t<meta name=\"twitter:data2\" content=\"5 minutos\" \/>\n<!-- \/ Yoast SEO plugin. -->","yoast_head_json":{"title":"Nem preto nem azul: a cor elegante que est\u00e1 virando tend\u00eancia no outono de 2026 - Estado de Minas - Em foco","description":"Entenda qual cor elegante est\u00e1 virando tend\u00eancia no outono de 2026, nem preto nem cinza. Veja o marrom chocolate como tom protagonista agora.","robots":{"index":"index","follow":"follow","max-snippet":"max-snippet:-1","max-image-preview":"max-image-preview:large","max-video-preview":"max-video-preview:-1"},"canonical":"https:\/\/www.em.com.br\/emfoco\/2026\/04\/27\/nem-preto-nem-cinza-a-cor-elegante-que-esta-virando-tendencia-no-outono-de-2026\/","og_locale":"pt_BR","og_type":"article","og_title":"Nem preto nem azul: a cor elegante que est\u00e1 virando tend\u00eancia no outono de 2026 - Estado de Minas - Em foco","og_description":"Entenda qual cor elegante est\u00e1 virando tend\u00eancia no outono de 2026, nem preto nem cinza. Veja o marrom chocolate como tom protagonista agora.","og_url":"https:\/\/www.em.com.br\/emfoco\/2026\/04\/27\/nem-preto-nem-cinza-a-cor-elegante-que-esta-virando-tendencia-no-outono-de-2026\/","og_site_name":"Estado de Minas - Em foco","article_published_time":"2026-04-27T11:15:00+00:00","article_modified_time":"2026-04-27T12:59:12+00:00","og_image":[{"width":1280,"height":720,"url":"https:\/\/www.em.com.br\/emfoco\/wp-content\/uploads\/2026\/04\/preto-cinza-1.jpg","type":"image\/jpeg"}],"author":"Guilherme Ara\u00fajo","twitter_card":"summary_large_image","twitter_misc":{"Escrito por":"Guilherme Ara\u00fajo","Est. tempo de leitura":"5 minutos"},"schema":{"@context":"https:\/\/schema.org","@graph":[{"@type":"WebPage","@id":"https:\/\/www.em.com.br\/emfoco\/2026\/04\/27\/nem-preto-nem-cinza-a-cor-elegante-que-esta-virando-tendencia-no-outono-de-2026\/","url":"https:\/\/www.em.com.br\/emfoco\/2026\/04\/27\/nem-preto-nem-cinza-a-cor-elegante-que-esta-virando-tendencia-no-outono-de-2026\/","name":"Nem preto nem azul: a cor elegante que est\u00e1 virando tend\u00eancia no outono de 2026 - Estado de Minas - Em foco","isPartOf":{"@id":"https:\/\/www.em.com.br\/emfoco\/#website"},"primaryImageOfPage":{"@id":"https:\/\/www.em.com.br\/emfoco\/2026\/04\/27\/nem-preto-nem-cinza-a-cor-elegante-que-esta-virando-tendencia-no-outono-de-2026\/#primaryimage"},"image":{"@id":"https:\/\/www.em.com.br\/emfoco\/2026\/04\/27\/nem-preto-nem-cinza-a-cor-elegante-que-esta-virando-tendencia-no-outono-de-2026\/#primaryimage"},"thumbnailUrl":"https:\/\/www.em.com.br\/emfoco\/wp-content\/uploads\/2026\/04\/preto-cinza-1.jpg","datePublished":"2026-04-27T11:15:00+00:00","dateModified":"2026-04-27T12:59:12+00:00","author":{"@id":"https:\/\/www.em.com.br\/emfoco\/#\/schema\/person\/5379e929a4b966c775d121e23f9bb421"},"description":"Entenda qual cor elegante est\u00e1 virando tend\u00eancia no outono de 2026, nem preto nem cinza. Veja o marrom chocolate como tom protagonista agora.","breadcrumb":{"@id":"https:\/\/www.em.com.br\/emfoco\/2026\/04\/27\/nem-preto-nem-cinza-a-cor-elegante-que-esta-virando-tendencia-no-outono-de-2026\/#breadcrumb"},"inLanguage":"pt-BR","potentialAction":[{"@type":"ReadAction","target":["https:\/\/www.em.com.br\/emfoco\/2026\/04\/27\/nem-preto-nem-cinza-a-cor-elegante-que-esta-virando-tendencia-no-outono-de-2026\/"]}]},{"@type":"ImageObject","inLanguage":"pt-BR","@id":"https:\/\/www.em.com.br\/emfoco\/2026\/04\/27\/nem-preto-nem-cinza-a-cor-elegante-que-esta-virando-tendencia-no-outono-de-2026\/#primaryimage","url":"https:\/\/www.em.com.br\/emfoco\/wp-content\/uploads\/2026\/04\/preto-cinza-1.jpg","contentUrl":"https:\/\/www.em.com.br\/emfoco\/wp-content\/uploads\/2026\/04\/preto-cinza-1.jpg","width":1280,"height":720,"caption":"Conhe\u00e7a a tonalidade sofisticada que \u00e9 a grande aposta deste outono"},{"@type":"BreadcrumbList","@id":"https:\/\/www.em.com.br\/emfoco\/2026\/04\/27\/nem-preto-nem-cinza-a-cor-elegante-que-esta-virando-tendencia-no-outono-de-2026\/#breadcrumb","itemListElement":[{"@type":"ListItem","position":1,"name":"In\u00edcio","item":"https:\/\/www.em.com.br\/emfoco\/"},{"@type":"ListItem","position":2,"name":"Nem preto nem azul: a cor elegante que est\u00e1 virando tend\u00eancia no outono de 2026"}]},{"@type":"WebSite","@id":"https:\/\/www.em.com.br\/emfoco\/#website","url":"https:\/\/www.em.com.br\/emfoco\/","name":"Estado de Minas - Em foco","description":"Acompanhe as \u00faltimas not\u00edcias e fique bem informado sobre tudo o que acontece em Minas Gerais, Brasil e no mundo.","potentialAction":[{"@type":"SearchAction","target":{"@type":"EntryPoint","urlTemplate":"https:\/\/www.em.com.br\/emfoco\/?s={search_term_string}"},"query-input":{"@type":"PropertyValueSpecification","valueRequired":true,"valueName":"search_term_string"}}],"inLanguage":"pt-BR"},{"@type":"Person","@id":"https:\/\/www.em.com.br\/emfoco\/#\/schema\/person\/5379e929a4b966c775d121e23f9bb421","name":"Guilherme Ara\u00fajo","image":{"@type":"ImageObject","inLanguage":"pt-BR","@id":"https:\/\/www.em.com.br\/emfoco\/#\/schema\/person\/image\/","url":"https:\/\/secure.gravatar.com\/avatar\/b8bf1fd0130e170bd8f5d7298dbafa25?s=96&d=mm&r=g","contentUrl":"https:\/\/secure.gravatar.com\/avatar\/b8bf1fd0130e170bd8f5d7298dbafa25?s=96&d=mm&r=g","caption":"Guilherme Ara\u00fajo"},"sameAs":["https:\/\/www.em.com.br\/emfoco"],"url":"https:\/\/www.em.com.br\/emfoco\/author\/guilhermeamyth\/"}]}},"_links":{"self":[{"href":"https:\/\/www.em.com.br\/emfoco\/wp-json\/wp\/v2\/posts\/199848","targetHints":{"allow":["GET"]}}],"collection":[{"href":"https:\/\/www.em.com.br\/emfoco\/wp-json\/wp\/v2\/posts"}],"about":[{"href":"https:\/\/www.em.com.br\/emfoco\/wp-json\/wp\/v2\/types\/post"}],"author":[{"embeddable":true,"href":"https:\/\/www.em.com.br\/emfoco\/wp-json\/wp\/v2\/users\/30"}],"replies":[{"embeddable":true,"href":"https:\/\/www.em.com.br\/emfoco\/wp-json\/wp\/v2\/comments?post=199848"}],"version-history":[{"count":5,"href":"https:\/\/www.em.com.br\/emfoco\/wp-json\/wp\/v2\/posts\/199848\/revisions"}],"predecessor-version":[{"id":200471,"href":"https:\/\/www.em.com.br\/emfoco\/wp-json\/wp\/v2\/posts\/199848\/revisions\/200471"}],"wp:featuredmedia":[{"embeddable":true,"href":"https:\/\/www.em.com.br\/emfoco\/wp-json\/wp\/v2\/media\/199872"}],"wp:attachment":[{"href":"https:\/\/www.em.com.br\/emfoco\/wp-json\/wp\/v2\/media?parent=199848"}],"wp:term":[{"taxonomy":"category","embeddable":true,"href":"https:\/\/www.em.com.br\/emfoco\/wp-json\/wp\/v2\/categories?post=199848"},{"taxonomy":"post_tag","embeddable":true,"href":"https:\/\/www.em.com.br\/emfoco\/wp-json\/wp\/v2\/tags?post=199848"}],"curies":[{"name":"wp","href":"https:\/\/api.w.org\/{rel}","templated":true}]}}