{"id":199847,"date":"2026-04-27T07:35:00","date_gmt":"2026-04-27T10:35:00","guid":{"rendered":"https:\/\/www.em.com.br\/emfoco\/?p=199847"},"modified":"2026-04-26T07:13:30","modified_gmt":"2026-04-26T10:13:30","slug":"bolo-de-beterraba-sem-gluten-fofinho-e-umido-que-surpreende-no-sabor","status":"publish","type":"post","link":"https:\/\/www.em.com.br\/emfoco\/2026\/04\/27\/bolo-de-beterraba-sem-gluten-fofinho-e-umido-que-surpreende-no-sabor\/","title":{"rendered":"O bolo de beterraba sem gl\u00faten mais fofinho e \u00famido que voc\u00ea vai ver hoje"},"content":{"rendered":"\n<p>O <strong>bolo de beterraba<\/strong> sem gl\u00faten une praticidade, cor vibrante e valor nutricional real em uma \u00fanica fatia. O segredo para uma massa fofa est\u00e1 na combina\u00e7\u00e3o estrat\u00e9gica de farinhas que garantem estrutura e umidade sem o uso do trigo.<\/p>\n\n\n\n<h2 class=\"wp-block-heading\">Por que a beterraba funciona t\u00e3o bem em massas de bolo?<\/h2>\n\n\n\n<p>A <strong>beterraba <\/strong>\u00e9 rica em betala\u00ednas, pigmentos naturais que oferecem um alto potencial antioxidante e protegem as c\u00e9lulas contra radicais livres. Al\u00e9m da cor intensa, ela atua como um umectante natural, garantindo que o bolo permane\u00e7a macio por muito mais tempo.<\/p>\n\n\n\n<p>De acordo com pesquisas do <a href=\"https:\/\/repositorio.ifrs.edu.br\/handle\/123456789\/1846\" target=\"_blank\" rel=\"noreferrer noopener\"><strong>Instituto Federal do Rio Grande do Sul (IFRS<\/strong><\/a><strong><a href=\"https:\/\/repositorio.ifrs.edu.br\/handle\/123456789\/1846\" target=\"_blank\" rel=\"noreferrer noopener\">)<\/a><\/strong>, esses compostos auxiliam na redu\u00e7\u00e3o de riscos cardiovasculares. Na massa, a beterraba triturada libera umidade gradualmente durante o cozimento, o que permite reduzir a quantidade de gordura da receita sem perder a sucul\u00eancia.<\/p>\n\n\n\n<h2 class=\"wp-block-heading\">Qual \u00e9 o maior desafio das farinhas sem gl\u00faten?<\/h2>\n\n\n\n<p>A aus\u00eancia do gl\u00faten dificulta a forma\u00e7\u00e3o da rede el\u00e1stica que ret\u00e9m os gases da fermenta\u00e7\u00e3o, essencial para o bolo crescer. Nenhuma farinha isolada consegue substituir o trigo com perfei\u00e7\u00e3o, exigindo uma mistura t\u00e9cnica para equilibrar leveza, liga e maciez.<\/p>\n\n\n\n<p>Estudos publicados no <strong>Research, Society and Development<\/strong> comprovam que a uni\u00e3o da farinha de arroz com polvilho ou f\u00e9culas reduz a dureza da massa em at\u00e9 <strong>53%<\/strong>. Essa combina\u00e7\u00e3o t\u00e9cnica \u00e9 o que garante a estrutura el\u00e1stica necess\u00e1ria para um resultado profissional em casa.<\/p>\n\n\n<div class=\"wp-block-image\">\n<figure class=\"aligncenter size-large\"><img loading=\"lazy\" decoding=\"async\" width=\"1024\" height=\"576\" src=\"https:\/\/www.em.com.br\/emfoco\/wp-content\/uploads\/2026\/04\/bolo2-1-1024x576.jpg\" alt=\"Bolo de beterraba sem gl\u00faten que derrete na boca e vai conquistar sua fam\u00edlia\" class=\"wp-image-199861\" srcset=\"https:\/\/www.em.com.br\/emfoco\/wp-content\/uploads\/2026\/04\/bolo2-1-1024x576.jpg 1024w, https:\/\/www.em.com.br\/emfoco\/wp-content\/uploads\/2026\/04\/bolo2-1-300x169.jpg 300w, https:\/\/www.em.com.br\/emfoco\/wp-content\/uploads\/2026\/04\/bolo2-1-768x432.jpg 768w, https:\/\/www.em.com.br\/emfoco\/wp-content\/uploads\/2026\/04\/bolo2-1-750x422.jpg 750w, https:\/\/www.em.com.br\/emfoco\/wp-content\/uploads\/2026\/04\/bolo2-1-1140x641.jpg 1140w, https:\/\/www.em.com.br\/emfoco\/wp-content\/uploads\/2026\/04\/bolo2-1.jpg 1280w\" sizes=\"auto, (max-width: 1024px) 100vw, 1024px\" \/><figcaption class=\"wp-element-caption\">Bolo de beterraba sem gl\u00faten que derrete na boca e vai conquistar sua fam\u00edlia<\/figcaption><\/figure><\/div>\n\n\n<h2 class=\"wp-block-heading\">Como preparar o bolo de beterraba perfeito?<\/h2>\n\n\n\n<p>Para um resultado surpreendente, utilize ingredientes em temperatura ambiente e bata bem a beterraba para que a massa fique homog\u00eanea. A escolha dos secos \u00e9 o que determinar\u00e1 se o seu bolo ser\u00e1 quebradi\u00e7o ou fofinho, por isso siga as propor\u00e7\u00f5es indicadas.<\/p>\n\n\n\n<p>Confira os ingredientes necess\u00e1rios para esta vers\u00e3o saud\u00e1vel:<\/p>\n\n\n\n<ol class=\"wp-block-list\">\n<li><strong>Beterraba crua:<\/strong> 300 g picadas para garantir cor e umidade.<\/li>\n\n\n\n<li><strong>Farinha de arroz:<\/strong> 1 x\u00edcara para dar a estrutura neutra.<\/li>\n\n\n\n<li><strong>Polvilho doce:<\/strong> 2 colheres de sopa para garantir a liga.<\/li>\n\n\n\n<li><strong>F\u00e9cula de batata:<\/strong> 1\/3 de x\u00edcara para leveza extrema.<\/li>\n\n\n\n<li><strong>Ovos e \u00d3leo de coco:<\/strong> essenciais para a emulsifica\u00e7\u00e3o e maciez.<\/li>\n\n\n\n<li><strong>A\u00e7\u00facar mascavo:<\/strong> 1 x\u00edcara para dul\u00e7or e preserva\u00e7\u00e3o da umidade.<\/li>\n<\/ol>\n\n\n\n<p>Quem busca uma alimenta\u00e7\u00e3o equilibrada, vai curtir esse v\u00eddeo especialmente selecionado do canal <strong>Vida da Al\u00ea &#8211; Dicas Saud\u00e1veis<\/strong>, que conta com mais de <strong>3,7 mil<\/strong> visualiza\u00e7\u00f5es, onde a <strong>Al\u00ea<\/strong> mostra como preparar um bolo de beterraba crua com aveia e lim\u00e3o de liquidificador:<\/p>\n\n\n\n<figure class=\"wp-block-embed is-type-video is-provider-youtube wp-block-embed-youtube wp-embed-aspect-16-9 wp-has-aspect-ratio\"><div class=\"wp-block-embed__wrapper\">\n<div class=\"jeg_video_container jeg_video_content\"><iframe loading=\"lazy\" title=\"Bolo de Beterraba crua de liquidificador com aveia com lim\u00e3o sem gl\u00faten fit\" width=\"500\" height=\"281\" src=\"https:\/\/www.youtube.com\/embed\/DnCY9UzJVVY?feature=oembed\" frameborder=\"0\" allow=\"accelerometer; autoplay; clipboard-write; encrypted-media; gyroscope; picture-in-picture; web-share\" referrerpolicy=\"strict-origin-when-cross-origin\" allowfullscreen><\/iframe><\/div>\n<\/div><\/figure>\n\n\n\n<h2 class=\"wp-block-heading\">Quais ajustes t\u00e9cnicos deixam a massa mais fofinha?<\/h2>\n\n\n\n<p>A farinha de arroz sozinha pode deixar o <strong>bolo de beterraba<\/strong> seco, por isso a adi\u00e7\u00e3o de f\u00e9cula de batata \u00e9 um truque de confeitaria fundamental. Outro segredo \u00e9 adicionar uma colher de suco de lim\u00e3o, que reage com o fermento e cria mais bolhas de ar na massa.<\/p>\n\n\n\n<p>O uso da goma xantana, em pequenas concentra\u00e7\u00f5es, simula a elasticidade do gl\u00faten de forma eficaz. Esse aditivo natural ret\u00e9m os gases da fermenta\u00e7\u00e3o dentro do bolo, impedindo que ele murche ap\u00f3s sair do forno e garantindo aquela textura &#8220;nuvem&#8221; que todos adoram.<\/p>\n\n\n\n<p>Veja a tabela de fun\u00e7\u00f5es dos ingredientes na estrutura do bolo:<\/p>\n\n\n<div class=\"wp-block-image\">\n<figure class=\"aligncenter size-large is-resized\"><img loading=\"lazy\" decoding=\"async\" width=\"1024\" height=\"759\" src=\"https:\/\/www.em.com.br\/emfoco\/wp-content\/uploads\/2026\/04\/image-221-1024x759.png\" alt=\"\" class=\"wp-image-200004\" style=\"width:787px;height:auto\" srcset=\"https:\/\/www.em.com.br\/emfoco\/wp-content\/uploads\/2026\/04\/image-221-1024x759.png 1024w, https:\/\/www.em.com.br\/emfoco\/wp-content\/uploads\/2026\/04\/image-221-300x222.png 300w, https:\/\/www.em.com.br\/emfoco\/wp-content\/uploads\/2026\/04\/image-221-768x569.png 768w, https:\/\/www.em.com.br\/emfoco\/wp-content\/uploads\/2026\/04\/image-221-750x556.png 750w, https:\/\/www.em.com.br\/emfoco\/wp-content\/uploads\/2026\/04\/image-221-1140x845.png 1140w, https:\/\/www.em.com.br\/emfoco\/wp-content\/uploads\/2026\/04\/image-221.png 1280w\" sizes=\"auto, (max-width: 1024px) 100vw, 1024px\" \/><\/figure><\/div>\n\n\n<p>Leia tamb\u00e9m: <a href=\"https:\/\/www.em.com.br\/emfoco\/2026\/04\/20\/o-truque-do-trigo-com-amido-de-milho-que-deixa-o-bolo-de-banana-perfeito-em-40-minutos\/\" target=\"_blank\" rel=\"noreferrer noopener\">O truque do trigo com amido de milho que deixa o bolo de banana perfeito em 40 minutos<\/a><\/p>\n\n\n\n<h2 class=\"wp-block-heading\">Como assar e conservar o seu bolo?<\/h2>\n\n\n\n<p>O forno deve estar pr\u00e9-aquecido a <strong>180\u00b0C<\/strong> para que a rea\u00e7\u00e3o qu\u00edmica do fermento ocorra imediatamente. O tempo m\u00e9dio de cozimento \u00e9 de <strong>40 minutos<\/strong>, mas o teste do palito \u00e9 indispens\u00e1vel, j\u00e1 que fornos sem gl\u00faten podem variar a reten\u00e7\u00e3o de calor.<\/p>\n\n\n\n<p>Evite abrir o forno nos primeiros 25 minutos para n\u00e3o solar a massa. Ap\u00f3s esfriar, armazene em recipiente fechado para manter a hidrata\u00e7\u00e3o das fibras. Este <strong>bolo de beterraba<\/strong> \u00e9 a prova de que restri\u00e7\u00f5es alimentares podem caminhar juntas com um sabor inesquec\u00edvel e uma textura impec\u00e1vel.<\/p>\n","protected":false},"excerpt":{"rendered":"<p>O bolo de beterraba sem gl\u00faten une praticidade, cor vibrante e valor nutricional real em uma \u00fanica fatia. O segredo para uma massa fofa est\u00e1 na combina\u00e7\u00e3o estrat\u00e9gica de farinhas que garantem estrutura e umidade sem o uso do trigo. Por que a beterraba funciona t\u00e3o bem em massas de bolo? A beterraba \u00e9 rica [&hellip;]<\/p>\n","protected":false},"author":30,"featured_media":199859,"comment_status":"open","ping_status":"open","sticky":false,"template":"","format":"standard","meta":{"jnews-multi-image_gallery":[],"jnews_single_post":{"format":"standard"},"jnews_primary_category":[],"jnews_social_meta":[],"jnews_override_counter":[],"footnotes":""},"categories":[8691],"tags":[5318,8114,4977,27762],"class_list":["post-199847","post","type-post","status-publish","format-standard","has-post-thumbnail","hentry","category-bem-estar","tag-estilo","tag-marrom","tag-moda","tag-outono-2026"],"yoast_head":"<!-- This site is optimized with the Yoast SEO plugin v23.8 - https:\/\/yoast.com\/wordpress\/plugins\/seo\/ -->\n<title>O bolo de beterraba sem gl\u00faten mais fofinho e \u00famido que voc\u00ea vai ver hoje - Estado de Minas - Em foco<\/title>\n<meta name=\"description\" content=\"Aprenda o bolo de beterraba sem gl\u00faten fofinho e \u00famido que surpreende no sabor. Veja a receita da massa vibrante com farinhas estrat\u00e9gicas.\" \/>\n<meta name=\"robots\" content=\"index, follow, max-snippet:-1, max-image-preview:large, max-video-preview:-1\" \/>\n<link rel=\"canonical\" href=\"https:\/\/www.em.com.br\/emfoco\/2026\/04\/27\/bolo-de-beterraba-sem-gluten-fofinho-e-umido-que-surpreende-no-sabor\/\" \/>\n<meta property=\"og:locale\" content=\"pt_BR\" \/>\n<meta property=\"og:type\" content=\"article\" \/>\n<meta property=\"og:title\" content=\"O bolo de beterraba sem gl\u00faten mais fofinho e \u00famido que voc\u00ea vai ver hoje - Estado de Minas - Em foco\" \/>\n<meta property=\"og:description\" content=\"Aprenda o bolo de beterraba sem gl\u00faten fofinho e \u00famido que surpreende no sabor. Veja a receita da massa vibrante com farinhas estrat\u00e9gicas.\" \/>\n<meta property=\"og:url\" content=\"https:\/\/www.em.com.br\/emfoco\/2026\/04\/27\/bolo-de-beterraba-sem-gluten-fofinho-e-umido-que-surpreende-no-sabor\/\" \/>\n<meta property=\"og:site_name\" content=\"Estado de Minas - Em foco\" \/>\n<meta property=\"article:published_time\" content=\"2026-04-27T10:35:00+00:00\" \/>\n<meta property=\"article:modified_time\" content=\"2026-04-26T10:13:30+00:00\" \/>\n<meta property=\"og:image\" content=\"https:\/\/www.em.com.br\/emfoco\/wp-content\/uploads\/2026\/04\/bolo-beterraba.jpg\" \/>\n\t<meta property=\"og:image:width\" content=\"1280\" \/>\n\t<meta property=\"og:image:height\" content=\"720\" \/>\n\t<meta property=\"og:image:type\" content=\"image\/jpeg\" \/>\n<meta name=\"author\" content=\"Guilherme Ara\u00fajo\" \/>\n<meta name=\"twitter:card\" content=\"summary_large_image\" \/>\n<meta name=\"twitter:label1\" content=\"Escrito por\" \/>\n\t<meta name=\"twitter:data1\" content=\"Guilherme Ara\u00fajo\" \/>\n\t<meta name=\"twitter:label2\" content=\"Est. tempo de leitura\" \/>\n\t<meta name=\"twitter:data2\" content=\"5 minutos\" \/>\n<!-- \/ Yoast SEO plugin. -->","yoast_head_json":{"title":"O bolo de beterraba sem gl\u00faten mais fofinho e \u00famido que voc\u00ea vai ver hoje - Estado de Minas - Em foco","description":"Aprenda o bolo de beterraba sem gl\u00faten fofinho e \u00famido que surpreende no sabor. Veja a receita da massa vibrante com farinhas estrat\u00e9gicas.","robots":{"index":"index","follow":"follow","max-snippet":"max-snippet:-1","max-image-preview":"max-image-preview:large","max-video-preview":"max-video-preview:-1"},"canonical":"https:\/\/www.em.com.br\/emfoco\/2026\/04\/27\/bolo-de-beterraba-sem-gluten-fofinho-e-umido-que-surpreende-no-sabor\/","og_locale":"pt_BR","og_type":"article","og_title":"O bolo de beterraba sem gl\u00faten mais fofinho e \u00famido que voc\u00ea vai ver hoje - Estado de Minas - Em foco","og_description":"Aprenda o bolo de beterraba sem gl\u00faten fofinho e \u00famido que surpreende no sabor. Veja a receita da massa vibrante com farinhas estrat\u00e9gicas.","og_url":"https:\/\/www.em.com.br\/emfoco\/2026\/04\/27\/bolo-de-beterraba-sem-gluten-fofinho-e-umido-que-surpreende-no-sabor\/","og_site_name":"Estado de Minas - Em foco","article_published_time":"2026-04-27T10:35:00+00:00","article_modified_time":"2026-04-26T10:13:30+00:00","og_image":[{"width":1280,"height":720,"url":"https:\/\/www.em.com.br\/emfoco\/wp-content\/uploads\/2026\/04\/bolo-beterraba.jpg","type":"image\/jpeg"}],"author":"Guilherme Ara\u00fajo","twitter_card":"summary_large_image","twitter_misc":{"Escrito por":"Guilherme Ara\u00fajo","Est. tempo de leitura":"5 minutos"},"schema":{"@context":"https:\/\/schema.org","@graph":[{"@type":"WebPage","@id":"https:\/\/www.em.com.br\/emfoco\/2026\/04\/27\/bolo-de-beterraba-sem-gluten-fofinho-e-umido-que-surpreende-no-sabor\/","url":"https:\/\/www.em.com.br\/emfoco\/2026\/04\/27\/bolo-de-beterraba-sem-gluten-fofinho-e-umido-que-surpreende-no-sabor\/","name":"O bolo de beterraba sem gl\u00faten mais fofinho e \u00famido que voc\u00ea vai ver hoje - Estado de Minas - Em foco","isPartOf":{"@id":"https:\/\/www.em.com.br\/emfoco\/#website"},"primaryImageOfPage":{"@id":"https:\/\/www.em.com.br\/emfoco\/2026\/04\/27\/bolo-de-beterraba-sem-gluten-fofinho-e-umido-que-surpreende-no-sabor\/#primaryimage"},"image":{"@id":"https:\/\/www.em.com.br\/emfoco\/2026\/04\/27\/bolo-de-beterraba-sem-gluten-fofinho-e-umido-que-surpreende-no-sabor\/#primaryimage"},"thumbnailUrl":"https:\/\/www.em.com.br\/emfoco\/wp-content\/uploads\/2026\/04\/bolo-beterraba.jpg","datePublished":"2026-04-27T10:35:00+00:00","dateModified":"2026-04-26T10:13:30+00:00","author":{"@id":"https:\/\/www.em.com.br\/emfoco\/#\/schema\/person\/5379e929a4b966c775d121e23f9bb421"},"description":"Aprenda o bolo de beterraba sem gl\u00faten fofinho e \u00famido que surpreende no sabor. Veja a receita da massa vibrante com farinhas estrat\u00e9gicas.","breadcrumb":{"@id":"https:\/\/www.em.com.br\/emfoco\/2026\/04\/27\/bolo-de-beterraba-sem-gluten-fofinho-e-umido-que-surpreende-no-sabor\/#breadcrumb"},"inLanguage":"pt-BR","potentialAction":[{"@type":"ReadAction","target":["https:\/\/www.em.com.br\/emfoco\/2026\/04\/27\/bolo-de-beterraba-sem-gluten-fofinho-e-umido-que-surpreende-no-sabor\/"]}]},{"@type":"ImageObject","inLanguage":"pt-BR","@id":"https:\/\/www.em.com.br\/emfoco\/2026\/04\/27\/bolo-de-beterraba-sem-gluten-fofinho-e-umido-que-surpreende-no-sabor\/#primaryimage","url":"https:\/\/www.em.com.br\/emfoco\/wp-content\/uploads\/2026\/04\/bolo-beterraba.jpg","contentUrl":"https:\/\/www.em.com.br\/emfoco\/wp-content\/uploads\/2026\/04\/bolo-beterraba.jpg","width":1280,"height":720,"caption":"O segredo para fazer um bolo de beterraba sem gl\u00faten fofinho e muito \u00famido"},{"@type":"BreadcrumbList","@id":"https:\/\/www.em.com.br\/emfoco\/2026\/04\/27\/bolo-de-beterraba-sem-gluten-fofinho-e-umido-que-surpreende-no-sabor\/#breadcrumb","itemListElement":[{"@type":"ListItem","position":1,"name":"In\u00edcio","item":"https:\/\/www.em.com.br\/emfoco\/"},{"@type":"ListItem","position":2,"name":"O bolo de beterraba sem gl\u00faten mais fofinho e \u00famido que voc\u00ea vai ver hoje"}]},{"@type":"WebSite","@id":"https:\/\/www.em.com.br\/emfoco\/#website","url":"https:\/\/www.em.com.br\/emfoco\/","name":"Estado de Minas - Em foco","description":"Acompanhe as \u00faltimas not\u00edcias e fique bem informado sobre tudo o que acontece em Minas Gerais, Brasil e no mundo.","potentialAction":[{"@type":"SearchAction","target":{"@type":"EntryPoint","urlTemplate":"https:\/\/www.em.com.br\/emfoco\/?s={search_term_string}"},"query-input":{"@type":"PropertyValueSpecification","valueRequired":true,"valueName":"search_term_string"}}],"inLanguage":"pt-BR"},{"@type":"Person","@id":"https:\/\/www.em.com.br\/emfoco\/#\/schema\/person\/5379e929a4b966c775d121e23f9bb421","name":"Guilherme Ara\u00fajo","image":{"@type":"ImageObject","inLanguage":"pt-BR","@id":"https:\/\/www.em.com.br\/emfoco\/#\/schema\/person\/image\/","url":"https:\/\/secure.gravatar.com\/avatar\/b8bf1fd0130e170bd8f5d7298dbafa25?s=96&d=mm&r=g","contentUrl":"https:\/\/secure.gravatar.com\/avatar\/b8bf1fd0130e170bd8f5d7298dbafa25?s=96&d=mm&r=g","caption":"Guilherme Ara\u00fajo"},"sameAs":["https:\/\/www.em.com.br\/emfoco"],"url":"https:\/\/www.em.com.br\/emfoco\/author\/guilhermeamyth\/"}]}},"_links":{"self":[{"href":"https:\/\/www.em.com.br\/emfoco\/wp-json\/wp\/v2\/posts\/199847","targetHints":{"allow":["GET"]}}],"collection":[{"href":"https:\/\/www.em.com.br\/emfoco\/wp-json\/wp\/v2\/posts"}],"about":[{"href":"https:\/\/www.em.com.br\/emfoco\/wp-json\/wp\/v2\/types\/post"}],"author":[{"embeddable":true,"href":"https:\/\/www.em.com.br\/emfoco\/wp-json\/wp\/v2\/users\/30"}],"replies":[{"embeddable":true,"href":"https:\/\/www.em.com.br\/emfoco\/wp-json\/wp\/v2\/comments?post=199847"}],"version-history":[{"count":6,"href":"https:\/\/www.em.com.br\/emfoco\/wp-json\/wp\/v2\/posts\/199847\/revisions"}],"predecessor-version":[{"id":200018,"href":"https:\/\/www.em.com.br\/emfoco\/wp-json\/wp\/v2\/posts\/199847\/revisions\/200018"}],"wp:featuredmedia":[{"embeddable":true,"href":"https:\/\/www.em.com.br\/emfoco\/wp-json\/wp\/v2\/media\/199859"}],"wp:attachment":[{"href":"https:\/\/www.em.com.br\/emfoco\/wp-json\/wp\/v2\/media?parent=199847"}],"wp:term":[{"taxonomy":"category","embeddable":true,"href":"https:\/\/www.em.com.br\/emfoco\/wp-json\/wp\/v2\/categories?post=199847"},{"taxonomy":"post_tag","embeddable":true,"href":"https:\/\/www.em.com.br\/emfoco\/wp-json\/wp\/v2\/tags?post=199847"}],"curies":[{"name":"wp","href":"https:\/\/api.w.org\/{rel}","templated":true}]}}