{"id":199822,"date":"2026-04-27T13:35:00","date_gmt":"2026-04-27T16:35:00","guid":{"rendered":"https:\/\/www.em.com.br\/emfoco\/?p=199822"},"modified":"2026-04-26T07:13:31","modified_gmt":"2026-04-26T10:13:31","slug":"um-cafe-virou-motivo-de-demissao-apos-35-anos-de-trabalho-e-sem-um-unico-centavo-de-indenizacao","status":"publish","type":"post","link":"https:\/\/www.em.com.br\/emfoco\/2026\/04\/27\/um-cafe-virou-motivo-de-demissao-apos-35-anos-de-trabalho-e-sem-um-unico-centavo-de-indenizacao\/","title":{"rendered":"Um caf\u00e9 virou motivo de demiss\u00e3o ap\u00f3s 35 anos de trabalho e sem um \u00fanico centavo de indeniza\u00e7\u00e3o"},"content":{"rendered":"\n<p>A <strong>demiss\u00e3o<\/strong> por justa causa de uma funcion\u00e1ria com tr\u00eas d\u00e9cadas de servi\u00e7o acendeu um alerta global sobre as normas de conduta empresarial. O caso, validado pela justi\u00e7a espanhola, demonstra que a quebra de confian\u00e7a pode anular qualquer tempo de casa.<\/p>\n\n\n\n<h2 class=\"wp-block-heading\">O que decidiu o tribunal sobre o consumo de caf\u00e9?<\/h2>\n\n\n\n<p>Uma trabalhadora de um supermercado foi desligada ap\u00f3s ser flagrada consumindo caf\u00e9s sem apresentar o comprovante de pagamento. Embora o valor de cada bebida fosse baixo, a repeti\u00e7\u00e3o do ato entre os dias 4 e 21 de julho de 2022 foi considerada determinante para a puni\u00e7\u00e3o m\u00e1xima.<\/p>\n\n\n\n<p>O <strong>Tribunal Superior de Justi\u00e7a de Val\u00eancia<\/strong> rejeitou o recurso da funcion\u00e1ria, alegando que a aus\u00eancia de recibos configurou uma viola\u00e7\u00e3o objetiva das normas internas. Para os ju\u00edzes, o cargo de confian\u00e7a que ela exercia exigia um rigor \u00e9tico ainda maior, tornando a falta grav\u00edssima e irremedi\u00e1vel.<\/p>\n\n\n\n<h2 class=\"wp-block-heading\">Por que o valor do produto n\u00e3o impediu a demiss\u00e3o?<\/h2>\n\n\n\n<p>A justi\u00e7a entende que o ato de improbidade n\u00e3o \u00e9 medido pelo valor financeiro do preju\u00edzo, mas pela quebra da lealdade entre empregado e empregador. Mesmo quantias irris\u00f3rias podem fundamentar o desligamento imediato se ficar comprovada a inten\u00e7\u00e3o de subtrair bens da empresa.<\/p>\n\n\n\n<p>No Brasil, o <a href=\"https:\/\/www.tst.jus.br\/\" target=\"_blank\" rel=\"noreferrer noopener\"><strong>Tribunal Superior do Trabalho (TST)<\/strong><\/a> consolidou entendimento semelhante em casos de desvio de bens. A rescis\u00e3o motivada dispensa a necessidade de advert\u00eancias pr\u00e9vias quando a conduta do trabalhador configura um ato de desonestidade expl\u00edcita dentro do ambiente corporativo.<\/p>\n\n\n\n<p>Confira os crit\u00e9rios utilizados para validar a falta grave:<\/p>\n\n\n\n<ul class=\"wp-block-list\">\n<li><strong>Reincid\u00eancia:<\/strong> a pr\u00e1tica foi registrada em diversas datas diferentes.<\/li>\n\n\n\n<li><strong>Viola\u00e7\u00e3o de Norma:<\/strong> a regra sobre o pagamento de consumo era clara e escrita.<\/li>\n\n\n\n<li><strong>Quebra de Confian\u00e7a:<\/strong> o v\u00ednculo de lealdade foi destru\u00eddo pela conduta.<\/li>\n\n\n\n<li><strong>Cargo de Confian\u00e7a:<\/strong> fun\u00e7\u00f5es de lideran\u00e7a exigem maior transpar\u00eancia.<\/li>\n<\/ul>\n\n\n\n<h2 class=\"wp-block-heading\">Quando a justa causa pode ser revertida na Justi\u00e7a?<\/h2>\n\n\n\n<p>Nem toda demiss\u00e3o disciplinar \u00e9 mantida pelos tribunais, pois o judici\u00e1rio analisa a proporcionalidade entre a falha cometida e a puni\u00e7\u00e3o aplicada. Se a empresa n\u00e3o conseguir provar o ato il\u00edcito de forma contundente, a puni\u00e7\u00e3o pode ser considerada um abuso de direito.<\/p>\n\n\n\n<p>H\u00e1 registros de revers\u00f5es onde funcion\u00e1rios com longo tempo de servi\u00e7o foram reintegrados ou indenizados ap\u00f3s demiss\u00f5es por motivos f\u00fateis ou mal documentados. A diferen\u00e7a reside na capacidade da empresa em demonstrar a m\u00e1-f\u00e9 do colaborador e a observ\u00e2ncia de todos os procedimentos legais de investiga\u00e7\u00e3o interna.<\/p>\n\n\n<div class=\"wp-block-image\">\n<figure class=\"aligncenter size-large\"><img loading=\"lazy\" decoding=\"async\" width=\"1024\" height=\"576\" src=\"https:\/\/www.em.com.br\/emfoco\/wp-content\/uploads\/2026\/04\/cfe-nao-pago-1-1024x576.jpg\" alt=\"O desfecho impressionante do trabalhador demitido por um caf\u00e9 sem receber nada\" class=\"wp-image-199844\" srcset=\"https:\/\/www.em.com.br\/emfoco\/wp-content\/uploads\/2026\/04\/cfe-nao-pago-1-1024x576.jpg 1024w, https:\/\/www.em.com.br\/emfoco\/wp-content\/uploads\/2026\/04\/cfe-nao-pago-1-300x169.jpg 300w, https:\/\/www.em.com.br\/emfoco\/wp-content\/uploads\/2026\/04\/cfe-nao-pago-1-768x432.jpg 768w, https:\/\/www.em.com.br\/emfoco\/wp-content\/uploads\/2026\/04\/cfe-nao-pago-1-750x422.jpg 750w, https:\/\/www.em.com.br\/emfoco\/wp-content\/uploads\/2026\/04\/cfe-nao-pago-1-1140x641.jpg 1140w, https:\/\/www.em.com.br\/emfoco\/wp-content\/uploads\/2026\/04\/cfe-nao-pago-1.jpg 1280w\" sizes=\"auto, (max-width: 1024px) 100vw, 1024px\" \/><figcaption class=\"wp-element-caption\">O desfecho impressionante do trabalhador demitido por um caf\u00e9 sem receber nada<\/figcaption><\/figure><\/div>\n\n\n<p>Leia tamb\u00e9m: <a href=\"https:\/\/www.em.com.br\/emfoco\/2026\/04\/19\/a-lei-nao-garante-folga-no-aniversario-de-forma-automatica-e-faltar-pode-trazer-prejuizo-mesmo-nesse-dia-especial\/\" target=\"_blank\" rel=\"noreferrer noopener\">A lei n\u00e3o garante folga no anivers\u00e1rio de forma autom\u00e1tica e faltar pode trazer preju\u00edzo mesmo nesse dia especial<\/a><\/p>\n\n\n\n<h2 class=\"wp-block-heading\">O que trabalhadores devem saber sobre regras internas?<\/h2>\n\n\n\n<p>Para evitar uma <strong>demiss\u00e3o<\/strong> inesperada, \u00e9 fundamental que o colaborador conhe\u00e7a e documente qualquer benef\u00edcio ou consumo realizado no local de trabalho. Pr\u00e1ticas informais que n\u00e3o estejam previstas em contrato ou manuais de conduta podem ser interpretadas como irregularidades graves em auditorias futuras.<\/p>\n\n\n\n<p>A clareza das normas \u00e9 a maior prote\u00e7\u00e3o para ambos os lados. Empresas que mant\u00eam registros formais de treinamentos e orienta\u00e7\u00f5es sobre o patrim\u00f4nio corporativo possuem maior seguran\u00e7a jur\u00eddica. J\u00e1 o trabalhador deve sempre solicitar e guardar recibos de qualquer transa\u00e7\u00e3o efetuada dentro do estabelecimento do empregador.<\/p>\n\n\n\n<p>Veja as principais recomenda\u00e7\u00f5es para manter a seguran\u00e7a jur\u00eddica:<\/p>\n\n\n<div class=\"wp-block-image\">\n<figure class=\"aligncenter size-large is-resized\"><img loading=\"lazy\" decoding=\"async\" width=\"1024\" height=\"487\" src=\"https:\/\/www.em.com.br\/emfoco\/wp-content\/uploads\/2026\/04\/image-228-1024x487.png\" alt=\"\" class=\"wp-image-200015\" style=\"width:790px;height:auto\" srcset=\"https:\/\/www.em.com.br\/emfoco\/wp-content\/uploads\/2026\/04\/image-228-1024x487.png 1024w, https:\/\/www.em.com.br\/emfoco\/wp-content\/uploads\/2026\/04\/image-228-300x143.png 300w, https:\/\/www.em.com.br\/emfoco\/wp-content\/uploads\/2026\/04\/image-228-768x365.png 768w, https:\/\/www.em.com.br\/emfoco\/wp-content\/uploads\/2026\/04\/image-228-750x357.png 750w, https:\/\/www.em.com.br\/emfoco\/wp-content\/uploads\/2026\/04\/image-228-1140x542.png 1140w, https:\/\/www.em.com.br\/emfoco\/wp-content\/uploads\/2026\/04\/image-228.png 1280w\" sizes=\"auto, (max-width: 1024px) 100vw, 1024px\" \/><\/figure><\/div>\n\n\n<h2 class=\"wp-block-heading\">Qual o impacto desse precedente no mercado de trabalho?<\/h2>\n\n\n\n<p>Decis\u00f5es como a de Val\u00eancia refor\u00e7am a tend\u00eancia de toler\u00e2ncia zero para desvios de conduta, independentemente da hierarquia ou do tempo de servi\u00e7o. Isso impulsiona as corpora\u00e7\u00f5es a investirem mais em sistemas de monitoramento e auditoria de pequenos processos cotidianos.<\/p>\n\n\n\n<p>A integridade no ambiente de trabalho \u00e9 um valor inegoci\u00e1vel perante a lei. Seja no Brasil ou no exterior, o cumprimento rigoroso das regras de conduta \u00e9 a \u00fanica forma de garantir que o trabalhador mantenha seus direitos e sua reputa\u00e7\u00e3o intactos at\u00e9 o fim de sua trajet\u00f3ria profissional.<\/p>\n","protected":false},"excerpt":{"rendered":"<p>A demiss\u00e3o por justa causa de uma funcion\u00e1ria com tr\u00eas d\u00e9cadas de servi\u00e7o acendeu um alerta global sobre as normas de conduta empresarial. O caso, validado pela justi\u00e7a espanhola, demonstra que a quebra de confian\u00e7a pode anular qualquer tempo de casa. O que decidiu o tribunal sobre o consumo de caf\u00e9? Uma trabalhadora de um [&hellip;]<\/p>\n","protected":false},"author":30,"featured_media":199842,"comment_status":"open","ping_status":"open","sticky":false,"template":"","format":"standard","meta":{"jnews-multi-image_gallery":[],"jnews_single_post":{"format":"standard"},"jnews_primary_category":[],"jnews_social_meta":[],"jnews_override_counter":[],"footnotes":""},"categories":[28],"tags":[1342,16151,1334,508],"class_list":["post-199822","post","type-post","status-publish","format-standard","has-post-thumbnail","hentry","category-economia","tag-direitos","tag-justa-causa","tag-justica","tag-trabalho"],"yoast_head":"<!-- This site is optimized with the Yoast SEO plugin v23.8 - https:\/\/yoast.com\/wordpress\/plugins\/seo\/ -->\n<title>Um caf\u00e9 virou motivo de demiss\u00e3o ap\u00f3s 35 anos de trabalho e sem um \u00fanico centavo de indeniza\u00e7\u00e3o - Estado de Minas - Em foco<\/title>\n<meta name=\"description\" content=\"Entenda o caso do caf\u00e9 que gerou demiss\u00e3o por justa causa ap\u00f3s 35 anos de trabalho. Veja por que n\u00e3o houve um centavo de indeniza\u00e7\u00e3o agora.\" \/>\n<meta name=\"robots\" content=\"index, follow, max-snippet:-1, max-image-preview:large, max-video-preview:-1\" \/>\n<link rel=\"canonical\" href=\"https:\/\/www.em.com.br\/emfoco\/2026\/04\/27\/um-cafe-virou-motivo-de-demissao-apos-35-anos-de-trabalho-e-sem-um-unico-centavo-de-indenizacao\/\" \/>\n<meta property=\"og:locale\" content=\"pt_BR\" \/>\n<meta property=\"og:type\" content=\"article\" \/>\n<meta property=\"og:title\" content=\"Um caf\u00e9 virou motivo de demiss\u00e3o ap\u00f3s 35 anos de trabalho e sem um \u00fanico centavo de indeniza\u00e7\u00e3o - Estado de Minas - Em foco\" \/>\n<meta property=\"og:description\" content=\"Entenda o caso do caf\u00e9 que gerou demiss\u00e3o por justa causa ap\u00f3s 35 anos de trabalho. Veja por que n\u00e3o houve um centavo de indeniza\u00e7\u00e3o agora.\" \/>\n<meta property=\"og:url\" content=\"https:\/\/www.em.com.br\/emfoco\/2026\/04\/27\/um-cafe-virou-motivo-de-demissao-apos-35-anos-de-trabalho-e-sem-um-unico-centavo-de-indenizacao\/\" \/>\n<meta property=\"og:site_name\" content=\"Estado de Minas - Em foco\" \/>\n<meta property=\"article:published_time\" content=\"2026-04-27T16:35:00+00:00\" \/>\n<meta property=\"article:modified_time\" content=\"2026-04-26T10:13:31+00:00\" \/>\n<meta property=\"og:image\" content=\"https:\/\/www.em.com.br\/emfoco\/wp-content\/uploads\/2026\/04\/cafe-1.jpg\" \/>\n\t<meta property=\"og:image:width\" content=\"1280\" \/>\n\t<meta property=\"og:image:height\" content=\"720\" \/>\n\t<meta property=\"og:image:type\" content=\"image\/jpeg\" \/>\n<meta name=\"author\" content=\"Guilherme Ara\u00fajo\" \/>\n<meta name=\"twitter:card\" content=\"summary_large_image\" \/>\n<meta name=\"twitter:label1\" content=\"Escrito por\" \/>\n\t<meta name=\"twitter:data1\" content=\"Guilherme Ara\u00fajo\" \/>\n\t<meta name=\"twitter:label2\" content=\"Est. tempo de leitura\" \/>\n\t<meta name=\"twitter:data2\" content=\"5 minutos\" \/>\n<!-- \/ Yoast SEO plugin. -->","yoast_head_json":{"title":"Um caf\u00e9 virou motivo de demiss\u00e3o ap\u00f3s 35 anos de trabalho e sem um \u00fanico centavo de indeniza\u00e7\u00e3o - Estado de Minas - Em foco","description":"Entenda o caso do caf\u00e9 que gerou demiss\u00e3o por justa causa ap\u00f3s 35 anos de trabalho. Veja por que n\u00e3o houve um centavo de indeniza\u00e7\u00e3o agora.","robots":{"index":"index","follow":"follow","max-snippet":"max-snippet:-1","max-image-preview":"max-image-preview:large","max-video-preview":"max-video-preview:-1"},"canonical":"https:\/\/www.em.com.br\/emfoco\/2026\/04\/27\/um-cafe-virou-motivo-de-demissao-apos-35-anos-de-trabalho-e-sem-um-unico-centavo-de-indenizacao\/","og_locale":"pt_BR","og_type":"article","og_title":"Um caf\u00e9 virou motivo de demiss\u00e3o ap\u00f3s 35 anos de trabalho e sem um \u00fanico centavo de indeniza\u00e7\u00e3o - Estado de Minas - Em foco","og_description":"Entenda o caso do caf\u00e9 que gerou demiss\u00e3o por justa causa ap\u00f3s 35 anos de trabalho. Veja por que n\u00e3o houve um centavo de indeniza\u00e7\u00e3o agora.","og_url":"https:\/\/www.em.com.br\/emfoco\/2026\/04\/27\/um-cafe-virou-motivo-de-demissao-apos-35-anos-de-trabalho-e-sem-um-unico-centavo-de-indenizacao\/","og_site_name":"Estado de Minas - Em foco","article_published_time":"2026-04-27T16:35:00+00:00","article_modified_time":"2026-04-26T10:13:31+00:00","og_image":[{"width":1280,"height":720,"url":"https:\/\/www.em.com.br\/emfoco\/wp-content\/uploads\/2026\/04\/cafe-1.jpg","type":"image\/jpeg"}],"author":"Guilherme Ara\u00fajo","twitter_card":"summary_large_image","twitter_misc":{"Escrito por":"Guilherme Ara\u00fajo","Est. tempo de leitura":"5 minutos"},"schema":{"@context":"https:\/\/schema.org","@graph":[{"@type":"WebPage","@id":"https:\/\/www.em.com.br\/emfoco\/2026\/04\/27\/um-cafe-virou-motivo-de-demissao-apos-35-anos-de-trabalho-e-sem-um-unico-centavo-de-indenizacao\/","url":"https:\/\/www.em.com.br\/emfoco\/2026\/04\/27\/um-cafe-virou-motivo-de-demissao-apos-35-anos-de-trabalho-e-sem-um-unico-centavo-de-indenizacao\/","name":"Um caf\u00e9 virou motivo de demiss\u00e3o ap\u00f3s 35 anos de trabalho e sem um \u00fanico centavo de indeniza\u00e7\u00e3o - Estado de Minas - Em foco","isPartOf":{"@id":"https:\/\/www.em.com.br\/emfoco\/#website"},"primaryImageOfPage":{"@id":"https:\/\/www.em.com.br\/emfoco\/2026\/04\/27\/um-cafe-virou-motivo-de-demissao-apos-35-anos-de-trabalho-e-sem-um-unico-centavo-de-indenizacao\/#primaryimage"},"image":{"@id":"https:\/\/www.em.com.br\/emfoco\/2026\/04\/27\/um-cafe-virou-motivo-de-demissao-apos-35-anos-de-trabalho-e-sem-um-unico-centavo-de-indenizacao\/#primaryimage"},"thumbnailUrl":"https:\/\/www.em.com.br\/emfoco\/wp-content\/uploads\/2026\/04\/cafe-1.jpg","datePublished":"2026-04-27T16:35:00+00:00","dateModified":"2026-04-26T10:13:31+00:00","author":{"@id":"https:\/\/www.em.com.br\/emfoco\/#\/schema\/person\/5379e929a4b966c775d121e23f9bb421"},"description":"Entenda o caso do caf\u00e9 que gerou demiss\u00e3o por justa causa ap\u00f3s 35 anos de trabalho. Veja por que n\u00e3o houve um centavo de indeniza\u00e7\u00e3o agora.","breadcrumb":{"@id":"https:\/\/www.em.com.br\/emfoco\/2026\/04\/27\/um-cafe-virou-motivo-de-demissao-apos-35-anos-de-trabalho-e-sem-um-unico-centavo-de-indenizacao\/#breadcrumb"},"inLanguage":"pt-BR","potentialAction":[{"@type":"ReadAction","target":["https:\/\/www.em.com.br\/emfoco\/2026\/04\/27\/um-cafe-virou-motivo-de-demissao-apos-35-anos-de-trabalho-e-sem-um-unico-centavo-de-indenizacao\/"]}]},{"@type":"ImageObject","inLanguage":"pt-BR","@id":"https:\/\/www.em.com.br\/emfoco\/2026\/04\/27\/um-cafe-virou-motivo-de-demissao-apos-35-anos-de-trabalho-e-sem-um-unico-centavo-de-indenizacao\/#primaryimage","url":"https:\/\/www.em.com.br\/emfoco\/wp-content\/uploads\/2026\/04\/cafe-1.jpg","contentUrl":"https:\/\/www.em.com.br\/emfoco\/wp-content\/uploads\/2026\/04\/cafe-1.jpg","width":1280,"height":720,"caption":"Empresa demite funcion\u00e1rio com 35 anos de casa por causa de um caf\u00e9 e justi\u00e7a decide"},{"@type":"BreadcrumbList","@id":"https:\/\/www.em.com.br\/emfoco\/2026\/04\/27\/um-cafe-virou-motivo-de-demissao-apos-35-anos-de-trabalho-e-sem-um-unico-centavo-de-indenizacao\/#breadcrumb","itemListElement":[{"@type":"ListItem","position":1,"name":"In\u00edcio","item":"https:\/\/www.em.com.br\/emfoco\/"},{"@type":"ListItem","position":2,"name":"Um caf\u00e9 virou motivo de demiss\u00e3o ap\u00f3s 35 anos de trabalho e sem um \u00fanico centavo de indeniza\u00e7\u00e3o"}]},{"@type":"WebSite","@id":"https:\/\/www.em.com.br\/emfoco\/#website","url":"https:\/\/www.em.com.br\/emfoco\/","name":"Estado de Minas - Em foco","description":"Acompanhe as \u00faltimas not\u00edcias e fique bem informado sobre tudo o que acontece em Minas Gerais, Brasil e no mundo.","potentialAction":[{"@type":"SearchAction","target":{"@type":"EntryPoint","urlTemplate":"https:\/\/www.em.com.br\/emfoco\/?s={search_term_string}"},"query-input":{"@type":"PropertyValueSpecification","valueRequired":true,"valueName":"search_term_string"}}],"inLanguage":"pt-BR"},{"@type":"Person","@id":"https:\/\/www.em.com.br\/emfoco\/#\/schema\/person\/5379e929a4b966c775d121e23f9bb421","name":"Guilherme Ara\u00fajo","image":{"@type":"ImageObject","inLanguage":"pt-BR","@id":"https:\/\/www.em.com.br\/emfoco\/#\/schema\/person\/image\/","url":"https:\/\/secure.gravatar.com\/avatar\/b8bf1fd0130e170bd8f5d7298dbafa25?s=96&d=mm&r=g","contentUrl":"https:\/\/secure.gravatar.com\/avatar\/b8bf1fd0130e170bd8f5d7298dbafa25?s=96&d=mm&r=g","caption":"Guilherme Ara\u00fajo"},"sameAs":["https:\/\/www.em.com.br\/emfoco"],"url":"https:\/\/www.em.com.br\/emfoco\/author\/guilhermeamyth\/"}]}},"_links":{"self":[{"href":"https:\/\/www.em.com.br\/emfoco\/wp-json\/wp\/v2\/posts\/199822","targetHints":{"allow":["GET"]}}],"collection":[{"href":"https:\/\/www.em.com.br\/emfoco\/wp-json\/wp\/v2\/posts"}],"about":[{"href":"https:\/\/www.em.com.br\/emfoco\/wp-json\/wp\/v2\/types\/post"}],"author":[{"embeddable":true,"href":"https:\/\/www.em.com.br\/emfoco\/wp-json\/wp\/v2\/users\/30"}],"replies":[{"embeddable":true,"href":"https:\/\/www.em.com.br\/emfoco\/wp-json\/wp\/v2\/comments?post=199822"}],"version-history":[{"count":3,"href":"https:\/\/www.em.com.br\/emfoco\/wp-json\/wp\/v2\/posts\/199822\/revisions"}],"predecessor-version":[{"id":200016,"href":"https:\/\/www.em.com.br\/emfoco\/wp-json\/wp\/v2\/posts\/199822\/revisions\/200016"}],"wp:featuredmedia":[{"embeddable":true,"href":"https:\/\/www.em.com.br\/emfoco\/wp-json\/wp\/v2\/media\/199842"}],"wp:attachment":[{"href":"https:\/\/www.em.com.br\/emfoco\/wp-json\/wp\/v2\/media?parent=199822"}],"wp:term":[{"taxonomy":"category","embeddable":true,"href":"https:\/\/www.em.com.br\/emfoco\/wp-json\/wp\/v2\/categories?post=199822"},{"taxonomy":"post_tag","embeddable":true,"href":"https:\/\/www.em.com.br\/emfoco\/wp-json\/wp\/v2\/tags?post=199822"}],"curies":[{"name":"wp","href":"https:\/\/api.w.org\/{rel}","templated":true}]}}