{"id":199816,"date":"2026-04-27T16:15:00","date_gmt":"2026-04-27T19:15:00","guid":{"rendered":"https:\/\/www.em.com.br\/emfoco\/?p=199816"},"modified":"2026-04-26T07:13:31","modified_gmt":"2026-04-26T10:13:31","slug":"pai-que-nunca-reconheceu-o-filho-e-obrigado-na-justica-a-pagar-valor-que-daria-para-comprar-uma-casa-apos-decadas-de-ausencia","status":"publish","type":"post","link":"https:\/\/www.em.com.br\/emfoco\/2026\/04\/27\/pai-que-nunca-reconheceu-o-filho-e-obrigado-na-justica-a-pagar-valor-que-daria-para-comprar-uma-casa-apos-decadas-de-ausencia\/","title":{"rendered":"Pai que nunca reconheceu o filho \u00e9 obrigado na justi\u00e7a a pagar valor que daria para comprar uma casa ap\u00f3s d\u00e9cadas de aus\u00eancia"},"content":{"rendered":"\n<p>Uma decis\u00e3o judicial proferida em 2026 condenou um genitor a pagar uma indeniza\u00e7\u00e3o equivalente ao valor de um im\u00f3vel devido ao abandono prolongado. O montante foi fixado com base na repara\u00e7\u00e3o integral do dano, buscando compensar o preju\u00edzo emocional acumulado pelo homem que nunca <strong>reconheceu o filho<\/strong> voluntariamente.<\/p>\n\n\n\n<h2 class=\"wp-block-heading\">O que a lei brasileira diz sobre o abandono afetivo?<\/h2>\n\n\n\n<p>No Brasil, o <a href=\"https:\/\/www.em.com.br\/emfoco\/2026\/04\/19\/a-lei-nao-garante-folga-no-aniversario-de-forma-automatica-e-faltar-pode-trazer-prejuizo-mesmo-nesse-dia-especial\/\" target=\"_blank\" rel=\"noreferrer noopener\">cen\u00e1rio jur\u00eddico<\/a> mudou drasticamente com a san\u00e7\u00e3o da <strong>Lei 15.240\/2025<\/strong>, publicada no <a href=\"https:\/\/www.in.gov.br\/\" target=\"_blank\" rel=\"noreferrer noopener\"><strong>Di\u00e1rio Oficial da Uni\u00e3o<\/strong><\/a> em outubro de 2025. A norma alterou o Estatuto da Crian\u00e7a e do Adolescente para reconhecer o abandono afetivo como um ato il\u00edcito civil pass\u00edvel de repara\u00e7\u00e3o financeira.<\/p>\n\n\n\n<p>A legisla\u00e7\u00e3o estabelece que a assist\u00eancia afetiva \u00e9 um dever legal, englobando a orienta\u00e7\u00e3o educacional, apoio em momentos de crise e a presen\u00e7a f\u00edsica constante. Negligenciar esses pilares agora gera consequ\u00eancias diretas no patrim\u00f4nio de quem n\u00e3o <strong>reconheceu o filho<\/strong> ou se omitiu de suas responsabilidades parentais b\u00e1sicas.<\/p>\n\n\n<div class=\"wp-block-image\">\n<figure class=\"aligncenter size-large\"><img loading=\"lazy\" decoding=\"async\" width=\"1024\" height=\"576\" src=\"https:\/\/www.em.com.br\/emfoco\/wp-content\/uploads\/2026\/04\/justic-1-1024x576.jpg\" alt=\"Ap\u00f3s d\u00e9cadas, homem que negou paternidade \u00e9 obrigado a pagar indeniza\u00e7\u00e3o milion\u00e1ria ao filho\" class=\"wp-image-199833\" srcset=\"https:\/\/www.em.com.br\/emfoco\/wp-content\/uploads\/2026\/04\/justic-1-1024x576.jpg 1024w, https:\/\/www.em.com.br\/emfoco\/wp-content\/uploads\/2026\/04\/justic-1-300x169.jpg 300w, https:\/\/www.em.com.br\/emfoco\/wp-content\/uploads\/2026\/04\/justic-1-768x432.jpg 768w, https:\/\/www.em.com.br\/emfoco\/wp-content\/uploads\/2026\/04\/justic-1-750x422.jpg 750w, https:\/\/www.em.com.br\/emfoco\/wp-content\/uploads\/2026\/04\/justic-1-1140x641.jpg 1140w, https:\/\/www.em.com.br\/emfoco\/wp-content\/uploads\/2026\/04\/justic-1.jpg 1280w\" sizes=\"auto, (max-width: 1024px) 100vw, 1024px\" \/><figcaption class=\"wp-element-caption\">Ap\u00f3s d\u00e9cadas, homem que negou paternidade \u00e9 obrigado a pagar indeniza\u00e7\u00e3o ao filho<\/figcaption><\/figure><\/div>\n\n\n<h2 class=\"wp-block-heading\">Quais s\u00e3o os precedentes do STJ para esses casos?<\/h2>\n\n\n\n<p>O <strong>Superior Tribunal de Justi\u00e7a (STJ)<\/strong> j\u00e1 vinha consolidando decis\u00f5es favor\u00e1veis aos filhos antes mesmo da nova lei entrar em vigor. Em setembro de 2025, a corte manteve uma condena\u00e7\u00e3o de <strong>R$ 150 mil<\/strong> em danos morais contra um pai que se recusava a conviver com a descendente.<\/p>\n\n\n\n<p>De acordo com o <a href=\"https:\/\/ibdfam.org.br\/\" target=\"_blank\" rel=\"noreferrer noopener\"><strong>Instituto Brasileiro de Direito de Fam\u00edlia (IBDFAM)<\/strong><\/a>, essa foi uma das maiores indeniza\u00e7\u00f5es registradas no pa\u00eds por esse motivo. O tribunal entende que, embora n\u00e3o se possa obrigar ningu\u00e9m a amar, a omiss\u00e3o do dever de cuidado gera danos psicol\u00f3gicos profundos que devem ser indenizados.<\/p>\n\n\n\n<p>Confira os elementos obrigat\u00f3rios para obter a indeniza\u00e7\u00e3o:<\/p>\n\n\n\n<ul class=\"wp-block-list\">\n<li><strong>Conduta omissiva:<\/strong> a prova da aus\u00eancia de conviv\u00eancia e participa\u00e7\u00e3o na vida do filho.<\/li>\n\n\n\n<li><strong>Dano psicol\u00f3gico:<\/strong> demonstrado por laudos t\u00e9cnicos que atestem sequelas emocionais.<\/li>\n\n\n\n<li><strong>Nexo causal:<\/strong> a liga\u00e7\u00e3o direta entre a aus\u00eancia do pai e o trauma sofrido.<\/li>\n\n\n\n<li><strong>Prova t\u00e9cnica:<\/strong> avalia\u00e7\u00f5es que documentem depress\u00e3o, baixa autoestima ou traumas.<\/li>\n<\/ul>\n\n\n\n<h2 class=\"wp-block-heading\">Como o valor da indeniza\u00e7\u00e3o \u00e9 calculado pela Justi\u00e7a?<\/h2>\n\n\n\n<p>O c\u00e1lculo n\u00e3o segue uma tabela fixa, mas considera a capacidade financeira do genitor e a extens\u00e3o do dano causado \u00e0 v\u00edtima. Casos recentes mostram que os valores est\u00e3o subindo, ultrapassando a antiga m\u00e9dia de <strong>R$ 30 mil<\/strong> para alcan\u00e7ar patamares que realmente busquem a repara\u00e7\u00e3o do projeto de vida interrompido.<\/p>\n\n\n\n<p>A an\u00e1lise leva em conta se o pai <strong>reconheceu o filho<\/strong> apenas ap\u00f3s exames de DNA e se houve tentativa de aproxima\u00e7\u00e3o posterior. Quando a omiss\u00e3o \u00e9 total e acompanhada de desprezo p\u00fablico, os ju\u00edzes tendem a fixar quantias mais elevadas para servir como puni\u00e7\u00e3o e exemplo pedag\u00f3gico \u00e0 sociedade.<\/p>\n\n\n<div class=\"wp-block-image\">\n<figure class=\"aligncenter size-large\"><img loading=\"lazy\" decoding=\"async\" width=\"1024\" height=\"576\" src=\"https:\/\/www.em.com.br\/emfoco\/wp-content\/uploads\/2026\/04\/laudo1-1-1024x576.jpg\" alt=\"Entenda a decis\u00e3o que obrigou um pai a pagar o valor de uma casa por nunca ter reconhecido o filho\" class=\"wp-image-199835\" srcset=\"https:\/\/www.em.com.br\/emfoco\/wp-content\/uploads\/2026\/04\/laudo1-1-1024x576.jpg 1024w, https:\/\/www.em.com.br\/emfoco\/wp-content\/uploads\/2026\/04\/laudo1-1-300x169.jpg 300w, https:\/\/www.em.com.br\/emfoco\/wp-content\/uploads\/2026\/04\/laudo1-1-768x432.jpg 768w, https:\/\/www.em.com.br\/emfoco\/wp-content\/uploads\/2026\/04\/laudo1-1-750x422.jpg 750w, https:\/\/www.em.com.br\/emfoco\/wp-content\/uploads\/2026\/04\/laudo1-1-1140x641.jpg 1140w, https:\/\/www.em.com.br\/emfoco\/wp-content\/uploads\/2026\/04\/laudo1-1.jpg 1280w\" sizes=\"auto, (max-width: 1024px) 100vw, 1024px\" \/><figcaption class=\"wp-element-caption\">Entenda a decis\u00e3o que obrigou um pai a pagar o valor de uma casa por nunca ter reconhecido o filho<\/figcaption><\/figure><\/div>\n\n\n<h2 class=\"wp-block-heading\">Quais s\u00e3o os requisitos para processar por abandono?<\/h2>\n\n\n\n<p>Para buscar a justi\u00e7a, o filho ou seu representante legal precisa reunir provas robustas da neglig\u00eancia emocional. A simples falta de pagamento de pens\u00e3o aliment\u00edcia \u00e9 uma infra\u00e7\u00e3o diferente; o abandono afetivo foca na aus\u00eancia do conv\u00edvio e do suporte psicol\u00f3gico fundamental para o desenvolvimento humano.<\/p>\n\n\n\n<p>Veja os documentos e provas fundamentais para o processo:<\/p>\n\n\n<div class=\"wp-block-image\">\n<figure class=\"aligncenter size-large is-resized\"><img loading=\"lazy\" decoding=\"async\" width=\"1024\" height=\"704\" src=\"https:\/\/www.em.com.br\/emfoco\/wp-content\/uploads\/2026\/04\/image-226-1024x704.png\" alt=\"\" class=\"wp-image-200011\" style=\"width:787px;height:auto\" srcset=\"https:\/\/www.em.com.br\/emfoco\/wp-content\/uploads\/2026\/04\/image-226-1024x704.png 1024w, https:\/\/www.em.com.br\/emfoco\/wp-content\/uploads\/2026\/04\/image-226-300x206.png 300w, https:\/\/www.em.com.br\/emfoco\/wp-content\/uploads\/2026\/04\/image-226-768x528.png 768w, https:\/\/www.em.com.br\/emfoco\/wp-content\/uploads\/2026\/04\/image-226-750x516.png 750w, https:\/\/www.em.com.br\/emfoco\/wp-content\/uploads\/2026\/04\/image-226-1140x784.png 1140w, https:\/\/www.em.com.br\/emfoco\/wp-content\/uploads\/2026\/04\/image-226.png 1280w\" sizes=\"auto, (max-width: 1024px) 100vw, 1024px\" \/><\/figure><\/div>\n\n\n<h2 class=\"wp-block-heading\">O entendimento jur\u00eddico est\u00e1 mudando na Am\u00e9rica Latina?<\/h2>\n\n\n\n<p>A tend\u00eancia de punir o abandono afetivo cresce em todo o continente, refletindo uma vis\u00e3o moderna do Direito de Fam\u00edlia. A ideia central \u00e9 que a paternidade gera obriga\u00e7\u00f5es que v\u00e3o muito al\u00e9m do sustento material, abrangendo o desenvolvimento integral da crian\u00e7a e do adolescente.<\/p>\n\n\n\n<p>A aprova\u00e7\u00e3o da nova lei no <strong>Brasil<\/strong> encerra um debate de quase duas d\u00e9cadas no Congresso Nacional e sinaliza tempos dif\u00edceis para quem negligencia a pr\u00f3pria prole. O reconhecimento do dano moral serve como um alerta: a responsabilidade parental \u00e9 permanente e sua viola\u00e7\u00e3o pode custar caro perante os tribunais brasileiros e internacionais.<\/p>\n\n\n\n<p>Em resumo, as decis\u00f5es judiciais recentes confirmam que a justi\u00e7a est\u00e1 cada vez mais atenta \u00e0 dignidade da pessoa humana dentro das rela\u00e7\u00f5es familiares. Para quem nunca <strong>reconheceu o filho<\/strong> ou o abandonou \u00e0 pr\u00f3pria sorte, o custo da aus\u00eancia pode, agora, ser cobrado judicialmente com juros e corre\u00e7\u00e3o.<\/p>\n","protected":false},"excerpt":{"rendered":"<p>Uma decis\u00e3o judicial proferida em 2026 condenou um genitor a pagar uma indeniza\u00e7\u00e3o equivalente ao valor de um im\u00f3vel devido ao abandono prolongado. O montante foi fixado com base na repara\u00e7\u00e3o integral do dano, buscando compensar o preju\u00edzo emocional acumulado pelo homem que nunca reconheceu o filho voluntariamente. O que a lei brasileira diz sobre [&hellip;]<\/p>\n","protected":false},"author":30,"featured_media":199837,"comment_status":"open","ping_status":"open","sticky":false,"template":"","format":"standard","meta":{"jnews-multi-image_gallery":[],"jnews_single_post":{"format":"standard"},"jnews_primary_category":[],"jnews_social_meta":[],"jnews_override_counter":[],"footnotes":""},"categories":[28],"tags":[18537,798,1332,1334],"class_list":["post-199816","post","type-post","status-publish","format-standard","has-post-thumbnail","hentry","category-economia","tag-direito","tag-familia","tag-indenizacao","tag-justica"],"yoast_head":"<!-- This site is optimized with the Yoast SEO plugin v23.8 - https:\/\/yoast.com\/wordpress\/plugins\/seo\/ -->\n<title>Pai que nunca reconheceu o filho \u00e9 obrigado na justi\u00e7a a pagar valor que daria para comprar uma casa ap\u00f3s d\u00e9cadas de aus\u00eancia - Estado de Minas - Em foco<\/title>\n<meta name=\"description\" content=\"Entenda por que este pai que nunca reconheceu o filho foi obrigado a pagar valor de uma casa ap\u00f3s d\u00e9cadas de aus\u00eancia. Veja a decis\u00e3o.\" \/>\n<meta name=\"robots\" content=\"index, follow, max-snippet:-1, max-image-preview:large, max-video-preview:-1\" \/>\n<link rel=\"canonical\" href=\"https:\/\/www.em.com.br\/emfoco\/2026\/04\/27\/pai-que-nunca-reconheceu-o-filho-e-obrigado-na-justica-a-pagar-valor-que-daria-para-comprar-uma-casa-apos-decadas-de-ausencia\/\" \/>\n<meta property=\"og:locale\" content=\"pt_BR\" \/>\n<meta property=\"og:type\" content=\"article\" \/>\n<meta property=\"og:title\" content=\"Pai que nunca reconheceu o filho \u00e9 obrigado na justi\u00e7a a pagar valor que daria para comprar uma casa ap\u00f3s d\u00e9cadas de aus\u00eancia - Estado de Minas - Em foco\" \/>\n<meta property=\"og:description\" content=\"Entenda por que este pai que nunca reconheceu o filho foi obrigado a pagar valor de uma casa ap\u00f3s d\u00e9cadas de aus\u00eancia. Veja a decis\u00e3o.\" \/>\n<meta property=\"og:url\" content=\"https:\/\/www.em.com.br\/emfoco\/2026\/04\/27\/pai-que-nunca-reconheceu-o-filho-e-obrigado-na-justica-a-pagar-valor-que-daria-para-comprar-uma-casa-apos-decadas-de-ausencia\/\" \/>\n<meta property=\"og:site_name\" content=\"Estado de Minas - Em foco\" \/>\n<meta property=\"article:published_time\" content=\"2026-04-27T19:15:00+00:00\" \/>\n<meta property=\"article:modified_time\" content=\"2026-04-26T10:13:31+00:00\" \/>\n<meta property=\"og:image\" content=\"https:\/\/www.em.com.br\/emfoco\/wp-content\/uploads\/2026\/04\/laudo2.jpg\" \/>\n\t<meta property=\"og:image:width\" content=\"1280\" \/>\n\t<meta property=\"og:image:height\" content=\"720\" \/>\n\t<meta property=\"og:image:type\" content=\"image\/jpeg\" \/>\n<meta name=\"author\" content=\"Guilherme Ara\u00fajo\" \/>\n<meta name=\"twitter:card\" content=\"summary_large_image\" \/>\n<meta name=\"twitter:label1\" content=\"Escrito por\" \/>\n\t<meta name=\"twitter:data1\" content=\"Guilherme Ara\u00fajo\" \/>\n\t<meta name=\"twitter:label2\" content=\"Est. tempo de leitura\" \/>\n\t<meta name=\"twitter:data2\" content=\"5 minutos\" \/>\n<!-- \/ Yoast SEO plugin. -->","yoast_head_json":{"title":"Pai que nunca reconheceu o filho \u00e9 obrigado na justi\u00e7a a pagar valor que daria para comprar uma casa ap\u00f3s d\u00e9cadas de aus\u00eancia - Estado de Minas - Em foco","description":"Entenda por que este pai que nunca reconheceu o filho foi obrigado a pagar valor de uma casa ap\u00f3s d\u00e9cadas de aus\u00eancia. Veja a decis\u00e3o.","robots":{"index":"index","follow":"follow","max-snippet":"max-snippet:-1","max-image-preview":"max-image-preview:large","max-video-preview":"max-video-preview:-1"},"canonical":"https:\/\/www.em.com.br\/emfoco\/2026\/04\/27\/pai-que-nunca-reconheceu-o-filho-e-obrigado-na-justica-a-pagar-valor-que-daria-para-comprar-uma-casa-apos-decadas-de-ausencia\/","og_locale":"pt_BR","og_type":"article","og_title":"Pai que nunca reconheceu o filho \u00e9 obrigado na justi\u00e7a a pagar valor que daria para comprar uma casa ap\u00f3s d\u00e9cadas de aus\u00eancia - Estado de Minas - Em foco","og_description":"Entenda por que este pai que nunca reconheceu o filho foi obrigado a pagar valor de uma casa ap\u00f3s d\u00e9cadas de aus\u00eancia. Veja a decis\u00e3o.","og_url":"https:\/\/www.em.com.br\/emfoco\/2026\/04\/27\/pai-que-nunca-reconheceu-o-filho-e-obrigado-na-justica-a-pagar-valor-que-daria-para-comprar-uma-casa-apos-decadas-de-ausencia\/","og_site_name":"Estado de Minas - Em foco","article_published_time":"2026-04-27T19:15:00+00:00","article_modified_time":"2026-04-26T10:13:31+00:00","og_image":[{"width":1280,"height":720,"url":"https:\/\/www.em.com.br\/emfoco\/wp-content\/uploads\/2026\/04\/laudo2.jpg","type":"image\/jpeg"}],"author":"Guilherme Ara\u00fajo","twitter_card":"summary_large_image","twitter_misc":{"Escrito por":"Guilherme Ara\u00fajo","Est. tempo de leitura":"5 minutos"},"schema":{"@context":"https:\/\/schema.org","@graph":[{"@type":"WebPage","@id":"https:\/\/www.em.com.br\/emfoco\/2026\/04\/27\/pai-que-nunca-reconheceu-o-filho-e-obrigado-na-justica-a-pagar-valor-que-daria-para-comprar-uma-casa-apos-decadas-de-ausencia\/","url":"https:\/\/www.em.com.br\/emfoco\/2026\/04\/27\/pai-que-nunca-reconheceu-o-filho-e-obrigado-na-justica-a-pagar-valor-que-daria-para-comprar-uma-casa-apos-decadas-de-ausencia\/","name":"Pai que nunca reconheceu o filho \u00e9 obrigado na justi\u00e7a a pagar valor que daria para comprar uma casa ap\u00f3s d\u00e9cadas de aus\u00eancia - Estado de Minas - Em foco","isPartOf":{"@id":"https:\/\/www.em.com.br\/emfoco\/#website"},"primaryImageOfPage":{"@id":"https:\/\/www.em.com.br\/emfoco\/2026\/04\/27\/pai-que-nunca-reconheceu-o-filho-e-obrigado-na-justica-a-pagar-valor-que-daria-para-comprar-uma-casa-apos-decadas-de-ausencia\/#primaryimage"},"image":{"@id":"https:\/\/www.em.com.br\/emfoco\/2026\/04\/27\/pai-que-nunca-reconheceu-o-filho-e-obrigado-na-justica-a-pagar-valor-que-daria-para-comprar-uma-casa-apos-decadas-de-ausencia\/#primaryimage"},"thumbnailUrl":"https:\/\/www.em.com.br\/emfoco\/wp-content\/uploads\/2026\/04\/laudo2.jpg","datePublished":"2026-04-27T19:15:00+00:00","dateModified":"2026-04-26T10:13:31+00:00","author":{"@id":"https:\/\/www.em.com.br\/emfoco\/#\/schema\/person\/5379e929a4b966c775d121e23f9bb421"},"description":"Entenda por que este pai que nunca reconheceu o filho foi obrigado a pagar valor de uma casa ap\u00f3s d\u00e9cadas de aus\u00eancia. Veja a decis\u00e3o.","breadcrumb":{"@id":"https:\/\/www.em.com.br\/emfoco\/2026\/04\/27\/pai-que-nunca-reconheceu-o-filho-e-obrigado-na-justica-a-pagar-valor-que-daria-para-comprar-uma-casa-apos-decadas-de-ausencia\/#breadcrumb"},"inLanguage":"pt-BR","potentialAction":[{"@type":"ReadAction","target":["https:\/\/www.em.com.br\/emfoco\/2026\/04\/27\/pai-que-nunca-reconheceu-o-filho-e-obrigado-na-justica-a-pagar-valor-que-daria-para-comprar-uma-casa-apos-decadas-de-ausencia\/"]}]},{"@type":"ImageObject","inLanguage":"pt-BR","@id":"https:\/\/www.em.com.br\/emfoco\/2026\/04\/27\/pai-que-nunca-reconheceu-o-filho-e-obrigado-na-justica-a-pagar-valor-que-daria-para-comprar-uma-casa-apos-decadas-de-ausencia\/#primaryimage","url":"https:\/\/www.em.com.br\/emfoco\/wp-content\/uploads\/2026\/04\/laudo2.jpg","contentUrl":"https:\/\/www.em.com.br\/emfoco\/wp-content\/uploads\/2026\/04\/laudo2.jpg","width":1280,"height":720,"caption":"Pai \u00e9 condenado a pagar indeniza\u00e7\u00e3o equivalente ao valor de uma casa por d\u00e9cadas de aus\u00eancia"},{"@type":"BreadcrumbList","@id":"https:\/\/www.em.com.br\/emfoco\/2026\/04\/27\/pai-que-nunca-reconheceu-o-filho-e-obrigado-na-justica-a-pagar-valor-que-daria-para-comprar-uma-casa-apos-decadas-de-ausencia\/#breadcrumb","itemListElement":[{"@type":"ListItem","position":1,"name":"In\u00edcio","item":"https:\/\/www.em.com.br\/emfoco\/"},{"@type":"ListItem","position":2,"name":"Pai que nunca reconheceu o filho \u00e9 obrigado na justi\u00e7a a pagar valor que daria para comprar uma casa ap\u00f3s d\u00e9cadas de aus\u00eancia"}]},{"@type":"WebSite","@id":"https:\/\/www.em.com.br\/emfoco\/#website","url":"https:\/\/www.em.com.br\/emfoco\/","name":"Estado de Minas - Em foco","description":"Acompanhe as \u00faltimas not\u00edcias e fique bem informado sobre tudo o que acontece em Minas Gerais, Brasil e no mundo.","potentialAction":[{"@type":"SearchAction","target":{"@type":"EntryPoint","urlTemplate":"https:\/\/www.em.com.br\/emfoco\/?s={search_term_string}"},"query-input":{"@type":"PropertyValueSpecification","valueRequired":true,"valueName":"search_term_string"}}],"inLanguage":"pt-BR"},{"@type":"Person","@id":"https:\/\/www.em.com.br\/emfoco\/#\/schema\/person\/5379e929a4b966c775d121e23f9bb421","name":"Guilherme Ara\u00fajo","image":{"@type":"ImageObject","inLanguage":"pt-BR","@id":"https:\/\/www.em.com.br\/emfoco\/#\/schema\/person\/image\/","url":"https:\/\/secure.gravatar.com\/avatar\/b8bf1fd0130e170bd8f5d7298dbafa25?s=96&d=mm&r=g","contentUrl":"https:\/\/secure.gravatar.com\/avatar\/b8bf1fd0130e170bd8f5d7298dbafa25?s=96&d=mm&r=g","caption":"Guilherme Ara\u00fajo"},"sameAs":["https:\/\/www.em.com.br\/emfoco"],"url":"https:\/\/www.em.com.br\/emfoco\/author\/guilhermeamyth\/"}]}},"_links":{"self":[{"href":"https:\/\/www.em.com.br\/emfoco\/wp-json\/wp\/v2\/posts\/199816","targetHints":{"allow":["GET"]}}],"collection":[{"href":"https:\/\/www.em.com.br\/emfoco\/wp-json\/wp\/v2\/posts"}],"about":[{"href":"https:\/\/www.em.com.br\/emfoco\/wp-json\/wp\/v2\/types\/post"}],"author":[{"embeddable":true,"href":"https:\/\/www.em.com.br\/emfoco\/wp-json\/wp\/v2\/users\/30"}],"replies":[{"embeddable":true,"href":"https:\/\/www.em.com.br\/emfoco\/wp-json\/wp\/v2\/comments?post=199816"}],"version-history":[{"count":6,"href":"https:\/\/www.em.com.br\/emfoco\/wp-json\/wp\/v2\/posts\/199816\/revisions"}],"predecessor-version":[{"id":200017,"href":"https:\/\/www.em.com.br\/emfoco\/wp-json\/wp\/v2\/posts\/199816\/revisions\/200017"}],"wp:featuredmedia":[{"embeddable":true,"href":"https:\/\/www.em.com.br\/emfoco\/wp-json\/wp\/v2\/media\/199837"}],"wp:attachment":[{"href":"https:\/\/www.em.com.br\/emfoco\/wp-json\/wp\/v2\/media?parent=199816"}],"wp:term":[{"taxonomy":"category","embeddable":true,"href":"https:\/\/www.em.com.br\/emfoco\/wp-json\/wp\/v2\/categories?post=199816"},{"taxonomy":"post_tag","embeddable":true,"href":"https:\/\/www.em.com.br\/emfoco\/wp-json\/wp\/v2\/tags?post=199816"}],"curies":[{"name":"wp","href":"https:\/\/api.w.org\/{rel}","templated":true}]}}