{"id":199815,"date":"2026-04-27T19:35:00","date_gmt":"2026-04-27T22:35:00","guid":{"rendered":"https:\/\/www.em.com.br\/emfoco\/?p=199815"},"modified":"2026-04-26T07:13:31","modified_gmt":"2026-04-26T10:13:31","slug":"motoboy-toma-garrafada-de-vidro-por-cliente-durante-entrega-e-decisao-da-justica-surpreende-trabalhadores-de-todo-o-pais","status":"publish","type":"post","link":"https:\/\/www.em.com.br\/emfoco\/2026\/04\/27\/motoboy-toma-garrafada-de-vidro-por-cliente-durante-entrega-e-decisao-da-justica-surpreende-trabalhadores-de-todo-o-pais\/","title":{"rendered":"Motoboy toma garrafada de vidro por cliente durante entrega e decis\u00e3o da Justi\u00e7a surpreende trabalhadores de todo o pa\u00eds"},"content":{"rendered":"\n<p>Um caso de agress\u00e3o contra um <strong>motoboy<\/strong> em Belo Horizonte chegou ao desfecho judicial, trazendo \u00e0 tona a discuss\u00e3o sobre a seguran\u00e7a desses profissionais. A decis\u00e3o do Tribunal de Justi\u00e7a refor\u00e7a a responsabilidade civil de clientes em epis\u00f3dios de viol\u00eancia gratuita durante a presta\u00e7\u00e3o de servi\u00e7o.<\/p>\n\n\n\n<h2 class=\"wp-block-heading\">O que motivou a agress\u00e3o contra o entregador em Belo Horizonte?<\/h2>\n\n\n\n<p>O epis\u00f3dio ocorreu em 2022, quando uma h\u00f3spede de um hotel na regi\u00e3o da Savassi se irritou com as normas de seguran\u00e7a do estabelecimento. O entregador, seguindo a pol\u00edtica interna, aguardou a retirada do pedido na recep\u00e7\u00e3o, o que gerou uma discuss\u00e3o iniciada pela cliente.<\/p>\n\n\n\n<p>De acordo com o processo no <a href=\"https:\/\/www.tjmg.jus.br\/portal-tjmg\/noticias\/entregador-agredido-por-hospede-de-hotel-deve-ser-indenizado.htm\" target=\"_blank\" rel=\"noreferrer noopener\"><strong>Tribunal de Justi\u00e7a de Minas Gerais (TJMG)<\/strong><\/a>, a mulher arremessou uma garrafa de vidro contra o rosto do trabalhador. O ato foi presenciado por funcion\u00e1rios do hotel e registrado por c\u00e2meras de seguran\u00e7a, servindo como prova crucial para a condena\u00e7\u00e3o por danos morais.<\/p>\n\n\n<div class=\"wp-block-image\">\n<figure class=\"aligncenter size-large\"><img loading=\"lazy\" decoding=\"async\" width=\"1024\" height=\"576\" src=\"https:\/\/www.em.com.br\/emfoco\/wp-content\/uploads\/2026\/04\/justica-4-1024x576.jpg\" alt=\"O que a justi\u00e7a decidiu sobre o caso do motoboy agredido que chocou o brasil\" class=\"wp-image-199827\" srcset=\"https:\/\/www.em.com.br\/emfoco\/wp-content\/uploads\/2026\/04\/justica-4-1024x576.jpg 1024w, https:\/\/www.em.com.br\/emfoco\/wp-content\/uploads\/2026\/04\/justica-4-300x169.jpg 300w, https:\/\/www.em.com.br\/emfoco\/wp-content\/uploads\/2026\/04\/justica-4-768x432.jpg 768w, https:\/\/www.em.com.br\/emfoco\/wp-content\/uploads\/2026\/04\/justica-4-750x422.jpg 750w, https:\/\/www.em.com.br\/emfoco\/wp-content\/uploads\/2026\/04\/justica-4-1140x641.jpg 1140w, https:\/\/www.em.com.br\/emfoco\/wp-content\/uploads\/2026\/04\/justica-4.jpg 1280w\" sizes=\"auto, (max-width: 1024px) 100vw, 1024px\" \/><figcaption class=\"wp-element-caption\">O que a justi\u00e7a decidiu sobre o caso do motoboy agredido que chocou o brasil<\/figcaption><\/figure><\/div>\n\n\n<h2 class=\"wp-block-heading\">Qual foi o valor da indeniza\u00e7\u00e3o fixado pela Justi\u00e7a?<\/h2>\n\n\n\n<p>Em primeira inst\u00e2ncia, o <a href=\"https:\/\/www.em.com.br\/emfoco\/2026\/04\/19\/a-lei-nao-garante-folga-no-aniversario-de-forma-automatica-e-faltar-pode-trazer-prejuizo-mesmo-nesse-dia-especial\/\" target=\"_blank\" rel=\"noreferrer noopener\">juiz determinou<\/a> o pagamento de <strong>R$ 12 mil<\/strong>. No entanto, ap\u00f3s recurso da agressora, a 15\u00aa C\u00e2mara C\u00edvel do tribunal mineiro decidiu reduzir o montante para <strong>R$ 5 mil<\/strong>, baseando-se nos princ\u00edpios da razoabilidade e da proporcionalidade.<\/p>\n\n\n\n<p>Os magistrados entenderam que, embora n\u00e3o tenham ocorrido les\u00f5es f\u00edsicas graves documentadas, a honra do <strong>motoboy<\/strong> foi violada publicamente. A decis\u00e3o visa desestimular comportamentos agressivos sem causar o que o judici\u00e1rio classifica como enriquecimento indevido da v\u00edtima perante o dano sofrido.<\/p>\n\n\n\n<p>Confira os elementos que sustentaram a decis\u00e3o:<\/p>\n\n\n\n<ul class=\"wp-block-list\">\n<li><strong>Boletim de Ocorr\u00eancia:<\/strong> registrado imediatamente ap\u00f3s o fato.<\/li>\n\n\n\n<li><strong>Imagens de Seguran\u00e7a:<\/strong> comprovaram o arremesso do objeto.<\/li>\n\n\n\n<li><strong>Testemunhas:<\/strong> depoimentos de funcion\u00e1rios do hotel confirmaram o ass\u00e9dio.<\/li>\n\n\n\n<li><strong>Nexo Causal:<\/strong> liga\u00e7\u00e3o direta entre a conduta da cliente e o abalo emocional do trabalhador.<\/li>\n<\/ul>\n\n\n\n<h2 class=\"wp-block-heading\">A viol\u00eancia contra entregadores \u00e9 um problema recorrente no Brasil?<\/h2>\n\n\n\n<p>Dados recentes mostram que agress\u00f5es contra profissionais de aplicativo s\u00e3o sist\u00eamicas e apresentam crescimento preocupante. Em 2024, milhares de den\u00fancias foram formalizadas, abrangendo desde inj\u00farias raciais at\u00e9 viol\u00eancia f\u00edsica direta contra quem atua nas ruas.<\/p>\n\n\n\n<p>Entre 2024 e o in\u00edcio de 2025, foram registrados mais de <strong>19 mil casos<\/strong> de ass\u00e9dio e viol\u00eancia. Esse cen\u00e1rio pressiona as plataformas e o poder p\u00fablico a criarem mecanismos mais r\u00edgidos de prote\u00e7\u00e3o e suporte jur\u00eddico para a categoria.<\/p>\n\n\n<div class=\"wp-block-image\">\n<figure class=\"aligncenter size-large\"><img loading=\"lazy\" decoding=\"async\" width=\"1024\" height=\"576\" src=\"https:\/\/www.em.com.br\/emfoco\/wp-content\/uploads\/2026\/04\/motobnou2-1-1024x576.jpg\" alt=\"Justi\u00e7a toma decis\u00e3o in\u00e9dita ap\u00f3s motoboy ser agredido com garrafa por cliente\" class=\"wp-image-199829\" srcset=\"https:\/\/www.em.com.br\/emfoco\/wp-content\/uploads\/2026\/04\/motobnou2-1-1024x576.jpg 1024w, https:\/\/www.em.com.br\/emfoco\/wp-content\/uploads\/2026\/04\/motobnou2-1-300x169.jpg 300w, https:\/\/www.em.com.br\/emfoco\/wp-content\/uploads\/2026\/04\/motobnou2-1-768x432.jpg 768w, https:\/\/www.em.com.br\/emfoco\/wp-content\/uploads\/2026\/04\/motobnou2-1-750x422.jpg 750w, https:\/\/www.em.com.br\/emfoco\/wp-content\/uploads\/2026\/04\/motobnou2-1-1140x641.jpg 1140w, https:\/\/www.em.com.br\/emfoco\/wp-content\/uploads\/2026\/04\/motobnou2-1.jpg 1280w\" sizes=\"auto, (max-width: 1024px) 100vw, 1024px\" \/><figcaption class=\"wp-element-caption\">Justi\u00e7a toma decis\u00e3o in\u00e9dita ap\u00f3s motoboy ser agredido com garrafa por cliente<\/figcaption><\/figure><\/div>\n\n\n<h2 class=\"wp-block-heading\">O que o motoboy deve fazer em caso de agress\u00e3o?<\/h2>\n\n\n\n<p>A orienta\u00e7\u00e3o jur\u00eddica para o <strong>motoboy<\/strong> que sofre qualquer tipo de viol\u00eancia \u00e9 n\u00e3o revidar e buscar meios legais de comprova\u00e7\u00e3o. O Judici\u00e1rio tem reconhecido o dano moral mesmo sem ferimentos aparentes, desde que o constrangimento e a viola\u00e7\u00e3o da dignidade fiquem evidentes.<\/p>\n\n\n\n<p>A preserva\u00e7\u00e3o de provas \u00e9 o passo mais importante para garantir que a justi\u00e7a seja feita. Identificar pessoas que presenciaram a cena e solicitar que o estabelecimento preserve as imagens do circuito interno s\u00e3o a\u00e7\u00f5es fundamentais para o sucesso de uma futura a\u00e7\u00e3o indenizat\u00f3ria.<\/p>\n\n\n\n<p>Veja as etapas recomendadas para prote\u00e7\u00e3o jur\u00eddica:<\/p>\n\n\n<div class=\"wp-block-image\">\n<figure class=\"aligncenter size-large is-resized\"><img loading=\"lazy\" decoding=\"async\" width=\"1024\" height=\"614\" src=\"https:\/\/www.em.com.br\/emfoco\/wp-content\/uploads\/2026\/04\/image-225-1024x614.png\" alt=\"\" class=\"wp-image-200010\" style=\"width:814px;height:auto\" srcset=\"https:\/\/www.em.com.br\/emfoco\/wp-content\/uploads\/2026\/04\/image-225-1024x614.png 1024w, https:\/\/www.em.com.br\/emfoco\/wp-content\/uploads\/2026\/04\/image-225-300x180.png 300w, https:\/\/www.em.com.br\/emfoco\/wp-content\/uploads\/2026\/04\/image-225-768x461.png 768w, https:\/\/www.em.com.br\/emfoco\/wp-content\/uploads\/2026\/04\/image-225-750x450.png 750w, https:\/\/www.em.com.br\/emfoco\/wp-content\/uploads\/2026\/04\/image-225-1140x684.png 1140w, https:\/\/www.em.com.br\/emfoco\/wp-content\/uploads\/2026\/04\/image-225.png 1280w\" sizes=\"auto, (max-width: 1024px) 100vw, 1024px\" \/><\/figure><\/div>\n\n\n<h2 class=\"wp-block-heading\">Como as plataformas est\u00e3o reagindo \u00e0 escalada de viol\u00eancia?<\/h2>\n\n\n\n<p>Empresas do setor t\u00eam criado centrais de apoio psicol\u00f3gico e jur\u00eddico para acolher as v\u00edtimas de agress\u00e3o. No entanto, lideran\u00e7as da categoria cobram medidas preventivas mais eficazes, como o banimento imediato de usu\u00e1rios agressores e o suporte financeiro durante o afastamento.<\/p>\n\n\n\n<p>A decis\u00e3o do <strong>TJMG<\/strong>, embora tenha reduzido o valor inicial, serve como um precedente importante para que outros trabalhadores busquem seus direitos. Ela reafirma que o ambiente de trabalho, mesmo sendo a rua ou a cal\u00e7ada de um cliente, deve ser respeitado e protegido pelas leis vigentes.<\/p>\n","protected":false},"excerpt":{"rendered":"<p>Um caso de agress\u00e3o contra um motoboy em Belo Horizonte chegou ao desfecho judicial, trazendo \u00e0 tona a discuss\u00e3o sobre a seguran\u00e7a desses profissionais. A decis\u00e3o do Tribunal de Justi\u00e7a refor\u00e7a a responsabilidade civil de clientes em epis\u00f3dios de viol\u00eancia gratuita durante a presta\u00e7\u00e3o de servi\u00e7o. O que motivou a agress\u00e3o contra o entregador em [&hellip;]<\/p>\n","protected":false},"author":30,"featured_media":199825,"comment_status":"open","ping_status":"open","sticky":false,"template":"","format":"standard","meta":{"jnews-multi-image_gallery":[],"jnews_single_post":{"format":"standard"},"jnews_primary_category":[],"jnews_social_meta":[],"jnews_override_counter":[],"footnotes":""},"categories":[28],"tags":[28788,1662,1334,14563],"class_list":["post-199815","post","type-post","status-publish","format-standard","has-post-thumbnail","hentry","category-economia","tag-entrega","tag-entregadores","tag-justica","tag-motoboy"],"yoast_head":"<!-- This site is optimized with the Yoast SEO plugin v23.8 - https:\/\/yoast.com\/wordpress\/plugins\/seo\/ -->\n<title>Motoboy toma garrafada de vidro por cliente durante entrega e decis\u00e3o da Justi\u00e7a surpreende trabalhadores de todo o pa\u00eds - Estado de Minas - Em foco<\/title>\n<meta name=\"description\" content=\"Entenda o caso do motoboy agredido por cliente em BH. Veja a decis\u00e3o da Justi\u00e7a que surpreende trabalhadores de todo o pa\u00eds agora.\" \/>\n<meta name=\"robots\" content=\"index, follow, max-snippet:-1, max-image-preview:large, max-video-preview:-1\" \/>\n<link rel=\"canonical\" href=\"https:\/\/www.em.com.br\/emfoco\/2026\/04\/27\/motoboy-toma-garrafada-de-vidro-por-cliente-durante-entrega-e-decisao-da-justica-surpreende-trabalhadores-de-todo-o-pais\/\" \/>\n<meta property=\"og:locale\" content=\"pt_BR\" \/>\n<meta property=\"og:type\" content=\"article\" \/>\n<meta property=\"og:title\" content=\"Motoboy toma garrafada de vidro por cliente durante entrega e decis\u00e3o da Justi\u00e7a surpreende trabalhadores de todo o pa\u00eds - Estado de Minas - Em foco\" \/>\n<meta property=\"og:description\" content=\"Entenda o caso do motoboy agredido por cliente em BH. Veja a decis\u00e3o da Justi\u00e7a que surpreende trabalhadores de todo o pa\u00eds agora.\" \/>\n<meta property=\"og:url\" content=\"https:\/\/www.em.com.br\/emfoco\/2026\/04\/27\/motoboy-toma-garrafada-de-vidro-por-cliente-durante-entrega-e-decisao-da-justica-surpreende-trabalhadores-de-todo-o-pais\/\" \/>\n<meta property=\"og:site_name\" content=\"Estado de Minas - Em foco\" \/>\n<meta property=\"article:published_time\" content=\"2026-04-27T22:35:00+00:00\" \/>\n<meta property=\"article:modified_time\" content=\"2026-04-26T10:13:31+00:00\" \/>\n<meta property=\"og:image\" content=\"https:\/\/www.em.com.br\/emfoco\/wp-content\/uploads\/2026\/04\/garra-quebrada.jpg\" \/>\n\t<meta property=\"og:image:width\" content=\"1280\" \/>\n\t<meta property=\"og:image:height\" content=\"720\" \/>\n\t<meta property=\"og:image:type\" content=\"image\/jpeg\" \/>\n<meta name=\"author\" content=\"Guilherme Ara\u00fajo\" \/>\n<meta name=\"twitter:card\" content=\"summary_large_image\" \/>\n<meta name=\"twitter:label1\" content=\"Escrito por\" \/>\n\t<meta name=\"twitter:data1\" content=\"Guilherme Ara\u00fajo\" \/>\n\t<meta name=\"twitter:label2\" content=\"Est. tempo de leitura\" \/>\n\t<meta name=\"twitter:data2\" content=\"5 minutos\" \/>\n<!-- \/ Yoast SEO plugin. -->","yoast_head_json":{"title":"Motoboy toma garrafada de vidro por cliente durante entrega e decis\u00e3o da Justi\u00e7a surpreende trabalhadores de todo o pa\u00eds - Estado de Minas - Em foco","description":"Entenda o caso do motoboy agredido por cliente em BH. Veja a decis\u00e3o da Justi\u00e7a que surpreende trabalhadores de todo o pa\u00eds agora.","robots":{"index":"index","follow":"follow","max-snippet":"max-snippet:-1","max-image-preview":"max-image-preview:large","max-video-preview":"max-video-preview:-1"},"canonical":"https:\/\/www.em.com.br\/emfoco\/2026\/04\/27\/motoboy-toma-garrafada-de-vidro-por-cliente-durante-entrega-e-decisao-da-justica-surpreende-trabalhadores-de-todo-o-pais\/","og_locale":"pt_BR","og_type":"article","og_title":"Motoboy toma garrafada de vidro por cliente durante entrega e decis\u00e3o da Justi\u00e7a surpreende trabalhadores de todo o pa\u00eds - Estado de Minas - Em foco","og_description":"Entenda o caso do motoboy agredido por cliente em BH. Veja a decis\u00e3o da Justi\u00e7a que surpreende trabalhadores de todo o pa\u00eds agora.","og_url":"https:\/\/www.em.com.br\/emfoco\/2026\/04\/27\/motoboy-toma-garrafada-de-vidro-por-cliente-durante-entrega-e-decisao-da-justica-surpreende-trabalhadores-de-todo-o-pais\/","og_site_name":"Estado de Minas - Em foco","article_published_time":"2026-04-27T22:35:00+00:00","article_modified_time":"2026-04-26T10:13:31+00:00","og_image":[{"width":1280,"height":720,"url":"https:\/\/www.em.com.br\/emfoco\/wp-content\/uploads\/2026\/04\/garra-quebrada.jpg","type":"image\/jpeg"}],"author":"Guilherme Ara\u00fajo","twitter_card":"summary_large_image","twitter_misc":{"Escrito por":"Guilherme Ara\u00fajo","Est. tempo de leitura":"5 minutos"},"schema":{"@context":"https:\/\/schema.org","@graph":[{"@type":"WebPage","@id":"https:\/\/www.em.com.br\/emfoco\/2026\/04\/27\/motoboy-toma-garrafada-de-vidro-por-cliente-durante-entrega-e-decisao-da-justica-surpreende-trabalhadores-de-todo-o-pais\/","url":"https:\/\/www.em.com.br\/emfoco\/2026\/04\/27\/motoboy-toma-garrafada-de-vidro-por-cliente-durante-entrega-e-decisao-da-justica-surpreende-trabalhadores-de-todo-o-pais\/","name":"Motoboy toma garrafada de vidro por cliente durante entrega e decis\u00e3o da Justi\u00e7a surpreende trabalhadores de todo o pa\u00eds - Estado de Minas - Em foco","isPartOf":{"@id":"https:\/\/www.em.com.br\/emfoco\/#website"},"primaryImageOfPage":{"@id":"https:\/\/www.em.com.br\/emfoco\/2026\/04\/27\/motoboy-toma-garrafada-de-vidro-por-cliente-durante-entrega-e-decisao-da-justica-surpreende-trabalhadores-de-todo-o-pais\/#primaryimage"},"image":{"@id":"https:\/\/www.em.com.br\/emfoco\/2026\/04\/27\/motoboy-toma-garrafada-de-vidro-por-cliente-durante-entrega-e-decisao-da-justica-surpreende-trabalhadores-de-todo-o-pais\/#primaryimage"},"thumbnailUrl":"https:\/\/www.em.com.br\/emfoco\/wp-content\/uploads\/2026\/04\/garra-quebrada.jpg","datePublished":"2026-04-27T22:35:00+00:00","dateModified":"2026-04-26T10:13:31+00:00","author":{"@id":"https:\/\/www.em.com.br\/emfoco\/#\/schema\/person\/5379e929a4b966c775d121e23f9bb421"},"description":"Entenda o caso do motoboy agredido por cliente em BH. Veja a decis\u00e3o da Justi\u00e7a que surpreende trabalhadores de todo o pa\u00eds agora.","breadcrumb":{"@id":"https:\/\/www.em.com.br\/emfoco\/2026\/04\/27\/motoboy-toma-garrafada-de-vidro-por-cliente-durante-entrega-e-decisao-da-justica-surpreende-trabalhadores-de-todo-o-pais\/#breadcrumb"},"inLanguage":"pt-BR","potentialAction":[{"@type":"ReadAction","target":["https:\/\/www.em.com.br\/emfoco\/2026\/04\/27\/motoboy-toma-garrafada-de-vidro-por-cliente-durante-entrega-e-decisao-da-justica-surpreende-trabalhadores-de-todo-o-pais\/"]}]},{"@type":"ImageObject","inLanguage":"pt-BR","@id":"https:\/\/www.em.com.br\/emfoco\/2026\/04\/27\/motoboy-toma-garrafada-de-vidro-por-cliente-durante-entrega-e-decisao-da-justica-surpreende-trabalhadores-de-todo-o-pais\/#primaryimage","url":"https:\/\/www.em.com.br\/emfoco\/wp-content\/uploads\/2026\/04\/garra-quebrada.jpg","contentUrl":"https:\/\/www.em.com.br\/emfoco\/wp-content\/uploads\/2026\/04\/garra-quebrada.jpg","width":1280,"height":720,"caption":"Justi\u00e7a toma decis\u00e3o surpreendente ap\u00f3s motoboy ser agredido com garrafa de vidro"},{"@type":"BreadcrumbList","@id":"https:\/\/www.em.com.br\/emfoco\/2026\/04\/27\/motoboy-toma-garrafada-de-vidro-por-cliente-durante-entrega-e-decisao-da-justica-surpreende-trabalhadores-de-todo-o-pais\/#breadcrumb","itemListElement":[{"@type":"ListItem","position":1,"name":"In\u00edcio","item":"https:\/\/www.em.com.br\/emfoco\/"},{"@type":"ListItem","position":2,"name":"Motoboy toma garrafada de vidro por cliente durante entrega e decis\u00e3o da Justi\u00e7a surpreende trabalhadores de todo o pa\u00eds"}]},{"@type":"WebSite","@id":"https:\/\/www.em.com.br\/emfoco\/#website","url":"https:\/\/www.em.com.br\/emfoco\/","name":"Estado de Minas - Em foco","description":"Acompanhe as \u00faltimas not\u00edcias e fique bem informado sobre tudo o que acontece em Minas Gerais, Brasil e no mundo.","potentialAction":[{"@type":"SearchAction","target":{"@type":"EntryPoint","urlTemplate":"https:\/\/www.em.com.br\/emfoco\/?s={search_term_string}"},"query-input":{"@type":"PropertyValueSpecification","valueRequired":true,"valueName":"search_term_string"}}],"inLanguage":"pt-BR"},{"@type":"Person","@id":"https:\/\/www.em.com.br\/emfoco\/#\/schema\/person\/5379e929a4b966c775d121e23f9bb421","name":"Guilherme Ara\u00fajo","image":{"@type":"ImageObject","inLanguage":"pt-BR","@id":"https:\/\/www.em.com.br\/emfoco\/#\/schema\/person\/image\/","url":"https:\/\/secure.gravatar.com\/avatar\/b8bf1fd0130e170bd8f5d7298dbafa25?s=96&d=mm&r=g","contentUrl":"https:\/\/secure.gravatar.com\/avatar\/b8bf1fd0130e170bd8f5d7298dbafa25?s=96&d=mm&r=g","caption":"Guilherme Ara\u00fajo"},"sameAs":["https:\/\/www.em.com.br\/emfoco"],"url":"https:\/\/www.em.com.br\/emfoco\/author\/guilhermeamyth\/"}]}},"_links":{"self":[{"href":"https:\/\/www.em.com.br\/emfoco\/wp-json\/wp\/v2\/posts\/199815","targetHints":{"allow":["GET"]}}],"collection":[{"href":"https:\/\/www.em.com.br\/emfoco\/wp-json\/wp\/v2\/posts"}],"about":[{"href":"https:\/\/www.em.com.br\/emfoco\/wp-json\/wp\/v2\/types\/post"}],"author":[{"embeddable":true,"href":"https:\/\/www.em.com.br\/emfoco\/wp-json\/wp\/v2\/users\/30"}],"replies":[{"embeddable":true,"href":"https:\/\/www.em.com.br\/emfoco\/wp-json\/wp\/v2\/comments?post=199815"}],"version-history":[{"count":3,"href":"https:\/\/www.em.com.br\/emfoco\/wp-json\/wp\/v2\/posts\/199815\/revisions"}],"predecessor-version":[{"id":200022,"href":"https:\/\/www.em.com.br\/emfoco\/wp-json\/wp\/v2\/posts\/199815\/revisions\/200022"}],"wp:featuredmedia":[{"embeddable":true,"href":"https:\/\/www.em.com.br\/emfoco\/wp-json\/wp\/v2\/media\/199825"}],"wp:attachment":[{"href":"https:\/\/www.em.com.br\/emfoco\/wp-json\/wp\/v2\/media?parent=199815"}],"wp:term":[{"taxonomy":"category","embeddable":true,"href":"https:\/\/www.em.com.br\/emfoco\/wp-json\/wp\/v2\/categories?post=199815"},{"taxonomy":"post_tag","embeddable":true,"href":"https:\/\/www.em.com.br\/emfoco\/wp-json\/wp\/v2\/tags?post=199815"}],"curies":[{"name":"wp","href":"https:\/\/api.w.org\/{rel}","templated":true}]}}