{"id":199814,"date":"2026-04-27T12:35:00","date_gmt":"2026-04-27T15:35:00","guid":{"rendered":"https:\/\/www.em.com.br\/emfoco\/?p=199814"},"modified":"2026-04-26T06:56:07","modified_gmt":"2026-04-26T09:56:07","slug":"os-gatos-escolhem-seu-humano-favorito-da-casa-com-base-em-criterios-bem-especificos-segundo-pesquisadores","status":"publish","type":"post","link":"https:\/\/www.em.com.br\/emfoco\/2026\/04\/27\/os-gatos-escolhem-seu-humano-favorito-da-casa-com-base-em-criterios-bem-especificos-segundo-pesquisadores\/","title":{"rendered":"Os gatos escolhem seu humano favorito da casa com base em crit\u00e9rios bem espec\u00edficos, segundo pesquisadores"},"content":{"rendered":"\n<p>Contrariando o estere\u00f3tipo de indiferen\u00e7a, pesquisas em etologia e cogni\u00e7\u00e3o animal confirmam que os <strong>gatos<\/strong> formam v\u00ednculos de apego profundos com humanos espec\u00edficos. Essa prefer\u00eancia n\u00e3o \u00e9 aleat\u00f3ria, seguindo crit\u00e9rios comportamentais mensur\u00e1veis que a ci\u00eancia j\u00e1 consegue identificar.<\/p>\n\n\n\n<h2 class=\"wp-block-heading\">Os gatos realmente formam v\u00ednculos de apego real?<\/h2>\n\n\n\n<p>Um estudo da <strong>Oregon State University (OSU)<\/strong> demonstrou que os <a href=\"https:\/\/www.em.com.br\/emfoco\/2026\/04\/25\/seu-limoeiro-cresce-mas-nao-floresce-o-erro-pode-estar-na-forma-de-regar-a-planta\/\" target=\"_blank\" rel=\"noreferrer noopener\">felinos dom\u00e9sticos<\/a> exibem estilos de apego muito similares aos de crian\u00e7as e c\u00e3es. A pesquisa utilizou testes de base segura para observar como o animal reage \u00e0 presen\u00e7a e aus\u00eancia de seu cuidador principal.<\/p>\n\n\n\n<p>Os dados publicados no <a href=\"https:\/\/pubmed.ncbi.nlm.nih.gov\/31542385\/\" target=\"_blank\" rel=\"noreferrer noopener\"><strong>PubMed<\/strong><\/a> revelam que <strong>65,8%<\/strong> dos <strong>gatos<\/strong> adultos demonstram apego seguro. Isso significa que a maioria dos animais utiliza o humano como uma fonte de conforto e seguran\u00e7a em ambientes desconhecidos, comprovando a flexibilidade social da esp\u00e9cie.<\/p>\n\n\n<div class=\"wp-block-image\">\n<figure class=\"aligncenter size-large\"><img loading=\"lazy\" decoding=\"async\" width=\"1024\" height=\"576\" src=\"https:\/\/www.em.com.br\/emfoco\/wp-content\/uploads\/2026\/04\/capap-1-1024x576.jpg\" alt=\"Descubra se voc\u00ea \u00e9 o humano favorito do seu gato segundo a ci\u00eancia\" class=\"wp-image-199819\" srcset=\"https:\/\/www.em.com.br\/emfoco\/wp-content\/uploads\/2026\/04\/capap-1-1024x576.jpg 1024w, https:\/\/www.em.com.br\/emfoco\/wp-content\/uploads\/2026\/04\/capap-1-300x169.jpg 300w, https:\/\/www.em.com.br\/emfoco\/wp-content\/uploads\/2026\/04\/capap-1-768x432.jpg 768w, https:\/\/www.em.com.br\/emfoco\/wp-content\/uploads\/2026\/04\/capap-1-750x422.jpg 750w, https:\/\/www.em.com.br\/emfoco\/wp-content\/uploads\/2026\/04\/capap-1-1140x641.jpg 1140w, https:\/\/www.em.com.br\/emfoco\/wp-content\/uploads\/2026\/04\/capap-1.jpg 1280w\" sizes=\"auto, (max-width: 1024px) 100vw, 1024px\" \/><figcaption class=\"wp-element-caption\">Descubra se voc\u00ea \u00e9 o humano favorito do seu gato segundo a ci\u00eancia<\/figcaption><\/figure><\/div>\n\n\n<h2 class=\"wp-block-heading\">Quais crit\u00e9rios o gato usa para escolher sua pessoa favorita?<\/h2>\n\n\n\n<p>A escolha do &#8220;humano favorito&#8221; passa pela consist\u00eancia das intera\u00e7\u00f5es e, principalmente, pelo respeito \u00e0 autonomia do animal. Os <strong>gatos<\/strong> tendem a se aproximar de quem oferece est\u00edmulos agrad\u00e1veis, como alimenta\u00e7\u00e3o e brincadeiras, mas que tamb\u00e9m sabe a hora de recuar.<\/p>\n\n\n\n<p>A socializa\u00e7\u00e3o precoce, que ocorre entre a <strong>2\u00aa e a 7\u00aa semana<\/strong> de vida, \u00e9 um fator determinante para o desenvolvimento dessas respostas sociais. O espelhamento de temperamento tamb\u00e9m influencia, pois tutores emocionalmente est\u00e1veis tendem a conviver com animais menos estressados e mais receptivos.<\/p>\n\n\n\n<p>Confira os principais fatores que influenciam essa escolha:<\/p>\n\n\n\n<ul class=\"wp-block-list\">\n<li><strong>Consist\u00eancia:<\/strong> a rotina de cuidados pesa mais do que a intensidade do carinho.<\/li>\n\n\n\n<li><strong>Respeito ao espa\u00e7o:<\/strong> valorizam quem reconhece seus sinais de desconforto.<\/li>\n\n\n\n<li><strong>Tom de voz:<\/strong> respondem melhor a vozes suaves e posturas menos invasivas.<\/li>\n\n\n\n<li><strong>Intera\u00e7\u00e3o positiva:<\/strong> associa\u00e7\u00e3o direta com momentos de lazer e alimenta\u00e7\u00e3o.<\/li>\n<\/ul>\n\n\n\n<h2 class=\"wp-block-heading\">\u00c9 verdade que gatos preferem humanos a comida?<\/h2>\n\n\n\n<p>Uma pesquisa surpreendente avaliou as prefer\u00eancias de diversos <strong>gatos<\/strong> submetidos \u00e0 priva\u00e7\u00e3o tempor\u00e1ria de est\u00edmulos para entender o que eles mais valorizavam. Para a surpresa de muitos, a intera\u00e7\u00e3o social humana superou o interesse pelo alimento e por brinquedos.<\/p>\n\n\n\n<p>Cerca de <strong>50%<\/strong> dos animais escolheram o contato com pessoas como primeira op\u00e7\u00e3o, enquanto apenas <strong>37%<\/strong> optaram pela comida. Esse resultado refor\u00e7a que o v\u00ednculo afetivo \u00e9 uma prioridade biol\u00f3gica para os <strong>gatos<\/strong> dom\u00e9sticos, superando a vis\u00e3o puramente utilit\u00e1ria da rela\u00e7\u00e3o.<\/p>\n\n\n<div class=\"wp-block-image\">\n<figure class=\"aligncenter size-large\"><img loading=\"lazy\" decoding=\"async\" width=\"1024\" height=\"576\" src=\"https:\/\/www.em.com.br\/emfoco\/wp-content\/uploads\/2026\/04\/gati-farovito-1024x576.jpg\" alt=\"O que faz um gato preferir uma pessoa em vez de outra dentro de casa\" class=\"wp-image-199820\" srcset=\"https:\/\/www.em.com.br\/emfoco\/wp-content\/uploads\/2026\/04\/gati-farovito-1024x576.jpg 1024w, https:\/\/www.em.com.br\/emfoco\/wp-content\/uploads\/2026\/04\/gati-farovito-300x169.jpg 300w, https:\/\/www.em.com.br\/emfoco\/wp-content\/uploads\/2026\/04\/gati-farovito-768x432.jpg 768w, https:\/\/www.em.com.br\/emfoco\/wp-content\/uploads\/2026\/04\/gati-farovito-750x422.jpg 750w, https:\/\/www.em.com.br\/emfoco\/wp-content\/uploads\/2026\/04\/gati-farovito-1140x641.jpg 1140w, https:\/\/www.em.com.br\/emfoco\/wp-content\/uploads\/2026\/04\/gati-farovito.jpg 1280w\" sizes=\"auto, (max-width: 1024px) 100vw, 1024px\" \/><figcaption class=\"wp-element-caption\">O que faz um gato preferir uma pessoa em vez de outra dentro de casa<\/figcaption><\/figure><\/div>\n\n\n<h2 class=\"wp-block-heading\">Como fortalecer o v\u00ednculo de amizade com seu felino?<\/h2>\n\n\n\n<p>O apego felino se constr\u00f3i pela qualidade das intera\u00e7\u00f5es ao longo do tempo e n\u00e3o apenas pela proximidade f\u00edsica constante. Permitir que o animal controle o ritmo do contato \u00e9 uma das estrat\u00e9gias com maior respaldo em estudos de bem-estar animal atualmente.<\/p>\n\n\n\n<p>Estabelecer rotinas previs\u00edveis e oferecer enriquecimento ambiental, como prateleiras e arranhadores, ajuda a reduzir a ansiedade do pet. Cuidadores que interpretam as emo\u00e7\u00f5es dos seus <strong>gatos<\/strong> com precis\u00e3o tendem a fortalecer essa conex\u00e3o de forma m\u00fatua e duradoura.<\/p>\n\n\n\n<h2 class=\"wp-block-heading\">O que dizem os estudos mais recentes sobre o tema?<\/h2>\n\n\n\n<p>A percep\u00e7\u00e3o humana sobre o comportamento animal tamb\u00e9m desempenha um papel crucial na harmonia do lar. Cuidadores com maior n\u00edvel de apego tendem a notar nuances comportamentais que outros ignorariam, facilitando a comunica\u00e7\u00e3o n\u00e3o verbal entre as esp\u00e9cies.<\/p>\n\n\n\n<p>Um artigo cient\u00edfico dispon\u00edvel no <a href=\"https:\/\/www.ncbi.nlm.nih.gov\/pmc\/articles\/PMC10816008\/\" target=\"_blank\" rel=\"noreferrer noopener\"><strong>PMC<\/strong><\/a> confirma que essa interpreta\u00e7\u00e3o precisa retroalimenta positivamente o v\u00ednculo. Quando o tutor compreende os sinais dos <strong>gatos<\/strong>, a confian\u00e7a aumenta, consolidando a posi\u00e7\u00e3o desse humano como a figura de refer\u00eancia para o animal.<\/p>\n","protected":false},"excerpt":{"rendered":"<p>Contrariando o estere\u00f3tipo de indiferen\u00e7a, pesquisas em etologia e cogni\u00e7\u00e3o animal confirmam que os gatos formam v\u00ednculos de apego profundos com humanos espec\u00edficos. Essa prefer\u00eancia n\u00e3o \u00e9 aleat\u00f3ria, seguindo crit\u00e9rios comportamentais mensur\u00e1veis que a ci\u00eancia j\u00e1 consegue identificar. Os gatos realmente formam v\u00ednculos de apego real? Um estudo da Oregon State University (OSU) demonstrou que [&hellip;]<\/p>\n","protected":false},"author":30,"featured_media":199817,"comment_status":"open","ping_status":"open","sticky":false,"template":"","format":"standard","meta":{"jnews-multi-image_gallery":[],"jnews_single_post":{"format":"standard"},"jnews_primary_category":[],"jnews_social_meta":[],"jnews_override_counter":[],"footnotes":""},"categories":[8819],"tags":[884,4983,7430,1469],"class_list":["post-199814","post","type-post","status-publish","format-standard","has-post-thumbnail","hentry","category-curiosidades","tag-ciencia","tag-comportamento","tag-felinos","tag-pet"],"yoast_head":"<!-- This site is optimized with the Yoast SEO plugin v23.8 - https:\/\/yoast.com\/wordpress\/plugins\/seo\/ -->\n<title>Os gatos escolhem seu humano favorito da casa com base em crit\u00e9rios bem espec\u00edficos, segundo pesquisadores - Estado de Minas - Em foco<\/title>\n<meta name=\"description\" content=\"Entenda como os gatos escolhem seu humano favorito da casa. Veja os crit\u00e9rios espec\u00edficos apontados por pesquisadores agora.\" \/>\n<meta name=\"robots\" content=\"index, follow, max-snippet:-1, max-image-preview:large, max-video-preview:-1\" \/>\n<link rel=\"canonical\" href=\"https:\/\/www.em.com.br\/emfoco\/2026\/04\/27\/os-gatos-escolhem-seu-humano-favorito-da-casa-com-base-em-criterios-bem-especificos-segundo-pesquisadores\/\" \/>\n<meta property=\"og:locale\" content=\"pt_BR\" \/>\n<meta property=\"og:type\" content=\"article\" \/>\n<meta property=\"og:title\" content=\"Os gatos escolhem seu humano favorito da casa com base em crit\u00e9rios bem espec\u00edficos, segundo pesquisadores - Estado de Minas - Em foco\" \/>\n<meta property=\"og:description\" content=\"Entenda como os gatos escolhem seu humano favorito da casa. Veja os crit\u00e9rios espec\u00edficos apontados por pesquisadores agora.\" \/>\n<meta property=\"og:url\" content=\"https:\/\/www.em.com.br\/emfoco\/2026\/04\/27\/os-gatos-escolhem-seu-humano-favorito-da-casa-com-base-em-criterios-bem-especificos-segundo-pesquisadores\/\" \/>\n<meta property=\"og:site_name\" content=\"Estado de Minas - Em foco\" \/>\n<meta property=\"article:published_time\" content=\"2026-04-27T15:35:00+00:00\" \/>\n<meta property=\"article:modified_time\" content=\"2026-04-26T09:56:07+00:00\" \/>\n<meta property=\"og:image\" content=\"https:\/\/www.em.com.br\/emfoco\/wp-content\/uploads\/2026\/04\/gato-2.jpg\" \/>\n\t<meta property=\"og:image:width\" content=\"1280\" \/>\n\t<meta property=\"og:image:height\" content=\"720\" \/>\n\t<meta property=\"og:image:type\" content=\"image\/jpeg\" \/>\n<meta name=\"author\" content=\"Guilherme Ara\u00fajo\" \/>\n<meta name=\"twitter:card\" content=\"summary_large_image\" \/>\n<meta name=\"twitter:label1\" content=\"Escrito por\" \/>\n\t<meta name=\"twitter:data1\" content=\"Guilherme Ara\u00fajo\" \/>\n\t<meta name=\"twitter:label2\" content=\"Est. tempo de leitura\" \/>\n\t<meta name=\"twitter:data2\" content=\"4 minutos\" \/>\n<!-- \/ Yoast SEO plugin. -->","yoast_head_json":{"title":"Os gatos escolhem seu humano favorito da casa com base em crit\u00e9rios bem espec\u00edficos, segundo pesquisadores - Estado de Minas - Em foco","description":"Entenda como os gatos escolhem seu humano favorito da casa. Veja os crit\u00e9rios espec\u00edficos apontados por pesquisadores agora.","robots":{"index":"index","follow":"follow","max-snippet":"max-snippet:-1","max-image-preview":"max-image-preview:large","max-video-preview":"max-video-preview:-1"},"canonical":"https:\/\/www.em.com.br\/emfoco\/2026\/04\/27\/os-gatos-escolhem-seu-humano-favorito-da-casa-com-base-em-criterios-bem-especificos-segundo-pesquisadores\/","og_locale":"pt_BR","og_type":"article","og_title":"Os gatos escolhem seu humano favorito da casa com base em crit\u00e9rios bem espec\u00edficos, segundo pesquisadores - Estado de Minas - Em foco","og_description":"Entenda como os gatos escolhem seu humano favorito da casa. Veja os crit\u00e9rios espec\u00edficos apontados por pesquisadores agora.","og_url":"https:\/\/www.em.com.br\/emfoco\/2026\/04\/27\/os-gatos-escolhem-seu-humano-favorito-da-casa-com-base-em-criterios-bem-especificos-segundo-pesquisadores\/","og_site_name":"Estado de Minas - Em foco","article_published_time":"2026-04-27T15:35:00+00:00","article_modified_time":"2026-04-26T09:56:07+00:00","og_image":[{"width":1280,"height":720,"url":"https:\/\/www.em.com.br\/emfoco\/wp-content\/uploads\/2026\/04\/gato-2.jpg","type":"image\/jpeg"}],"author":"Guilherme Ara\u00fajo","twitter_card":"summary_large_image","twitter_misc":{"Escrito por":"Guilherme Ara\u00fajo","Est. tempo de leitura":"4 minutos"},"schema":{"@context":"https:\/\/schema.org","@graph":[{"@type":"WebPage","@id":"https:\/\/www.em.com.br\/emfoco\/2026\/04\/27\/os-gatos-escolhem-seu-humano-favorito-da-casa-com-base-em-criterios-bem-especificos-segundo-pesquisadores\/","url":"https:\/\/www.em.com.br\/emfoco\/2026\/04\/27\/os-gatos-escolhem-seu-humano-favorito-da-casa-com-base-em-criterios-bem-especificos-segundo-pesquisadores\/","name":"Os gatos escolhem seu humano favorito da casa com base em crit\u00e9rios bem espec\u00edficos, segundo pesquisadores - Estado de Minas - Em foco","isPartOf":{"@id":"https:\/\/www.em.com.br\/emfoco\/#website"},"primaryImageOfPage":{"@id":"https:\/\/www.em.com.br\/emfoco\/2026\/04\/27\/os-gatos-escolhem-seu-humano-favorito-da-casa-com-base-em-criterios-bem-especificos-segundo-pesquisadores\/#primaryimage"},"image":{"@id":"https:\/\/www.em.com.br\/emfoco\/2026\/04\/27\/os-gatos-escolhem-seu-humano-favorito-da-casa-com-base-em-criterios-bem-especificos-segundo-pesquisadores\/#primaryimage"},"thumbnailUrl":"https:\/\/www.em.com.br\/emfoco\/wp-content\/uploads\/2026\/04\/gato-2.jpg","datePublished":"2026-04-27T15:35:00+00:00","dateModified":"2026-04-26T09:56:07+00:00","author":{"@id":"https:\/\/www.em.com.br\/emfoco\/#\/schema\/person\/5379e929a4b966c775d121e23f9bb421"},"description":"Entenda como os gatos escolhem seu humano favorito da casa. Veja os crit\u00e9rios espec\u00edficos apontados por pesquisadores agora.","breadcrumb":{"@id":"https:\/\/www.em.com.br\/emfoco\/2026\/04\/27\/os-gatos-escolhem-seu-humano-favorito-da-casa-com-base-em-criterios-bem-especificos-segundo-pesquisadores\/#breadcrumb"},"inLanguage":"pt-BR","potentialAction":[{"@type":"ReadAction","target":["https:\/\/www.em.com.br\/emfoco\/2026\/04\/27\/os-gatos-escolhem-seu-humano-favorito-da-casa-com-base-em-criterios-bem-especificos-segundo-pesquisadores\/"]}]},{"@type":"ImageObject","inLanguage":"pt-BR","@id":"https:\/\/www.em.com.br\/emfoco\/2026\/04\/27\/os-gatos-escolhem-seu-humano-favorito-da-casa-com-base-em-criterios-bem-especificos-segundo-pesquisadores\/#primaryimage","url":"https:\/\/www.em.com.br\/emfoco\/wp-content\/uploads\/2026\/04\/gato-2.jpg","contentUrl":"https:\/\/www.em.com.br\/emfoco\/wp-content\/uploads\/2026\/04\/gato-2.jpg","width":1280,"height":720,"caption":"Pesquisadores revelam como os gatos escolhem o humano favorito na casa"},{"@type":"BreadcrumbList","@id":"https:\/\/www.em.com.br\/emfoco\/2026\/04\/27\/os-gatos-escolhem-seu-humano-favorito-da-casa-com-base-em-criterios-bem-especificos-segundo-pesquisadores\/#breadcrumb","itemListElement":[{"@type":"ListItem","position":1,"name":"In\u00edcio","item":"https:\/\/www.em.com.br\/emfoco\/"},{"@type":"ListItem","position":2,"name":"Os gatos escolhem seu humano favorito da casa com base em crit\u00e9rios bem espec\u00edficos, segundo pesquisadores"}]},{"@type":"WebSite","@id":"https:\/\/www.em.com.br\/emfoco\/#website","url":"https:\/\/www.em.com.br\/emfoco\/","name":"Estado de Minas - Em foco","description":"Acompanhe as \u00faltimas not\u00edcias e fique bem informado sobre tudo o que acontece em Minas Gerais, Brasil e no mundo.","potentialAction":[{"@type":"SearchAction","target":{"@type":"EntryPoint","urlTemplate":"https:\/\/www.em.com.br\/emfoco\/?s={search_term_string}"},"query-input":{"@type":"PropertyValueSpecification","valueRequired":true,"valueName":"search_term_string"}}],"inLanguage":"pt-BR"},{"@type":"Person","@id":"https:\/\/www.em.com.br\/emfoco\/#\/schema\/person\/5379e929a4b966c775d121e23f9bb421","name":"Guilherme Ara\u00fajo","image":{"@type":"ImageObject","inLanguage":"pt-BR","@id":"https:\/\/www.em.com.br\/emfoco\/#\/schema\/person\/image\/","url":"https:\/\/secure.gravatar.com\/avatar\/b8bf1fd0130e170bd8f5d7298dbafa25?s=96&d=mm&r=g","contentUrl":"https:\/\/secure.gravatar.com\/avatar\/b8bf1fd0130e170bd8f5d7298dbafa25?s=96&d=mm&r=g","caption":"Guilherme Ara\u00fajo"},"sameAs":["https:\/\/www.em.com.br\/emfoco"],"url":"https:\/\/www.em.com.br\/emfoco\/author\/guilhermeamyth\/"}]}},"_links":{"self":[{"href":"https:\/\/www.em.com.br\/emfoco\/wp-json\/wp\/v2\/posts\/199814","targetHints":{"allow":["GET"]}}],"collection":[{"href":"https:\/\/www.em.com.br\/emfoco\/wp-json\/wp\/v2\/posts"}],"about":[{"href":"https:\/\/www.em.com.br\/emfoco\/wp-json\/wp\/v2\/types\/post"}],"author":[{"embeddable":true,"href":"https:\/\/www.em.com.br\/emfoco\/wp-json\/wp\/v2\/users\/30"}],"replies":[{"embeddable":true,"href":"https:\/\/www.em.com.br\/emfoco\/wp-json\/wp\/v2\/comments?post=199814"}],"version-history":[{"count":3,"href":"https:\/\/www.em.com.br\/emfoco\/wp-json\/wp\/v2\/posts\/199814\/revisions"}],"predecessor-version":[{"id":199850,"href":"https:\/\/www.em.com.br\/emfoco\/wp-json\/wp\/v2\/posts\/199814\/revisions\/199850"}],"wp:featuredmedia":[{"embeddable":true,"href":"https:\/\/www.em.com.br\/emfoco\/wp-json\/wp\/v2\/media\/199817"}],"wp:attachment":[{"href":"https:\/\/www.em.com.br\/emfoco\/wp-json\/wp\/v2\/media?parent=199814"}],"wp:term":[{"taxonomy":"category","embeddable":true,"href":"https:\/\/www.em.com.br\/emfoco\/wp-json\/wp\/v2\/categories?post=199814"},{"taxonomy":"post_tag","embeddable":true,"href":"https:\/\/www.em.com.br\/emfoco\/wp-json\/wp\/v2\/tags?post=199814"}],"curies":[{"name":"wp","href":"https:\/\/api.w.org\/{rel}","templated":true}]}}