{"id":199806,"date":"2026-04-27T17:15:00","date_gmt":"2026-04-27T20:15:00","guid":{"rendered":"https:\/\/www.em.com.br\/emfoco\/?p=199806"},"modified":"2026-04-26T06:56:12","modified_gmt":"2026-04-26T09:56:12","slug":"3-cores-que-pessoas-bem-sucedidas-costumam-usar-segundo-a-psicologia","status":"publish","type":"post","link":"https:\/\/www.em.com.br\/emfoco\/2026\/04\/27\/3-cores-que-pessoas-bem-sucedidas-costumam-usar-segundo-a-psicologia\/","title":{"rendered":"3 cores que pessoas bem-sucedidas costumam usar, segundo a psicologia"},"content":{"rendered":"\n<p>A <strong>escolha das<\/strong> <strong>cores<\/strong> no vestu\u00e1rio ultrapassa a est\u00e9tica, influenciando diretamente como somos percebidos em contextos de alta performance. Pesquisas em psicologia social demonstram que tonalidades espec\u00edficas possuem o poder de transmitir autoridade, compet\u00eancia e credibilidade de forma imediata.<\/p>\n\n\n\n<h2 class=\"wp-block-heading\">Por que o azul \u00e9 a cor da compet\u00eancia e intelig\u00eancia?<\/h2>\n\n\n\n<p>O azul \u00e9 a tonalidade com o maior volume de estudos aplicados ao comportamento profissional e branding mundial. Institui\u00e7\u00f5es financeiras e gigantes da tecnologia utilizam essa cor para projetar uma imagem de estabilidade emocional e profunda confiabilidade para seus clientes.<\/p>\n\n\n\n<p>De acordo com o portal da <a href=\"https:\/\/blog.unoeste.br\/psicologia-das-cores\/\" target=\"_blank\" rel=\"noreferrer noopener\"><strong>Universidade do Oeste Paulista (Unoeste)<\/strong><\/a>, o uso do azul em reuni\u00f5es reduz o estresse percebido e favorece ambientes de confian\u00e7a. Essa cor atua no subconsciente para projetar intelig\u00eancia e equil\u00edbrio, qualidades essenciais para lideran\u00e7as de sucesso.<\/p>\n\n\n<div class=\"wp-block-image\">\n<figure class=\"aligncenter size-large\"><img loading=\"lazy\" decoding=\"async\" width=\"1024\" height=\"576\" src=\"https:\/\/www.em.com.br\/emfoco\/wp-content\/uploads\/2026\/04\/relogio-preto-1024x576.jpg\" alt=\"Mude sua imagem com as 3 cores que pessoas bem-sucedidas preferem usar\" class=\"wp-image-199810\" srcset=\"https:\/\/www.em.com.br\/emfoco\/wp-content\/uploads\/2026\/04\/relogio-preto-1024x576.jpg 1024w, https:\/\/www.em.com.br\/emfoco\/wp-content\/uploads\/2026\/04\/relogio-preto-300x169.jpg 300w, https:\/\/www.em.com.br\/emfoco\/wp-content\/uploads\/2026\/04\/relogio-preto-768x432.jpg 768w, https:\/\/www.em.com.br\/emfoco\/wp-content\/uploads\/2026\/04\/relogio-preto-750x422.jpg 750w, https:\/\/www.em.com.br\/emfoco\/wp-content\/uploads\/2026\/04\/relogio-preto-1140x641.jpg 1140w, https:\/\/www.em.com.br\/emfoco\/wp-content\/uploads\/2026\/04\/relogio-preto.jpg 1280w\" sizes=\"auto, (max-width: 1024px) 100vw, 1024px\" \/><figcaption class=\"wp-element-caption\">Mude sua imagem com as 3 cores que pessoas bem-sucedidas preferem usar<\/figcaption><\/figure><\/div>\n\n\n<h2 class=\"wp-block-heading\">Como o preto projeta autoridade e seguran\u00e7a emocional?<\/h2>\n\n\n\n<p>O <strong>preto <\/strong>ocupa um lugar de destaque na psicologia da moda por ser um atalho visual para a sobriedade. Ele \u00e9 frequentemente associado ao poder e ao preparo profissional, funcionando como uma blindagem que aumenta a autoconfian\u00e7a de quem o veste em situa\u00e7\u00f5es cr\u00edticas.<\/p>\n\n\n\n<p>Especialistas refor\u00e7am que o <strong>preto <\/strong>\u00e9 a cor da credibilidade absoluta. Al\u00e9m da percep\u00e7\u00e3o externa, ele oferece uma sensa\u00e7\u00e3o de seguran\u00e7a interna, suavizando contrastes e permitindo que a presen\u00e7a da pessoa se destaque de maneira imponente.<\/p>\n\n\n\n<p>Confira os principais atributos dessa cor:<\/p>\n\n\n\n<ul class=\"wp-block-list\">\n<li><strong>Autoridade:<\/strong> transmite comando e seriedade sem a necessidade de palavras.<\/li>\n\n\n\n<li><strong>Credibilidade:<\/strong> associada ao preparo e \u00e0 organiza\u00e7\u00e3o t\u00e9cnica.<\/li>\n\n\n\n<li><strong>Prote\u00e7\u00e3o:<\/strong> cria uma barreira visual que aumenta a seguran\u00e7a social.<\/li>\n\n\n\n<li><strong>Sobriedade:<\/strong> ideal para ambientes onde o foco deve ser o profissionalismo.<\/li>\n<\/ul>\n\n\n\n<h2 class=\"wp-block-heading\">Qual \u00e9 o papel estrat\u00e9gico da cor cinza no profissionalismo?<\/h2>\n\n\n\n<p>Muitas vezes subestimado, o <strong>cinza <\/strong>\u00e9 a ferramenta definitiva da neutralidade estrat\u00e9gica no design corporativo. Ele comunica estabilidade e equil\u00edbrio, permitindo que a aten\u00e7\u00e3o do interlocutor seja direcionada totalmente para o conte\u00fado e para a argumenta\u00e7\u00e3o apresentada.<\/p>\n\n\n\n<p>O <strong>cinza <\/strong>como o s\u00edmbolo da <strong>maturidade <\/strong>e do <strong>profissionalismo <\/strong>centrado. \u00c9 uma escolha inteligente para quem deseja passar uma imagem de moderador, evitando distra\u00e7\u00f5es visuais excessivas e mantendo o foco em resultados tang\u00edveis.<\/p>\n\n\n\n<h2 class=\"wp-block-heading\">Quais s\u00e3o as percep\u00e7\u00f5es psicol\u00f3gicas de cada tonalidade?<\/h2>\n\n\n\n<p>A <strong>percep\u00e7\u00e3o das<\/strong> <strong>cores<\/strong> varia conforme o contexto, mas certas associa\u00e7\u00f5es permanecem consistentes em ambientes de neg\u00f3cios. Entender essas nuances permite que o profissional utilize o guarda-roupa como um aliado estrat\u00e9gico em sua trajet\u00f3ria de ascens\u00e3o na carreira.<\/p>\n\n\n\n<p>Confira a tabela comparativa das percep\u00e7\u00f5es de sucesso:<\/p>\n\n\n<div class=\"wp-block-image\">\n<figure class=\"aligncenter size-large is-resized\"><img loading=\"lazy\" decoding=\"async\" width=\"1024\" height=\"553\" src=\"https:\/\/www.em.com.br\/emfoco\/wp-content\/uploads\/2026\/04\/image-198-1024x553.png\" alt=\"\" class=\"wp-image-199807\" style=\"width:794px;height:auto\" srcset=\"https:\/\/www.em.com.br\/emfoco\/wp-content\/uploads\/2026\/04\/image-198-1024x553.png 1024w, https:\/\/www.em.com.br\/emfoco\/wp-content\/uploads\/2026\/04\/image-198-300x162.png 300w, https:\/\/www.em.com.br\/emfoco\/wp-content\/uploads\/2026\/04\/image-198-768x415.png 768w, https:\/\/www.em.com.br\/emfoco\/wp-content\/uploads\/2026\/04\/image-198-750x405.png 750w, https:\/\/www.em.com.br\/emfoco\/wp-content\/uploads\/2026\/04\/image-198-1140x615.png 1140w, https:\/\/www.em.com.br\/emfoco\/wp-content\/uploads\/2026\/04\/image-198.png 1280w\" sizes=\"auto, (max-width: 1024px) 100vw, 1024px\" \/><\/figure><\/div>\n\n\n<h2 class=\"wp-block-heading\">O que a ci\u00eancia afirma sobre o uso dessas cores?<\/h2>\n\n\n\n<p>Embora as <strong>cores<\/strong> influenciem emo\u00e7\u00f5es de forma mensur\u00e1vel, a ci\u00eancia alerta que elas n\u00e3o garantem o sucesso isoladamente. A efic\u00e1cia de uma tonalidade depende da combina\u00e7\u00e3o com a linguagem corporal, o cargo ocupado e a cultura do setor em que o indiv\u00edduo atua.<\/p>\n\n\n\n<p>Um estudo publicado pela <a href=\"https:\/\/www.ufrgs.br\/\" target=\"_blank\" rel=\"noreferrer noopener\"><strong>UFRG<\/strong><\/a><strong><a href=\"https:\/\/www.ufrgs.br\/det\/index.php\/det\/article\/download\/476\/234\" target=\"_blank\" rel=\"noreferrer noopener\">S<\/a><\/strong> indica que a resposta emocional est\u00e1 subordinada ao conjunto da imagem apresentada. Isso significa que a cor deve complementar uma postura condizente com a autoridade que se deseja projetar no ambiente de trabalho.<\/p>\n\n\n\n<p>Em resumo, as escolhas crom\u00e1ticas conscientes comp\u00f5em um repert\u00f3rio leg\u00edtimo de comunica\u00e7\u00e3o n\u00e3o verbal. Ao utilizar o azul, o preto ou o cinza de forma estrat\u00e9gica, voc\u00ea alinha sua imagem externa \u00e0s suas compet\u00eancias internas, fortalecendo sua marca pessoal perante o mercado.<\/p>\n","protected":false},"excerpt":{"rendered":"<p>A escolha das cores no vestu\u00e1rio ultrapassa a est\u00e9tica, influenciando diretamente como somos percebidos em contextos de alta performance. Pesquisas em psicologia social demonstram que tonalidades espec\u00edficas possuem o poder de transmitir autoridade, compet\u00eancia e credibilidade de forma imediata. Por que o azul \u00e9 a cor da compet\u00eancia e intelig\u00eancia? O azul \u00e9 a tonalidade [&hellip;]<\/p>\n","protected":false},"author":30,"featured_media":199809,"comment_status":"open","ping_status":"open","sticky":false,"template":"","format":"standard","meta":{"jnews-multi-image_gallery":[],"jnews_single_post":{"format":"standard"},"jnews_primary_category":[],"jnews_social_meta":[],"jnews_override_counter":[],"footnotes":""},"categories":[8819],"tags":[4983,4977,5155,377],"class_list":["post-199806","post","type-post","status-publish","format-standard","has-post-thumbnail","hentry","category-curiosidades","tag-comportamento","tag-moda","tag-psicologia","tag-sucesso"],"yoast_head":"<!-- This site is optimized with the Yoast SEO plugin v23.8 - https:\/\/yoast.com\/wordpress\/plugins\/seo\/ -->\n<title>3 cores que pessoas bem-sucedidas costumam usar, segundo a psicologia - Estado de Minas - Em foco<\/title>\n<meta name=\"description\" content=\"Veja 3 cores que pessoas bem-sucedidas costumam usar, segundo a psicologia. Entenda como a escolha influencia autoridade e credibilidade.\" \/>\n<meta name=\"robots\" content=\"index, follow, max-snippet:-1, max-image-preview:large, max-video-preview:-1\" \/>\n<link rel=\"canonical\" href=\"https:\/\/www.em.com.br\/emfoco\/2026\/04\/27\/3-cores-que-pessoas-bem-sucedidas-costumam-usar-segundo-a-psicologia\/\" \/>\n<meta property=\"og:locale\" content=\"pt_BR\" \/>\n<meta property=\"og:type\" content=\"article\" \/>\n<meta property=\"og:title\" content=\"3 cores que pessoas bem-sucedidas costumam usar, segundo a psicologia - Estado de Minas - Em foco\" \/>\n<meta property=\"og:description\" content=\"Veja 3 cores que pessoas bem-sucedidas costumam usar, segundo a psicologia. Entenda como a escolha influencia autoridade e credibilidade.\" \/>\n<meta property=\"og:url\" content=\"https:\/\/www.em.com.br\/emfoco\/2026\/04\/27\/3-cores-que-pessoas-bem-sucedidas-costumam-usar-segundo-a-psicologia\/\" \/>\n<meta property=\"og:site_name\" content=\"Estado de Minas - Em foco\" \/>\n<meta property=\"article:published_time\" content=\"2026-04-27T20:15:00+00:00\" \/>\n<meta property=\"article:modified_time\" content=\"2026-04-26T09:56:12+00:00\" \/>\n<meta property=\"og:image\" content=\"https:\/\/www.em.com.br\/emfoco\/wp-content\/uploads\/2026\/04\/cores1.jpg\" \/>\n\t<meta property=\"og:image:width\" content=\"1280\" \/>\n\t<meta property=\"og:image:height\" content=\"720\" \/>\n\t<meta property=\"og:image:type\" content=\"image\/jpeg\" \/>\n<meta name=\"author\" content=\"Guilherme Ara\u00fajo\" \/>\n<meta name=\"twitter:card\" content=\"summary_large_image\" \/>\n<meta name=\"twitter:label1\" content=\"Escrito por\" \/>\n\t<meta name=\"twitter:data1\" content=\"Guilherme Ara\u00fajo\" \/>\n\t<meta name=\"twitter:label2\" content=\"Est. tempo de leitura\" \/>\n\t<meta name=\"twitter:data2\" content=\"4 minutos\" \/>\n<!-- \/ Yoast SEO plugin. -->","yoast_head_json":{"title":"3 cores que pessoas bem-sucedidas costumam usar, segundo a psicologia - Estado de Minas - Em foco","description":"Veja 3 cores que pessoas bem-sucedidas costumam usar, segundo a psicologia. Entenda como a escolha influencia autoridade e credibilidade.","robots":{"index":"index","follow":"follow","max-snippet":"max-snippet:-1","max-image-preview":"max-image-preview:large","max-video-preview":"max-video-preview:-1"},"canonical":"https:\/\/www.em.com.br\/emfoco\/2026\/04\/27\/3-cores-que-pessoas-bem-sucedidas-costumam-usar-segundo-a-psicologia\/","og_locale":"pt_BR","og_type":"article","og_title":"3 cores que pessoas bem-sucedidas costumam usar, segundo a psicologia - Estado de Minas - Em foco","og_description":"Veja 3 cores que pessoas bem-sucedidas costumam usar, segundo a psicologia. Entenda como a escolha influencia autoridade e credibilidade.","og_url":"https:\/\/www.em.com.br\/emfoco\/2026\/04\/27\/3-cores-que-pessoas-bem-sucedidas-costumam-usar-segundo-a-psicologia\/","og_site_name":"Estado de Minas - Em foco","article_published_time":"2026-04-27T20:15:00+00:00","article_modified_time":"2026-04-26T09:56:12+00:00","og_image":[{"width":1280,"height":720,"url":"https:\/\/www.em.com.br\/emfoco\/wp-content\/uploads\/2026\/04\/cores1.jpg","type":"image\/jpeg"}],"author":"Guilherme Ara\u00fajo","twitter_card":"summary_large_image","twitter_misc":{"Escrito por":"Guilherme Ara\u00fajo","Est. tempo de leitura":"4 minutos"},"schema":{"@context":"https:\/\/schema.org","@graph":[{"@type":"WebPage","@id":"https:\/\/www.em.com.br\/emfoco\/2026\/04\/27\/3-cores-que-pessoas-bem-sucedidas-costumam-usar-segundo-a-psicologia\/","url":"https:\/\/www.em.com.br\/emfoco\/2026\/04\/27\/3-cores-que-pessoas-bem-sucedidas-costumam-usar-segundo-a-psicologia\/","name":"3 cores que pessoas bem-sucedidas costumam usar, segundo a psicologia - Estado de Minas - Em foco","isPartOf":{"@id":"https:\/\/www.em.com.br\/emfoco\/#website"},"primaryImageOfPage":{"@id":"https:\/\/www.em.com.br\/emfoco\/2026\/04\/27\/3-cores-que-pessoas-bem-sucedidas-costumam-usar-segundo-a-psicologia\/#primaryimage"},"image":{"@id":"https:\/\/www.em.com.br\/emfoco\/2026\/04\/27\/3-cores-que-pessoas-bem-sucedidas-costumam-usar-segundo-a-psicologia\/#primaryimage"},"thumbnailUrl":"https:\/\/www.em.com.br\/emfoco\/wp-content\/uploads\/2026\/04\/cores1.jpg","datePublished":"2026-04-27T20:15:00+00:00","dateModified":"2026-04-26T09:56:12+00:00","author":{"@id":"https:\/\/www.em.com.br\/emfoco\/#\/schema\/person\/5379e929a4b966c775d121e23f9bb421"},"description":"Veja 3 cores que pessoas bem-sucedidas costumam usar, segundo a psicologia. Entenda como a escolha influencia autoridade e credibilidade.","breadcrumb":{"@id":"https:\/\/www.em.com.br\/emfoco\/2026\/04\/27\/3-cores-que-pessoas-bem-sucedidas-costumam-usar-segundo-a-psicologia\/#breadcrumb"},"inLanguage":"pt-BR","potentialAction":[{"@type":"ReadAction","target":["https:\/\/www.em.com.br\/emfoco\/2026\/04\/27\/3-cores-que-pessoas-bem-sucedidas-costumam-usar-segundo-a-psicologia\/"]}]},{"@type":"ImageObject","inLanguage":"pt-BR","@id":"https:\/\/www.em.com.br\/emfoco\/2026\/04\/27\/3-cores-que-pessoas-bem-sucedidas-costumam-usar-segundo-a-psicologia\/#primaryimage","url":"https:\/\/www.em.com.br\/emfoco\/wp-content\/uploads\/2026\/04\/cores1.jpg","contentUrl":"https:\/\/www.em.com.br\/emfoco\/wp-content\/uploads\/2026\/04\/cores1.jpg","width":1280,"height":720,"caption":"A ci\u00eancia das cores explica por que pessoas bem-sucedidas"},{"@type":"BreadcrumbList","@id":"https:\/\/www.em.com.br\/emfoco\/2026\/04\/27\/3-cores-que-pessoas-bem-sucedidas-costumam-usar-segundo-a-psicologia\/#breadcrumb","itemListElement":[{"@type":"ListItem","position":1,"name":"In\u00edcio","item":"https:\/\/www.em.com.br\/emfoco\/"},{"@type":"ListItem","position":2,"name":"3 cores que pessoas bem-sucedidas costumam usar, segundo a psicologia"}]},{"@type":"WebSite","@id":"https:\/\/www.em.com.br\/emfoco\/#website","url":"https:\/\/www.em.com.br\/emfoco\/","name":"Estado de Minas - Em foco","description":"Acompanhe as \u00faltimas not\u00edcias e fique bem informado sobre tudo o que acontece em Minas Gerais, Brasil e no mundo.","potentialAction":[{"@type":"SearchAction","target":{"@type":"EntryPoint","urlTemplate":"https:\/\/www.em.com.br\/emfoco\/?s={search_term_string}"},"query-input":{"@type":"PropertyValueSpecification","valueRequired":true,"valueName":"search_term_string"}}],"inLanguage":"pt-BR"},{"@type":"Person","@id":"https:\/\/www.em.com.br\/emfoco\/#\/schema\/person\/5379e929a4b966c775d121e23f9bb421","name":"Guilherme Ara\u00fajo","image":{"@type":"ImageObject","inLanguage":"pt-BR","@id":"https:\/\/www.em.com.br\/emfoco\/#\/schema\/person\/image\/","url":"https:\/\/secure.gravatar.com\/avatar\/b8bf1fd0130e170bd8f5d7298dbafa25?s=96&d=mm&r=g","contentUrl":"https:\/\/secure.gravatar.com\/avatar\/b8bf1fd0130e170bd8f5d7298dbafa25?s=96&d=mm&r=g","caption":"Guilherme Ara\u00fajo"},"sameAs":["https:\/\/www.em.com.br\/emfoco"],"url":"https:\/\/www.em.com.br\/emfoco\/author\/guilhermeamyth\/"}]}},"_links":{"self":[{"href":"https:\/\/www.em.com.br\/emfoco\/wp-json\/wp\/v2\/posts\/199806","targetHints":{"allow":["GET"]}}],"collection":[{"href":"https:\/\/www.em.com.br\/emfoco\/wp-json\/wp\/v2\/posts"}],"about":[{"href":"https:\/\/www.em.com.br\/emfoco\/wp-json\/wp\/v2\/types\/post"}],"author":[{"embeddable":true,"href":"https:\/\/www.em.com.br\/emfoco\/wp-json\/wp\/v2\/users\/30"}],"replies":[{"embeddable":true,"href":"https:\/\/www.em.com.br\/emfoco\/wp-json\/wp\/v2\/comments?post=199806"}],"version-history":[{"count":4,"href":"https:\/\/www.em.com.br\/emfoco\/wp-json\/wp\/v2\/posts\/199806\/revisions"}],"predecessor-version":[{"id":199813,"href":"https:\/\/www.em.com.br\/emfoco\/wp-json\/wp\/v2\/posts\/199806\/revisions\/199813"}],"wp:featuredmedia":[{"embeddable":true,"href":"https:\/\/www.em.com.br\/emfoco\/wp-json\/wp\/v2\/media\/199809"}],"wp:attachment":[{"href":"https:\/\/www.em.com.br\/emfoco\/wp-json\/wp\/v2\/media?parent=199806"}],"wp:term":[{"taxonomy":"category","embeddable":true,"href":"https:\/\/www.em.com.br\/emfoco\/wp-json\/wp\/v2\/categories?post=199806"},{"taxonomy":"post_tag","embeddable":true,"href":"https:\/\/www.em.com.br\/emfoco\/wp-json\/wp\/v2\/tags?post=199806"}],"curies":[{"name":"wp","href":"https:\/\/api.w.org\/{rel}","templated":true}]}}