{"id":199800,"date":"2026-04-27T07:45:00","date_gmt":"2026-04-27T10:45:00","guid":{"rendered":"https:\/\/www.em.com.br\/emfoco\/?p=199800"},"modified":"2026-04-26T06:41:55","modified_gmt":"2026-04-26T09:41:55","slug":"nova-regra-do-inss-ja-esta-valendo-e-muda-a-vida-de-aposentados-e-pensionistas-em-maio","status":"publish","type":"post","link":"https:\/\/www.em.com.br\/emfoco\/2026\/04\/27\/nova-regra-do-inss-ja-esta-valendo-e-muda-a-vida-de-aposentados-e-pensionistas-em-maio\/","title":{"rendered":"Nova regra do INSS j\u00e1 est\u00e1 valendo e muda a vida de aposentados e pensionistas em maio"},"content":{"rendered":"\n<p>A partir de 20 de maio de 2026, o <strong>INSS<\/strong> passa a exigir a valida\u00e7\u00e3o biom\u00e9trica facial para a contrata\u00e7\u00e3o de empr\u00e9stimos consignados. Essa medida visa aumentar a seguran\u00e7a jur\u00eddica e proteger o patrim\u00f4nio de milh\u00f5es de segurados contra descontos indevidos.<\/p>\n\n\n\n<h2 class=\"wp-block-heading\">Como funciona a nova valida\u00e7\u00e3o biom\u00e9trica facial do INSS?<\/h2>\n\n\n\n<p>Com a nova exig\u00eancia, o benefici\u00e1rio que solicitar um cr\u00e9dito dever\u00e1 confirmar a opera\u00e7\u00e3o por meio do reconhecimento facial no aplicativo <strong><a href=\"https:\/\/meu.inss.gov.br\/\" target=\"_blank\" rel=\"noreferrer noopener\">Meu INSS<\/a><\/strong>. O sistema cruza os dados com a base do governo para garantir que o titular \u00e9 quem realmente autoriza a d\u00edvida.<\/p>\n\n\n\n<p>O prazo para realizar essa confirma\u00e7\u00e3o \u00e9 de at\u00e9 <strong>5 dias<\/strong> ap\u00f3s a solicita\u00e7\u00e3o junto \u00e0 institui\u00e7\u00e3o financeira. Caso o segurado n\u00e3o realize o procedimento dentro do per\u00edodo estabelecido, o contrato \u00e9 automaticamente cancelado e o valor n\u00e3o \u00e9 liberado na conta banc\u00e1ria.<\/p>\n\n\n<div class=\"wp-block-image\">\n<figure class=\"aligncenter size-large\"><img loading=\"lazy\" decoding=\"async\" width=\"1024\" height=\"576\" src=\"https:\/\/www.em.com.br\/emfoco\/wp-content\/uploads\/2026\/04\/INSS_1776224600013-1-1024x576.jpg\" alt=\"INSS - Cr\u00e9ditos: depositphotos.com \/ rafapress\" class=\"wp-image-193233\" srcset=\"https:\/\/www.em.com.br\/emfoco\/wp-content\/uploads\/2026\/04\/INSS_1776224600013-1-1024x576.jpg 1024w, https:\/\/www.em.com.br\/emfoco\/wp-content\/uploads\/2026\/04\/INSS_1776224600013-1-300x169.jpg 300w, https:\/\/www.em.com.br\/emfoco\/wp-content\/uploads\/2026\/04\/INSS_1776224600013-1-768x432.jpg 768w, https:\/\/www.em.com.br\/emfoco\/wp-content\/uploads\/2026\/04\/INSS_1776224600013-1-750x422.jpg 750w, https:\/\/www.em.com.br\/emfoco\/wp-content\/uploads\/2026\/04\/INSS_1776224600013-1-1140x641.jpg 1140w, https:\/\/www.em.com.br\/emfoco\/wp-content\/uploads\/2026\/04\/INSS_1776224600013-1.jpg 1280w\" sizes=\"auto, (max-width: 1024px) 100vw, 1024px\" \/><figcaption class=\"wp-element-caption\">Saiba quais as mudan\u00e7as que est\u00e3o vindo para aposentados em maio &#8211; Cr\u00e9ditos: depositphotos.com \/ rafapress<\/figcaption><\/figure><\/div>\n\n\n<h2 class=\"wp-block-heading\">O que diz a nova Lei 15.327 de 2026 para o INSS?<\/h2>\n\n\n\n<p>A <a href=\"https:\/\/www.em.com.br\/emfoco\/2026\/04\/25\/adeus-a-idade-minima-na-aposentadoria-inss-nova-lei-pra-quem-teve-carteira-assinada-em-2026\/\" target=\"_blank\" rel=\"noreferrer noopener\">nova legisla\u00e7\u00e3o<\/a> introduz mecanismos rigorosos de prote\u00e7\u00e3o ao cr\u00e9dito para idosos e pensionistas. De acordo com o texto dispon\u00edvel na <a href=\"https:\/\/www.camara.leg.br\/\" target=\"_blank\" rel=\"noreferrer noopener\"><strong>C\u00e2mara dos Deputados<\/strong><\/a>, fica proibida a contrata\u00e7\u00e3o de empr\u00e9stimos via procura\u00e7\u00e3o ou central telef\u00f4nica sem a anu\u00eancia direta do titular.<\/p>\n\n\n\n<p>Al\u00e9m disso, a lei refor\u00e7a a necessidade de observ\u00e2ncia \u00e0 <a href=\"https:\/\/www.planalto.gov.br\/ccivil_03\/_ato2015-2018\/2018\/lei\/l13709.htm\" target=\"_blank\" rel=\"noreferrer noopener\"><strong>Lei Geral de Prote\u00e7\u00e3o de Dados (LGPD)<\/strong><\/a> para evitar o vazamento de informa\u00e7\u00f5es sens\u00edveis. Essas mudan\u00e7as s\u00e3o fundamentais para reduzir o ass\u00e9dio comercial e as contrata\u00e7\u00f5es fraudulentas que afetam o p\u00fablico da previd\u00eancia.<\/p>\n\n\n\n<p>Confira os principais pontos da nova legisla\u00e7\u00e3o:<\/p>\n\n\n\n<ul class=\"wp-block-list\">\n<li><strong>Proibi\u00e7\u00e3o de procura\u00e7\u00e3o:<\/strong> exige-se a presen\u00e7a digital ou f\u00edsica do titular do benef\u00edcio.<\/li>\n\n\n\n<li><strong>Autoriza\u00e7\u00e3o judicial:<\/strong> obrigat\u00f3ria para tutores ou curadores em nome de terceiros.<\/li>\n\n\n\n<li><strong>Portabilidade gratuita:<\/strong> permite migrar a d\u00edvida para bancos com taxas menores sem custos extras.<\/li>\n\n\n\n<li><strong>Veda\u00e7\u00e3o de descontos:<\/strong> mensalidades de associa\u00e7\u00f5es s\u00f3 podem ocorrer com autoriza\u00e7\u00e3o espec\u00edfica.<\/li>\n<\/ul>\n\n\n\n<h2 class=\"wp-block-heading\">Qual \u00e9 o valor da margem consign\u00e1vel em 2026?<\/h2>\n\n\n\n<p>O percentual de comprometimento do benef\u00edcio para o pagamento de parcelas permanece fixado em <strong>45%<\/strong>. Essa margem \u00e9 subdividida entre empr\u00e9stimos convencionais e cart\u00f5es de cr\u00e9dito espec\u00edficos, garantindo que o aposentado mantenha parte da renda para subsist\u00eancia.<\/p>\n\n\n\n<p>Com o novo sal\u00e1rio m\u00ednimo estabelecido em <strong>R$ 1.621<\/strong>, o valor dispon\u00edvel para desconto mensal aumentou proporcionalmente. \u00c9 importante que o segurado consulte seu extrato de pagamento para verificar o limite exato dispon\u00edvel antes de buscar novas linhas de cr\u00e9dito.<\/p>\n\n\n\n<h2 class=\"wp-block-heading\">Como os valores s\u00e3o distribu\u00eddos no benef\u00edcio?<\/h2>\n\n\n\n<p>A divis\u00e3o da margem segue regras r\u00edgidas para evitar o superendividamento dos segurados. A estrutura permite que o <strong>INSS<\/strong> monitore os descontos diretamente na folha de pagamento, bloqueando valores que ultrapassem os limites legais estabelecidos para cada categoria de cr\u00e9dito.<\/p>\n\n\n\n<p>Veja como os 45% de margem s\u00e3o distribu\u00eddos:<\/p>\n\n\n<div class=\"wp-block-image\">\n<figure class=\"aligncenter size-large is-resized\"><img loading=\"lazy\" decoding=\"async\" width=\"1024\" height=\"696\" src=\"https:\/\/www.em.com.br\/emfoco\/wp-content\/uploads\/2026\/04\/image-197-1024x696.png\" alt=\"\" class=\"wp-image-199802\" style=\"width:790px;height:auto\" srcset=\"https:\/\/www.em.com.br\/emfoco\/wp-content\/uploads\/2026\/04\/image-197-1024x696.png 1024w, https:\/\/www.em.com.br\/emfoco\/wp-content\/uploads\/2026\/04\/image-197-300x204.png 300w, https:\/\/www.em.com.br\/emfoco\/wp-content\/uploads\/2026\/04\/image-197-768x522.png 768w, https:\/\/www.em.com.br\/emfoco\/wp-content\/uploads\/2026\/04\/image-197-750x510.png 750w, https:\/\/www.em.com.br\/emfoco\/wp-content\/uploads\/2026\/04\/image-197-1140x775.png 1140w, https:\/\/www.em.com.br\/emfoco\/wp-content\/uploads\/2026\/04\/image-197.png 1280w\" sizes=\"auto, (max-width: 1024px) 100vw, 1024px\" \/><\/figure><\/div>\n\n\n<h2 class=\"wp-block-heading\">Como se proteger de fraudes e golpes financeiros?<\/h2>\n\n\n\n<p>O instituto refor\u00e7a que nunca solicita senhas ou dados banc\u00e1rios por telefone ou mensagens de texto. Para evitar transtornos, a recomenda\u00e7\u00e3o oficial \u00e9 manter a margem de empr\u00e9stimo bloqueada voluntariamente atrav\u00e9s dos canais digitais do governo federal.<\/p>\n\n\n\n<p>Caso o segurado perceba qualquer desconto n\u00e3o autorizado, deve registrar a reclama\u00e7\u00e3o imediatamente no portal <strong>Consumidor.gov.br<\/strong> ou diretamente no \u00f3rg\u00e3o previdenci\u00e1rio. A regulariza\u00e7\u00e3o de autoriza\u00e7\u00f5es judiciais para curatelas deve ser conclu\u00edda at\u00e9 o final de maio para evitar interrup\u00e7\u00f5es nos servi\u00e7os.<\/p>\n\n\n\n<p>A nova era da seguran\u00e7a digital no <strong>INSS<\/strong> representa um avan\u00e7o na defesa dos direitos dos cidad\u00e3os brasileiros. Ao utilizar ferramentas como a biometria, o governo busca reduzir drasticamente o n\u00famero de processos judiciais e garantir que o cr\u00e9dito seja uma ferramenta de aux\u00edlio, n\u00e3o de preocupa\u00e7\u00e3o.<\/p>\n","protected":false},"excerpt":{"rendered":"<p>A partir de 20 de maio de 2026, o INSS passa a exigir a valida\u00e7\u00e3o biom\u00e9trica facial para a contrata\u00e7\u00e3o de empr\u00e9stimos consignados. Essa medida visa aumentar a seguran\u00e7a jur\u00eddica e proteger o patrim\u00f4nio de milh\u00f5es de segurados contra descontos indevidos. Como funciona a nova valida\u00e7\u00e3o biom\u00e9trica facial do INSS? Com a nova exig\u00eancia, o [&hellip;]<\/p>\n","protected":false},"author":30,"featured_media":199803,"comment_status":"open","ping_status":"open","sticky":false,"template":"","format":"standard","meta":{"jnews-multi-image_gallery":[],"jnews_single_post":{"format":"standard"},"jnews_primary_category":[],"jnews_social_meta":[],"jnews_override_counter":[],"footnotes":""},"categories":[28],"tags":[172,2249,3532,487],"class_list":["post-199800","post","type-post","status-publish","format-standard","has-post-thumbnail","hentry","category-economia","tag-aposentadoria","tag-biometria","tag-consignado","tag-lei"],"yoast_head":"<!-- This site is optimized with the Yoast SEO plugin v23.8 - https:\/\/yoast.com\/wordpress\/plugins\/seo\/ -->\n<title>Nova regra do INSS j\u00e1 est\u00e1 valendo e muda a vida de aposentados e pensionistas em maio - Estado de Minas - Em foco<\/title>\n<meta name=\"description\" content=\"Entenda a nova regra do INSS que j\u00e1 est\u00e1 valendo em maio. Veja a mudan\u00e7a na vida de aposentados e pensionistas com a valida\u00e7\u00e3o biom\u00e9trica.\" \/>\n<meta name=\"robots\" content=\"index, follow, max-snippet:-1, max-image-preview:large, max-video-preview:-1\" \/>\n<link rel=\"canonical\" href=\"https:\/\/www.em.com.br\/emfoco\/2026\/04\/27\/nova-regra-do-inss-ja-esta-valendo-e-muda-a-vida-de-aposentados-e-pensionistas-em-maio\/\" \/>\n<meta property=\"og:locale\" content=\"pt_BR\" \/>\n<meta property=\"og:type\" content=\"article\" \/>\n<meta property=\"og:title\" content=\"Nova regra do INSS j\u00e1 est\u00e1 valendo e muda a vida de aposentados e pensionistas em maio - Estado de Minas - Em foco\" \/>\n<meta property=\"og:description\" content=\"Entenda a nova regra do INSS que j\u00e1 est\u00e1 valendo em maio. Veja a mudan\u00e7a na vida de aposentados e pensionistas com a valida\u00e7\u00e3o biom\u00e9trica.\" \/>\n<meta property=\"og:url\" content=\"https:\/\/www.em.com.br\/emfoco\/2026\/04\/27\/nova-regra-do-inss-ja-esta-valendo-e-muda-a-vida-de-aposentados-e-pensionistas-em-maio\/\" \/>\n<meta property=\"og:site_name\" content=\"Estado de Minas - Em foco\" \/>\n<meta property=\"article:published_time\" content=\"2026-04-27T10:45:00+00:00\" \/>\n<meta property=\"article:modified_time\" content=\"2026-04-26T09:41:55+00:00\" \/>\n<meta property=\"og:image\" content=\"https:\/\/www.em.com.br\/emfoco\/wp-content\/uploads\/2026\/04\/cabelo-1-1.jpg\" \/>\n\t<meta property=\"og:image:width\" content=\"1280\" \/>\n\t<meta property=\"og:image:height\" content=\"720\" \/>\n\t<meta property=\"og:image:type\" content=\"image\/jpeg\" \/>\n<meta name=\"author\" content=\"Guilherme Ara\u00fajo\" \/>\n<meta name=\"twitter:card\" content=\"summary_large_image\" \/>\n<meta name=\"twitter:label1\" content=\"Escrito por\" \/>\n\t<meta name=\"twitter:data1\" content=\"Guilherme Ara\u00fajo\" \/>\n\t<meta name=\"twitter:label2\" content=\"Est. tempo de leitura\" \/>\n\t<meta name=\"twitter:data2\" content=\"4 minutos\" \/>\n<!-- \/ Yoast SEO plugin. -->","yoast_head_json":{"title":"Nova regra do INSS j\u00e1 est\u00e1 valendo e muda a vida de aposentados e pensionistas em maio - Estado de Minas - Em foco","description":"Entenda a nova regra do INSS que j\u00e1 est\u00e1 valendo em maio. Veja a mudan\u00e7a na vida de aposentados e pensionistas com a valida\u00e7\u00e3o biom\u00e9trica.","robots":{"index":"index","follow":"follow","max-snippet":"max-snippet:-1","max-image-preview":"max-image-preview:large","max-video-preview":"max-video-preview:-1"},"canonical":"https:\/\/www.em.com.br\/emfoco\/2026\/04\/27\/nova-regra-do-inss-ja-esta-valendo-e-muda-a-vida-de-aposentados-e-pensionistas-em-maio\/","og_locale":"pt_BR","og_type":"article","og_title":"Nova regra do INSS j\u00e1 est\u00e1 valendo e muda a vida de aposentados e pensionistas em maio - Estado de Minas - Em foco","og_description":"Entenda a nova regra do INSS que j\u00e1 est\u00e1 valendo em maio. Veja a mudan\u00e7a na vida de aposentados e pensionistas com a valida\u00e7\u00e3o biom\u00e9trica.","og_url":"https:\/\/www.em.com.br\/emfoco\/2026\/04\/27\/nova-regra-do-inss-ja-esta-valendo-e-muda-a-vida-de-aposentados-e-pensionistas-em-maio\/","og_site_name":"Estado de Minas - Em foco","article_published_time":"2026-04-27T10:45:00+00:00","article_modified_time":"2026-04-26T09:41:55+00:00","og_image":[{"width":1280,"height":720,"url":"https:\/\/www.em.com.br\/emfoco\/wp-content\/uploads\/2026\/04\/cabelo-1-1.jpg","type":"image\/jpeg"}],"author":"Guilherme Ara\u00fajo","twitter_card":"summary_large_image","twitter_misc":{"Escrito por":"Guilherme Ara\u00fajo","Est. tempo de leitura":"4 minutos"},"schema":{"@context":"https:\/\/schema.org","@graph":[{"@type":"WebPage","@id":"https:\/\/www.em.com.br\/emfoco\/2026\/04\/27\/nova-regra-do-inss-ja-esta-valendo-e-muda-a-vida-de-aposentados-e-pensionistas-em-maio\/","url":"https:\/\/www.em.com.br\/emfoco\/2026\/04\/27\/nova-regra-do-inss-ja-esta-valendo-e-muda-a-vida-de-aposentados-e-pensionistas-em-maio\/","name":"Nova regra do INSS j\u00e1 est\u00e1 valendo e muda a vida de aposentados e pensionistas em maio - Estado de Minas - Em foco","isPartOf":{"@id":"https:\/\/www.em.com.br\/emfoco\/#website"},"primaryImageOfPage":{"@id":"https:\/\/www.em.com.br\/emfoco\/2026\/04\/27\/nova-regra-do-inss-ja-esta-valendo-e-muda-a-vida-de-aposentados-e-pensionistas-em-maio\/#primaryimage"},"image":{"@id":"https:\/\/www.em.com.br\/emfoco\/2026\/04\/27\/nova-regra-do-inss-ja-esta-valendo-e-muda-a-vida-de-aposentados-e-pensionistas-em-maio\/#primaryimage"},"thumbnailUrl":"https:\/\/www.em.com.br\/emfoco\/wp-content\/uploads\/2026\/04\/cabelo-1-1.jpg","datePublished":"2026-04-27T10:45:00+00:00","dateModified":"2026-04-26T09:41:55+00:00","author":{"@id":"https:\/\/www.em.com.br\/emfoco\/#\/schema\/person\/5379e929a4b966c775d121e23f9bb421"},"description":"Entenda a nova regra do INSS que j\u00e1 est\u00e1 valendo em maio. Veja a mudan\u00e7a na vida de aposentados e pensionistas com a valida\u00e7\u00e3o biom\u00e9trica.","breadcrumb":{"@id":"https:\/\/www.em.com.br\/emfoco\/2026\/04\/27\/nova-regra-do-inss-ja-esta-valendo-e-muda-a-vida-de-aposentados-e-pensionistas-em-maio\/#breadcrumb"},"inLanguage":"pt-BR","potentialAction":[{"@type":"ReadAction","target":["https:\/\/www.em.com.br\/emfoco\/2026\/04\/27\/nova-regra-do-inss-ja-esta-valendo-e-muda-a-vida-de-aposentados-e-pensionistas-em-maio\/"]}]},{"@type":"ImageObject","inLanguage":"pt-BR","@id":"https:\/\/www.em.com.br\/emfoco\/2026\/04\/27\/nova-regra-do-inss-ja-esta-valendo-e-muda-a-vida-de-aposentados-e-pensionistas-em-maio\/#primaryimage","url":"https:\/\/www.em.com.br\/emfoco\/wp-content\/uploads\/2026\/04\/cabelo-1-1.jpg","contentUrl":"https:\/\/www.em.com.br\/emfoco\/wp-content\/uploads\/2026\/04\/cabelo-1-1.jpg","width":1280,"height":720,"caption":"O que voc\u00ea precisa saber sobre a regra do INSS que come\u00e7a a valer em maio"},{"@type":"BreadcrumbList","@id":"https:\/\/www.em.com.br\/emfoco\/2026\/04\/27\/nova-regra-do-inss-ja-esta-valendo-e-muda-a-vida-de-aposentados-e-pensionistas-em-maio\/#breadcrumb","itemListElement":[{"@type":"ListItem","position":1,"name":"In\u00edcio","item":"https:\/\/www.em.com.br\/emfoco\/"},{"@type":"ListItem","position":2,"name":"Nova regra do INSS j\u00e1 est\u00e1 valendo e muda a vida de aposentados e pensionistas em maio"}]},{"@type":"WebSite","@id":"https:\/\/www.em.com.br\/emfoco\/#website","url":"https:\/\/www.em.com.br\/emfoco\/","name":"Estado de Minas - Em foco","description":"Acompanhe as \u00faltimas not\u00edcias e fique bem informado sobre tudo o que acontece em Minas Gerais, Brasil e no mundo.","potentialAction":[{"@type":"SearchAction","target":{"@type":"EntryPoint","urlTemplate":"https:\/\/www.em.com.br\/emfoco\/?s={search_term_string}"},"query-input":{"@type":"PropertyValueSpecification","valueRequired":true,"valueName":"search_term_string"}}],"inLanguage":"pt-BR"},{"@type":"Person","@id":"https:\/\/www.em.com.br\/emfoco\/#\/schema\/person\/5379e929a4b966c775d121e23f9bb421","name":"Guilherme Ara\u00fajo","image":{"@type":"ImageObject","inLanguage":"pt-BR","@id":"https:\/\/www.em.com.br\/emfoco\/#\/schema\/person\/image\/","url":"https:\/\/secure.gravatar.com\/avatar\/b8bf1fd0130e170bd8f5d7298dbafa25?s=96&d=mm&r=g","contentUrl":"https:\/\/secure.gravatar.com\/avatar\/b8bf1fd0130e170bd8f5d7298dbafa25?s=96&d=mm&r=g","caption":"Guilherme Ara\u00fajo"},"sameAs":["https:\/\/www.em.com.br\/emfoco"],"url":"https:\/\/www.em.com.br\/emfoco\/author\/guilhermeamyth\/"}]}},"_links":{"self":[{"href":"https:\/\/www.em.com.br\/emfoco\/wp-json\/wp\/v2\/posts\/199800","targetHints":{"allow":["GET"]}}],"collection":[{"href":"https:\/\/www.em.com.br\/emfoco\/wp-json\/wp\/v2\/posts"}],"about":[{"href":"https:\/\/www.em.com.br\/emfoco\/wp-json\/wp\/v2\/types\/post"}],"author":[{"embeddable":true,"href":"https:\/\/www.em.com.br\/emfoco\/wp-json\/wp\/v2\/users\/30"}],"replies":[{"embeddable":true,"href":"https:\/\/www.em.com.br\/emfoco\/wp-json\/wp\/v2\/comments?post=199800"}],"version-history":[{"count":1,"href":"https:\/\/www.em.com.br\/emfoco\/wp-json\/wp\/v2\/posts\/199800\/revisions"}],"predecessor-version":[{"id":199804,"href":"https:\/\/www.em.com.br\/emfoco\/wp-json\/wp\/v2\/posts\/199800\/revisions\/199804"}],"wp:featuredmedia":[{"embeddable":true,"href":"https:\/\/www.em.com.br\/emfoco\/wp-json\/wp\/v2\/media\/199803"}],"wp:attachment":[{"href":"https:\/\/www.em.com.br\/emfoco\/wp-json\/wp\/v2\/media?parent=199800"}],"wp:term":[{"taxonomy":"category","embeddable":true,"href":"https:\/\/www.em.com.br\/emfoco\/wp-json\/wp\/v2\/categories?post=199800"},{"taxonomy":"post_tag","embeddable":true,"href":"https:\/\/www.em.com.br\/emfoco\/wp-json\/wp\/v2\/tags?post=199800"}],"curies":[{"name":"wp","href":"https:\/\/api.w.org\/{rel}","templated":true}]}}