{"id":199790,"date":"2026-04-27T10:45:00","date_gmt":"2026-04-27T13:45:00","guid":{"rendered":"https:\/\/www.em.com.br\/emfoco\/?p=199790"},"modified":"2026-04-26T06:41:20","modified_gmt":"2026-04-26T09:41:20","slug":"adeus-cabelo-ressecado-hidratacao-xodozinha-deixa-os-fios-ate-1000x-mais-hidratados-com-brilho-e-recuperacao-da-chapinha","status":"publish","type":"post","link":"https:\/\/www.em.com.br\/emfoco\/2026\/04\/27\/adeus-cabelo-ressecado-hidratacao-xodozinha-deixa-os-fios-ate-1000x-mais-hidratados-com-brilho-e-recuperacao-da-chapinha\/","title":{"rendered":"Adeus cabelo ressecado: hidrata\u00e7\u00e3o xod\u00f3zinha deixa os fios at\u00e9 1000x mais hidratados, com brilho e recupera\u00e7\u00e3o da chapinha"},"content":{"rendered":"\n<p>A hidrata\u00e7\u00e3o capilar regular \u00e9 um dos pilares mais consistentes do cuidado com os fios, especialmente para quem utiliza ferramentas t\u00e9rmicas. Compreender como cada ativo age na estrutura do <strong>cabelo ressecado<\/strong> ajuda a escolher produtos eficazes e montar um tratamento realista.<\/p>\n\n\n\n<h2 class=\"wp-block-heading\">O que a chapinha faz com o fio de cabelo?<\/h2>\n\n\n\n<p>O uso <a href=\"https:\/\/www.em.com.br\/emfoco\/2026\/04\/06\/diga-adeus-aos-fios-brancos-misture-esse-shampoo-no-banho-e-cubra-todos-seus-fios-grisalhos-em-poucos-minutos\/\" target=\"_blank\" rel=\"noreferrer noopener\">frequente de pranchas<\/a> t\u00e9rmicas em temperaturas elevadas pode causar danos profundos \u00e0 estrutura capilar. Pesquisas indicam que o calor excessivo desnatura as prote\u00ednas, comprometendo a integridade da cut\u00edcula e do c\u00f3rtex, resultando em fios quebradi\u00e7os e sem vida.<\/p>\n\n\n\n<p>Temperaturas acima de <strong>250\u00b0C<\/strong> causam danos irrevers\u00edveis em todos os tipos de fios. O estrago \u00e9 proporcional ao tempo de contato da prancha, tornando o uso de protetores t\u00e9rmicos uma etapa indispens\u00e1vel.<\/p>\n\n\n<div class=\"wp-block-image\">\n<figure class=\"aligncenter size-large\"><img loading=\"lazy\" decoding=\"async\" width=\"1024\" height=\"576\" src=\"https:\/\/www.em.com.br\/emfoco\/wp-content\/uploads\/2026\/04\/aplicacao-1-1024x576.jpg\" alt=\"A hidrata\u00e7\u00e3o xod\u00f3zinha que recupera o cabelo do dano da chapinha e devolve o brilho\" class=\"wp-image-199797\" srcset=\"https:\/\/www.em.com.br\/emfoco\/wp-content\/uploads\/2026\/04\/aplicacao-1-1024x576.jpg 1024w, https:\/\/www.em.com.br\/emfoco\/wp-content\/uploads\/2026\/04\/aplicacao-1-300x169.jpg 300w, https:\/\/www.em.com.br\/emfoco\/wp-content\/uploads\/2026\/04\/aplicacao-1-768x432.jpg 768w, https:\/\/www.em.com.br\/emfoco\/wp-content\/uploads\/2026\/04\/aplicacao-1-750x422.jpg 750w, https:\/\/www.em.com.br\/emfoco\/wp-content\/uploads\/2026\/04\/aplicacao-1-1140x641.jpg 1140w, https:\/\/www.em.com.br\/emfoco\/wp-content\/uploads\/2026\/04\/aplicacao-1.jpg 1280w\" sizes=\"auto, (max-width: 1024px) 100vw, 1024px\" \/><figcaption class=\"wp-element-caption\">A hidrata\u00e7\u00e3o xod\u00f3zinha que recupera o cabelo do dano da chapinha e devolve o brilho<\/figcaption><\/figure><\/div>\n\n\n<h2 class=\"wp-block-heading\">Quais ativos combatem o ressecamento extremo?<\/h2>\n\n\n\n<p>Para recuperar o <strong>cabelo ressecado<\/strong>, \u00e9 necess\u00e1rio utilizar ingredientes com alta capacidade de reten\u00e7\u00e3o de umidade. Alguns polissacar\u00eddeos e vitaminas se destacam por sua habilidade de penetrar na fibra ou criar uma barreira protetora que impede a perda de \u00e1gua para o ambiente.<\/p>\n\n\n\n<p>De acordo com uma revis\u00e3o t\u00e9cnica da <a href=\"https:\/\/ensaios.usf.edu.br\/ensaios\/article\/download\/478\/201\/1619\" target=\"_blank\" rel=\"noreferrer noopener\"><strong>Universidade S\u00e3o Francisco (USF)<\/strong><\/a>, o \u00e1cido hialur\u00f4nico consegue reter at\u00e9 <strong>1.000 vezes<\/strong> o seu peso em \u00e1gua. Essa caracter\u00edstica o torna um dos umectantes mais poderosos do mercado de cosm\u00e9ticos para a revitaliza\u00e7\u00e3o capilar imediata.<\/p>\n\n\n\n<p>Confira os principais ativos para a recupera\u00e7\u00e3o dos fios:<\/p>\n\n\n\n<ul class=\"wp-block-list\">\n<li><strong>\u00c1cido hialur\u00f4nico:<\/strong> promove hidrata\u00e7\u00e3o de superf\u00edcie e reten\u00e7\u00e3o h\u00eddrica intensa.<\/li>\n\n\n\n<li><strong>Pantenol:<\/strong> conhecido como pr\u00f3-vitamina B5, forma um filme lubrificante protetor.<\/li>\n\n\n\n<li><strong>Glicerina:<\/strong> atrai mol\u00e9culas de \u00e1gua do ambiente para o interior da fibra.<\/li>\n\n\n\n<li><strong>Aloe vera:<\/strong> rica em polissacar\u00eddeos e vitaminas que condicionam o couro cabeludo.<\/li>\n<\/ul>\n\n\n\n<h2 class=\"wp-block-heading\">Como organizar um cronograma capilar funcional?<\/h2>\n\n\n\n<p>O cronograma capilar divide os cuidados em tr\u00eas fun\u00e7\u00f5es distintas: hidrata\u00e7\u00e3o, nutri\u00e7\u00e3o e reconstru\u00e7\u00e3o. Para quem sofre com o <strong>cabelo ressecado<\/strong> pela chapinha, a prioridade deve ser a reposi\u00e7\u00e3o de \u00e1gua e lip\u00eddios para selar as cut\u00edculas abertas pelo calor.<\/p>\n\n\n\n<p>Uma rotina eficiente pode intercalar o uso de m\u00e1scaras de tratamento ao longo da semana, respeitando o tempo de pausa de cada produto. O uso de toucas t\u00e9rmicas por <strong>30 minutos<\/strong> ajuda na absor\u00e7\u00e3o dos nutrientes sem os riscos das altas temperaturas das pranchas profissionais.<\/p>\n\n\n\n<h2 class=\"wp-block-heading\">Qual a l\u00f3gica por tr\u00e1s de cada etapa de tratamento?<\/h2>\n\n\n\n<p>Cada fase do cronograma atende a uma necessidade espec\u00edfica do fio danificado. Enquanto a hidrata\u00e7\u00e3o rep\u00f5e a \u00e1gua, a nutri\u00e7\u00e3o foca na reposi\u00e7\u00e3o de \u00f3leos essenciais, e a reconstru\u00e7\u00e3o devolve a massa proteica perdida em processos qu\u00edmicos ou t\u00e9rmicos agressivos.<\/p>\n\n\n\n<p>Confira a tabela comparativa das etapas de cuidado:<\/p>\n\n\n<div class=\"wp-block-image\">\n<figure class=\"aligncenter size-large is-resized\"><img loading=\"lazy\" decoding=\"async\" width=\"1024\" height=\"685\" src=\"https:\/\/www.em.com.br\/emfoco\/wp-content\/uploads\/2026\/04\/image-195-1024x685.png\" alt=\"\" class=\"wp-image-199794\" style=\"width:818px;height:auto\" srcset=\"https:\/\/www.em.com.br\/emfoco\/wp-content\/uploads\/2026\/04\/image-195-1024x685.png 1024w, https:\/\/www.em.com.br\/emfoco\/wp-content\/uploads\/2026\/04\/image-195-300x201.png 300w, https:\/\/www.em.com.br\/emfoco\/wp-content\/uploads\/2026\/04\/image-195-768x514.png 768w, https:\/\/www.em.com.br\/emfoco\/wp-content\/uploads\/2026\/04\/image-195-750x502.png 750w, https:\/\/www.em.com.br\/emfoco\/wp-content\/uploads\/2026\/04\/image-195-1140x762.png 1140w, https:\/\/www.em.com.br\/emfoco\/wp-content\/uploads\/2026\/04\/image-195.png 1280w\" sizes=\"auto, (max-width: 1024px) 100vw, 1024px\" \/><\/figure><\/div>\n\n\n<h2 class=\"wp-block-heading\">Como est\u00e1 o mercado brasileiro de cosm\u00e9ticos capilares?<\/h2>\n\n\n\n<p>O <strong>Brasil<\/strong> ocupa uma posi\u00e7\u00e3o de destaque global no setor de beleza, sendo um dos maiores consumidores de produtos para tratamento capilar. O mercado nacional \u00e9 extremamente din\u00e2mico e focado em inova\u00e7\u00f5es tecnol\u00f3gicas para atender \u00e0s necessidades de diversos tipos de fios.<\/p>\n\n\n\n<p>Dados da <strong>ABIHPEC<\/strong> apontam que o setor movimentou cerca de <strong>27 bilh\u00f5es de d\u00f3lares<\/strong> recentemente, consolidando o pa\u00eds no ranking mundial de lan\u00e7amentos. Esse cen\u00e1rio favorece o acesso a produtos de alta performance para tratar o <strong>cabelo ressecado<\/strong> com f\u00f3rmulas cada vez mais potentes.<\/p>\n","protected":false},"excerpt":{"rendered":"<p>A hidrata\u00e7\u00e3o capilar regular \u00e9 um dos pilares mais consistentes do cuidado com os fios, especialmente para quem utiliza ferramentas t\u00e9rmicas. Compreender como cada ativo age na estrutura do cabelo ressecado ajuda a escolher produtos eficazes e montar um tratamento realista. O que a chapinha faz com o fio de cabelo? O uso frequente de [&hellip;]<\/p>\n","protected":false},"author":30,"featured_media":199795,"comment_status":"open","ping_status":"open","sticky":false,"template":"","format":"standard","meta":{"jnews-multi-image_gallery":[],"jnews_single_post":{"format":"standard"},"jnews_primary_category":[],"jnews_social_meta":[],"jnews_override_counter":[],"footnotes":""},"categories":[8691],"tags":[5143,6715,342,4941],"class_list":["post-199790","post","type-post","status-publish","format-standard","has-post-thumbnail","hentry","category-bem-estar","tag-cabelos","tag-chapinha","tag-cuidados","tag-hidratacao"],"yoast_head":"<!-- This site is optimized with the Yoast SEO plugin v23.8 - https:\/\/yoast.com\/wordpress\/plugins\/seo\/ -->\n<title>Adeus cabelo ressecado: hidrata\u00e7\u00e3o xod\u00f3zinha deixa os fios at\u00e9 1000x mais hidratados, com brilho e recupera\u00e7\u00e3o da chapinha - Estado de Minas - Em foco<\/title>\n<meta name=\"description\" content=\"Entenda por que o cabelo ressecado tem os dias contados. Veja a hidrata\u00e7\u00e3o que deixa os fios 1000x mais hidratados com brilho e recupera\u00e7\u00e3o.\" \/>\n<meta name=\"robots\" content=\"index, follow, max-snippet:-1, max-image-preview:large, max-video-preview:-1\" \/>\n<link rel=\"canonical\" href=\"https:\/\/www.em.com.br\/emfoco\/2026\/04\/27\/adeus-cabelo-ressecado-hidratacao-xodozinha-deixa-os-fios-ate-1000x-mais-hidratados-com-brilho-e-recuperacao-da-chapinha\/\" \/>\n<meta property=\"og:locale\" content=\"pt_BR\" \/>\n<meta property=\"og:type\" content=\"article\" \/>\n<meta property=\"og:title\" content=\"Adeus cabelo ressecado: hidrata\u00e7\u00e3o xod\u00f3zinha deixa os fios at\u00e9 1000x mais hidratados, com brilho e recupera\u00e7\u00e3o da chapinha - Estado de Minas - Em foco\" \/>\n<meta property=\"og:description\" content=\"Entenda por que o cabelo ressecado tem os dias contados. Veja a hidrata\u00e7\u00e3o que deixa os fios 1000x mais hidratados com brilho e recupera\u00e7\u00e3o.\" \/>\n<meta property=\"og:url\" content=\"https:\/\/www.em.com.br\/emfoco\/2026\/04\/27\/adeus-cabelo-ressecado-hidratacao-xodozinha-deixa-os-fios-ate-1000x-mais-hidratados-com-brilho-e-recuperacao-da-chapinha\/\" \/>\n<meta property=\"og:site_name\" content=\"Estado de Minas - Em foco\" \/>\n<meta property=\"article:published_time\" content=\"2026-04-27T13:45:00+00:00\" \/>\n<meta property=\"article:modified_time\" content=\"2026-04-26T09:41:20+00:00\" \/>\n<meta property=\"og:image\" content=\"https:\/\/www.em.com.br\/emfoco\/wp-content\/uploads\/2026\/04\/cabelos.jpg\" \/>\n\t<meta property=\"og:image:width\" content=\"1280\" \/>\n\t<meta property=\"og:image:height\" content=\"720\" \/>\n\t<meta property=\"og:image:type\" content=\"image\/jpeg\" \/>\n<meta name=\"author\" content=\"Guilherme Ara\u00fajo\" \/>\n<meta name=\"twitter:card\" content=\"summary_large_image\" \/>\n<meta name=\"twitter:label1\" content=\"Escrito por\" \/>\n\t<meta name=\"twitter:data1\" content=\"Guilherme Ara\u00fajo\" \/>\n\t<meta name=\"twitter:label2\" content=\"Est. tempo de leitura\" \/>\n\t<meta name=\"twitter:data2\" content=\"4 minutos\" \/>\n<!-- \/ Yoast SEO plugin. -->","yoast_head_json":{"title":"Adeus cabelo ressecado: hidrata\u00e7\u00e3o xod\u00f3zinha deixa os fios at\u00e9 1000x mais hidratados, com brilho e recupera\u00e7\u00e3o da chapinha - Estado de Minas - Em foco","description":"Entenda por que o cabelo ressecado tem os dias contados. Veja a hidrata\u00e7\u00e3o que deixa os fios 1000x mais hidratados com brilho e recupera\u00e7\u00e3o.","robots":{"index":"index","follow":"follow","max-snippet":"max-snippet:-1","max-image-preview":"max-image-preview:large","max-video-preview":"max-video-preview:-1"},"canonical":"https:\/\/www.em.com.br\/emfoco\/2026\/04\/27\/adeus-cabelo-ressecado-hidratacao-xodozinha-deixa-os-fios-ate-1000x-mais-hidratados-com-brilho-e-recuperacao-da-chapinha\/","og_locale":"pt_BR","og_type":"article","og_title":"Adeus cabelo ressecado: hidrata\u00e7\u00e3o xod\u00f3zinha deixa os fios at\u00e9 1000x mais hidratados, com brilho e recupera\u00e7\u00e3o da chapinha - Estado de Minas - Em foco","og_description":"Entenda por que o cabelo ressecado tem os dias contados. Veja a hidrata\u00e7\u00e3o que deixa os fios 1000x mais hidratados com brilho e recupera\u00e7\u00e3o.","og_url":"https:\/\/www.em.com.br\/emfoco\/2026\/04\/27\/adeus-cabelo-ressecado-hidratacao-xodozinha-deixa-os-fios-ate-1000x-mais-hidratados-com-brilho-e-recuperacao-da-chapinha\/","og_site_name":"Estado de Minas - Em foco","article_published_time":"2026-04-27T13:45:00+00:00","article_modified_time":"2026-04-26T09:41:20+00:00","og_image":[{"width":1280,"height":720,"url":"https:\/\/www.em.com.br\/emfoco\/wp-content\/uploads\/2026\/04\/cabelos.jpg","type":"image\/jpeg"}],"author":"Guilherme Ara\u00fajo","twitter_card":"summary_large_image","twitter_misc":{"Escrito por":"Guilherme Ara\u00fajo","Est. tempo de leitura":"4 minutos"},"schema":{"@context":"https:\/\/schema.org","@graph":[{"@type":"WebPage","@id":"https:\/\/www.em.com.br\/emfoco\/2026\/04\/27\/adeus-cabelo-ressecado-hidratacao-xodozinha-deixa-os-fios-ate-1000x-mais-hidratados-com-brilho-e-recuperacao-da-chapinha\/","url":"https:\/\/www.em.com.br\/emfoco\/2026\/04\/27\/adeus-cabelo-ressecado-hidratacao-xodozinha-deixa-os-fios-ate-1000x-mais-hidratados-com-brilho-e-recuperacao-da-chapinha\/","name":"Adeus cabelo ressecado: hidrata\u00e7\u00e3o xod\u00f3zinha deixa os fios at\u00e9 1000x mais hidratados, com brilho e recupera\u00e7\u00e3o da chapinha - Estado de Minas - Em foco","isPartOf":{"@id":"https:\/\/www.em.com.br\/emfoco\/#website"},"primaryImageOfPage":{"@id":"https:\/\/www.em.com.br\/emfoco\/2026\/04\/27\/adeus-cabelo-ressecado-hidratacao-xodozinha-deixa-os-fios-ate-1000x-mais-hidratados-com-brilho-e-recuperacao-da-chapinha\/#primaryimage"},"image":{"@id":"https:\/\/www.em.com.br\/emfoco\/2026\/04\/27\/adeus-cabelo-ressecado-hidratacao-xodozinha-deixa-os-fios-ate-1000x-mais-hidratados-com-brilho-e-recuperacao-da-chapinha\/#primaryimage"},"thumbnailUrl":"https:\/\/www.em.com.br\/emfoco\/wp-content\/uploads\/2026\/04\/cabelos.jpg","datePublished":"2026-04-27T13:45:00+00:00","dateModified":"2026-04-26T09:41:20+00:00","author":{"@id":"https:\/\/www.em.com.br\/emfoco\/#\/schema\/person\/5379e929a4b966c775d121e23f9bb421"},"description":"Entenda por que o cabelo ressecado tem os dias contados. Veja a hidrata\u00e7\u00e3o que deixa os fios 1000x mais hidratados com brilho e recupera\u00e7\u00e3o.","breadcrumb":{"@id":"https:\/\/www.em.com.br\/emfoco\/2026\/04\/27\/adeus-cabelo-ressecado-hidratacao-xodozinha-deixa-os-fios-ate-1000x-mais-hidratados-com-brilho-e-recuperacao-da-chapinha\/#breadcrumb"},"inLanguage":"pt-BR","potentialAction":[{"@type":"ReadAction","target":["https:\/\/www.em.com.br\/emfoco\/2026\/04\/27\/adeus-cabelo-ressecado-hidratacao-xodozinha-deixa-os-fios-ate-1000x-mais-hidratados-com-brilho-e-recuperacao-da-chapinha\/"]}]},{"@type":"ImageObject","inLanguage":"pt-BR","@id":"https:\/\/www.em.com.br\/emfoco\/2026\/04\/27\/adeus-cabelo-ressecado-hidratacao-xodozinha-deixa-os-fios-ate-1000x-mais-hidratados-com-brilho-e-recuperacao-da-chapinha\/#primaryimage","url":"https:\/\/www.em.com.br\/emfoco\/wp-content\/uploads\/2026\/04\/cabelos.jpg","contentUrl":"https:\/\/www.em.com.br\/emfoco\/wp-content\/uploads\/2026\/04\/cabelos.jpg","width":1280,"height":720,"caption":"Adeus cabelo ressecado com a hidrata\u00e7\u00e3o xod\u00f3zinha que deixa os fios muito mais hidratados"},{"@type":"BreadcrumbList","@id":"https:\/\/www.em.com.br\/emfoco\/2026\/04\/27\/adeus-cabelo-ressecado-hidratacao-xodozinha-deixa-os-fios-ate-1000x-mais-hidratados-com-brilho-e-recuperacao-da-chapinha\/#breadcrumb","itemListElement":[{"@type":"ListItem","position":1,"name":"In\u00edcio","item":"https:\/\/www.em.com.br\/emfoco\/"},{"@type":"ListItem","position":2,"name":"Adeus cabelo ressecado: hidrata\u00e7\u00e3o xod\u00f3zinha deixa os fios at\u00e9 1000x mais hidratados, com brilho e recupera\u00e7\u00e3o da chapinha"}]},{"@type":"WebSite","@id":"https:\/\/www.em.com.br\/emfoco\/#website","url":"https:\/\/www.em.com.br\/emfoco\/","name":"Estado de Minas - Em foco","description":"Acompanhe as \u00faltimas not\u00edcias e fique bem informado sobre tudo o que acontece em Minas Gerais, Brasil e no mundo.","potentialAction":[{"@type":"SearchAction","target":{"@type":"EntryPoint","urlTemplate":"https:\/\/www.em.com.br\/emfoco\/?s={search_term_string}"},"query-input":{"@type":"PropertyValueSpecification","valueRequired":true,"valueName":"search_term_string"}}],"inLanguage":"pt-BR"},{"@type":"Person","@id":"https:\/\/www.em.com.br\/emfoco\/#\/schema\/person\/5379e929a4b966c775d121e23f9bb421","name":"Guilherme Ara\u00fajo","image":{"@type":"ImageObject","inLanguage":"pt-BR","@id":"https:\/\/www.em.com.br\/emfoco\/#\/schema\/person\/image\/","url":"https:\/\/secure.gravatar.com\/avatar\/b8bf1fd0130e170bd8f5d7298dbafa25?s=96&d=mm&r=g","contentUrl":"https:\/\/secure.gravatar.com\/avatar\/b8bf1fd0130e170bd8f5d7298dbafa25?s=96&d=mm&r=g","caption":"Guilherme Ara\u00fajo"},"sameAs":["https:\/\/www.em.com.br\/emfoco"],"url":"https:\/\/www.em.com.br\/emfoco\/author\/guilhermeamyth\/"}]}},"_links":{"self":[{"href":"https:\/\/www.em.com.br\/emfoco\/wp-json\/wp\/v2\/posts\/199790","targetHints":{"allow":["GET"]}}],"collection":[{"href":"https:\/\/www.em.com.br\/emfoco\/wp-json\/wp\/v2\/posts"}],"about":[{"href":"https:\/\/www.em.com.br\/emfoco\/wp-json\/wp\/v2\/types\/post"}],"author":[{"embeddable":true,"href":"https:\/\/www.em.com.br\/emfoco\/wp-json\/wp\/v2\/users\/30"}],"replies":[{"embeddable":true,"href":"https:\/\/www.em.com.br\/emfoco\/wp-json\/wp\/v2\/comments?post=199790"}],"version-history":[{"count":2,"href":"https:\/\/www.em.com.br\/emfoco\/wp-json\/wp\/v2\/posts\/199790\/revisions"}],"predecessor-version":[{"id":199968,"href":"https:\/\/www.em.com.br\/emfoco\/wp-json\/wp\/v2\/posts\/199790\/revisions\/199968"}],"wp:featuredmedia":[{"embeddable":true,"href":"https:\/\/www.em.com.br\/emfoco\/wp-json\/wp\/v2\/media\/199795"}],"wp:attachment":[{"href":"https:\/\/www.em.com.br\/emfoco\/wp-json\/wp\/v2\/media?parent=199790"}],"wp:term":[{"taxonomy":"category","embeddable":true,"href":"https:\/\/www.em.com.br\/emfoco\/wp-json\/wp\/v2\/categories?post=199790"},{"taxonomy":"post_tag","embeddable":true,"href":"https:\/\/www.em.com.br\/emfoco\/wp-json\/wp\/v2\/tags?post=199790"}],"curies":[{"name":"wp","href":"https:\/\/api.w.org\/{rel}","templated":true}]}}