{"id":199782,"date":"2026-04-27T07:25:00","date_gmt":"2026-04-27T10:25:00","guid":{"rendered":"https:\/\/www.em.com.br\/emfoco\/?p=199782"},"modified":"2026-04-26T06:41:29","modified_gmt":"2026-04-26T09:41:29","slug":"5-cortes-que-deixam-cabelos-grisalhos-mais-modernos-e-jovens-sem-usar-tinta","status":"publish","type":"post","link":"https:\/\/www.em.com.br\/emfoco\/2026\/04\/27\/5-cortes-que-deixam-cabelos-grisalhos-mais-modernos-e-jovens-sem-usar-tinta\/","title":{"rendered":"5 cortes que deixam cabelos grisalhos mais modernos e jovens sem usar tinta"},"content":{"rendered":"\n<p>Assumir os <strong>cabelos grisalhos<\/strong> deixou de ser uma concess\u00e3o para se tornar uma escolha est\u00e9tica deliberada e sofisticada. Encontrar o corte certo \u00e9 o passo mais eficaz para valorizar o tom prateado, equilibrar o volume e modernizar o visual sem depender de colora\u00e7\u00f5es.<\/p>\n\n\n\n<h2 class=\"wp-block-heading\">Por que o corte faz diferen\u00e7a nos cabelos grisalhos?<\/h2>\n\n\n\n<p>Os fios brancos e <strong>grisalhos<\/strong> tendem a ser mais porosos e secos do que os pigmentados, o que pode deixar o aspecto pesado. Um <a href=\"https:\/\/www.em.com.br\/emfoco\/2026\/04\/24\/cabeleireiros-e-especialistas-orientam-o-condicionador-deve-ser-aplicado-antes-do-shampoo-para-espacar-as-lavagens-do-cabelo\/\" target=\"_blank\" rel=\"noreferrer noopener\">corte com camadas estrat\u00e9gicas<\/a> resolve esse problema ao aliviar o peso e criar movimento, permitindo que a luz reflita na haste capilar.<\/p>\n\n\n\n<p>Essa t\u00e9cnica intensifica o brilho natural e facilita a transi\u00e7\u00e3o da tintura para o natural. Cortes regulares removem progressivamente as pontas com resqu\u00edcios de cor antiga, garantindo uma apar\u00eancia muito mais limpa e saud\u00e1vel durante todo o processo.<\/p>\n\n\n\n<h2 class=\"wp-block-heading\">Quais s\u00e3o os cortes de cabelo que rejuvenescem em 2026?<\/h2>\n\n\n\n<p>Cada um dos modelos a seguir foi validado como tend\u00eancia ativa para <strong>2026<\/strong> e se adapta a diferentes densidades e estilos. A escolha correta ajuda a emoldurar o rosto, trazendo leveza e uma est\u00e9tica jovial imediata para quem decide abandonar as tintas.<\/p>\n\n\n\n<p>Confira as op\u00e7\u00f5es mais indicadas por especialistas:<\/p>\n\n\n<div class=\"wp-block-image\">\n<figure class=\"aligncenter size-large is-resized\"><img loading=\"lazy\" decoding=\"async\" width=\"1024\" height=\"822\" src=\"https:\/\/www.em.com.br\/emfoco\/wp-content\/uploads\/2026\/04\/image-193-1024x822.png\" alt=\"\" class=\"wp-image-199786\" style=\"width:802px;height:auto\" srcset=\"https:\/\/www.em.com.br\/emfoco\/wp-content\/uploads\/2026\/04\/image-193-1024x822.png 1024w, https:\/\/www.em.com.br\/emfoco\/wp-content\/uploads\/2026\/04\/image-193-300x241.png 300w, https:\/\/www.em.com.br\/emfoco\/wp-content\/uploads\/2026\/04\/image-193-768x616.png 768w, https:\/\/www.em.com.br\/emfoco\/wp-content\/uploads\/2026\/04\/image-193-750x602.png 750w, https:\/\/www.em.com.br\/emfoco\/wp-content\/uploads\/2026\/04\/image-193-1140x915.png 1140w, https:\/\/www.em.com.br\/emfoco\/wp-content\/uploads\/2026\/04\/image-193.png 1280w\" sizes=\"auto, (max-width: 1024px) 100vw, 1024px\" \/><\/figure><\/div>\n\n\n<h2 class=\"wp-block-heading\">Por que o wolf cut \u00e9 o grande destaque do ano?<\/h2>\n\n\n\n<p>O <strong>wolf cut<\/strong> combina a raiz volumosa com pontas desfiadas para criar a est\u00e9tica do imperfeito planejado, muito popular no <strong>Brasil<\/strong>. Nos <strong>cabelos grisalhos<\/strong>, o efeito de camadas curtas na raiz e longas nas pontas real\u00e7a o contraste entre as nuances de cinza e branco.<\/p>\n\n\n\n<p>Esse corte confere car\u00e1ter e movimento natural mesmo sem o uso constante de secador ou ferramentas t\u00e9rmicas. Para manter a estrutura e o balan\u00e7o, os profissionais recomendam que o retoque seja feito em intervalos regulares, preservando o design original que valoriza o rosto.<\/p>\n\n\n<div class=\"wp-block-image\">\n<figure class=\"aligncenter size-large\"><img loading=\"lazy\" decoding=\"async\" width=\"1024\" height=\"576\" src=\"https:\/\/www.em.com.br\/emfoco\/wp-content\/uploads\/2026\/04\/cortes-de-cabelo1-1024x576.jpg\" alt=\"Cortes estrat\u00e9gicos que deixam o cabelo branco moderno e cheio de vida - cabelos grisalhos\" class=\"wp-image-199784\" srcset=\"https:\/\/www.em.com.br\/emfoco\/wp-content\/uploads\/2026\/04\/cortes-de-cabelo1-1024x576.jpg 1024w, https:\/\/www.em.com.br\/emfoco\/wp-content\/uploads\/2026\/04\/cortes-de-cabelo1-300x169.jpg 300w, https:\/\/www.em.com.br\/emfoco\/wp-content\/uploads\/2026\/04\/cortes-de-cabelo1-768x432.jpg 768w, https:\/\/www.em.com.br\/emfoco\/wp-content\/uploads\/2026\/04\/cortes-de-cabelo1-750x422.jpg 750w, https:\/\/www.em.com.br\/emfoco\/wp-content\/uploads\/2026\/04\/cortes-de-cabelo1-1140x641.jpg 1140w, https:\/\/www.em.com.br\/emfoco\/wp-content\/uploads\/2026\/04\/cortes-de-cabelo1.jpg 1280w\" sizes=\"auto, (max-width: 1024px) 100vw, 1024px\" \/><figcaption class=\"wp-element-caption\">Cortes estrat\u00e9gicos que deixam o cabelo branco moderno e cheio de vida<\/figcaption><\/figure><\/div>\n\n\n<h2 class=\"wp-block-heading\">Como manter a cor e o brilho dos cabelos grisalhos?<\/h2>\n\n\n\n<p>O principal inimigo dos fios brancos \u00e9 o amarelamento causado pela oxida\u00e7\u00e3o da queratina, polui\u00e7\u00e3o e raios <strong>UV<\/strong>. O uso de shampoos matizadores com pigmento violeta \u00e9 o recurso mais indicado para neutralizar esse efeito indesejado de forma \u00f3ptica e imediata.<\/p>\n\n\n\n<p>O uso deve ser moderado para evitar o ac\u00famulo de pigmentos que podem arroxechar os fios. Al\u00e9m disso, a prote\u00e7\u00e3o solar \u00e9 indispens\u00e1vel para evitar que a fibra capilar sofra danos profundos causados pela exposi\u00e7\u00e3o solar cont\u00ednua.<\/p>\n\n\n\n<h2 class=\"wp-block-heading\">Qual a import\u00e2ncia da prote\u00e7\u00e3o solar para o couro cabeludo?<\/h2>\n\n\n\n<p>A radia\u00e7\u00e3o solar n\u00e3o afeta apenas a cor, mas tamb\u00e9m a sa\u00fade da pele que sustenta os fios. A <a href=\"https:\/\/www.sbd.org.br\/\" target=\"_blank\" rel=\"noreferrer noopener\"><strong>Sociedade Brasileira de Dermatologia (SBD)<\/strong><\/a> orienta a aplica\u00e7\u00e3o de fotoprotetores para evitar danos cut\u00e2neos e manter a integridade da barreira natural.<\/p>\n\n\n\n<p>Ao escolher um desses estilos, voc\u00ea n\u00e3o apenas economiza tempo com manuten\u00e7\u00f5es de cor, mas tamb\u00e9m investe em uma imagem aut\u00eantica. Lembre-se de consultar um profissional para adaptar o corte ao seu formato de rosto e aproveitar toda a beleza dos seus fios.<\/p>\n","protected":false},"excerpt":{"rendered":"<p>Assumir os cabelos grisalhos deixou de ser uma concess\u00e3o para se tornar uma escolha est\u00e9tica deliberada e sofisticada. Encontrar o corte certo \u00e9 o passo mais eficaz para valorizar o tom prateado, equilibrar o volume e modernizar o visual sem depender de colora\u00e7\u00f5es. Por que o corte faz diferen\u00e7a nos cabelos grisalhos? Os fios brancos [&hellip;]<\/p>\n","protected":false},"author":30,"featured_media":199783,"comment_status":"open","ping_status":"open","sticky":false,"template":"","format":"standard","meta":{"jnews-multi-image_gallery":[],"jnews_single_post":{"format":"standard"},"jnews_primary_category":[],"jnews_social_meta":[],"jnews_override_counter":[],"footnotes":""},"categories":[8691],"tags":[2433,2616,7122,8433],"class_list":["post-199782","post","type-post","status-publish","format-standard","has-post-thumbnail","hentry","category-bem-estar","tag-2433","tag-beleza","tag-cortes","tag-grisalhos"],"yoast_head":"<!-- This site is optimized with the Yoast SEO plugin v23.8 - https:\/\/yoast.com\/wordpress\/plugins\/seo\/ -->\n<title>5 cortes que deixam cabelos grisalhos mais modernos e jovens sem usar tinta - Estado de Minas - Em foco<\/title>\n<meta name=\"description\" content=\"Veja 5 cortes que deixam cabelos grisalhos mais modernos e jovens sem usar tinta. Entenda como valorizar o tom prateado agora.\" \/>\n<meta name=\"robots\" content=\"index, follow, max-snippet:-1, max-image-preview:large, max-video-preview:-1\" \/>\n<link rel=\"canonical\" href=\"https:\/\/www.em.com.br\/emfoco\/2026\/04\/27\/5-cortes-que-deixam-cabelos-grisalhos-mais-modernos-e-jovens-sem-usar-tinta\/\" \/>\n<meta property=\"og:locale\" content=\"pt_BR\" \/>\n<meta property=\"og:type\" content=\"article\" \/>\n<meta property=\"og:title\" content=\"5 cortes que deixam cabelos grisalhos mais modernos e jovens sem usar tinta - Estado de Minas - Em foco\" \/>\n<meta property=\"og:description\" content=\"Veja 5 cortes que deixam cabelos grisalhos mais modernos e jovens sem usar tinta. Entenda como valorizar o tom prateado agora.\" \/>\n<meta property=\"og:url\" content=\"https:\/\/www.em.com.br\/emfoco\/2026\/04\/27\/5-cortes-que-deixam-cabelos-grisalhos-mais-modernos-e-jovens-sem-usar-tinta\/\" \/>\n<meta property=\"og:site_name\" content=\"Estado de Minas - Em foco\" \/>\n<meta property=\"article:published_time\" content=\"2026-04-27T10:25:00+00:00\" \/>\n<meta property=\"article:modified_time\" content=\"2026-04-26T09:41:29+00:00\" \/>\n<meta property=\"og:image\" content=\"https:\/\/www.em.com.br\/emfoco\/wp-content\/uploads\/2026\/04\/grisalhos-cabelo.jpg\" \/>\n\t<meta property=\"og:image:width\" content=\"1280\" \/>\n\t<meta property=\"og:image:height\" content=\"720\" \/>\n\t<meta property=\"og:image:type\" content=\"image\/jpeg\" \/>\n<meta name=\"author\" content=\"Guilherme Ara\u00fajo\" \/>\n<meta name=\"twitter:card\" content=\"summary_large_image\" \/>\n<meta name=\"twitter:label1\" content=\"Escrito por\" \/>\n\t<meta name=\"twitter:data1\" content=\"Guilherme Ara\u00fajo\" \/>\n\t<meta name=\"twitter:label2\" content=\"Est. tempo de leitura\" \/>\n\t<meta name=\"twitter:data2\" content=\"4 minutos\" \/>\n<!-- \/ Yoast SEO plugin. -->","yoast_head_json":{"title":"5 cortes que deixam cabelos grisalhos mais modernos e jovens sem usar tinta - Estado de Minas - Em foco","description":"Veja 5 cortes que deixam cabelos grisalhos mais modernos e jovens sem usar tinta. Entenda como valorizar o tom prateado agora.","robots":{"index":"index","follow":"follow","max-snippet":"max-snippet:-1","max-image-preview":"max-image-preview:large","max-video-preview":"max-video-preview:-1"},"canonical":"https:\/\/www.em.com.br\/emfoco\/2026\/04\/27\/5-cortes-que-deixam-cabelos-grisalhos-mais-modernos-e-jovens-sem-usar-tinta\/","og_locale":"pt_BR","og_type":"article","og_title":"5 cortes que deixam cabelos grisalhos mais modernos e jovens sem usar tinta - Estado de Minas - Em foco","og_description":"Veja 5 cortes que deixam cabelos grisalhos mais modernos e jovens sem usar tinta. Entenda como valorizar o tom prateado agora.","og_url":"https:\/\/www.em.com.br\/emfoco\/2026\/04\/27\/5-cortes-que-deixam-cabelos-grisalhos-mais-modernos-e-jovens-sem-usar-tinta\/","og_site_name":"Estado de Minas - Em foco","article_published_time":"2026-04-27T10:25:00+00:00","article_modified_time":"2026-04-26T09:41:29+00:00","og_image":[{"width":1280,"height":720,"url":"https:\/\/www.em.com.br\/emfoco\/wp-content\/uploads\/2026\/04\/grisalhos-cabelo.jpg","type":"image\/jpeg"}],"author":"Guilherme Ara\u00fajo","twitter_card":"summary_large_image","twitter_misc":{"Escrito por":"Guilherme Ara\u00fajo","Est. tempo de leitura":"4 minutos"},"schema":{"@context":"https:\/\/schema.org","@graph":[{"@type":"WebPage","@id":"https:\/\/www.em.com.br\/emfoco\/2026\/04\/27\/5-cortes-que-deixam-cabelos-grisalhos-mais-modernos-e-jovens-sem-usar-tinta\/","url":"https:\/\/www.em.com.br\/emfoco\/2026\/04\/27\/5-cortes-que-deixam-cabelos-grisalhos-mais-modernos-e-jovens-sem-usar-tinta\/","name":"5 cortes que deixam cabelos grisalhos mais modernos e jovens sem usar tinta - Estado de Minas - Em foco","isPartOf":{"@id":"https:\/\/www.em.com.br\/emfoco\/#website"},"primaryImageOfPage":{"@id":"https:\/\/www.em.com.br\/emfoco\/2026\/04\/27\/5-cortes-que-deixam-cabelos-grisalhos-mais-modernos-e-jovens-sem-usar-tinta\/#primaryimage"},"image":{"@id":"https:\/\/www.em.com.br\/emfoco\/2026\/04\/27\/5-cortes-que-deixam-cabelos-grisalhos-mais-modernos-e-jovens-sem-usar-tinta\/#primaryimage"},"thumbnailUrl":"https:\/\/www.em.com.br\/emfoco\/wp-content\/uploads\/2026\/04\/grisalhos-cabelo.jpg","datePublished":"2026-04-27T10:25:00+00:00","dateModified":"2026-04-26T09:41:29+00:00","author":{"@id":"https:\/\/www.em.com.br\/emfoco\/#\/schema\/person\/5379e929a4b966c775d121e23f9bb421"},"description":"Veja 5 cortes que deixam cabelos grisalhos mais modernos e jovens sem usar tinta. Entenda como valorizar o tom prateado agora.","breadcrumb":{"@id":"https:\/\/www.em.com.br\/emfoco\/2026\/04\/27\/5-cortes-que-deixam-cabelos-grisalhos-mais-modernos-e-jovens-sem-usar-tinta\/#breadcrumb"},"inLanguage":"pt-BR","potentialAction":[{"@type":"ReadAction","target":["https:\/\/www.em.com.br\/emfoco\/2026\/04\/27\/5-cortes-que-deixam-cabelos-grisalhos-mais-modernos-e-jovens-sem-usar-tinta\/"]}]},{"@type":"ImageObject","inLanguage":"pt-BR","@id":"https:\/\/www.em.com.br\/emfoco\/2026\/04\/27\/5-cortes-que-deixam-cabelos-grisalhos-mais-modernos-e-jovens-sem-usar-tinta\/#primaryimage","url":"https:\/\/www.em.com.br\/emfoco\/wp-content\/uploads\/2026\/04\/grisalhos-cabelo.jpg","contentUrl":"https:\/\/www.em.com.br\/emfoco\/wp-content\/uploads\/2026\/04\/grisalhos-cabelo.jpg","width":1280,"height":720},{"@type":"BreadcrumbList","@id":"https:\/\/www.em.com.br\/emfoco\/2026\/04\/27\/5-cortes-que-deixam-cabelos-grisalhos-mais-modernos-e-jovens-sem-usar-tinta\/#breadcrumb","itemListElement":[{"@type":"ListItem","position":1,"name":"In\u00edcio","item":"https:\/\/www.em.com.br\/emfoco\/"},{"@type":"ListItem","position":2,"name":"5 cortes que deixam cabelos grisalhos mais modernos e jovens sem usar tinta"}]},{"@type":"WebSite","@id":"https:\/\/www.em.com.br\/emfoco\/#website","url":"https:\/\/www.em.com.br\/emfoco\/","name":"Estado de Minas - Em foco","description":"Acompanhe as \u00faltimas not\u00edcias e fique bem informado sobre tudo o que acontece em Minas Gerais, Brasil e no mundo.","potentialAction":[{"@type":"SearchAction","target":{"@type":"EntryPoint","urlTemplate":"https:\/\/www.em.com.br\/emfoco\/?s={search_term_string}"},"query-input":{"@type":"PropertyValueSpecification","valueRequired":true,"valueName":"search_term_string"}}],"inLanguage":"pt-BR"},{"@type":"Person","@id":"https:\/\/www.em.com.br\/emfoco\/#\/schema\/person\/5379e929a4b966c775d121e23f9bb421","name":"Guilherme Ara\u00fajo","image":{"@type":"ImageObject","inLanguage":"pt-BR","@id":"https:\/\/www.em.com.br\/emfoco\/#\/schema\/person\/image\/","url":"https:\/\/secure.gravatar.com\/avatar\/b8bf1fd0130e170bd8f5d7298dbafa25?s=96&d=mm&r=g","contentUrl":"https:\/\/secure.gravatar.com\/avatar\/b8bf1fd0130e170bd8f5d7298dbafa25?s=96&d=mm&r=g","caption":"Guilherme Ara\u00fajo"},"sameAs":["https:\/\/www.em.com.br\/emfoco"],"url":"https:\/\/www.em.com.br\/emfoco\/author\/guilhermeamyth\/"}]}},"_links":{"self":[{"href":"https:\/\/www.em.com.br\/emfoco\/wp-json\/wp\/v2\/posts\/199782","targetHints":{"allow":["GET"]}}],"collection":[{"href":"https:\/\/www.em.com.br\/emfoco\/wp-json\/wp\/v2\/posts"}],"about":[{"href":"https:\/\/www.em.com.br\/emfoco\/wp-json\/wp\/v2\/types\/post"}],"author":[{"embeddable":true,"href":"https:\/\/www.em.com.br\/emfoco\/wp-json\/wp\/v2\/users\/30"}],"replies":[{"embeddable":true,"href":"https:\/\/www.em.com.br\/emfoco\/wp-json\/wp\/v2\/comments?post=199782"}],"version-history":[{"count":3,"href":"https:\/\/www.em.com.br\/emfoco\/wp-json\/wp\/v2\/posts\/199782\/revisions"}],"predecessor-version":[{"id":199792,"href":"https:\/\/www.em.com.br\/emfoco\/wp-json\/wp\/v2\/posts\/199782\/revisions\/199792"}],"wp:featuredmedia":[{"embeddable":true,"href":"https:\/\/www.em.com.br\/emfoco\/wp-json\/wp\/v2\/media\/199783"}],"wp:attachment":[{"href":"https:\/\/www.em.com.br\/emfoco\/wp-json\/wp\/v2\/media?parent=199782"}],"wp:term":[{"taxonomy":"category","embeddable":true,"href":"https:\/\/www.em.com.br\/emfoco\/wp-json\/wp\/v2\/categories?post=199782"},{"taxonomy":"post_tag","embeddable":true,"href":"https:\/\/www.em.com.br\/emfoco\/wp-json\/wp\/v2\/tags?post=199782"}],"curies":[{"name":"wp","href":"https:\/\/api.w.org\/{rel}","templated":true}]}}