{"id":199768,"date":"2026-04-27T13:15:00","date_gmt":"2026-04-27T16:15:00","guid":{"rendered":"https:\/\/www.em.com.br\/emfoco\/?p=199768"},"modified":"2026-04-26T06:41:18","modified_gmt":"2026-04-26T09:41:18","slug":"7-cortes-de-cabelo-ideais-para-mulheres-35-que-querem-mudar-o-visual","status":"publish","type":"post","link":"https:\/\/www.em.com.br\/emfoco\/2026\/04\/27\/7-cortes-de-cabelo-ideais-para-mulheres-35-que-querem-mudar-o-visual\/","title":{"rendered":"7 cortes de cabelo ideais para mulheres 35+ que querem mudar o visual"},"content":{"rendered":"\n<p>Encontrar os <strong>cortes de cabelo<\/strong> ideais ap\u00f3s os 35 anos exige equil\u00edbrio entre o estilo pessoal e a rotina di\u00e1ria. Em <strong>2026<\/strong>, as tend\u00eancias priorizam a naturalidade e estruturas que valorizam a textura real dos fios, adaptando-se a diferentes densidades capilares.<\/p>\n\n\n\n<h2 class=\"wp-block-heading\">Como o visagismo auxilia na escolha do novo visual?<\/h2>\n\n\n\n<p>O conceito de harmonizar a imagem pessoal \u00e0s caracter\u00edsticas f\u00edsicas surgiu na <strong>Fran\u00e7a<\/strong> na d\u00e9cada de 1930. Essa t\u00e9cnica analisa o formato do rosto para determinar se o estilo deve seguir linhas retas ou angulares, garantindo uma est\u00e9tica personalizada e equilibrada.<\/p>\n\n\n\n<p>No <strong>Brasil<\/strong>, essa abordagem ganhou for\u00e7a com o trabalho de <strong>Philip Hallawell<\/strong>, que transformou o m\u00e9todo em algo cient\u00edfico e t\u00e9cnico. O objetivo \u00e9 que o visual reflita a personalidade da mulher, respeitando suas propor\u00e7\u00f5es naturais e tra\u00e7os faciais \u00fanicos.<\/p>\n\n\n<div class=\"wp-block-image\">\n<figure class=\"aligncenter size-large\"><img loading=\"lazy\" decoding=\"async\" width=\"1024\" height=\"576\" src=\"https:\/\/www.em.com.br\/emfoco\/wp-content\/uploads\/2026\/04\/cortes02-1-1024x576.jpg\" alt=\"Conhe\u00e7a os 7 melhores cortes para mulheres de 35 a 45 anos\" class=\"wp-image-199776\" srcset=\"https:\/\/www.em.com.br\/emfoco\/wp-content\/uploads\/2026\/04\/cortes02-1-1024x576.jpg 1024w, https:\/\/www.em.com.br\/emfoco\/wp-content\/uploads\/2026\/04\/cortes02-1-300x169.jpg 300w, https:\/\/www.em.com.br\/emfoco\/wp-content\/uploads\/2026\/04\/cortes02-1-768x432.jpg 768w, https:\/\/www.em.com.br\/emfoco\/wp-content\/uploads\/2026\/04\/cortes02-1-750x422.jpg 750w, https:\/\/www.em.com.br\/emfoco\/wp-content\/uploads\/2026\/04\/cortes02-1-1140x641.jpg 1140w, https:\/\/www.em.com.br\/emfoco\/wp-content\/uploads\/2026\/04\/cortes02-1.jpg 1280w\" sizes=\"auto, (max-width: 1024px) 100vw, 1024px\" \/><figcaption class=\"wp-element-caption\">Conhe\u00e7a os 7 melhores cortes para mulheres de 35 a 45 anos<\/figcaption><\/figure><\/div>\n\n\n<h2 class=\"wp-block-heading\">Quais s\u00e3o os cortes de cabelo mais requisitados?<\/h2>\n\n\n\n<p>Os modelos em destaque para as pr\u00f3ximas temporadas focam em versatilidade e sofistica\u00e7\u00e3o. Desde op\u00e7\u00f5es curtas e modernas at\u00e9 os fios longos com camadas, h\u00e1 uma variedade que atende tanto quem busca praticidade quanto quem n\u00e3o abre m\u00e3o do comprimento.<\/p>\n\n\n\n<p>A <strong>L&#8217;Or\u00e9al Paris Brasil<\/strong> destaca que a escolha deve considerar o caimento natural para evitar depend\u00eancia excessiva de finalizadores. A t\u00e9cnica correta permite que o cabelo tenha movimento sem exigir horas de estiliza\u00e7\u00e3o.<\/p>\n\n\n\n<p>Confira as principais op\u00e7\u00f5es para sua pr\u00f3xima mudan\u00e7a:<\/p>\n\n\n<div class=\"wp-block-image\">\n<figure class=\"aligncenter size-large is-resized\"><img loading=\"lazy\" decoding=\"async\" width=\"1024\" height=\"841\" src=\"https:\/\/www.em.com.br\/emfoco\/wp-content\/uploads\/2026\/04\/image-191-1024x841.png\" alt=\"\" class=\"wp-image-199772\" style=\"width:826px;height:auto\" srcset=\"https:\/\/www.em.com.br\/emfoco\/wp-content\/uploads\/2026\/04\/image-191-1024x841.png 1024w, https:\/\/www.em.com.br\/emfoco\/wp-content\/uploads\/2026\/04\/image-191-300x246.png 300w, https:\/\/www.em.com.br\/emfoco\/wp-content\/uploads\/2026\/04\/image-191-768x631.png 768w, https:\/\/www.em.com.br\/emfoco\/wp-content\/uploads\/2026\/04\/image-191-750x616.png 750w, https:\/\/www.em.com.br\/emfoco\/wp-content\/uploads\/2026\/04\/image-191-1140x936.png 1140w, https:\/\/www.em.com.br\/emfoco\/wp-content\/uploads\/2026\/04\/image-191.png 1280w\" sizes=\"auto, (max-width: 1024px) 100vw, 1024px\" \/><\/figure><\/div>\n\n\n<p>Quem busca um novo visual atemporal, vai curtir esse v\u00eddeo especialmente selecionado do canal <strong>Hair Cut<\/strong>, que conta com mais de <strong>526 mil<\/strong> visualiza\u00e7\u00f5es, onde um especialista mostra o passo a passo para cortar um <strong>Pixie Bob<\/strong> perfeito, ideal para todas as idades:<\/p>\n\n\n\n<figure class=\"wp-block-embed is-type-video is-provider-youtube wp-block-embed-youtube wp-embed-aspect-16-9 wp-has-aspect-ratio\"><div class=\"wp-block-embed__wrapper\">\n<div class=\"jeg_video_container jeg_video_content\"><iframe loading=\"lazy\" title=\"How to Cut a Perfect Pixie Bob | Hairstyles Suitable for all Ages in all Times | Guide Step-by-Step\" width=\"500\" height=\"281\" src=\"https:\/\/www.youtube.com\/embed\/5AQjWV7VWM8?start=1267&#038;feature=oembed\" frameborder=\"0\" allow=\"accelerometer; autoplay; clipboard-write; encrypted-media; gyroscope; picture-in-picture; web-share\" referrerpolicy=\"strict-origin-when-cross-origin\" allowfullscreen><\/iframe><\/div>\n<\/div><\/figure>\n\n\n\n<h2 class=\"wp-block-heading\">Qual a frequ\u00eancia ideal de manuten\u00e7\u00e3o para cada estilo?<\/h2>\n\n\n\n<p>A <a href=\"https:\/\/www.em.com.br\/emfoco\/2026\/04\/25\/o-corte-de-cabelo-facil-de-estilizar-valoriza-as-feicoes-e-equilibra-o-visual-perfeitamente\/\" target=\"_blank\" rel=\"noreferrer noopener\">durabilidade do corte<\/a> depende diretamente da estrutura escolhida e da velocidade de crescimento dos fios. Estilos muito curtos perdem o desenho rapidamente, enquanto camadas longas permitem um intervalo maior entre as visitas ao cabeleireiro profissional.<\/p>\n\n\n\n<p>Manter a sa\u00fade das pontas \u00e9 essencial para a vitalidade do visual. O acompanhamento regular garante que o formato original n\u00e3o se perca, preservando a inten\u00e7\u00e3o do visagismo aplicada inicialmente.<\/p>\n\n\n\n<p>Veja os prazos recomendados para manter o corte em dia:<\/p>\n\n\n<div class=\"wp-block-image\">\n<figure class=\"aligncenter size-large is-resized\"><img loading=\"lazy\" decoding=\"async\" width=\"1024\" height=\"666\" src=\"https:\/\/www.em.com.br\/emfoco\/wp-content\/uploads\/2026\/04\/image-189-1024x666.png\" alt=\"\" class=\"wp-image-199770\" style=\"width:826px;height:auto\" srcset=\"https:\/\/www.em.com.br\/emfoco\/wp-content\/uploads\/2026\/04\/image-189-1024x666.png 1024w, https:\/\/www.em.com.br\/emfoco\/wp-content\/uploads\/2026\/04\/image-189-300x195.png 300w, https:\/\/www.em.com.br\/emfoco\/wp-content\/uploads\/2026\/04\/image-189-768x499.png 768w, https:\/\/www.em.com.br\/emfoco\/wp-content\/uploads\/2026\/04\/image-189-750x488.png 750w, https:\/\/www.em.com.br\/emfoco\/wp-content\/uploads\/2026\/04\/image-189-1140x741.png 1140w, https:\/\/www.em.com.br\/emfoco\/wp-content\/uploads\/2026\/04\/image-189.png 1280w\" sizes=\"auto, (max-width: 1024px) 100vw, 1024px\" \/><\/figure><\/div>\n\n\n<h2 class=\"wp-block-heading\">Como garantir praticidade no dia a dia?<\/h2>\n\n\n\n<p>A praticidade deve ser o crit\u00e9rio de desempate na hora de decidir entre dois modelos atraentes. Cortes como o <strong>shaggy hair<\/strong> e as camadas longas favorecem quem disp\u00f5e de pouco tempo para secagem e finaliza\u00e7\u00e3o t\u00e9rmica di\u00e1ria.<\/p>\n\n\n\n<p>Estar aberta \u00e0s sugest\u00f5es t\u00e9cnicas sobre a textura dos pr\u00f3prios fios aumenta a chance de o resultado funcionar fora do sal\u00e3o. Ao alinhar a t\u00e9cnica do visagismo com suas necessidades rotineiras, o novo visual se torna uma ferramenta de express\u00e3o poderosa e duradoura.<\/p>\n\n\n\n<p>A escolha correta entre os diversos <strong>cortes de cabelo<\/strong> dispon\u00edveis transforma n\u00e3o apenas a apar\u00eancia, mas a autoconfian\u00e7a feminina. Analise suas prioridades e consulte um especialista para adaptar essas tend\u00eancias ao seu perfil \u00fanico, garantindo um visual moderno e aut\u00eantico.<\/p>\n","protected":false},"excerpt":{"rendered":"<p>Encontrar os cortes de cabelo ideais ap\u00f3s os 35 anos exige equil\u00edbrio entre o estilo pessoal e a rotina di\u00e1ria. Em 2026, as tend\u00eancias priorizam a naturalidade e estruturas que valorizam a textura real dos fios, adaptando-se a diferentes densidades capilares. Como o visagismo auxilia na escolha do novo visual? O conceito de harmonizar a [&hellip;]<\/p>\n","protected":false},"author":30,"featured_media":199774,"comment_status":"open","ping_status":"open","sticky":false,"template":"","format":"standard","meta":{"jnews-multi-image_gallery":[],"jnews_single_post":{"format":"standard"},"jnews_primary_category":[],"jnews_social_meta":[],"jnews_override_counter":[],"footnotes":""},"categories":[8691],"tags":[28787,2616,3096,27335],"class_list":["post-199768","post","type-post","status-publish","format-standard","has-post-thumbnail","hentry","category-bem-estar","tag-28787","tag-beleza","tag-tendencias","tag-visagismo"],"yoast_head":"<!-- This site is optimized with the Yoast SEO plugin v23.8 - https:\/\/yoast.com\/wordpress\/plugins\/seo\/ -->\n<title>7 cortes de cabelo ideais para mulheres 35+ que querem mudar o visual - Estado de Minas - Em foco<\/title>\n<meta name=\"description\" content=\"Conhe\u00e7a os 7 cortes de cabelo que s\u00e3o tend\u00eancia para mulheres acima dos 35 anos e aprenda como o visagismo valoriza seu rosto.\" \/>\n<meta name=\"robots\" content=\"index, follow, max-snippet:-1, max-image-preview:large, max-video-preview:-1\" \/>\n<link rel=\"canonical\" href=\"https:\/\/www.em.com.br\/emfoco\/2026\/04\/27\/7-cortes-de-cabelo-ideais-para-mulheres-35-que-querem-mudar-o-visual\/\" \/>\n<meta property=\"og:locale\" content=\"pt_BR\" \/>\n<meta property=\"og:type\" content=\"article\" \/>\n<meta property=\"og:title\" content=\"7 cortes de cabelo ideais para mulheres 35+ que querem mudar o visual - Estado de Minas - Em foco\" \/>\n<meta property=\"og:description\" content=\"Conhe\u00e7a os 7 cortes de cabelo que s\u00e3o tend\u00eancia para mulheres acima dos 35 anos e aprenda como o visagismo valoriza seu rosto.\" \/>\n<meta property=\"og:url\" content=\"https:\/\/www.em.com.br\/emfoco\/2026\/04\/27\/7-cortes-de-cabelo-ideais-para-mulheres-35-que-querem-mudar-o-visual\/\" \/>\n<meta property=\"og:site_name\" content=\"Estado de Minas - Em foco\" \/>\n<meta property=\"article:published_time\" content=\"2026-04-27T16:15:00+00:00\" \/>\n<meta property=\"article:modified_time\" content=\"2026-04-26T09:41:18+00:00\" \/>\n<meta property=\"og:image\" content=\"https:\/\/www.em.com.br\/emfoco\/wp-content\/uploads\/2026\/04\/corte-de-cabelo2.jpg\" \/>\n\t<meta property=\"og:image:width\" content=\"1280\" \/>\n\t<meta property=\"og:image:height\" content=\"720\" \/>\n\t<meta property=\"og:image:type\" content=\"image\/jpeg\" \/>\n<meta name=\"author\" content=\"Guilherme Ara\u00fajo\" \/>\n<meta name=\"twitter:card\" content=\"summary_large_image\" \/>\n<meta name=\"twitter:label1\" content=\"Escrito por\" \/>\n\t<meta name=\"twitter:data1\" content=\"Guilherme Ara\u00fajo\" \/>\n\t<meta name=\"twitter:label2\" content=\"Est. tempo de leitura\" \/>\n\t<meta name=\"twitter:data2\" content=\"4 minutos\" \/>\n<!-- \/ Yoast SEO plugin. -->","yoast_head_json":{"title":"7 cortes de cabelo ideais para mulheres 35+ que querem mudar o visual - Estado de Minas - Em foco","description":"Conhe\u00e7a os 7 cortes de cabelo que s\u00e3o tend\u00eancia para mulheres acima dos 35 anos e aprenda como o visagismo valoriza seu rosto.","robots":{"index":"index","follow":"follow","max-snippet":"max-snippet:-1","max-image-preview":"max-image-preview:large","max-video-preview":"max-video-preview:-1"},"canonical":"https:\/\/www.em.com.br\/emfoco\/2026\/04\/27\/7-cortes-de-cabelo-ideais-para-mulheres-35-que-querem-mudar-o-visual\/","og_locale":"pt_BR","og_type":"article","og_title":"7 cortes de cabelo ideais para mulheres 35+ que querem mudar o visual - Estado de Minas - Em foco","og_description":"Conhe\u00e7a os 7 cortes de cabelo que s\u00e3o tend\u00eancia para mulheres acima dos 35 anos e aprenda como o visagismo valoriza seu rosto.","og_url":"https:\/\/www.em.com.br\/emfoco\/2026\/04\/27\/7-cortes-de-cabelo-ideais-para-mulheres-35-que-querem-mudar-o-visual\/","og_site_name":"Estado de Minas - Em foco","article_published_time":"2026-04-27T16:15:00+00:00","article_modified_time":"2026-04-26T09:41:18+00:00","og_image":[{"width":1280,"height":720,"url":"https:\/\/www.em.com.br\/emfoco\/wp-content\/uploads\/2026\/04\/corte-de-cabelo2.jpg","type":"image\/jpeg"}],"author":"Guilherme Ara\u00fajo","twitter_card":"summary_large_image","twitter_misc":{"Escrito por":"Guilherme Ara\u00fajo","Est. tempo de leitura":"4 minutos"},"schema":{"@context":"https:\/\/schema.org","@graph":[{"@type":"WebPage","@id":"https:\/\/www.em.com.br\/emfoco\/2026\/04\/27\/7-cortes-de-cabelo-ideais-para-mulheres-35-que-querem-mudar-o-visual\/","url":"https:\/\/www.em.com.br\/emfoco\/2026\/04\/27\/7-cortes-de-cabelo-ideais-para-mulheres-35-que-querem-mudar-o-visual\/","name":"7 cortes de cabelo ideais para mulheres 35+ que querem mudar o visual - Estado de Minas - Em foco","isPartOf":{"@id":"https:\/\/www.em.com.br\/emfoco\/#website"},"primaryImageOfPage":{"@id":"https:\/\/www.em.com.br\/emfoco\/2026\/04\/27\/7-cortes-de-cabelo-ideais-para-mulheres-35-que-querem-mudar-o-visual\/#primaryimage"},"image":{"@id":"https:\/\/www.em.com.br\/emfoco\/2026\/04\/27\/7-cortes-de-cabelo-ideais-para-mulheres-35-que-querem-mudar-o-visual\/#primaryimage"},"thumbnailUrl":"https:\/\/www.em.com.br\/emfoco\/wp-content\/uploads\/2026\/04\/corte-de-cabelo2.jpg","datePublished":"2026-04-27T16:15:00+00:00","dateModified":"2026-04-26T09:41:18+00:00","author":{"@id":"https:\/\/www.em.com.br\/emfoco\/#\/schema\/person\/5379e929a4b966c775d121e23f9bb421"},"description":"Conhe\u00e7a os 7 cortes de cabelo que s\u00e3o tend\u00eancia para mulheres acima dos 35 anos e aprenda como o visagismo valoriza seu rosto.","breadcrumb":{"@id":"https:\/\/www.em.com.br\/emfoco\/2026\/04\/27\/7-cortes-de-cabelo-ideais-para-mulheres-35-que-querem-mudar-o-visual\/#breadcrumb"},"inLanguage":"pt-BR","potentialAction":[{"@type":"ReadAction","target":["https:\/\/www.em.com.br\/emfoco\/2026\/04\/27\/7-cortes-de-cabelo-ideais-para-mulheres-35-que-querem-mudar-o-visual\/"]}]},{"@type":"ImageObject","inLanguage":"pt-BR","@id":"https:\/\/www.em.com.br\/emfoco\/2026\/04\/27\/7-cortes-de-cabelo-ideais-para-mulheres-35-que-querem-mudar-o-visual\/#primaryimage","url":"https:\/\/www.em.com.br\/emfoco\/wp-content\/uploads\/2026\/04\/corte-de-cabelo2.jpg","contentUrl":"https:\/\/www.em.com.br\/emfoco\/wp-content\/uploads\/2026\/04\/corte-de-cabelo2.jpg","width":1280,"height":720,"caption":"Os estilos de cabelo que est\u00e3o em alta e combinam com a faixa dos 35 anos"},{"@type":"BreadcrumbList","@id":"https:\/\/www.em.com.br\/emfoco\/2026\/04\/27\/7-cortes-de-cabelo-ideais-para-mulheres-35-que-querem-mudar-o-visual\/#breadcrumb","itemListElement":[{"@type":"ListItem","position":1,"name":"In\u00edcio","item":"https:\/\/www.em.com.br\/emfoco\/"},{"@type":"ListItem","position":2,"name":"7 cortes de cabelo ideais para mulheres 35+ que querem mudar o visual"}]},{"@type":"WebSite","@id":"https:\/\/www.em.com.br\/emfoco\/#website","url":"https:\/\/www.em.com.br\/emfoco\/","name":"Estado de Minas - Em foco","description":"Acompanhe as \u00faltimas not\u00edcias e fique bem informado sobre tudo o que acontece em Minas Gerais, Brasil e no mundo.","potentialAction":[{"@type":"SearchAction","target":{"@type":"EntryPoint","urlTemplate":"https:\/\/www.em.com.br\/emfoco\/?s={search_term_string}"},"query-input":{"@type":"PropertyValueSpecification","valueRequired":true,"valueName":"search_term_string"}}],"inLanguage":"pt-BR"},{"@type":"Person","@id":"https:\/\/www.em.com.br\/emfoco\/#\/schema\/person\/5379e929a4b966c775d121e23f9bb421","name":"Guilherme Ara\u00fajo","image":{"@type":"ImageObject","inLanguage":"pt-BR","@id":"https:\/\/www.em.com.br\/emfoco\/#\/schema\/person\/image\/","url":"https:\/\/secure.gravatar.com\/avatar\/b8bf1fd0130e170bd8f5d7298dbafa25?s=96&d=mm&r=g","contentUrl":"https:\/\/secure.gravatar.com\/avatar\/b8bf1fd0130e170bd8f5d7298dbafa25?s=96&d=mm&r=g","caption":"Guilherme Ara\u00fajo"},"sameAs":["https:\/\/www.em.com.br\/emfoco"],"url":"https:\/\/www.em.com.br\/emfoco\/author\/guilhermeamyth\/"}]}},"_links":{"self":[{"href":"https:\/\/www.em.com.br\/emfoco\/wp-json\/wp\/v2\/posts\/199768","targetHints":{"allow":["GET"]}}],"collection":[{"href":"https:\/\/www.em.com.br\/emfoco\/wp-json\/wp\/v2\/posts"}],"about":[{"href":"https:\/\/www.em.com.br\/emfoco\/wp-json\/wp\/v2\/types\/post"}],"author":[{"embeddable":true,"href":"https:\/\/www.em.com.br\/emfoco\/wp-json\/wp\/v2\/users\/30"}],"replies":[{"embeddable":true,"href":"https:\/\/www.em.com.br\/emfoco\/wp-json\/wp\/v2\/comments?post=199768"}],"version-history":[{"count":4,"href":"https:\/\/www.em.com.br\/emfoco\/wp-json\/wp\/v2\/posts\/199768\/revisions"}],"predecessor-version":[{"id":199780,"href":"https:\/\/www.em.com.br\/emfoco\/wp-json\/wp\/v2\/posts\/199768\/revisions\/199780"}],"wp:featuredmedia":[{"embeddable":true,"href":"https:\/\/www.em.com.br\/emfoco\/wp-json\/wp\/v2\/media\/199774"}],"wp:attachment":[{"href":"https:\/\/www.em.com.br\/emfoco\/wp-json\/wp\/v2\/media?parent=199768"}],"wp:term":[{"taxonomy":"category","embeddable":true,"href":"https:\/\/www.em.com.br\/emfoco\/wp-json\/wp\/v2\/categories?post=199768"},{"taxonomy":"post_tag","embeddable":true,"href":"https:\/\/www.em.com.br\/emfoco\/wp-json\/wp\/v2\/tags?post=199768"}],"curies":[{"name":"wp","href":"https:\/\/api.w.org\/{rel}","templated":true}]}}