{"id":199749,"date":"2026-04-28T21:35:00","date_gmt":"2026-04-29T00:35:00","guid":{"rendered":"https:\/\/www.em.com.br\/emfoco\/?p=199749"},"modified":"2026-04-27T15:38:52","modified_gmt":"2026-04-27T18:38:52","slug":"usuarios-de-celulares-samsung-e-android-recebem-alerta-para-desativar-funcao-e-reforcar-a-seguranca","status":"publish","type":"post","link":"https:\/\/www.em.com.br\/emfoco\/2026\/04\/28\/usuarios-de-celulares-samsung-e-android-recebem-alerta-para-desativar-funcao-e-reforcar-a-seguranca\/","title":{"rendered":"Usu\u00e1rios de celulares Samsung e Android recebem alerta para desativar fun\u00e7\u00e3o e refor\u00e7ar a seguran\u00e7a"},"content":{"rendered":"\n<p>Usu\u00e1rios de celulares <strong>Samsung <\/strong>e de outras marcas com sistema <strong>Android <\/strong>est\u00e3o sendo orientados a revisar com urg\u00eancia as configura\u00e7\u00f5es de seguran\u00e7a, principalmente o reconhecimento facial. Testes recentes mostram que esse tipo de desbloqueio, apesar de pr\u00e1tico, ainda pode ser burlado com relativa facilidade, expondo dados pessoais e profissionais a acessos n\u00e3o autorizados.<\/p>\n\n\n\n<h2 class=\"wp-block-heading\">Reconhecimento facial Samsung \u00e9 realmente seguro hoje<\/h2>\n\n\n\n<p>Relat\u00f3rios recentes apontam que, em muitos modelos <a href=\"https:\/\/www.android.com\/intl\/pt_br\/\" target=\"_blank\" rel=\"noreferrer noopener\">Android<\/a>, o sistema de reconhecimento facial da Samsung e de outras fabricantes ainda n\u00e3o oferece prote\u00e7\u00e3o t\u00e3o robusta quanto <strong>PIN <\/strong>ou impress\u00e3o digital. Em cerca de 64% dos aparelhos testados, fotos em 2D impressas foram aceitas como se fossem o rosto real do propriet\u00e1rio.<\/p>\n\n\n\n<p>Modelos mais antigos e intermedi\u00e1rios tendem a ser os mais vulner\u00e1veis, pois usam apenas a c\u00e2mera frontal comum, sem sensores de profundidade ou mapeamento 3D. J\u00e1 alguns modelos premium mais novos da Samsung contam com tecnologias avan\u00e7adas, mas muitos usu\u00e1rios ainda n\u00e3o sabem identificar se possuem um sistema facial simples ou mais sofisticado nas configura\u00e7\u00f5es.<\/p>\n\n\n\n<figure class=\"wp-block-image size-large\"><img loading=\"lazy\" decoding=\"async\" width=\"1024\" height=\"576\" src=\"https:\/\/www.em.com.br\/emfoco\/wp-content\/uploads\/2026\/04\/ChatGPT-Image-25-de-abr.-de-2026-21_40_38-1-1024x576.png\" alt=\"O desbloqueio do seu celular pode falhar hoje\" class=\"wp-image-199756\" srcset=\"https:\/\/www.em.com.br\/emfoco\/wp-content\/uploads\/2026\/04\/ChatGPT-Image-25-de-abr.-de-2026-21_40_38-1-1024x576.png 1024w, https:\/\/www.em.com.br\/emfoco\/wp-content\/uploads\/2026\/04\/ChatGPT-Image-25-de-abr.-de-2026-21_40_38-1-300x169.png 300w, https:\/\/www.em.com.br\/emfoco\/wp-content\/uploads\/2026\/04\/ChatGPT-Image-25-de-abr.-de-2026-21_40_38-1-768x432.png 768w, https:\/\/www.em.com.br\/emfoco\/wp-content\/uploads\/2026\/04\/ChatGPT-Image-25-de-abr.-de-2026-21_40_38-1-750x422.png 750w, https:\/\/www.em.com.br\/emfoco\/wp-content\/uploads\/2026\/04\/ChatGPT-Image-25-de-abr.-de-2026-21_40_38-1-1140x642.png 1140w, https:\/\/www.em.com.br\/emfoco\/wp-content\/uploads\/2026\/04\/ChatGPT-Image-25-de-abr.-de-2026-21_40_38-1.png 1279w\" sizes=\"auto, (max-width: 1024px) 100vw, 1024px\" \/><figcaption class=\"wp-element-caption\">O desbloqueio do seu celular pode falhar hoje<\/figcaption><\/figure>\n\n\n\n<h2 class=\"wp-block-heading\">Por que especialistas sugerem desligar o desbloqueio facial<\/h2>\n\n\n\n<p>O principal alerta n\u00e3o \u00e9 apenas o risco te\u00f3rico de fraude, mas o impacto direto de um desbloqueio indevido. Quando algu\u00e9m passa pela tela de bloqueio, ganha acesso imediato a mensagens privadas, fotos, v\u00eddeos, e-mails, contatos e notifica\u00e7\u00f5es de apps sens\u00edveis.<\/p>\n\n\n\n<p>Com o aparelho desbloqueado, criminosos podem at\u00e9 iniciar redefini\u00e7\u00f5es de senha em redes sociais, e-mails e servi\u00e7os de compras, usando SMS ou links enviados ao pr\u00f3prio telefone. Mesmo com camadas extras em apps de banco e carteiras digitais, a barreira principal \u00e9 o bloqueio de tela, que n\u00e3o deve ser fragilizado por um reconhecimento facial inseguro.<\/p>\n\n\n\n<h2 class=\"wp-block-heading\">Principais riscos de manter o reconhecimento facial ativado<\/h2>\n\n\n\n<p>Manter o desbloqueio facial em celulares Samsung e outros Android sem tecnologia 3D aumenta a superf\u00edcie de ataque em situa\u00e7\u00f5es de perda, furto ou acesso f\u00edsico indevido ao aparelho. Fotos retiradas de redes sociais ou impressas em boa qualidade podem, em alguns casos, enganar o sistema.<\/p>\n\n\n\n<p>Entre os riscos mais comuns associados ao uso de reconhecimento facial simples est\u00e3o:<\/p>\n\n\n\n<ul class=\"wp-block-list\">\n<li>Acesso n\u00e3o autorizado a conversas pessoais e profissionais em mensageiros e e-mails.<\/li>\n\n\n\n<li>Exposi\u00e7\u00e3o de fotos e v\u00eddeos \u00edntimos ou sens\u00edveis armazenados na galeria.<\/li>\n\n\n\n<li>Uso de notifica\u00e7\u00f5es vis\u00edveis para capturar c\u00f3digos de verifica\u00e7\u00e3o e links de login.<\/li>\n\n\n\n<li>Tentativas de tomar contas de redes sociais e servi\u00e7os online vinculados ao n\u00famero.<\/li>\n<\/ul>\n\n\n\n<h2 class=\"wp-block-heading\">Como desativar o reconhecimento facial Samsung com seguran\u00e7a<\/h2>\n\n\n\n<p>A recomenda\u00e7\u00e3o mais comum \u00e9 desativar o reconhecimento facial em modelos mais antigos ou intermedi\u00e1rios e priorizar m\u00e9todos com hist\u00f3rico mais s\u00f3lido de prote\u00e7\u00e3o. O processo costuma ser r\u00e1pido e pode ser feito diretamente nas configura\u00e7\u00f5es do aparelho.<\/p>\n\n\n\n<figure class=\"wp-block-image size-large\"><img loading=\"lazy\" decoding=\"async\" width=\"1024\" height=\"576\" src=\"https:\/\/www.em.com.br\/emfoco\/wp-content\/uploads\/2026\/04\/ChatGPT-Image-25-de-abr.-de-2026-21_39_31-1-1024x576.png\" alt=\"O desbloqueio do seu celular pode falhar hoje\" class=\"wp-image-199755\" srcset=\"https:\/\/www.em.com.br\/emfoco\/wp-content\/uploads\/2026\/04\/ChatGPT-Image-25-de-abr.-de-2026-21_39_31-1-1024x576.png 1024w, https:\/\/www.em.com.br\/emfoco\/wp-content\/uploads\/2026\/04\/ChatGPT-Image-25-de-abr.-de-2026-21_39_31-1-300x169.png 300w, https:\/\/www.em.com.br\/emfoco\/wp-content\/uploads\/2026\/04\/ChatGPT-Image-25-de-abr.-de-2026-21_39_31-1-768x432.png 768w, https:\/\/www.em.com.br\/emfoco\/wp-content\/uploads\/2026\/04\/ChatGPT-Image-25-de-abr.-de-2026-21_39_31-1-750x422.png 750w, https:\/\/www.em.com.br\/emfoco\/wp-content\/uploads\/2026\/04\/ChatGPT-Image-25-de-abr.-de-2026-21_39_31-1-1140x642.png 1140w, https:\/\/www.em.com.br\/emfoco\/wp-content\/uploads\/2026\/04\/ChatGPT-Image-25-de-abr.-de-2026-21_39_31-1.png 1279w\" sizes=\"auto, (max-width: 1024px) 100vw, 1024px\" \/><figcaption class=\"wp-element-caption\">O desbloqueio do seu celular pode falhar hoje<\/figcaption><\/figure>\n\n\n\n<p>Em linhas gerais, os passos para refor\u00e7ar a prote\u00e7\u00e3o podem seguir uma l\u00f3gica como esta:<\/p>\n\n\n\n<ol class=\"wp-block-list\">\n<li>Abrir o menu de\u00a0<strong>Configura\u00e7\u00f5es<\/strong>\u00a0do celular.<\/li>\n\n\n\n<li>Localizar a se\u00e7\u00e3o de\u00a0<strong>Biometria e seguran\u00e7a<\/strong>\u00a0ou equivalente.<\/li>\n\n\n\n<li>Acessar a op\u00e7\u00e3o de\u00a0<strong>Reconhecimento facial<\/strong>\u00a0e remover o rosto cadastrado ou desativar o recurso.<\/li>\n\n\n\n<li>Definir um\u00a0<strong>c\u00f3digo PIN<\/strong>\u00a0forte, com mais de quatro d\u00edgitos e sem combina\u00e7\u00f5es \u00f3bvias.<\/li>\n\n\n\n<li>Ativar o\u00a0<strong>reconhecimento de impress\u00e3o digital<\/strong>, quando dispon\u00edvel, que costuma ser mais confi\u00e1vel que o facial simples em 2D.<\/li>\n<\/ol>\n\n\n\n<h2 class=\"wp-block-heading\">Como equilibrar conveni\u00eancia e seguran\u00e7a no seu celular<\/h2>\n\n\n\n<p>O debate sobre o reconhecimento facial em celulares <a href=\"https:\/\/www.em.com.br\/emfoco\/2026\/03\/29\/qualquer-pessoa-com-um-telefone-samsung-deve-ativar-essas-configuracoes-de-botao\/\" target=\"_blank\" rel=\"noreferrer noopener\">Samsung <\/a>mostra uma mudan\u00e7a de postura na forma de lidar com dados pessoais. A conveni\u00eancia continua importante, mas n\u00e3o pode superar a responsabilidade de proteger informa\u00e7\u00f5es sens\u00edveis, principalmente em um dispositivo que concentra vida digital, financeira e profissional.<\/p>\n\n\n\n<p>N\u00e3o espere ser v\u00edtima de fraude para agir: revise agora mesmo as configura\u00e7\u00f5es de bloqueio, desative recursos faciais fr\u00e1geis e ative PIN forte e biometria por impress\u00e3o digital. Cada minuto com um desbloqueio inseguro ativo aumenta o risco de algu\u00e9m acessar tudo o que est\u00e1 no seu telefone; fa\u00e7a o ajuste hoje, antes que um descuido se transforme em um preju\u00edzo irrevers\u00edvel.<\/p>\n","protected":false},"excerpt":{"rendered":"<p>Usu\u00e1rios de celulares Samsung e de outras marcas com sistema Android est\u00e3o sendo orientados a revisar com urg\u00eancia as configura\u00e7\u00f5es de seguran\u00e7a, principalmente o reconhecimento facial. Testes recentes mostram que esse tipo de desbloqueio, apesar de pr\u00e1tico, ainda pode ser burlado com relativa facilidade, expondo dados pessoais e profissionais a acessos n\u00e3o autorizados. Reconhecimento facial [&hellip;]<\/p>\n","protected":false},"author":11,"featured_media":200603,"comment_status":"open","ping_status":"open","sticky":false,"template":"","format":"standard","meta":{"jnews-multi-image_gallery":[],"jnews_single_post":{"format":"standard"},"jnews_primary_category":[],"jnews_social_meta":[],"jnews_override_counter":[],"footnotes":""},"categories":[1,4204],"tags":[2951,2580,5844,2598],"class_list":["post-199749","post","type-post","status-publish","format-standard","has-post-thumbnail","hentry","category-noticias","category-tecnologia","tag-android","tag-celular","tag-reconhecimento-facial","tag-samsung"],"yoast_head":"<!-- This site is optimized with the Yoast SEO plugin v23.8 - https:\/\/yoast.com\/wordpress\/plugins\/seo\/ -->\n<title>Usu\u00e1rios de celulares Samsung e Android recebem alerta para desativar fun\u00e7\u00e3o e refor\u00e7ar a seguran\u00e7a - Estado de Minas - Em foco<\/title>\n<meta name=\"description\" content=\"Samsung e Android enfrentam alerta no reconhecimento facial. Veja como proteger seus dados e refor\u00e7ar a seguran\u00e7a.\" \/>\n<meta name=\"robots\" content=\"index, follow, max-snippet:-1, max-image-preview:large, max-video-preview:-1\" \/>\n<link rel=\"canonical\" href=\"https:\/\/www.em.com.br\/emfoco\/2026\/04\/28\/usuarios-de-celulares-samsung-e-android-recebem-alerta-para-desativar-funcao-e-reforcar-a-seguranca\/\" \/>\n<meta property=\"og:locale\" content=\"pt_BR\" \/>\n<meta property=\"og:type\" content=\"article\" \/>\n<meta property=\"og:title\" content=\"Usu\u00e1rios de celulares Samsung e Android recebem alerta para desativar fun\u00e7\u00e3o e refor\u00e7ar a seguran\u00e7a - Estado de Minas - Em foco\" \/>\n<meta property=\"og:description\" content=\"Samsung e Android enfrentam alerta no reconhecimento facial. Veja como proteger seus dados e refor\u00e7ar a seguran\u00e7a.\" \/>\n<meta property=\"og:url\" content=\"https:\/\/www.em.com.br\/emfoco\/2026\/04\/28\/usuarios-de-celulares-samsung-e-android-recebem-alerta-para-desativar-funcao-e-reforcar-a-seguranca\/\" \/>\n<meta property=\"og:site_name\" content=\"Estado de Minas - Em foco\" \/>\n<meta property=\"article:published_time\" content=\"2026-04-29T00:35:00+00:00\" \/>\n<meta property=\"article:modified_time\" content=\"2026-04-27T18:38:52+00:00\" \/>\n<meta property=\"og:image\" content=\"https:\/\/www.em.com.br\/emfoco\/wp-content\/uploads\/2026\/04\/EmFoco_38-6.jpg\" \/>\n\t<meta property=\"og:image:width\" content=\"1280\" \/>\n\t<meta property=\"og:image:height\" content=\"720\" \/>\n\t<meta property=\"og:image:type\" content=\"image\/jpeg\" \/>\n<meta name=\"author\" content=\"Andre\u0301 Rangel\u00a0\" \/>\n<meta name=\"twitter:card\" content=\"summary_large_image\" \/>\n<meta name=\"twitter:label1\" content=\"Escrito por\" \/>\n\t<meta name=\"twitter:data1\" content=\"Andre\u0301 Rangel\u00a0\" \/>\n\t<meta name=\"twitter:label2\" content=\"Est. tempo de leitura\" \/>\n\t<meta name=\"twitter:data2\" content=\"4 minutos\" \/>\n<!-- \/ Yoast SEO plugin. -->","yoast_head_json":{"title":"Usu\u00e1rios de celulares Samsung e Android recebem alerta para desativar fun\u00e7\u00e3o e refor\u00e7ar a seguran\u00e7a - Estado de Minas - Em foco","description":"Samsung e Android enfrentam alerta no reconhecimento facial. Veja como proteger seus dados e refor\u00e7ar a seguran\u00e7a.","robots":{"index":"index","follow":"follow","max-snippet":"max-snippet:-1","max-image-preview":"max-image-preview:large","max-video-preview":"max-video-preview:-1"},"canonical":"https:\/\/www.em.com.br\/emfoco\/2026\/04\/28\/usuarios-de-celulares-samsung-e-android-recebem-alerta-para-desativar-funcao-e-reforcar-a-seguranca\/","og_locale":"pt_BR","og_type":"article","og_title":"Usu\u00e1rios de celulares Samsung e Android recebem alerta para desativar fun\u00e7\u00e3o e refor\u00e7ar a seguran\u00e7a - Estado de Minas - Em foco","og_description":"Samsung e Android enfrentam alerta no reconhecimento facial. Veja como proteger seus dados e refor\u00e7ar a seguran\u00e7a.","og_url":"https:\/\/www.em.com.br\/emfoco\/2026\/04\/28\/usuarios-de-celulares-samsung-e-android-recebem-alerta-para-desativar-funcao-e-reforcar-a-seguranca\/","og_site_name":"Estado de Minas - Em foco","article_published_time":"2026-04-29T00:35:00+00:00","article_modified_time":"2026-04-27T18:38:52+00:00","og_image":[{"width":1280,"height":720,"url":"https:\/\/www.em.com.br\/emfoco\/wp-content\/uploads\/2026\/04\/EmFoco_38-6.jpg","type":"image\/jpeg"}],"author":"Andre\u0301 Rangel\u00a0","twitter_card":"summary_large_image","twitter_misc":{"Escrito por":"Andre\u0301 Rangel\u00a0","Est. tempo de leitura":"4 minutos"},"schema":{"@context":"https:\/\/schema.org","@graph":[{"@type":"WebPage","@id":"https:\/\/www.em.com.br\/emfoco\/2026\/04\/28\/usuarios-de-celulares-samsung-e-android-recebem-alerta-para-desativar-funcao-e-reforcar-a-seguranca\/","url":"https:\/\/www.em.com.br\/emfoco\/2026\/04\/28\/usuarios-de-celulares-samsung-e-android-recebem-alerta-para-desativar-funcao-e-reforcar-a-seguranca\/","name":"Usu\u00e1rios de celulares Samsung e Android recebem alerta para desativar fun\u00e7\u00e3o e refor\u00e7ar a seguran\u00e7a - Estado de Minas - Em foco","isPartOf":{"@id":"https:\/\/www.em.com.br\/emfoco\/#website"},"primaryImageOfPage":{"@id":"https:\/\/www.em.com.br\/emfoco\/2026\/04\/28\/usuarios-de-celulares-samsung-e-android-recebem-alerta-para-desativar-funcao-e-reforcar-a-seguranca\/#primaryimage"},"image":{"@id":"https:\/\/www.em.com.br\/emfoco\/2026\/04\/28\/usuarios-de-celulares-samsung-e-android-recebem-alerta-para-desativar-funcao-e-reforcar-a-seguranca\/#primaryimage"},"thumbnailUrl":"https:\/\/www.em.com.br\/emfoco\/wp-content\/uploads\/2026\/04\/EmFoco_38-6.jpg","datePublished":"2026-04-29T00:35:00+00:00","dateModified":"2026-04-27T18:38:52+00:00","author":{"@id":"https:\/\/www.em.com.br\/emfoco\/#\/schema\/person\/60eda09c1fedf0d6891f4cef4b60b8b8"},"description":"Samsung e Android enfrentam alerta no reconhecimento facial. Veja como proteger seus dados e refor\u00e7ar a seguran\u00e7a.","breadcrumb":{"@id":"https:\/\/www.em.com.br\/emfoco\/2026\/04\/28\/usuarios-de-celulares-samsung-e-android-recebem-alerta-para-desativar-funcao-e-reforcar-a-seguranca\/#breadcrumb"},"inLanguage":"pt-BR","potentialAction":[{"@type":"ReadAction","target":["https:\/\/www.em.com.br\/emfoco\/2026\/04\/28\/usuarios-de-celulares-samsung-e-android-recebem-alerta-para-desativar-funcao-e-reforcar-a-seguranca\/"]}]},{"@type":"ImageObject","inLanguage":"pt-BR","@id":"https:\/\/www.em.com.br\/emfoco\/2026\/04\/28\/usuarios-de-celulares-samsung-e-android-recebem-alerta-para-desativar-funcao-e-reforcar-a-seguranca\/#primaryimage","url":"https:\/\/www.em.com.br\/emfoco\/wp-content\/uploads\/2026\/04\/EmFoco_38-6.jpg","contentUrl":"https:\/\/www.em.com.br\/emfoco\/wp-content\/uploads\/2026\/04\/EmFoco_38-6.jpg","width":1280,"height":720,"caption":"Vulnerabilidade no reconhecimento facial 2D exige refor\u00e7o nas configura\u00e7\u00f5es de bloqueio m\u00f3vel"},{"@type":"BreadcrumbList","@id":"https:\/\/www.em.com.br\/emfoco\/2026\/04\/28\/usuarios-de-celulares-samsung-e-android-recebem-alerta-para-desativar-funcao-e-reforcar-a-seguranca\/#breadcrumb","itemListElement":[{"@type":"ListItem","position":1,"name":"In\u00edcio","item":"https:\/\/www.em.com.br\/emfoco\/"},{"@type":"ListItem","position":2,"name":"Usu\u00e1rios de celulares Samsung e Android recebem alerta para desativar fun\u00e7\u00e3o e refor\u00e7ar a seguran\u00e7a"}]},{"@type":"WebSite","@id":"https:\/\/www.em.com.br\/emfoco\/#website","url":"https:\/\/www.em.com.br\/emfoco\/","name":"Estado de Minas - Em foco","description":"Acompanhe as \u00faltimas not\u00edcias e fique bem informado sobre tudo o que acontece em Minas Gerais, Brasil e no mundo.","potentialAction":[{"@type":"SearchAction","target":{"@type":"EntryPoint","urlTemplate":"https:\/\/www.em.com.br\/emfoco\/?s={search_term_string}"},"query-input":{"@type":"PropertyValueSpecification","valueRequired":true,"valueName":"search_term_string"}}],"inLanguage":"pt-BR"},{"@type":"Person","@id":"https:\/\/www.em.com.br\/emfoco\/#\/schema\/person\/60eda09c1fedf0d6891f4cef4b60b8b8","name":"Andre\u0301 Rangel\u00a0","image":{"@type":"ImageObject","inLanguage":"pt-BR","@id":"https:\/\/www.em.com.br\/emfoco\/#\/schema\/person\/image\/","url":"https:\/\/secure.gravatar.com\/avatar\/6234dc814c77c8ef6d8bba622c787efc?s=96&d=mm&r=g","contentUrl":"https:\/\/secure.gravatar.com\/avatar\/6234dc814c77c8ef6d8bba622c787efc?s=96&d=mm&r=g","caption":"Andre\u0301 Rangel\u00a0"},"url":"https:\/\/www.em.com.br\/emfoco\/author\/luizmyth\/"}]}},"_links":{"self":[{"href":"https:\/\/www.em.com.br\/emfoco\/wp-json\/wp\/v2\/posts\/199749","targetHints":{"allow":["GET"]}}],"collection":[{"href":"https:\/\/www.em.com.br\/emfoco\/wp-json\/wp\/v2\/posts"}],"about":[{"href":"https:\/\/www.em.com.br\/emfoco\/wp-json\/wp\/v2\/types\/post"}],"author":[{"embeddable":true,"href":"https:\/\/www.em.com.br\/emfoco\/wp-json\/wp\/v2\/users\/11"}],"replies":[{"embeddable":true,"href":"https:\/\/www.em.com.br\/emfoco\/wp-json\/wp\/v2\/comments?post=199749"}],"version-history":[{"count":3,"href":"https:\/\/www.em.com.br\/emfoco\/wp-json\/wp\/v2\/posts\/199749\/revisions"}],"predecessor-version":[{"id":199757,"href":"https:\/\/www.em.com.br\/emfoco\/wp-json\/wp\/v2\/posts\/199749\/revisions\/199757"}],"wp:featuredmedia":[{"embeddable":true,"href":"https:\/\/www.em.com.br\/emfoco\/wp-json\/wp\/v2\/media\/200603"}],"wp:attachment":[{"href":"https:\/\/www.em.com.br\/emfoco\/wp-json\/wp\/v2\/media?parent=199749"}],"wp:term":[{"taxonomy":"category","embeddable":true,"href":"https:\/\/www.em.com.br\/emfoco\/wp-json\/wp\/v2\/categories?post=199749"},{"taxonomy":"post_tag","embeddable":true,"href":"https:\/\/www.em.com.br\/emfoco\/wp-json\/wp\/v2\/tags?post=199749"}],"curies":[{"name":"wp","href":"https:\/\/api.w.org\/{rel}","templated":true}]}}