{"id":199748,"date":"2026-04-28T19:25:00","date_gmt":"2026-04-28T22:25:00","guid":{"rendered":"https:\/\/www.em.com.br\/emfoco\/?p=199748"},"modified":"2026-04-27T15:38:24","modified_gmt":"2026-04-27T18:38:24","slug":"a-partir-de-novembro-as-lojas-serao-obrigadas-a-cobrar-uma-taxa-por-cada-garrafa-e-lata-vendida","status":"publish","type":"post","link":"https:\/\/www.em.com.br\/emfoco\/2026\/04\/28\/a-partir-de-novembro-as-lojas-serao-obrigadas-a-cobrar-uma-taxa-por-cada-garrafa-e-lata-vendida\/","title":{"rendered":"A partir de novembro, as lojas ser\u00e3o obrigadas a cobrar uma taxa por cada garrafa e lata vendida"},"content":{"rendered":"\n<p>A partir de novembro de 2026, o consumo de bebidas embaladas na <strong>Espanha <\/strong>vai mudar o dia a dia de mercados, fabricantes e consumidores: cada garrafa ou lata de determinadas bebidas ter\u00e1 um valor extra como dep\u00f3sito tempor\u00e1rio, destacado no comprovante e devolvido integralmente quando o recipiente for retornado em pontos de recolha credenciados.<\/p>\n\n\n\n<h2 class=\"wp-block-heading\">O que \u00e9 o Sistema de Dep\u00f3sito, Devolu\u00e7\u00e3o e Retorno (SDDR) na Espanha<\/h2>\n\n\n\n<p>O <strong>SDDR <\/strong>\u00e9 um modelo em que o consumidor paga um dep\u00f3sito adicional por cada bebida em embalagem descart\u00e1vel, como garrafas de pl\u00e1stico, latas met\u00e1licas e alguns recipientes de cart\u00e3o. Esse valor, previsto em pelo menos 10 c\u00eantimos por unidade, aparece separado do pre\u00e7o do produto e \u00e9 restitu\u00eddo quando a <a href=\"https:\/\/www.em.com.br\/emfoco\/2026\/04\/25\/o-governo-exigira-que-bares-e-restaurantes-cobrem-uma-taxa-adicional-por-cada-garrafa-lata-ou-embalagem-vendida\/\" target=\"_blank\" rel=\"noreferrer noopener\">embalagem <\/a>\u00e9 devolvida vazia.<\/p>\n\n\n\n<p>Na pr\u00e1tica, a embalagem passa a ter valor econ\u00f4mico tempor\u00e1rio, deixando de ser apenas lixo ap\u00f3s o consumo. O sistema complementa os contentores de recolha seletiva j\u00e1 existentes, mas com maior rastreabilidade, pois cada unidade com dep\u00f3sito \u00e9 contabilizada, facilitando o controlo das metas de reciclagem.<\/p>\n\n\n\n<figure class=\"wp-block-image size-large\"><img loading=\"lazy\" decoding=\"async\" width=\"1024\" height=\"576\" src=\"https:\/\/www.em.com.br\/emfoco\/wp-content\/uploads\/2026\/04\/ChatGPT-Image-25-de-abr.-de-2026-21_35_12-1-1024x576.png\" alt=\"Nova taxa em bebidas promete virar rotina\" class=\"wp-image-199753\" srcset=\"https:\/\/www.em.com.br\/emfoco\/wp-content\/uploads\/2026\/04\/ChatGPT-Image-25-de-abr.-de-2026-21_35_12-1-1024x576.png 1024w, https:\/\/www.em.com.br\/emfoco\/wp-content\/uploads\/2026\/04\/ChatGPT-Image-25-de-abr.-de-2026-21_35_12-1-300x169.png 300w, https:\/\/www.em.com.br\/emfoco\/wp-content\/uploads\/2026\/04\/ChatGPT-Image-25-de-abr.-de-2026-21_35_12-1-768x432.png 768w, https:\/\/www.em.com.br\/emfoco\/wp-content\/uploads\/2026\/04\/ChatGPT-Image-25-de-abr.-de-2026-21_35_12-1-750x422.png 750w, https:\/\/www.em.com.br\/emfoco\/wp-content\/uploads\/2026\/04\/ChatGPT-Image-25-de-abr.-de-2026-21_35_12-1-1140x642.png 1140w, https:\/\/www.em.com.br\/emfoco\/wp-content\/uploads\/2026\/04\/ChatGPT-Image-25-de-abr.-de-2026-21_35_12-1.png 1279w\" sizes=\"auto, (max-width: 1024px) 100vw, 1024px\" \/><figcaption class=\"wp-element-caption\">Nova taxa em bebidas promete virar rotina<\/figcaption><\/figure>\n\n\n\n<h2 class=\"wp-block-heading\">Quais embalagens e bebidas ser\u00e3o abrangidas pelo SDDR<\/h2>\n\n\n\n<p>O <a href=\"https:\/\/www.lizenzero.eu\/en\/blog\/deposit-on-bottles-in-spain-everything-you-need-to-know\/\" target=\"_blank\" rel=\"noreferrer noopener\">SDDR espanhol <\/a>inclui, entre outros, recipientes de at\u00e9 3 litros destinados a \u00e1gua, refrigerantes, sumos, bebidas energ\u00e9ticas e parte das bebidas alco\u00f3licas. O foco recai sobretudo nas embalagens de uso \u00fanico com maior presen\u00e7a em ruas, praias e espa\u00e7os p\u00fablicos, onde hoje se concentram muitos res\u00edduos.<\/p>\n\n\n\n<p>Algumas categorias espec\u00edficas podem ter exce\u00e7\u00f5es ou regras pr\u00f3prias, definidas em regulamentos complementares. A sele\u00e7\u00e3o de embalagens prioriza materiais com alto potencial de reciclagem, como pl\u00e1stico PET, alum\u00ednio e cart\u00e3o para bebidas, maximizando o retorno econ\u00f4mico e ambiental.<\/p>\n\n\n\n<h2 class=\"wp-block-heading\">Como vai funcionar o sistema de dep\u00f3sito de embalagens a partir de 2026<\/h2>\n\n\n\n<p>O funcionamento baseia-se numa cadeia simples de etapas para o consumidor, apoiada por uma infraestrutura tecnol\u00f3gica e log\u00edstica robusta. O objetivo \u00e9 tornar o processo intuitivo, r\u00e1pido e dispon\u00edvel em grande parte dos estabelecimentos comerciais.<\/p>\n\n\n\n<ol class=\"wp-block-list\">\n<li>Compra da bebida: o consumidor paga o pre\u00e7o do produto mais o dep\u00f3sito por embalagem abrangida.<\/li>\n\n\n\n<li>Registo do dep\u00f3sito: o valor extra aparece destacado no ticket, indicando quantos recipientes entraram no circuito.<\/li>\n\n\n\n<li>Devolu\u00e7\u00e3o do recipiente: garrafas e latas vazias s\u00e3o entregues em pontos de recolha, como supermercados ou m\u00e1quinas autom\u00e1ticas.<\/li>\n\n\n\n<li>Restitui\u00e7\u00e3o do valor: o dep\u00f3sito \u00e9 devolvido em dinheiro, vale-compra ou desconto direto, conforme o modelo adotado.<\/li>\n\n\n\n<li>Encaminhamento para reciclagem: as embalagens recolhidas seguem para instala\u00e7\u00f5es especializadas, com maior controlo de qualidade.<\/li>\n<\/ol>\n\n\n\n<p>Est\u00e3o previstas entre 20.000 e 25.000 m\u00e1quinas de retorno em grandes superf\u00edcies, al\u00e9m de sistemas manuais em lojas menores. Em \u00e1reas rurais, a adapta\u00e7\u00e3o ser\u00e1 gradual, com regras mais flex\u00edveis para n\u00e3o sobrecarregar o com\u00e9rcio local e garantir a inclus\u00e3o territorial.<\/p>\n\n\n\n<figure class=\"wp-block-image\"><img decoding=\"async\" src=\"https:\/\/www.em.com.br\/emfoco\/wp-content\/uploads\/2026\/04\/ChatGPT-Image-21-de-abr.-de-2026-13_37_59-1-1024x576.png\" alt=\"\"\/><figcaption class=\"wp-element-caption\">Garrafas vazias podem valer dinheiro<\/figcaption><\/figure>\n\n\n\n<h2 class=\"wp-block-heading\">Por que a Espanha est\u00e1 a apostar no sistema de dep\u00f3sito para embalagens<\/h2>\n\n\n\n<p>A Espanha responde a metas europeias de reciclagem cada vez mais exigentes, especialmente para garrafas de pl\u00e1stico de uso \u00fanico. Em 2023, a coleta seletiva foi de cerca de 42%, longe dos objetivos comunit\u00e1rios que apontam para 70% ou mais e chegam a 90% em 2029 em algumas categorias de embalagens.<\/p>\n\n\n\n<p>Ao associar um incentivo financeiro direto \u00e0 devolu\u00e7\u00e3o, o SDDR pretende aumentar fortemente a taxa de retorno e reduzir o lixo disperso no ambiente. Al\u00e9m disso, fortalece a economia circular ao manter pl\u00e1sticos, alum\u00ednio e cart\u00e3o por mais tempo no ciclo produtivo, reduzindo a necessidade de mat\u00e9rias-primas virgens e os impactos da extra\u00e7\u00e3o.<\/p>\n\n\n\n<h2 class=\"wp-block-heading\">Quais desafios e responsabilidades o SDDR traz para com\u00e9rcio e consumidores<\/h2>\n\n\n\n<p>A implementa\u00e7\u00e3o do sistema de dep\u00f3sito, devolu\u00e7\u00e3o e retorno exige mudan\u00e7as log\u00edsticas, econ\u00f4micas e culturais. Todos os elos da cadeia ter\u00e3o novos pap\u00e9is e responsabilidades, que precisam ser claros para garantir ades\u00e3o e bons resultados desde o in\u00edcio.<\/p>\n\n\n\n<p>Entre os principais atores envolvidos, destacam-se fun\u00e7\u00f5es espec\u00edficas que ir\u00e3o determinar o sucesso do SDDR:<\/p>\n\n\n\n<ul class=\"wp-block-list\">\n<li><strong>Fabricantes<\/strong>: financiam o sistema, adaptam r\u00f3tulos e c\u00f3digos de barras e ajustam cadeias de fornecimento.<\/li>\n\n\n\n<li><strong>Distribuidores e retalhistas<\/strong>: organizam a recolha, o armazenamento tempor\u00e1rio e a devolu\u00e7\u00e3o do dep\u00f3sito ao consumidor.<\/li>\n\n\n\n<li><strong>Administra\u00e7\u00e3o p\u00fablica<\/strong>: define regras, fiscaliza objetivos de recolha e ajusta a regulamenta\u00e7\u00e3o quando necess\u00e1rio.<\/li>\n\n\n\n<li><strong>Consumidores<\/strong>: escolhem participar do circuito de retorno e recuperar o dep\u00f3sito ou abrir m\u00e3o do valor pago.<\/li>\n<\/ul>\n\n\n\n<p>A m\u00e9dio prazo, a expectativa \u00e9 que o SDDR seja incorporado ao comportamento di\u00e1rio, como j\u00e1 acontece em outros pa\u00edses europeus. Para isso, informa\u00e7\u00e3o clara, comunica\u00e7\u00e3o cont\u00ednua e participa\u00e7\u00e3o ativa de todos s\u00e3o urgentes para que a Espanha n\u00e3o perca o prazo nem a oportunidade de transformar a forma como lida com embalagens de bebidas.<\/p>\n","protected":false},"excerpt":{"rendered":"<p>A partir de novembro de 2026, o consumo de bebidas embaladas na Espanha vai mudar o dia a dia de mercados, fabricantes e consumidores: cada garrafa ou lata de determinadas bebidas ter\u00e1 um valor extra como dep\u00f3sito tempor\u00e1rio, destacado no comprovante e devolvido integralmente quando o recipiente for retornado em pontos de recolha credenciados. O [&hellip;]<\/p>\n","protected":false},"author":11,"featured_media":200606,"comment_status":"open","ping_status":"open","sticky":false,"template":"","format":"standard","meta":{"jnews-multi-image_gallery":[],"jnews_single_post":{"format":"standard"},"jnews_primary_category":[],"jnews_social_meta":[],"jnews_override_counter":[],"footnotes":""},"categories":[28,1],"tags":[28462,23644,19135,2595],"class_list":["post-199748","post","type-post","status-publish","format-standard","has-post-thumbnail","hentry","category-economia","category-noticias","tag-compra-de-bebidas","tag-garrafas","tag-latas","tag-reciclagem"],"yoast_head":"<!-- This site is optimized with the Yoast SEO plugin v23.8 - https:\/\/yoast.com\/wordpress\/plugins\/seo\/ -->\n<title>A partir de novembro, as lojas ser\u00e3o obrigadas a cobrar uma taxa por cada garrafa e lata vendida - Estado de Minas - Em foco<\/title>\n<meta name=\"description\" content=\"Garrafas e latas ter\u00e3o dep\u00f3sito tempor\u00e1rio na Espanha. Saiba quais bebidas entram e como funciona o retorno.\" \/>\n<meta name=\"robots\" content=\"index, follow, max-snippet:-1, max-image-preview:large, max-video-preview:-1\" \/>\n<link rel=\"canonical\" href=\"https:\/\/www.em.com.br\/emfoco\/2026\/04\/28\/a-partir-de-novembro-as-lojas-serao-obrigadas-a-cobrar-uma-taxa-por-cada-garrafa-e-lata-vendida\/\" \/>\n<meta property=\"og:locale\" content=\"pt_BR\" \/>\n<meta property=\"og:type\" content=\"article\" \/>\n<meta property=\"og:title\" content=\"A partir de novembro, as lojas ser\u00e3o obrigadas a cobrar uma taxa por cada garrafa e lata vendida - Estado de Minas - Em foco\" \/>\n<meta property=\"og:description\" content=\"Garrafas e latas ter\u00e3o dep\u00f3sito tempor\u00e1rio na Espanha. Saiba quais bebidas entram e como funciona o retorno.\" \/>\n<meta property=\"og:url\" content=\"https:\/\/www.em.com.br\/emfoco\/2026\/04\/28\/a-partir-de-novembro-as-lojas-serao-obrigadas-a-cobrar-uma-taxa-por-cada-garrafa-e-lata-vendida\/\" \/>\n<meta property=\"og:site_name\" content=\"Estado de Minas - Em foco\" \/>\n<meta property=\"article:published_time\" content=\"2026-04-28T22:25:00+00:00\" \/>\n<meta property=\"article:modified_time\" content=\"2026-04-27T18:38:24+00:00\" \/>\n<meta property=\"og:image\" content=\"https:\/\/www.em.com.br\/emfoco\/wp-content\/uploads\/2026\/04\/EmFoco_35-7.jpg\" \/>\n\t<meta property=\"og:image:width\" content=\"1280\" \/>\n\t<meta property=\"og:image:height\" content=\"720\" \/>\n\t<meta property=\"og:image:type\" content=\"image\/jpeg\" \/>\n<meta name=\"author\" content=\"Andre\u0301 Rangel\u00a0\" \/>\n<meta name=\"twitter:card\" content=\"summary_large_image\" \/>\n<meta name=\"twitter:label1\" content=\"Escrito por\" \/>\n\t<meta name=\"twitter:data1\" content=\"Andre\u0301 Rangel\u00a0\" \/>\n\t<meta name=\"twitter:label2\" content=\"Est. tempo de leitura\" \/>\n\t<meta name=\"twitter:data2\" content=\"5 minutos\" \/>\n<!-- \/ Yoast SEO plugin. -->","yoast_head_json":{"title":"A partir de novembro, as lojas ser\u00e3o obrigadas a cobrar uma taxa por cada garrafa e lata vendida - Estado de Minas - Em foco","description":"Garrafas e latas ter\u00e3o dep\u00f3sito tempor\u00e1rio na Espanha. Saiba quais bebidas entram e como funciona o retorno.","robots":{"index":"index","follow":"follow","max-snippet":"max-snippet:-1","max-image-preview":"max-image-preview:large","max-video-preview":"max-video-preview:-1"},"canonical":"https:\/\/www.em.com.br\/emfoco\/2026\/04\/28\/a-partir-de-novembro-as-lojas-serao-obrigadas-a-cobrar-uma-taxa-por-cada-garrafa-e-lata-vendida\/","og_locale":"pt_BR","og_type":"article","og_title":"A partir de novembro, as lojas ser\u00e3o obrigadas a cobrar uma taxa por cada garrafa e lata vendida - Estado de Minas - Em foco","og_description":"Garrafas e latas ter\u00e3o dep\u00f3sito tempor\u00e1rio na Espanha. Saiba quais bebidas entram e como funciona o retorno.","og_url":"https:\/\/www.em.com.br\/emfoco\/2026\/04\/28\/a-partir-de-novembro-as-lojas-serao-obrigadas-a-cobrar-uma-taxa-por-cada-garrafa-e-lata-vendida\/","og_site_name":"Estado de Minas - Em foco","article_published_time":"2026-04-28T22:25:00+00:00","article_modified_time":"2026-04-27T18:38:24+00:00","og_image":[{"width":1280,"height":720,"url":"https:\/\/www.em.com.br\/emfoco\/wp-content\/uploads\/2026\/04\/EmFoco_35-7.jpg","type":"image\/jpeg"}],"author":"Andre\u0301 Rangel\u00a0","twitter_card":"summary_large_image","twitter_misc":{"Escrito por":"Andre\u0301 Rangel\u00a0","Est. tempo de leitura":"5 minutos"},"schema":{"@context":"https:\/\/schema.org","@graph":[{"@type":"WebPage","@id":"https:\/\/www.em.com.br\/emfoco\/2026\/04\/28\/a-partir-de-novembro-as-lojas-serao-obrigadas-a-cobrar-uma-taxa-por-cada-garrafa-e-lata-vendida\/","url":"https:\/\/www.em.com.br\/emfoco\/2026\/04\/28\/a-partir-de-novembro-as-lojas-serao-obrigadas-a-cobrar-uma-taxa-por-cada-garrafa-e-lata-vendida\/","name":"A partir de novembro, as lojas ser\u00e3o obrigadas a cobrar uma taxa por cada garrafa e lata vendida - Estado de Minas - Em foco","isPartOf":{"@id":"https:\/\/www.em.com.br\/emfoco\/#website"},"primaryImageOfPage":{"@id":"https:\/\/www.em.com.br\/emfoco\/2026\/04\/28\/a-partir-de-novembro-as-lojas-serao-obrigadas-a-cobrar-uma-taxa-por-cada-garrafa-e-lata-vendida\/#primaryimage"},"image":{"@id":"https:\/\/www.em.com.br\/emfoco\/2026\/04\/28\/a-partir-de-novembro-as-lojas-serao-obrigadas-a-cobrar-uma-taxa-por-cada-garrafa-e-lata-vendida\/#primaryimage"},"thumbnailUrl":"https:\/\/www.em.com.br\/emfoco\/wp-content\/uploads\/2026\/04\/EmFoco_35-7.jpg","datePublished":"2026-04-28T22:25:00+00:00","dateModified":"2026-04-27T18:38:24+00:00","author":{"@id":"https:\/\/www.em.com.br\/emfoco\/#\/schema\/person\/60eda09c1fedf0d6891f4cef4b60b8b8"},"description":"Garrafas e latas ter\u00e3o dep\u00f3sito tempor\u00e1rio na Espanha. Saiba quais bebidas entram e como funciona o retorno.","breadcrumb":{"@id":"https:\/\/www.em.com.br\/emfoco\/2026\/04\/28\/a-partir-de-novembro-as-lojas-serao-obrigadas-a-cobrar-uma-taxa-por-cada-garrafa-e-lata-vendida\/#breadcrumb"},"inLanguage":"pt-BR","potentialAction":[{"@type":"ReadAction","target":["https:\/\/www.em.com.br\/emfoco\/2026\/04\/28\/a-partir-de-novembro-as-lojas-serao-obrigadas-a-cobrar-uma-taxa-por-cada-garrafa-e-lata-vendida\/"]}]},{"@type":"ImageObject","inLanguage":"pt-BR","@id":"https:\/\/www.em.com.br\/emfoco\/2026\/04\/28\/a-partir-de-novembro-as-lojas-serao-obrigadas-a-cobrar-uma-taxa-por-cada-garrafa-e-lata-vendida\/#primaryimage","url":"https:\/\/www.em.com.br\/emfoco\/wp-content\/uploads\/2026\/04\/EmFoco_35-7.jpg","contentUrl":"https:\/\/www.em.com.br\/emfoco\/wp-content\/uploads\/2026\/04\/EmFoco_35-7.jpg","width":1280,"height":720,"caption":"Nova taxa reembols\u00e1vel em bebidas incentiva a devolu\u00e7\u00e3o e reciclagem de embalagens"},{"@type":"BreadcrumbList","@id":"https:\/\/www.em.com.br\/emfoco\/2026\/04\/28\/a-partir-de-novembro-as-lojas-serao-obrigadas-a-cobrar-uma-taxa-por-cada-garrafa-e-lata-vendida\/#breadcrumb","itemListElement":[{"@type":"ListItem","position":1,"name":"In\u00edcio","item":"https:\/\/www.em.com.br\/emfoco\/"},{"@type":"ListItem","position":2,"name":"A partir de novembro, as lojas ser\u00e3o obrigadas a cobrar uma taxa por cada garrafa e lata vendida"}]},{"@type":"WebSite","@id":"https:\/\/www.em.com.br\/emfoco\/#website","url":"https:\/\/www.em.com.br\/emfoco\/","name":"Estado de Minas - Em foco","description":"Acompanhe as \u00faltimas not\u00edcias e fique bem informado sobre tudo o que acontece em Minas Gerais, Brasil e no mundo.","potentialAction":[{"@type":"SearchAction","target":{"@type":"EntryPoint","urlTemplate":"https:\/\/www.em.com.br\/emfoco\/?s={search_term_string}"},"query-input":{"@type":"PropertyValueSpecification","valueRequired":true,"valueName":"search_term_string"}}],"inLanguage":"pt-BR"},{"@type":"Person","@id":"https:\/\/www.em.com.br\/emfoco\/#\/schema\/person\/60eda09c1fedf0d6891f4cef4b60b8b8","name":"Andre\u0301 Rangel\u00a0","image":{"@type":"ImageObject","inLanguage":"pt-BR","@id":"https:\/\/www.em.com.br\/emfoco\/#\/schema\/person\/image\/","url":"https:\/\/secure.gravatar.com\/avatar\/6234dc814c77c8ef6d8bba622c787efc?s=96&d=mm&r=g","contentUrl":"https:\/\/secure.gravatar.com\/avatar\/6234dc814c77c8ef6d8bba622c787efc?s=96&d=mm&r=g","caption":"Andre\u0301 Rangel\u00a0"},"url":"https:\/\/www.em.com.br\/emfoco\/author\/luizmyth\/"}]}},"_links":{"self":[{"href":"https:\/\/www.em.com.br\/emfoco\/wp-json\/wp\/v2\/posts\/199748","targetHints":{"allow":["GET"]}}],"collection":[{"href":"https:\/\/www.em.com.br\/emfoco\/wp-json\/wp\/v2\/posts"}],"about":[{"href":"https:\/\/www.em.com.br\/emfoco\/wp-json\/wp\/v2\/types\/post"}],"author":[{"embeddable":true,"href":"https:\/\/www.em.com.br\/emfoco\/wp-json\/wp\/v2\/users\/11"}],"replies":[{"embeddable":true,"href":"https:\/\/www.em.com.br\/emfoco\/wp-json\/wp\/v2\/comments?post=199748"}],"version-history":[{"count":2,"href":"https:\/\/www.em.com.br\/emfoco\/wp-json\/wp\/v2\/posts\/199748\/revisions"}],"predecessor-version":[{"id":199754,"href":"https:\/\/www.em.com.br\/emfoco\/wp-json\/wp\/v2\/posts\/199748\/revisions\/199754"}],"wp:featuredmedia":[{"embeddable":true,"href":"https:\/\/www.em.com.br\/emfoco\/wp-json\/wp\/v2\/media\/200606"}],"wp:attachment":[{"href":"https:\/\/www.em.com.br\/emfoco\/wp-json\/wp\/v2\/media?parent=199748"}],"wp:term":[{"taxonomy":"category","embeddable":true,"href":"https:\/\/www.em.com.br\/emfoco\/wp-json\/wp\/v2\/categories?post=199748"},{"taxonomy":"post_tag","embeddable":true,"href":"https:\/\/www.em.com.br\/emfoco\/wp-json\/wp\/v2\/tags?post=199748"}],"curies":[{"name":"wp","href":"https:\/\/api.w.org\/{rel}","templated":true}]}}