{"id":199725,"date":"2026-04-28T17:45:00","date_gmt":"2026-04-28T20:45:00","guid":{"rendered":"https:\/\/www.em.com.br\/emfoco\/?p=199725"},"modified":"2026-04-27T15:38:09","modified_gmt":"2026-04-27T18:38:09","slug":"uma-familia-esta-oferecendo-quase-69-mil-por-ano-para-cuidar-de-seu-cachorro-e-morar-em-sua-propriedade","status":"publish","type":"post","link":"https:\/\/www.em.com.br\/emfoco\/2026\/04\/28\/uma-familia-esta-oferecendo-quase-69-mil-por-ano-para-cuidar-de-seu-cachorro-e-morar-em-sua-propriedade\/","title":{"rendered":"Uma fam\u00edlia est\u00e1 oferecendo quase 69 mil por ano para cuidar de seu cachorro e morar em sua propriedade"},"content":{"rendered":"\n<p>Uma oferta de emprego no <strong>Reino Unido <\/strong>viralizou ao reunir sal\u00e1rio alto, moradia paga e foco total em um \u00fanico c\u00e3o de estima\u00e7\u00e3o. Uma fam\u00edlia brit\u00e2nica em <strong>Surrey<\/strong>, no sul da <strong>Inglaterra<\/strong>, procura um cuidador de c\u00e3es residente, com remunera\u00e7\u00e3o anual pr\u00f3xima de 69 mil euros e casa independente na propriedade, atraindo milhares de candidatos interessados em trabalhar com pets em um padr\u00e3o de luxo.<\/p>\n\n\n\n<h2 class=\"wp-block-heading\">O que faz um cuidador de c\u00e3es residente de alto padr\u00e3o<\/h2>\n\n\n\n<p>A fun\u00e7\u00e3o de\u00a0<strong><a href=\"https:\/\/www.serasa.com.br\/blog\/cuidador-pets\/\" target=\"_blank\" rel=\"noreferrer noopener\">cuidador de c\u00e3es <\/a><\/strong>nessa faixa salarial vai muito al\u00e9m de passeios ocasionais e alimenta\u00e7\u00e3o b\u00e1sica. O profissional \u00e9 respons\u00e1vel por toda a rotina do animal, incluindo hor\u00e1rios de refei\u00e7\u00e3o, higieniza\u00e7\u00e3o, momentos de descanso e atividades di\u00e1rias planejadas.<\/p>\n\n\n\n<p>A fam\u00edlia espera acompanhamento pr\u00f3ximo do comportamento do c\u00e3o, identifica\u00e7\u00e3o de mudan\u00e7as sutis de humor ou sa\u00fade e registros organizados sobre vacinas, consultas e tratamentos. Em alguns casos, tamb\u00e9m se espera envolvimento com treinamento avan\u00e7ado, socializa\u00e7\u00e3o e enriquecimento ambiental para o pet.<\/p>\n\n\n\n<figure class=\"wp-block-image size-large\"><img loading=\"lazy\" decoding=\"async\" width=\"1024\" height=\"576\" src=\"https:\/\/www.em.com.br\/emfoco\/wp-content\/uploads\/2026\/04\/ChatGPT-Image-25-de-abr.-de-2026-21_16_20-1-1024x576.png\" alt=\"O emprego mais desejado por amantes de c\u00e3es\" class=\"wp-image-199743\" srcset=\"https:\/\/www.em.com.br\/emfoco\/wp-content\/uploads\/2026\/04\/ChatGPT-Image-25-de-abr.-de-2026-21_16_20-1-1024x576.png 1024w, https:\/\/www.em.com.br\/emfoco\/wp-content\/uploads\/2026\/04\/ChatGPT-Image-25-de-abr.-de-2026-21_16_20-1-300x169.png 300w, https:\/\/www.em.com.br\/emfoco\/wp-content\/uploads\/2026\/04\/ChatGPT-Image-25-de-abr.-de-2026-21_16_20-1-768x432.png 768w, https:\/\/www.em.com.br\/emfoco\/wp-content\/uploads\/2026\/04\/ChatGPT-Image-25-de-abr.-de-2026-21_16_20-1-750x422.png 750w, https:\/\/www.em.com.br\/emfoco\/wp-content\/uploads\/2026\/04\/ChatGPT-Image-25-de-abr.-de-2026-21_16_20-1-1140x642.png 1140w, https:\/\/www.em.com.br\/emfoco\/wp-content\/uploads\/2026\/04\/ChatGPT-Image-25-de-abr.-de-2026-21_16_20-1.png 1279w\" sizes=\"auto, (max-width: 1024px) 100vw, 1024px\" \/><figcaption class=\"wp-element-caption\">O emprego mais desejado por amantes de c\u00e3es<\/figcaption><\/figure>\n\n\n\n<h2 class=\"wp-block-heading\">Principais responsabilidades de um cuidador de c\u00e3es residente<\/h2>\n\n\n\n<p>No an\u00fancio, o trabalho em Surrey aparece associado a uma lista detalhada de obriga\u00e7\u00f5es di\u00e1rias. O cargo mistura cuidado direto com o animal e colabora\u00e7\u00e3o com a equipe dom\u00e9stica, exigindo postura profissional e aten\u00e7\u00e3o constante ao bem-estar do c\u00e3o.<\/p>\n\n\n\n<p>Entre as atividades que costumam fazer parte da rotina de um cuidador de c\u00e3es residente de alto padr\u00e3o, est\u00e3o:<\/p>\n\n\n\n<ul class=\"wp-block-list\">\n<li>Organizar a rotina di\u00e1ria do c\u00e3o, com hor\u00e1rios fixos para alimenta\u00e7\u00e3o, passeios e descanso;<\/li>\n\n\n\n<li>Cuidar da higiene do animal, incluindo banho, escova\u00e7\u00e3o e limpeza de ambientes usados por ele;<\/li>\n\n\n\n<li>Observar sinais de desconforto, doen\u00e7as ou altera\u00e7\u00f5es de comportamento e informar profissionais respons\u00e1veis;<\/li>\n\n\n\n<li>Agendar e acompanhar consultas veterin\u00e1rias, sess\u00f5es com treinadores e servi\u00e7os de tosa;<\/li>\n\n\n\n<li>Manter presen\u00e7a constante na propriedade quando a fam\u00edlia estiver ausente, garantindo seguran\u00e7a e companhia ao animal;<\/li>\n\n\n\n<li>Executar pequenas tarefas para apoiar a rotina da casa, como recados, apoio pontual na limpeza e aux\u00edlio no jardim.<\/li>\n<\/ul>\n\n\n\n<h2 class=\"wp-block-heading\">Quais s\u00e3o os requisitos e como funciona a rotina desse trabalho<\/h2>\n\n\n\n<p>Em rela\u00e7\u00e3o ao hor\u00e1rio, o an\u00fancio indica <a href=\"https:\/\/www.em.com.br\/emfoco\/2026\/04\/24\/fim-da-escala-6x1-esse-grupo-de-trabalhadores-estara-excluido-da-reducao-da-jornada-de-trabalho\/\" target=\"_blank\" rel=\"noreferrer noopener\">jornada <\/a>de domingo a quinta-feira, das 9h \u00e0s 18h, com flexibilidade quando a fam\u00edlia estiver na resid\u00eancia. A presen\u00e7a do cuidador na propriedade \u00e9 essencial, j\u00e1 que a proposta \u00e9 garantir acompanhamento quase permanente do animal, com disponibilidade extra em viagens e eventos.<\/p>\n\n\n\n<p>O perfil desejado inclui uma pessoa calma, confi\u00e1vel e discreta, com forte afinidade com c\u00e3es e capacidade de trabalhar de forma independente. Experi\u00eancia pr\u00e9via em resid\u00eancias privadas, hot\u00e9is de luxo, servi\u00e7os de pet sitting premium ou fun\u00e7\u00f5es em que se mora no local de trabalho \u00e9 vista como grande diferencial.<\/p>\n\n\n\n<figure class=\"wp-block-image size-large\"><img loading=\"lazy\" decoding=\"async\" width=\"1024\" height=\"576\" src=\"https:\/\/www.em.com.br\/emfoco\/wp-content\/uploads\/2026\/04\/Gemini_Generated_Image_apehqapehqapehqa-1-1024x576.png\" alt=\"O emprego mais desejado por amantes de c\u00e3es\" class=\"wp-image-199744\" srcset=\"https:\/\/www.em.com.br\/emfoco\/wp-content\/uploads\/2026\/04\/Gemini_Generated_Image_apehqapehqapehqa-1-1024x576.png 1024w, https:\/\/www.em.com.br\/emfoco\/wp-content\/uploads\/2026\/04\/Gemini_Generated_Image_apehqapehqapehqa-1-300x169.png 300w, https:\/\/www.em.com.br\/emfoco\/wp-content\/uploads\/2026\/04\/Gemini_Generated_Image_apehqapehqapehqa-1-768x432.png 768w, https:\/\/www.em.com.br\/emfoco\/wp-content\/uploads\/2026\/04\/Gemini_Generated_Image_apehqapehqapehqa-1-750x422.png 750w, https:\/\/www.em.com.br\/emfoco\/wp-content\/uploads\/2026\/04\/Gemini_Generated_Image_apehqapehqapehqa-1-1140x641.png 1140w, https:\/\/www.em.com.br\/emfoco\/wp-content\/uploads\/2026\/04\/Gemini_Generated_Image_apehqapehqapehqa-1.png 1280w\" sizes=\"auto, (max-width: 1024px) 100vw, 1024px\" \/><figcaption class=\"wp-element-caption\">O emprego mais desejado por amantes de c\u00e3es<\/figcaption><\/figure>\n\n\n\n<h2 class=\"wp-block-heading\">Quais habilidades um cuidador de c\u00e3es residente precisa desenvolver<\/h2>\n\n\n\n<p>Al\u00e9m do amor por animais, o cargo exige compet\u00eancias t\u00e9cnicas e comportamentais espec\u00edficas. A ag\u00eancia destaca habilidades de organiza\u00e7\u00e3o, comunica\u00e7\u00e3o com equipes internas e respeito absoluto \u00e0 privacidade da fam\u00edlia, algo muito valorizado em resid\u00eancias de alto padr\u00e3o.<\/p>\n\n\n\n<p>Entre os requisitos mais citados para esse tipo de vaga, destacam-se experi\u00eancia pr\u00e1tica com c\u00e3es, autonomia em situa\u00e7\u00f5es de emerg\u00eancia e alta capacidade de adapta\u00e7\u00e3o. Conhecimentos em primeiros socorros para pets e no\u00e7\u00f5es de comportamento canino tamb\u00e9m ajudam o profissional a se posicionar em um patamar mais competitivo.<\/p>\n\n\n\n<h2 class=\"wp-block-heading\">Por que a carreira de cuidador de c\u00e3es residente est\u00e1 em alta<\/h2>\n\n\n\n<p>Ofertas como a de Surrey refletem um movimento crescente em fam\u00edlias com alto poder aquisitivo, que passaram a investir em cuidados personalizados para seus animais de estima\u00e7\u00e3o. \u00c0 medida que c\u00e3es ocupam um espa\u00e7o central na rotina dom\u00e9stica, aumenta a demanda por profissionais dedicados exclusivamente a essa fun\u00e7\u00e3o em propriedades amplas e seguras.<\/p>\n\n\n\n<p>Com remunera\u00e7\u00e3o elevada e moradia inclu\u00edda, essas vagas chamam a aten\u00e7\u00e3o de candidatos de v\u00e1rios pa\u00edses e de pessoas em transi\u00e7\u00e3o de carreira, como ex-funcion\u00e1rios de hotelaria, cruzeiros ou servi\u00e7os dom\u00e9sticos tradicionais. Se voc\u00ea pensa em atuar com animais em um n\u00edvel mais exclusivo, este \u00e9 o momento de se qualificar, montar um portf\u00f3lio s\u00f3lido e buscar oportunidades \u2014 as melhores posi\u00e7\u00f5es tendem a ser preenchidas rapidamente por quem se movimenta agora.<\/p>\n","protected":false},"excerpt":{"rendered":"<p>Uma oferta de emprego no Reino Unido viralizou ao reunir sal\u00e1rio alto, moradia paga e foco total em um \u00fanico c\u00e3o de estima\u00e7\u00e3o. Uma fam\u00edlia brit\u00e2nica em Surrey, no sul da Inglaterra, procura um cuidador de c\u00e3es residente, com remunera\u00e7\u00e3o anual pr\u00f3xima de 69 mil euros e casa independente na propriedade, atraindo milhares de candidatos [&hellip;]<\/p>\n","protected":false},"author":11,"featured_media":200608,"comment_status":"open","ping_status":"open","sticky":false,"template":"","format":"standard","meta":{"jnews-multi-image_gallery":[],"jnews_single_post":{"format":"standard"},"jnews_primary_category":[],"jnews_social_meta":[],"jnews_override_counter":[],"footnotes":""},"categories":[28,1],"tags":[28782,502,3685,1877],"class_list":["post-199725","post","type-post","status-publish","format-standard","has-post-thumbnail","hentry","category-economia","category-noticias","tag-cuidador-de-caes","tag-emprego","tag-pets","tag-salario"],"yoast_head":"<!-- This site is optimized with the Yoast SEO plugin v23.8 - https:\/\/yoast.com\/wordpress\/plugins\/seo\/ -->\n<title>Uma fam\u00edlia est\u00e1 oferecendo quase 69 mil por ano para cuidar de seu cachorro e morar em sua propriedade - Estado de Minas - Em foco<\/title>\n<meta name=\"description\" content=\"Emprego com pets viraliza ao pagar sal\u00e1rio elevado e moradia inclusa. Veja como funciona a vaga para cuidar de c\u00e3o.\" \/>\n<meta name=\"robots\" content=\"index, follow, max-snippet:-1, max-image-preview:large, max-video-preview:-1\" \/>\n<link rel=\"canonical\" href=\"https:\/\/www.em.com.br\/emfoco\/2026\/04\/28\/uma-familia-esta-oferecendo-quase-69-mil-por-ano-para-cuidar-de-seu-cachorro-e-morar-em-sua-propriedade\/\" \/>\n<meta property=\"og:locale\" content=\"pt_BR\" \/>\n<meta property=\"og:type\" content=\"article\" \/>\n<meta property=\"og:title\" content=\"Uma fam\u00edlia est\u00e1 oferecendo quase 69 mil por ano para cuidar de seu cachorro e morar em sua propriedade - Estado de Minas - Em foco\" \/>\n<meta property=\"og:description\" content=\"Emprego com pets viraliza ao pagar sal\u00e1rio elevado e moradia inclusa. Veja como funciona a vaga para cuidar de c\u00e3o.\" \/>\n<meta property=\"og:url\" content=\"https:\/\/www.em.com.br\/emfoco\/2026\/04\/28\/uma-familia-esta-oferecendo-quase-69-mil-por-ano-para-cuidar-de-seu-cachorro-e-morar-em-sua-propriedade\/\" \/>\n<meta property=\"og:site_name\" content=\"Estado de Minas - Em foco\" \/>\n<meta property=\"article:published_time\" content=\"2026-04-28T20:45:00+00:00\" \/>\n<meta property=\"article:modified_time\" content=\"2026-04-27T18:38:09+00:00\" \/>\n<meta property=\"og:image\" content=\"https:\/\/www.em.com.br\/emfoco\/wp-content\/uploads\/2026\/04\/EmFoco_33-6.jpg\" \/>\n\t<meta property=\"og:image:width\" content=\"1280\" \/>\n\t<meta property=\"og:image:height\" content=\"720\" \/>\n\t<meta property=\"og:image:type\" content=\"image\/jpeg\" \/>\n<meta name=\"author\" content=\"Andre\u0301 Rangel\u00a0\" \/>\n<meta name=\"twitter:card\" content=\"summary_large_image\" \/>\n<meta name=\"twitter:label1\" content=\"Escrito por\" \/>\n\t<meta name=\"twitter:data1\" content=\"Andre\u0301 Rangel\u00a0\" \/>\n\t<meta name=\"twitter:label2\" content=\"Est. tempo de leitura\" \/>\n\t<meta name=\"twitter:data2\" content=\"5 minutos\" \/>\n<!-- \/ Yoast SEO plugin. -->","yoast_head_json":{"title":"Uma fam\u00edlia est\u00e1 oferecendo quase 69 mil por ano para cuidar de seu cachorro e morar em sua propriedade - Estado de Minas - Em foco","description":"Emprego com pets viraliza ao pagar sal\u00e1rio elevado e moradia inclusa. Veja como funciona a vaga para cuidar de c\u00e3o.","robots":{"index":"index","follow":"follow","max-snippet":"max-snippet:-1","max-image-preview":"max-image-preview:large","max-video-preview":"max-video-preview:-1"},"canonical":"https:\/\/www.em.com.br\/emfoco\/2026\/04\/28\/uma-familia-esta-oferecendo-quase-69-mil-por-ano-para-cuidar-de-seu-cachorro-e-morar-em-sua-propriedade\/","og_locale":"pt_BR","og_type":"article","og_title":"Uma fam\u00edlia est\u00e1 oferecendo quase 69 mil por ano para cuidar de seu cachorro e morar em sua propriedade - Estado de Minas - Em foco","og_description":"Emprego com pets viraliza ao pagar sal\u00e1rio elevado e moradia inclusa. Veja como funciona a vaga para cuidar de c\u00e3o.","og_url":"https:\/\/www.em.com.br\/emfoco\/2026\/04\/28\/uma-familia-esta-oferecendo-quase-69-mil-por-ano-para-cuidar-de-seu-cachorro-e-morar-em-sua-propriedade\/","og_site_name":"Estado de Minas - Em foco","article_published_time":"2026-04-28T20:45:00+00:00","article_modified_time":"2026-04-27T18:38:09+00:00","og_image":[{"width":1280,"height":720,"url":"https:\/\/www.em.com.br\/emfoco\/wp-content\/uploads\/2026\/04\/EmFoco_33-6.jpg","type":"image\/jpeg"}],"author":"Andre\u0301 Rangel\u00a0","twitter_card":"summary_large_image","twitter_misc":{"Escrito por":"Andre\u0301 Rangel\u00a0","Est. tempo de leitura":"5 minutos"},"schema":{"@context":"https:\/\/schema.org","@graph":[{"@type":"WebPage","@id":"https:\/\/www.em.com.br\/emfoco\/2026\/04\/28\/uma-familia-esta-oferecendo-quase-69-mil-por-ano-para-cuidar-de-seu-cachorro-e-morar-em-sua-propriedade\/","url":"https:\/\/www.em.com.br\/emfoco\/2026\/04\/28\/uma-familia-esta-oferecendo-quase-69-mil-por-ano-para-cuidar-de-seu-cachorro-e-morar-em-sua-propriedade\/","name":"Uma fam\u00edlia est\u00e1 oferecendo quase 69 mil por ano para cuidar de seu cachorro e morar em sua propriedade - Estado de Minas - Em foco","isPartOf":{"@id":"https:\/\/www.em.com.br\/emfoco\/#website"},"primaryImageOfPage":{"@id":"https:\/\/www.em.com.br\/emfoco\/2026\/04\/28\/uma-familia-esta-oferecendo-quase-69-mil-por-ano-para-cuidar-de-seu-cachorro-e-morar-em-sua-propriedade\/#primaryimage"},"image":{"@id":"https:\/\/www.em.com.br\/emfoco\/2026\/04\/28\/uma-familia-esta-oferecendo-quase-69-mil-por-ano-para-cuidar-de-seu-cachorro-e-morar-em-sua-propriedade\/#primaryimage"},"thumbnailUrl":"https:\/\/www.em.com.br\/emfoco\/wp-content\/uploads\/2026\/04\/EmFoco_33-6.jpg","datePublished":"2026-04-28T20:45:00+00:00","dateModified":"2026-04-27T18:38:09+00:00","author":{"@id":"https:\/\/www.em.com.br\/emfoco\/#\/schema\/person\/60eda09c1fedf0d6891f4cef4b60b8b8"},"description":"Emprego com pets viraliza ao pagar sal\u00e1rio elevado e moradia inclusa. Veja como funciona a vaga para cuidar de c\u00e3o.","breadcrumb":{"@id":"https:\/\/www.em.com.br\/emfoco\/2026\/04\/28\/uma-familia-esta-oferecendo-quase-69-mil-por-ano-para-cuidar-de-seu-cachorro-e-morar-em-sua-propriedade\/#breadcrumb"},"inLanguage":"pt-BR","potentialAction":[{"@type":"ReadAction","target":["https:\/\/www.em.com.br\/emfoco\/2026\/04\/28\/uma-familia-esta-oferecendo-quase-69-mil-por-ano-para-cuidar-de-seu-cachorro-e-morar-em-sua-propriedade\/"]}]},{"@type":"ImageObject","inLanguage":"pt-BR","@id":"https:\/\/www.em.com.br\/emfoco\/2026\/04\/28\/uma-familia-esta-oferecendo-quase-69-mil-por-ano-para-cuidar-de-seu-cachorro-e-morar-em-sua-propriedade\/#primaryimage","url":"https:\/\/www.em.com.br\/emfoco\/wp-content\/uploads\/2026\/04\/EmFoco_33-6.jpg","contentUrl":"https:\/\/www.em.com.br\/emfoco\/wp-content\/uploads\/2026\/04\/EmFoco_33-6.jpg","width":1280,"height":720,"caption":"Vaga de luxo para cuidador de pets oferece alto sal\u00e1rio e moradia"},{"@type":"BreadcrumbList","@id":"https:\/\/www.em.com.br\/emfoco\/2026\/04\/28\/uma-familia-esta-oferecendo-quase-69-mil-por-ano-para-cuidar-de-seu-cachorro-e-morar-em-sua-propriedade\/#breadcrumb","itemListElement":[{"@type":"ListItem","position":1,"name":"In\u00edcio","item":"https:\/\/www.em.com.br\/emfoco\/"},{"@type":"ListItem","position":2,"name":"Uma fam\u00edlia est\u00e1 oferecendo quase 69 mil por ano para cuidar de seu cachorro e morar em sua propriedade"}]},{"@type":"WebSite","@id":"https:\/\/www.em.com.br\/emfoco\/#website","url":"https:\/\/www.em.com.br\/emfoco\/","name":"Estado de Minas - Em foco","description":"Acompanhe as \u00faltimas not\u00edcias e fique bem informado sobre tudo o que acontece em Minas Gerais, Brasil e no mundo.","potentialAction":[{"@type":"SearchAction","target":{"@type":"EntryPoint","urlTemplate":"https:\/\/www.em.com.br\/emfoco\/?s={search_term_string}"},"query-input":{"@type":"PropertyValueSpecification","valueRequired":true,"valueName":"search_term_string"}}],"inLanguage":"pt-BR"},{"@type":"Person","@id":"https:\/\/www.em.com.br\/emfoco\/#\/schema\/person\/60eda09c1fedf0d6891f4cef4b60b8b8","name":"Andre\u0301 Rangel\u00a0","image":{"@type":"ImageObject","inLanguage":"pt-BR","@id":"https:\/\/www.em.com.br\/emfoco\/#\/schema\/person\/image\/","url":"https:\/\/secure.gravatar.com\/avatar\/6234dc814c77c8ef6d8bba622c787efc?s=96&d=mm&r=g","contentUrl":"https:\/\/secure.gravatar.com\/avatar\/6234dc814c77c8ef6d8bba622c787efc?s=96&d=mm&r=g","caption":"Andre\u0301 Rangel\u00a0"},"url":"https:\/\/www.em.com.br\/emfoco\/author\/luizmyth\/"}]}},"_links":{"self":[{"href":"https:\/\/www.em.com.br\/emfoco\/wp-json\/wp\/v2\/posts\/199725","targetHints":{"allow":["GET"]}}],"collection":[{"href":"https:\/\/www.em.com.br\/emfoco\/wp-json\/wp\/v2\/posts"}],"about":[{"href":"https:\/\/www.em.com.br\/emfoco\/wp-json\/wp\/v2\/types\/post"}],"author":[{"embeddable":true,"href":"https:\/\/www.em.com.br\/emfoco\/wp-json\/wp\/v2\/users\/11"}],"replies":[{"embeddable":true,"href":"https:\/\/www.em.com.br\/emfoco\/wp-json\/wp\/v2\/comments?post=199725"}],"version-history":[{"count":3,"href":"https:\/\/www.em.com.br\/emfoco\/wp-json\/wp\/v2\/posts\/199725\/revisions"}],"predecessor-version":[{"id":199747,"href":"https:\/\/www.em.com.br\/emfoco\/wp-json\/wp\/v2\/posts\/199725\/revisions\/199747"}],"wp:featuredmedia":[{"embeddable":true,"href":"https:\/\/www.em.com.br\/emfoco\/wp-json\/wp\/v2\/media\/200608"}],"wp:attachment":[{"href":"https:\/\/www.em.com.br\/emfoco\/wp-json\/wp\/v2\/media?parent=199725"}],"wp:term":[{"taxonomy":"category","embeddable":true,"href":"https:\/\/www.em.com.br\/emfoco\/wp-json\/wp\/v2\/categories?post=199725"},{"taxonomy":"post_tag","embeddable":true,"href":"https:\/\/www.em.com.br\/emfoco\/wp-json\/wp\/v2\/tags?post=199725"}],"curies":[{"name":"wp","href":"https:\/\/api.w.org\/{rel}","templated":true}]}}