{"id":199719,"date":"2026-04-28T12:45:00","date_gmt":"2026-04-28T15:45:00","guid":{"rendered":"https:\/\/www.em.com.br\/emfoco\/?p=199719"},"modified":"2026-04-27T15:30:45","modified_gmt":"2026-04-27T18:30:45","slug":"eis-os-novos-requisitos-para-motoristas-com-mais-de-70-anos-risco-de-perder-a-carteira-de-habilitacao","status":"publish","type":"post","link":"https:\/\/www.em.com.br\/emfoco\/2026\/04\/28\/eis-os-novos-requisitos-para-motoristas-com-mais-de-70-anos-risco-de-perder-a-carteira-de-habilitacao\/","title":{"rendered":"Eis os novos requisitos para motoristas com mais de 70 anos: risco de perder a carteira de habilita\u00e7\u00e3o"},"content":{"rendered":"\n<p>Motoristas com 70 anos ou mais passaram a conviver com regras espec\u00edficas para manter a<strong> Carteira Nacional de Habilita\u00e7\u00e3o<\/strong> (CNH) em dia, com foco em seguran\u00e7a vi\u00e1ria, fiscaliza\u00e7\u00e3o de sa\u00fade f\u00edsica e mental e aten\u00e7\u00e3o especial a doen\u00e7as que costumam surgir ou se agravar na terceira idade, como problemas de vis\u00e3o, card\u00edacos e neurol\u00f3gicos.<\/p>\n\n\n\n<h2 class=\"wp-block-heading\">Quais s\u00e3o os novos prazos de renova\u00e7\u00e3o da CNH para idosos?<\/h2>\n\n\n\n<p>Para essa faixa et\u00e1ria, o <a href=\"https:\/\/www.jusbrasil.com.br\/legislacao\/1882011874\/codigo-de-transito-brasileiro-lei-9503-97\" target=\"_blank\" rel=\"noreferrer noopener\">CTB <\/a>define intervalo m\u00e1ximo de\u00a0<strong>3 anos<\/strong>\u00a0entre os exames de aptid\u00e3o f\u00edsica e mental, prazo menor que o de condutores mais jovens.<\/p>\n\n\n\n<p>Al\u00e9m do prazo padr\u00e3o de tr\u00eas anos, o m\u00e9dico perito do tr\u00e2nsito pode determinar uma&nbsp;<strong>redu\u00e7\u00e3o adicional<\/strong>&nbsp;desse per\u00edodo em caso de doen\u00e7as progressivas, como problemas neurol\u00f3gicos ou card\u00edacos cr\u00f4nicos. Assim, os novos requisitos tentam equilibrar o direito de dirigir com a avalia\u00e7\u00e3o cont\u00ednua das condi\u00e7\u00f5es f\u00edsicas e cognitivas do idoso.<\/p>\n\n\n\n<figure class=\"wp-block-image\"><img decoding=\"async\" src=\"https:\/\/www.em.com.br\/emfoco\/wp-content\/uploads\/2026\/01\/Gemini_Generated_Image_jqjimojqjimojqji-1-1024x576.png\" alt=\"\"\/><figcaption class=\"wp-element-caption\">Renova\u00e7\u00e3o da carteira ap\u00f3s ficou mais r\u00edgida em 2026<\/figcaption><\/figure>\n\n\n\n<h2 class=\"wp-block-heading\">Renova\u00e7\u00e3o autom\u00e1tica continua n\u00e3o valendo para motoristas acima de 70 anos<\/h2>\n\n\n\n<p>A partir de 2026, o governo federal instituiu sistema de&nbsp;<strong>renova\u00e7\u00e3o autom\u00e1tica e gratuita<\/strong>&nbsp;para bons condutores, sem infra\u00e7\u00f5es graves, grav\u00edssimas ou reincid\u00eancia em infra\u00e7\u00f5es m\u00e9dias. Por\u00e9m, os&nbsp;<strong>motoristas com mais de 70 anos<\/strong>&nbsp;ficaram de fora desse benef\u00edcio simplificado e seguem obrigados a comprovar presencialmente sua aptid\u00e3o.<\/p>\n\n\n\n<p>Para essa faixa et\u00e1ria, permanecem exig\u00eancias espec\u00edficas, que priorizam a avalia\u00e7\u00e3o cl\u00ednica e a seguran\u00e7a no tr\u00e2nsito, mesmo quando o hist\u00f3rico de multas \u00e9 exemplar:<\/p>\n\n\n\n<ul class=\"wp-block-list\">\n<li><strong>Exame presencial obrigat\u00f3rio<\/strong>: n\u00e3o h\u00e1 possibilidade de renova\u00e7\u00e3o online ou autom\u00e1tica.<\/li>\n\n\n\n<li><strong>Comparecimento em cl\u00ednica credenciada<\/strong>: avalia\u00e7\u00e3o feita por profissionais habilitados pelo Detran.<\/li>\n\n\n\n<li><strong>Exames de vis\u00e3o e avalia\u00e7\u00e3o cl\u00ednica geral<\/strong>: checagem de acuidade visual, reflexos, coordena\u00e7\u00e3o motora e outras condi\u00e7\u00f5es de sa\u00fade relevantes.<\/li>\n<\/ul>\n\n\n\n<h2 class=\"wp-block-heading\">Quais fatores podem levar motoristas idosos a perder a CNH?<\/h2>\n\n\n\n<p>O risco de perder a <a href=\"https:\/\/www.em.com.br\/emfoco\/2026\/04\/25\/nova-cnh-no-brasil-promete-regras-mais-simples-processo-digital-e-custo-menor-para-tirar-a-primeira-habilitacao\/\" target=\"_blank\" rel=\"noreferrer noopener\">CNH <\/a>para quem tem 70 anos ou mais est\u00e1 diretamente ligado ao resultado dos exames previstos nos\u00a0<strong>novos requisitos para motoristas idosos<\/strong>. Se o laudo apontar que o condutor \u00e9 \u201cinapto\u201d, o direito de dirigir pode ser suspenso ou n\u00e3o renovado, dependendo da gravidade do quadro cl\u00ednico.<\/p>\n\n\n\n<p>Entre os fatores de risco mais observados pelos m\u00e9dicos peritos est\u00e3o problemas de vis\u00e3o, doen\u00e7as neurol\u00f3gicas, condi\u00e7\u00f5es card\u00edacas e transtornos de sa\u00fade mental. Em alguns casos, o condutor pode ser considerado \u201capto com restri\u00e7\u00f5es\u201d, como uso obrigat\u00f3rio de \u00f3culos, dire\u00e7\u00e3o apenas durante o dia ou validade mais curta da CNH.<\/p>\n\n\n\n<figure class=\"wp-block-image\"><img decoding=\"async\" src=\"https:\/\/www.em.com.br\/emfoco\/wp-content\/uploads\/2025\/05\/cnh_1746893062331-1024x576.jpg\" alt=\"\"\/><figcaption class=\"wp-element-caption\">As novas regras que todo motorista precisa conhecer &#8211; Cr\u00e9ditos: depositphotos.com \/ rafapress<\/figcaption><\/figure>\n\n\n\n<h2 class=\"wp-block-heading\">Quais s\u00e3o as consequ\u00eancias de dirigir com a CNH vencida para idosos?<\/h2>\n\n\n\n<p>Al\u00e9m da sa\u00fade, os&nbsp;<strong>requisitos para motoristas com mais de 70 anos<\/strong>&nbsp;envolvem aten\u00e7\u00e3o redobrada aos prazos de validade da habilita\u00e7\u00e3o. Dirigir com a CNH vencida h\u00e1 mais de&nbsp;<strong>30 dias<\/strong>&nbsp;\u00e9 infra\u00e7\u00e3o grav\u00edssima, independentemente da idade, mas o idoso sente mais o impacto por ter de renovar em intervalos menores.<\/p>\n\n\n\n<p>Quando a CNH est\u00e1 vencida, o condutor fica sujeito a multa, registro de 7 pontos e reten\u00e7\u00e3o do ve\u00edculo at\u00e9 apresenta\u00e7\u00e3o de motorista habilitado com documento v\u00e1lido. Assim, acompanhar a data de validade e se programar para renovar com anteced\u00eancia \u00e9 fundamental para evitar san\u00e7\u00f5es e interrup\u00e7\u00f5es no direito de dirigir.<\/p>\n\n\n\n<h2 class=\"wp-block-heading\">Como manter o direito de dirigir ap\u00f3s os 70 anos com seguran\u00e7a?<\/h2>\n\n\n\n<p>Com prazos menores, exames mais rigorosos e exclus\u00e3o da renova\u00e7\u00e3o autom\u00e1tica, motoristas idosos vivem em regime de aten\u00e7\u00e3o constante. A regularidade em consultas m\u00e9dicas, o controle de doen\u00e7as cr\u00f4nicas e a atualiza\u00e7\u00e3o de exames se tornam decisivos para continuar ao volante com seguran\u00e7a e autonomia.<\/p>\n\n\n\n<p>Se voc\u00ea tem 70 anos ou est\u00e1 se aproximando dessa idade, n\u00e3o espere a CNH vencer ou a sa\u00fade piorar para agir: agende seus exames com anteced\u00eancia, acompanhe suas condi\u00e7\u00f5es cl\u00ednicas e busque orienta\u00e7\u00e3o especializada agora mesmo para proteger seu direito de dirigir e a seguran\u00e7a de todos no tr\u00e2nsito.<\/p>\n","protected":false},"excerpt":{"rendered":"<p>Motoristas com 70 anos ou mais passaram a conviver com regras espec\u00edficas para manter a Carteira Nacional de Habilita\u00e7\u00e3o (CNH) em dia, com foco em seguran\u00e7a vi\u00e1ria, fiscaliza\u00e7\u00e3o de sa\u00fade f\u00edsica e mental e aten\u00e7\u00e3o especial a doen\u00e7as que costumam surgir ou se agravar na terceira idade, como problemas de vis\u00e3o, card\u00edacos e neurol\u00f3gicos. Quais [&hellip;]<\/p>\n","protected":false},"author":11,"featured_media":200587,"comment_status":"open","ping_status":"open","sticky":false,"template":"","format":"standard","meta":{"jnews-multi-image_gallery":[],"jnews_single_post":{"format":"standard"},"jnews_primary_category":[],"jnews_social_meta":[],"jnews_override_counter":[],"footnotes":""},"categories":[28,1],"tags":[830,26146,1661,829,23699],"class_list":["post-199719","post","type-post","status-publish","format-standard","has-post-thumbnail","hentry","category-economia","category-noticias","tag-cnh","tag-cnh-para-idosos","tag-motoristas","tag-renovacao","tag-renovar-a-cnh"],"yoast_head":"<!-- This site is optimized with the Yoast SEO plugin v23.8 - https:\/\/yoast.com\/wordpress\/plugins\/seo\/ -->\n<title>Eis os novos requisitos para motoristas com mais de 70 anos: risco de perder a carteira de habilita\u00e7\u00e3o - Estado de Minas - Em foco<\/title>\n<meta name=\"description\" content=\"CNH para idosos exige renova\u00e7\u00e3o mais frequente e exames presenciais. Saiba as regras para motoristas acima de 70 anos.\" \/>\n<meta name=\"robots\" content=\"index, follow, max-snippet:-1, max-image-preview:large, max-video-preview:-1\" \/>\n<link rel=\"canonical\" href=\"https:\/\/www.em.com.br\/emfoco\/2026\/04\/28\/eis-os-novos-requisitos-para-motoristas-com-mais-de-70-anos-risco-de-perder-a-carteira-de-habilitacao\/\" \/>\n<meta property=\"og:locale\" content=\"pt_BR\" \/>\n<meta property=\"og:type\" content=\"article\" \/>\n<meta property=\"og:title\" content=\"Eis os novos requisitos para motoristas com mais de 70 anos: risco de perder a carteira de habilita\u00e7\u00e3o - Estado de Minas - Em foco\" \/>\n<meta property=\"og:description\" content=\"CNH para idosos exige renova\u00e7\u00e3o mais frequente e exames presenciais. Saiba as regras para motoristas acima de 70 anos.\" \/>\n<meta property=\"og:url\" content=\"https:\/\/www.em.com.br\/emfoco\/2026\/04\/28\/eis-os-novos-requisitos-para-motoristas-com-mais-de-70-anos-risco-de-perder-a-carteira-de-habilitacao\/\" \/>\n<meta property=\"og:site_name\" content=\"Estado de Minas - Em foco\" \/>\n<meta property=\"article:published_time\" content=\"2026-04-28T15:45:00+00:00\" \/>\n<meta property=\"article:modified_time\" content=\"2026-04-27T18:30:45+00:00\" \/>\n<meta property=\"og:image\" content=\"https:\/\/www.em.com.br\/emfoco\/wp-content\/uploads\/2026\/04\/EmFoco_28-7.jpg\" \/>\n\t<meta property=\"og:image:width\" content=\"1280\" \/>\n\t<meta property=\"og:image:height\" content=\"720\" \/>\n\t<meta property=\"og:image:type\" content=\"image\/jpeg\" \/>\n<meta name=\"author\" content=\"Andre\u0301 Rangel\u00a0\" \/>\n<meta name=\"twitter:card\" content=\"summary_large_image\" \/>\n<meta name=\"twitter:label1\" content=\"Escrito por\" \/>\n\t<meta name=\"twitter:data1\" content=\"Andre\u0301 Rangel\u00a0\" \/>\n\t<meta name=\"twitter:label2\" content=\"Est. tempo de leitura\" \/>\n\t<meta name=\"twitter:data2\" content=\"5 minutos\" \/>\n<!-- \/ Yoast SEO plugin. -->","yoast_head_json":{"title":"Eis os novos requisitos para motoristas com mais de 70 anos: risco de perder a carteira de habilita\u00e7\u00e3o - Estado de Minas - Em foco","description":"CNH para idosos exige renova\u00e7\u00e3o mais frequente e exames presenciais. Saiba as regras para motoristas acima de 70 anos.","robots":{"index":"index","follow":"follow","max-snippet":"max-snippet:-1","max-image-preview":"max-image-preview:large","max-video-preview":"max-video-preview:-1"},"canonical":"https:\/\/www.em.com.br\/emfoco\/2026\/04\/28\/eis-os-novos-requisitos-para-motoristas-com-mais-de-70-anos-risco-de-perder-a-carteira-de-habilitacao\/","og_locale":"pt_BR","og_type":"article","og_title":"Eis os novos requisitos para motoristas com mais de 70 anos: risco de perder a carteira de habilita\u00e7\u00e3o - Estado de Minas - Em foco","og_description":"CNH para idosos exige renova\u00e7\u00e3o mais frequente e exames presenciais. Saiba as regras para motoristas acima de 70 anos.","og_url":"https:\/\/www.em.com.br\/emfoco\/2026\/04\/28\/eis-os-novos-requisitos-para-motoristas-com-mais-de-70-anos-risco-de-perder-a-carteira-de-habilitacao\/","og_site_name":"Estado de Minas - Em foco","article_published_time":"2026-04-28T15:45:00+00:00","article_modified_time":"2026-04-27T18:30:45+00:00","og_image":[{"width":1280,"height":720,"url":"https:\/\/www.em.com.br\/emfoco\/wp-content\/uploads\/2026\/04\/EmFoco_28-7.jpg","type":"image\/jpeg"}],"author":"Andre\u0301 Rangel\u00a0","twitter_card":"summary_large_image","twitter_misc":{"Escrito por":"Andre\u0301 Rangel\u00a0","Est. tempo de leitura":"5 minutos"},"schema":{"@context":"https:\/\/schema.org","@graph":[{"@type":"WebPage","@id":"https:\/\/www.em.com.br\/emfoco\/2026\/04\/28\/eis-os-novos-requisitos-para-motoristas-com-mais-de-70-anos-risco-de-perder-a-carteira-de-habilitacao\/","url":"https:\/\/www.em.com.br\/emfoco\/2026\/04\/28\/eis-os-novos-requisitos-para-motoristas-com-mais-de-70-anos-risco-de-perder-a-carteira-de-habilitacao\/","name":"Eis os novos requisitos para motoristas com mais de 70 anos: risco de perder a carteira de habilita\u00e7\u00e3o - Estado de Minas - Em foco","isPartOf":{"@id":"https:\/\/www.em.com.br\/emfoco\/#website"},"primaryImageOfPage":{"@id":"https:\/\/www.em.com.br\/emfoco\/2026\/04\/28\/eis-os-novos-requisitos-para-motoristas-com-mais-de-70-anos-risco-de-perder-a-carteira-de-habilitacao\/#primaryimage"},"image":{"@id":"https:\/\/www.em.com.br\/emfoco\/2026\/04\/28\/eis-os-novos-requisitos-para-motoristas-com-mais-de-70-anos-risco-de-perder-a-carteira-de-habilitacao\/#primaryimage"},"thumbnailUrl":"https:\/\/www.em.com.br\/emfoco\/wp-content\/uploads\/2026\/04\/EmFoco_28-7.jpg","datePublished":"2026-04-28T15:45:00+00:00","dateModified":"2026-04-27T18:30:45+00:00","author":{"@id":"https:\/\/www.em.com.br\/emfoco\/#\/schema\/person\/60eda09c1fedf0d6891f4cef4b60b8b8"},"description":"CNH para idosos exige renova\u00e7\u00e3o mais frequente e exames presenciais. Saiba as regras para motoristas acima de 70 anos.","breadcrumb":{"@id":"https:\/\/www.em.com.br\/emfoco\/2026\/04\/28\/eis-os-novos-requisitos-para-motoristas-com-mais-de-70-anos-risco-de-perder-a-carteira-de-habilitacao\/#breadcrumb"},"inLanguage":"pt-BR","potentialAction":[{"@type":"ReadAction","target":["https:\/\/www.em.com.br\/emfoco\/2026\/04\/28\/eis-os-novos-requisitos-para-motoristas-com-mais-de-70-anos-risco-de-perder-a-carteira-de-habilitacao\/"]}]},{"@type":"ImageObject","inLanguage":"pt-BR","@id":"https:\/\/www.em.com.br\/emfoco\/2026\/04\/28\/eis-os-novos-requisitos-para-motoristas-com-mais-de-70-anos-risco-de-perder-a-carteira-de-habilitacao\/#primaryimage","url":"https:\/\/www.em.com.br\/emfoco\/wp-content\/uploads\/2026\/04\/EmFoco_28-7.jpg","contentUrl":"https:\/\/www.em.com.br\/emfoco\/wp-content\/uploads\/2026\/04\/EmFoco_28-7.jpg","width":1280,"height":720,"caption":"Novos prazos e exames presenciais obrigat\u00f3rios refor\u00e7am a seguran\u00e7a vi\u00e1ria para condutores idosos"},{"@type":"BreadcrumbList","@id":"https:\/\/www.em.com.br\/emfoco\/2026\/04\/28\/eis-os-novos-requisitos-para-motoristas-com-mais-de-70-anos-risco-de-perder-a-carteira-de-habilitacao\/#breadcrumb","itemListElement":[{"@type":"ListItem","position":1,"name":"In\u00edcio","item":"https:\/\/www.em.com.br\/emfoco\/"},{"@type":"ListItem","position":2,"name":"Eis os novos requisitos para motoristas com mais de 70 anos: risco de perder a carteira de habilita\u00e7\u00e3o"}]},{"@type":"WebSite","@id":"https:\/\/www.em.com.br\/emfoco\/#website","url":"https:\/\/www.em.com.br\/emfoco\/","name":"Estado de Minas - Em foco","description":"Acompanhe as \u00faltimas not\u00edcias e fique bem informado sobre tudo o que acontece em Minas Gerais, Brasil e no mundo.","potentialAction":[{"@type":"SearchAction","target":{"@type":"EntryPoint","urlTemplate":"https:\/\/www.em.com.br\/emfoco\/?s={search_term_string}"},"query-input":{"@type":"PropertyValueSpecification","valueRequired":true,"valueName":"search_term_string"}}],"inLanguage":"pt-BR"},{"@type":"Person","@id":"https:\/\/www.em.com.br\/emfoco\/#\/schema\/person\/60eda09c1fedf0d6891f4cef4b60b8b8","name":"Andre\u0301 Rangel\u00a0","image":{"@type":"ImageObject","inLanguage":"pt-BR","@id":"https:\/\/www.em.com.br\/emfoco\/#\/schema\/person\/image\/","url":"https:\/\/secure.gravatar.com\/avatar\/6234dc814c77c8ef6d8bba622c787efc?s=96&d=mm&r=g","contentUrl":"https:\/\/secure.gravatar.com\/avatar\/6234dc814c77c8ef6d8bba622c787efc?s=96&d=mm&r=g","caption":"Andre\u0301 Rangel\u00a0"},"url":"https:\/\/www.em.com.br\/emfoco\/author\/luizmyth\/"}]}},"_links":{"self":[{"href":"https:\/\/www.em.com.br\/emfoco\/wp-json\/wp\/v2\/posts\/199719","targetHints":{"allow":["GET"]}}],"collection":[{"href":"https:\/\/www.em.com.br\/emfoco\/wp-json\/wp\/v2\/posts"}],"about":[{"href":"https:\/\/www.em.com.br\/emfoco\/wp-json\/wp\/v2\/types\/post"}],"author":[{"embeddable":true,"href":"https:\/\/www.em.com.br\/emfoco\/wp-json\/wp\/v2\/users\/11"}],"replies":[{"embeddable":true,"href":"https:\/\/www.em.com.br\/emfoco\/wp-json\/wp\/v2\/comments?post=199719"}],"version-history":[{"count":2,"href":"https:\/\/www.em.com.br\/emfoco\/wp-json\/wp\/v2\/posts\/199719\/revisions"}],"predecessor-version":[{"id":199734,"href":"https:\/\/www.em.com.br\/emfoco\/wp-json\/wp\/v2\/posts\/199719\/revisions\/199734"}],"wp:featuredmedia":[{"embeddable":true,"href":"https:\/\/www.em.com.br\/emfoco\/wp-json\/wp\/v2\/media\/200587"}],"wp:attachment":[{"href":"https:\/\/www.em.com.br\/emfoco\/wp-json\/wp\/v2\/media?parent=199719"}],"wp:term":[{"taxonomy":"category","embeddable":true,"href":"https:\/\/www.em.com.br\/emfoco\/wp-json\/wp\/v2\/categories?post=199719"},{"taxonomy":"post_tag","embeddable":true,"href":"https:\/\/www.em.com.br\/emfoco\/wp-json\/wp\/v2\/tags?post=199719"}],"curies":[{"name":"wp","href":"https:\/\/api.w.org\/{rel}","templated":true}]}}