{"id":199672,"date":"2026-04-26T10:08:00","date_gmt":"2026-04-26T13:08:00","guid":{"rendered":"https:\/\/www.em.com.br\/emfoco\/?p=199672"},"modified":"2026-04-26T05:48:44","modified_gmt":"2026-04-26T08:48:44","slug":"o-que-significa-tomar-cafe-sem-acucar-segundo-a-psicologia","status":"publish","type":"post","link":"https:\/\/www.em.com.br\/emfoco\/2026\/04\/26\/o-que-significa-tomar-cafe-sem-acucar-segundo-a-psicologia\/","title":{"rendered":"O que significa tomar caf\u00e9 sem a\u00e7\u00facar, segundo a psicologia"},"content":{"rendered":"\n<p>Voc\u00ea j\u00e1 parou para pensar no que aquela x\u00edcara de caf\u00e9 preto, sem nenhum a\u00e7\u00facar, pode dizer sobre voc\u00ea? Parece exagero, mas a <strong>psicologia comportamental<\/strong> encontrou algo bem interessante nesse h\u00e1bito t\u00e3o comum. O jeito como a gente se relaciona com os sabores, especialmente com o amargo, pode revelar tra\u00e7os da nossa <strong>personalidade<\/strong>, do nosso <strong>autocontrole<\/strong> e at\u00e9 da forma como enfrentamos os desafios do dia a dia. Isso mesmo: o seu cafezinho da manh\u00e3 pode ser um pequeno espelho da sua mente.<\/p>\n\n\n\n<h2 class=\"wp-block-heading\">O que a psicologia diz sobre a prefer\u00eancia pelo caf\u00e9 sem a\u00e7\u00facar<\/h2>\n\n\n\n<p>A <strong>psicologia comportamental<\/strong> estuda como as pequenas escolhas do cotidiano refletem padr\u00f5es mais profundos de comportamento e emo\u00e7\u00e3o. E o que a gente come e bebe est\u00e1 longe de ser aleat\u00f3rio. Pesquisadores da Universidade de Innsbruck, na \u00c1ustria, investigaram a rela\u00e7\u00e3o entre a prefer\u00eancia por <strong>sabores amargos<\/strong> e tra\u00e7os de personalidade, e o que encontraram surpreende: pessoas que gostam do amargor tendem a apresentar mais <strong>autocontrole<\/strong>, autenticidade e resist\u00eancia a press\u00f5es externas.<\/p>\n\n\n\n<p>Isso n\u00e3o significa que quem toma caf\u00e9 com a\u00e7\u00facar seja menos interessante ou menos resiliente, nada disso. A psicologia acolhe e explica, sem julgar. O que os estudos sugerem \u00e9 que a escolha pelo caf\u00e9 puro pode ser um sinal de que a pessoa consegue lidar com o desconforto sem precisar suaviz\u00e1-lo imediatamente, uma habilidade emocional valiosa na vida real.<\/p>\n\n\n\n<figure class=\"wp-block-image size-large\"><img loading=\"lazy\" decoding=\"async\" width=\"1024\" height=\"576\" src=\"https:\/\/www.em.com.br\/emfoco\/wp-content\/uploads\/2026\/04\/O-que-significa-tomar-cafe-sem-acucar-segundo-a-psicologia-1-1024x576.jpg\" alt=\"O que significa tomar caf\u00e9 sem a\u00e7\u00facar, segundo a psicologia\" class=\"wp-image-199679\" srcset=\"https:\/\/www.em.com.br\/emfoco\/wp-content\/uploads\/2026\/04\/O-que-significa-tomar-cafe-sem-acucar-segundo-a-psicologia-1-1024x576.jpg 1024w, https:\/\/www.em.com.br\/emfoco\/wp-content\/uploads\/2026\/04\/O-que-significa-tomar-cafe-sem-acucar-segundo-a-psicologia-1-300x169.jpg 300w, https:\/\/www.em.com.br\/emfoco\/wp-content\/uploads\/2026\/04\/O-que-significa-tomar-cafe-sem-acucar-segundo-a-psicologia-1-768x432.jpg 768w, https:\/\/www.em.com.br\/emfoco\/wp-content\/uploads\/2026\/04\/O-que-significa-tomar-cafe-sem-acucar-segundo-a-psicologia-1-750x422.jpg 750w, https:\/\/www.em.com.br\/emfoco\/wp-content\/uploads\/2026\/04\/O-que-significa-tomar-cafe-sem-acucar-segundo-a-psicologia-1-1140x641.jpg 1140w, https:\/\/www.em.com.br\/emfoco\/wp-content\/uploads\/2026\/04\/O-que-significa-tomar-cafe-sem-acucar-segundo-a-psicologia-1.jpg 1280w\" sizes=\"auto, (max-width: 1024px) 100vw, 1024px\" \/><figcaption class=\"wp-element-caption\">O gosto pelo amargo revela mais do que parece.<\/figcaption><\/figure>\n\n\n\n<h2 class=\"wp-block-heading\">Como esse comportamento aparece no nosso dia a dia<\/h2>\n\n\n\n<p>Pensa assim: quem consegue apreciar algo intenso e amargo sem precisar ado\u00e7ar est\u00e1, de certa forma, praticando uma vers\u00e3o cotidiana de <strong>resili\u00eancia emocional<\/strong>. Na vida pr\u00e1tica, esse perfil costuma aparecer em pessoas que preferem encarar os problemas de frente em vez de evit\u00e1-los, que valorizam a honestidade nas rela\u00e7\u00f5es e que n\u00e3o dependem de aprova\u00e7\u00e3o externa para se sentir bem. \u00c9 aquela amiga que fala o que pensa, que n\u00e3o fica rodeando o assunto, que resolve o que precisa resolver.<\/p>\n\n\n\n<p>No contexto da fam\u00edlia e dos relacionamentos, esse tra\u00e7o de <strong>autocontrole<\/strong> tamb\u00e9m aparece: \u00e9 a capacidade de adiar uma recompensa imediata em fun\u00e7\u00e3o de algo mais importante l\u00e1 na frente. Em termos de bem-estar, a psicologia entende que pessoas com esse perfil tendem a ter uma <strong>identidade<\/strong> mais s\u00f3lida e consistente, porque suas escolhas s\u00e3o guiadas por valores internos, e n\u00e3o apenas pelo que est\u00e1 mais f\u00e1cil ou mais agrad\u00e1vel no momento.<\/p>\n\n\n\n<h2 class=\"wp-block-heading\">Autenticidade e autoconhecimento: o que mais a psicologia revela<\/h2>\n\n\n\n<p>Outro aspecto fascinante que a psicologia traz sobre esse h\u00e1bito \u00e9 a conex\u00e3o com a <strong>autenticidade<\/strong>. Escolher o caf\u00e9 sem a\u00e7\u00facar em um mundo onde tudo tende ao doce, ao f\u00e1cil e ao imediato \u00e9, simbolicamente, uma declara\u00e7\u00e3o de <strong>identidade<\/strong>. Para a psicologia, comportamentos repetidos com coer\u00eancia s\u00e3o uma das formas mais eficazes de consolidar quem a gente \u00e9. Cada vez que voc\u00ea faz aquela escolha consciente, est\u00e1, sem perceber, refor\u00e7ando sua forma de se posicionar diante da vida.<\/p>\n\n\n\n<p>A <strong>autoconsci\u00eancia emocional<\/strong> tamb\u00e9m entra nessa hist\u00f3ria. Quem prefere o caf\u00e9 puro muitas vezes apresenta maior clareza sobre o que sente e o que quer, sem precisar de est\u00edmulos externos para se equilibrar emocionalmente. Isso n\u00e3o significa frieza, pelo contr\u00e1rio: \u00e9 uma forma de <strong>intelig\u00eancia emocional<\/strong> que se manifesta nas pequenas escolhas do cotidiano, como aquela x\u00edcara fumegante logo cedo.<\/p>\n\n\n\n<link href=\"https:\/\/fonts.googleapis.com\/css2?family=Inter:wght@400;600;700;800&#038;display=swap\" rel=\"stylesheet\">\r\n<style>\r\n\/* Prote\u00e7\u00e3o contra inje\u00e7\u00e3o do \"Veja Tamb\u00e9m\" (JNews inline related posts) *\/\r\n.rdp-pontos-wrapper .jnews_inline_related_post_wrapper,\r\n.rdp-pontos-wrapper .jnews_inline_related_post,\r\n.rdp-pontos-wrapper .jeg_postblock,\r\n.rdp-pontos-wrapper [class*=\"jnews_inline\"],\r\n.rdp-pontos-wrapper [class*=\"jeg_postblock\"],\r\n.rdp-pontos-wrapper [class*=\"jeg_block\"] {\r\n  display: none !important;\r\n  height: 0 !important;\r\n  max-height: 0 !important;\r\n  overflow: hidden !important;\r\n  visibility: hidden !important;\r\n  margin: 0 !important;\r\n  padding: 0 !important;\r\n  border: none !important;\r\n  font-size: 0 !important;\r\n  line-height: 0 !important;\r\n}\r\n.rdp-pontos-wrapper {\r\n  max-width: 100%;\r\n  margin: 32px 0;\r\n  background: #F8F9FA;\r\n  border: 1px solid #E0E0E0;\r\n  border-radius: 12px;\r\n  padding: 28px 28px 20px;\r\n  font-family: 'Inter', sans-serif;\r\n  box-shadow: 0 4px 20px rgba(47,195,238,0.12);\r\n  overflow: hidden;\r\n  contain: layout style;\r\n  isolation: isolate;\r\n  position: relative;\r\n  z-index: 1;\r\n}\r\n.rdp-pontos-wrapper > *:not(.rdp-pontos-title):not(.rdp-pontos-grid) {\r\n  display: none !important;\r\n  height: 0 !important;\r\n  overflow: hidden !important;\r\n  margin: 0 !important;\r\n  padding: 0 !important;\r\n  border: none !important;\r\n}\r\n.rdp-pontos-title {\r\n  font-family: 'Inter', sans-serif;\r\n  font-size: 20px;\r\n  font-weight: 800;\r\n  color: #1A1A1A;\r\n  margin: 0 0 20px 0;\r\n  line-height: 1.3;\r\n  text-align: center;\r\n}\r\n.rdp-pontos-grid {\r\n  display: grid;\r\n  grid-template-columns: repeat(3, 1fr);\r\n  gap: 18px;\r\n}\r\n.rdp-pontos-item {\r\n  background: #FFFFFF;\r\n  border: 1px solid #E0E0E0;\r\n  border-top: 3px solid #2FC3EE;\r\n  border-radius: 10px;\r\n  padding: 22px 20px;\r\n  box-shadow: 0 2px 10px rgba(47,195,238,0.10);\r\n  transition: box-shadow 0.3s ease, border-color 0.3s ease;\r\n  text-align: center;\r\n}\r\n.rdp-pontos-item:hover {\r\n  box-shadow: 0 4px 20px rgba(47,195,238,0.22);\r\n  border-color: #2FC3EE;\r\n}\r\n.rdp-pontos-emoji {\r\n  font-size: 32px;\r\n  line-height: 1;\r\n  margin-bottom: 12px;\r\n  display: block;\r\n  text-align: center;\r\n}\r\n.rdp-pontos-item-title {\r\n  font-size: 15px;\r\n  font-weight: 700;\r\n  color: #1A1A1A;\r\n  margin-bottom: 8px;\r\n  line-height: 1.3;\r\n}\r\n.rdp-pontos-item-desc {\r\n  font-size: 14px;\r\n  color: #333333;\r\n  line-height: 1.6;\r\n  margin: 0;\r\n}\r\n@media (max-width: 768px) {\r\n  .rdp-pontos-wrapper {\r\n    padding: 20px 16px 14px;\r\n  }\r\n  .rdp-pontos-grid {\r\n    grid-template-columns: 1fr;\r\n    gap: 14px;\r\n  }\r\n  .rdp-pontos-title {\r\n    font-size: 18px;\r\n  }\r\n}\r\n<\/style>\r\n<div class=\"rdp-pontos-wrapper\">\r\n  <div class=\"rdp-pontos-title\">Pontos-chave da psicologia<\/div>\r\n  <div class=\"rdp-pontos-grid\">\r\n    <div class=\"rdp-pontos-item\">\r\n      <span class=\"rdp-pontos-emoji\">\u2615<\/span>\r\n      <div class=\"rdp-pontos-item-title\">Sabor amargo e personalidade<\/div>\r\n      <p class=\"rdp-pontos-item-desc\">Pesquisas associam a prefer\u00eancia por sabores amargos a tra\u00e7os como autocontrole e toler\u00e2ncia ao desconforto, caracter\u00edsticas que se refletem em muitas \u00e1reas da vida.<\/p>\r\n    <\/div>\r\n    <div class=\"rdp-pontos-item\">\r\n      <span class=\"rdp-pontos-emoji\">\ud83c\udf31<\/span>\r\n      <div class=\"rdp-pontos-item-title\">Pequenas escolhas, grande impacto<\/div>\r\n      <p class=\"rdp-pontos-item-desc\">Para a psicologia comportamental, h\u00e1bitos repetidos com coer\u00eancia constroem a identidade e revelam como a pessoa lida com emo\u00e7\u00f5es e desafios do cotidiano.<\/p>\r\n    <\/div>\r\n    <div class=\"rdp-pontos-item\">\r\n      <span class=\"rdp-pontos-emoji\">\u2728<\/span>\r\n      <div class=\"rdp-pontos-item-title\">Autenticidade como valor interno<\/div>\r\n      <p class=\"rdp-pontos-item-desc\">Quem escolhe o caf\u00e9 puro tende a valorizar experi\u00eancias genu\u00ednas e apresenta menor depend\u00eancia de est\u00edmulos externos para se sentir equilibrada emocionalmente.<\/p>\r\n    <\/div>\r\n  <\/div>\r\n<\/div>\r\n<div style=\"clear:both;height:0;overflow:hidden;\"><\/div>\n\n\n\n<p>A rela\u00e7\u00e3o entre comportamento alimentar e aspectos psicol\u00f3gicos \u00e9 um campo que vem crescendo bastante nas pesquisas brasileiras. Para quem quer se aprofundar, a <a href=\"https:\/\/www.scielo.br\/j\/rn\/a\/pWWHhNC8CCD7yT4pbxPvK3L\" target=\"_blank\" rel=\"noreferrer noopener\">revis\u00e3o publicada na Revista de Nutri\u00e7\u00e3o sobre os determinantes do comportamento alimentar<\/a> traz uma vis\u00e3o detalhada de como fatores emocionais, cognitivos e sociais influenciam as nossas escolhas \u00e0 mesa e no copo.<\/p>\n\n\n\n<h2 class=\"wp-block-heading\">Por que entender isso pode transformar sua vida<\/h2>\n\n\n\n<p>Quando a gente come\u00e7a a perceber que at\u00e9 as pequenas escolhas do dia a dia carregam significado, algo muda internamente. Esse tipo de <strong>autoconhecimento<\/strong> \u00e9 exatamente o que a psicologia prop\u00f5e: n\u00e3o para nos rotular ou nos limitar, mas para ampliar nossa compreens\u00e3o sobre quem somos. Entender que voc\u00ea tem uma tend\u00eancia ao <strong>autocontrole<\/strong> ou \u00e0 autenticidade pode te ajudar a se relacionar melhor consigo mesma, a respeitar seu jeito de ser e a lidar com mais leveza com situa\u00e7\u00f5es desafiadoras.<\/p>\n\n\n\n<p>Nos relacionamentos, essa consci\u00eancia tamb\u00e9m faz diferen\u00e7a. Quando voc\u00ea entende seus pr\u00f3prios padr\u00f5es de comportamento e emo\u00e7\u00e3o, fica mais f\u00e1cil comunicar o que sente, estabelecer limites saud\u00e1veis e construir v\u00ednculos mais genu\u00ednos. A <strong>sa\u00fade mental<\/strong> se fortalece justamente nessa capacidade de se observar com curiosidade e sem julgamento.<\/p>\n\n\n\n<h2 class=\"wp-block-heading\">O que a psicologia ainda est\u00e1 descobrindo sobre h\u00e1bitos e personalidade<\/h2>\n\n\n\n<p>A ci\u00eancia do comportamento humano est\u00e1 longe de encerrar esse assunto. Pesquisadores continuam investigando como os h\u00e1bitos alimentares se conectam com tra\u00e7os de <strong>personalidade<\/strong>, <strong>bem-estar emocional<\/strong> e sa\u00fade mental ao longo da vida. Uma das quest\u00f5es mais fascinantes \u00e9 entender at\u00e9 que ponto nossas prefer\u00eancias de sabor s\u00e3o moldadas pela nossa hist\u00f3ria emocional e pelos v\u00ednculos que constru\u00edmos desde a inf\u00e2ncia. Quanto mais a psicologia avan\u00e7a nesse campo, mais ela refor\u00e7a uma ideia bonita: que o <strong>autoconhecimento<\/strong> come\u00e7a nos gestos mais simples do cotidiano.<\/p>\n\n\n\n<p>Da pr\u00f3xima vez que voc\u00ea for tomar aquele cafezinho, seja com ou sem a\u00e7\u00facar, talvez valha a pena pausar um segundo e se perguntar: o que essa escolha diz sobre mim? A psicologia nos convida exatamente a isso, olhar para a pr\u00f3pria vida com mais curiosidade, mais carinho e menos julgamento.<\/p>\n","protected":false},"excerpt":{"rendered":"<p>Voc\u00ea j\u00e1 parou para pensar no que aquela x\u00edcara de caf\u00e9 preto, sem nenhum a\u00e7\u00facar, pode dizer sobre voc\u00ea? Parece exagero, mas a psicologia comportamental encontrou algo bem interessante nesse h\u00e1bito t\u00e3o comum. O jeito como a gente se relaciona com os sabores, especialmente com o amargo, pode revelar tra\u00e7os da nossa personalidade, do nosso [&hellip;]<\/p>\n","protected":false},"author":5,"featured_media":199680,"comment_status":"open","ping_status":"open","sticky":false,"template":"","format":"standard","meta":{"jnews-multi-image_gallery":[],"jnews_single_post":{"format":"standard"},"jnews_primary_category":[],"jnews_social_meta":[],"jnews_override_counter":[],"footnotes":""},"categories":[8819],"tags":[28777,5155],"class_list":["post-199672","post","type-post","status-publish","format-standard","has-post-thumbnail","hentry","category-curiosidades","tag-cafe-2","tag-psicologia"],"yoast_head":"<!-- This site is optimized with the Yoast SEO plugin v23.8 - https:\/\/yoast.com\/wordpress\/plugins\/seo\/ -->\n<title>O que significa tomar caf\u00e9 sem a\u00e7\u00facar, segundo a psicologia - Estado de Minas - Em foco<\/title>\n<meta name=\"description\" content=\"O jeito de lidar com prefer\u00eancias simples pode revelar detalhes curiosos sobre comportamento, emo\u00e7\u00f5es e decis\u00f5es ao longo da rotina.\" \/>\n<meta name=\"robots\" content=\"index, follow, max-snippet:-1, max-image-preview:large, max-video-preview:-1\" \/>\n<link rel=\"canonical\" href=\"https:\/\/www.em.com.br\/emfoco\/2026\/04\/26\/o-que-significa-tomar-cafe-sem-acucar-segundo-a-psicologia\/\" \/>\n<meta property=\"og:locale\" content=\"pt_BR\" \/>\n<meta property=\"og:type\" content=\"article\" \/>\n<meta property=\"og:title\" content=\"O que significa tomar caf\u00e9 sem a\u00e7\u00facar, segundo a psicologia - Estado de Minas - Em foco\" \/>\n<meta property=\"og:description\" content=\"O jeito de lidar com prefer\u00eancias simples pode revelar detalhes curiosos sobre comportamento, emo\u00e7\u00f5es e decis\u00f5es ao longo da rotina.\" \/>\n<meta property=\"og:url\" content=\"https:\/\/www.em.com.br\/emfoco\/2026\/04\/26\/o-que-significa-tomar-cafe-sem-acucar-segundo-a-psicologia\/\" \/>\n<meta property=\"og:site_name\" content=\"Estado de Minas - Em foco\" \/>\n<meta property=\"article:published_time\" content=\"2026-04-26T13:08:00+00:00\" \/>\n<meta property=\"article:modified_time\" content=\"2026-04-26T08:48:44+00:00\" \/>\n<meta property=\"og:image\" content=\"https:\/\/www.em.com.br\/emfoco\/wp-content\/uploads\/2026\/04\/O-que-significa-tomar-cafe-sem-acucar-segundo-a-psicologia.jpg\" \/>\n\t<meta property=\"og:image:width\" content=\"1280\" \/>\n\t<meta property=\"og:image:height\" content=\"720\" \/>\n\t<meta property=\"og:image:type\" content=\"image\/jpeg\" \/>\n<meta name=\"author\" content=\"N\u00fabia Rangel\" \/>\n<meta name=\"twitter:card\" content=\"summary_large_image\" \/>\n<meta name=\"twitter:label1\" content=\"Escrito por\" \/>\n\t<meta name=\"twitter:data1\" content=\"N\u00fabia Rangel\" \/>\n\t<meta name=\"twitter:label2\" content=\"Est. tempo de leitura\" \/>\n\t<meta name=\"twitter:data2\" content=\"6 minutos\" \/>\n<!-- \/ Yoast SEO plugin. -->","yoast_head_json":{"title":"O que significa tomar caf\u00e9 sem a\u00e7\u00facar, segundo a psicologia - Estado de Minas - Em foco","description":"O jeito de lidar com prefer\u00eancias simples pode revelar detalhes curiosos sobre comportamento, emo\u00e7\u00f5es e decis\u00f5es ao longo da rotina.","robots":{"index":"index","follow":"follow","max-snippet":"max-snippet:-1","max-image-preview":"max-image-preview:large","max-video-preview":"max-video-preview:-1"},"canonical":"https:\/\/www.em.com.br\/emfoco\/2026\/04\/26\/o-que-significa-tomar-cafe-sem-acucar-segundo-a-psicologia\/","og_locale":"pt_BR","og_type":"article","og_title":"O que significa tomar caf\u00e9 sem a\u00e7\u00facar, segundo a psicologia - Estado de Minas - Em foco","og_description":"O jeito de lidar com prefer\u00eancias simples pode revelar detalhes curiosos sobre comportamento, emo\u00e7\u00f5es e decis\u00f5es ao longo da rotina.","og_url":"https:\/\/www.em.com.br\/emfoco\/2026\/04\/26\/o-que-significa-tomar-cafe-sem-acucar-segundo-a-psicologia\/","og_site_name":"Estado de Minas - Em foco","article_published_time":"2026-04-26T13:08:00+00:00","article_modified_time":"2026-04-26T08:48:44+00:00","og_image":[{"width":1280,"height":720,"url":"https:\/\/www.em.com.br\/emfoco\/wp-content\/uploads\/2026\/04\/O-que-significa-tomar-cafe-sem-acucar-segundo-a-psicologia.jpg","type":"image\/jpeg"}],"author":"N\u00fabia Rangel","twitter_card":"summary_large_image","twitter_misc":{"Escrito por":"N\u00fabia Rangel","Est. tempo de leitura":"6 minutos"},"schema":{"@context":"https:\/\/schema.org","@graph":[{"@type":"WebPage","@id":"https:\/\/www.em.com.br\/emfoco\/2026\/04\/26\/o-que-significa-tomar-cafe-sem-acucar-segundo-a-psicologia\/","url":"https:\/\/www.em.com.br\/emfoco\/2026\/04\/26\/o-que-significa-tomar-cafe-sem-acucar-segundo-a-psicologia\/","name":"O que significa tomar caf\u00e9 sem a\u00e7\u00facar, segundo a psicologia - Estado de Minas - Em foco","isPartOf":{"@id":"https:\/\/www.em.com.br\/emfoco\/#website"},"primaryImageOfPage":{"@id":"https:\/\/www.em.com.br\/emfoco\/2026\/04\/26\/o-que-significa-tomar-cafe-sem-acucar-segundo-a-psicologia\/#primaryimage"},"image":{"@id":"https:\/\/www.em.com.br\/emfoco\/2026\/04\/26\/o-que-significa-tomar-cafe-sem-acucar-segundo-a-psicologia\/#primaryimage"},"thumbnailUrl":"https:\/\/www.em.com.br\/emfoco\/wp-content\/uploads\/2026\/04\/O-que-significa-tomar-cafe-sem-acucar-segundo-a-psicologia.jpg","datePublished":"2026-04-26T13:08:00+00:00","dateModified":"2026-04-26T08:48:44+00:00","author":{"@id":"https:\/\/www.em.com.br\/emfoco\/#\/schema\/person\/524437ef54f8a5d32591b143307f2e20"},"description":"O jeito de lidar com prefer\u00eancias simples pode revelar detalhes curiosos sobre comportamento, emo\u00e7\u00f5es e decis\u00f5es ao longo da rotina.","breadcrumb":{"@id":"https:\/\/www.em.com.br\/emfoco\/2026\/04\/26\/o-que-significa-tomar-cafe-sem-acucar-segundo-a-psicologia\/#breadcrumb"},"inLanguage":"pt-BR","potentialAction":[{"@type":"ReadAction","target":["https:\/\/www.em.com.br\/emfoco\/2026\/04\/26\/o-que-significa-tomar-cafe-sem-acucar-segundo-a-psicologia\/"]}]},{"@type":"ImageObject","inLanguage":"pt-BR","@id":"https:\/\/www.em.com.br\/emfoco\/2026\/04\/26\/o-que-significa-tomar-cafe-sem-acucar-segundo-a-psicologia\/#primaryimage","url":"https:\/\/www.em.com.br\/emfoco\/wp-content\/uploads\/2026\/04\/O-que-significa-tomar-cafe-sem-acucar-segundo-a-psicologia.jpg","contentUrl":"https:\/\/www.em.com.br\/emfoco\/wp-content\/uploads\/2026\/04\/O-que-significa-tomar-cafe-sem-acucar-segundo-a-psicologia.jpg","width":1280,"height":720,"caption":"Caf\u00e9 sem a\u00e7\u00facar pode refletir escolhas internas."},{"@type":"BreadcrumbList","@id":"https:\/\/www.em.com.br\/emfoco\/2026\/04\/26\/o-que-significa-tomar-cafe-sem-acucar-segundo-a-psicologia\/#breadcrumb","itemListElement":[{"@type":"ListItem","position":1,"name":"In\u00edcio","item":"https:\/\/www.em.com.br\/emfoco\/"},{"@type":"ListItem","position":2,"name":"O que significa tomar caf\u00e9 sem a\u00e7\u00facar, segundo a psicologia"}]},{"@type":"WebSite","@id":"https:\/\/www.em.com.br\/emfoco\/#website","url":"https:\/\/www.em.com.br\/emfoco\/","name":"Estado de Minas - Em foco","description":"Acompanhe as \u00faltimas not\u00edcias e fique bem informado sobre tudo o que acontece em Minas Gerais, Brasil e no mundo.","potentialAction":[{"@type":"SearchAction","target":{"@type":"EntryPoint","urlTemplate":"https:\/\/www.em.com.br\/emfoco\/?s={search_term_string}"},"query-input":{"@type":"PropertyValueSpecification","valueRequired":true,"valueName":"search_term_string"}}],"inLanguage":"pt-BR"},{"@type":"Person","@id":"https:\/\/www.em.com.br\/emfoco\/#\/schema\/person\/524437ef54f8a5d32591b143307f2e20","name":"N\u00fabia Rangel","image":{"@type":"ImageObject","inLanguage":"pt-BR","@id":"https:\/\/www.em.com.br\/emfoco\/#\/schema\/person\/image\/","url":"https:\/\/secure.gravatar.com\/avatar\/47cff2827a5ba23c37e8068c86817ea4?s=96&d=mm&r=g","contentUrl":"https:\/\/secure.gravatar.com\/avatar\/47cff2827a5ba23c37e8068c86817ea4?s=96&d=mm&r=g","caption":"N\u00fabia Rangel"},"sameAs":["https:\/\/www.em.com.br\/emfoco\/"],"url":"https:\/\/www.em.com.br\/emfoco\/author\/nubiamyth\/"}]}},"_links":{"self":[{"href":"https:\/\/www.em.com.br\/emfoco\/wp-json\/wp\/v2\/posts\/199672","targetHints":{"allow":["GET"]}}],"collection":[{"href":"https:\/\/www.em.com.br\/emfoco\/wp-json\/wp\/v2\/posts"}],"about":[{"href":"https:\/\/www.em.com.br\/emfoco\/wp-json\/wp\/v2\/types\/post"}],"author":[{"embeddable":true,"href":"https:\/\/www.em.com.br\/emfoco\/wp-json\/wp\/v2\/users\/5"}],"replies":[{"embeddable":true,"href":"https:\/\/www.em.com.br\/emfoco\/wp-json\/wp\/v2\/comments?post=199672"}],"version-history":[{"count":2,"href":"https:\/\/www.em.com.br\/emfoco\/wp-json\/wp\/v2\/posts\/199672\/revisions"}],"predecessor-version":[{"id":199681,"href":"https:\/\/www.em.com.br\/emfoco\/wp-json\/wp\/v2\/posts\/199672\/revisions\/199681"}],"wp:featuredmedia":[{"embeddable":true,"href":"https:\/\/www.em.com.br\/emfoco\/wp-json\/wp\/v2\/media\/199680"}],"wp:attachment":[{"href":"https:\/\/www.em.com.br\/emfoco\/wp-json\/wp\/v2\/media?parent=199672"}],"wp:term":[{"taxonomy":"category","embeddable":true,"href":"https:\/\/www.em.com.br\/emfoco\/wp-json\/wp\/v2\/categories?post=199672"},{"taxonomy":"post_tag","embeddable":true,"href":"https:\/\/www.em.com.br\/emfoco\/wp-json\/wp\/v2\/tags?post=199672"}],"curies":[{"name":"wp","href":"https:\/\/api.w.org\/{rel}","templated":true}]}}