{"id":199668,"date":"2026-04-28T07:55:00","date_gmt":"2026-04-28T10:55:00","guid":{"rendered":"https:\/\/www.em.com.br\/emfoco\/?p=199668"},"modified":"2026-04-27T15:29:59","modified_gmt":"2026-04-27T18:29:59","slug":"lei-confirma-que-todos-os-inquilinos-devem-pagar-pelo-elevador-mesmo-que-nao-o-utilizem","status":"publish","type":"post","link":"https:\/\/www.em.com.br\/emfoco\/2026\/04\/28\/lei-confirma-que-todos-os-inquilinos-devem-pagar-pelo-elevador-mesmo-que-nao-o-utilizem\/","title":{"rendered":"Lei confirma que todos os inquilinos devem pagar pelo elevador, mesmo que n\u00e3o o utilizem"},"content":{"rendered":"\n<p>Em muitos pr\u00e9dios residenciais e mistos na <strong>Espanha<\/strong>, a conviv\u00eancia na&nbsp;<strong>comunidade de propriet\u00e1rios<\/strong>&nbsp;ainda gera d\u00favidas e conflitos sobre quem paga o qu\u00ea nas \u00e1reas comuns. A legisla\u00e7\u00e3o parte de um princ\u00edpio direto: todos os vizinhos contribuem de forma proporcional \u00e0 sua cota de participa\u00e7\u00e3o, independentemente de quanto usam cada servi\u00e7o, o que torna essencial entender a <strong>Lei de Propriedade Horizontal <\/strong>(LPH), a conven\u00e7\u00e3o e os estatutos internos.<\/p>\n\n\n\n<h2 class=\"wp-block-heading\">O que \u00e9 a comunidade de propriet\u00e1rios e como ela \u00e9 organizada<\/h2>\n\n\n\n<p>A&nbsp;<strong>comunidade de propriet\u00e1rios<\/strong>&nbsp;re\u00fane juridicamente todos os donos de im\u00f3veis em um mesmo edif\u00edcio ou conjunto, incluindo apartamentos, garagens, dep\u00f3sitos e lojas. Cada unidade tem uma parte privativa e uma fra\u00e7\u00e3o insepar\u00e1vel nas \u00e1reas comuns, a chamada&nbsp;<em>cota de participa\u00e7\u00e3o<\/em>, que serve de base para o c\u00e1lculo das contribui\u00e7\u00f5es.<\/p>\n\n\n\n<p>A gest\u00e3o costuma ser exercida por um presidente e, muitas vezes, por um administrador profissional ou comiss\u00e3o eleita em assembleia. Entre as fun\u00e7\u00f5es est\u00e3o contratar servi\u00e7os, gerir cobran\u00e7as e inadimpl\u00eancia, convocar reuni\u00f5es e aplicar decis\u00f5es aprovadas, sempre em conformidade com a LPH e as regras internas.<\/p>\n\n\n\n<figure class=\"wp-block-image size-large\"><img loading=\"lazy\" decoding=\"async\" width=\"1024\" height=\"576\" src=\"https:\/\/www.em.com.br\/emfoco\/wp-content\/uploads\/2026\/04\/Gemini_Generated_Image_o48acpo48acpo48a-1-1024x576.png\" alt=\"Lei revela quem paga despesas no pr\u00e9dio\" class=\"wp-image-199693\" srcset=\"https:\/\/www.em.com.br\/emfoco\/wp-content\/uploads\/2026\/04\/Gemini_Generated_Image_o48acpo48acpo48a-1-1024x576.png 1024w, https:\/\/www.em.com.br\/emfoco\/wp-content\/uploads\/2026\/04\/Gemini_Generated_Image_o48acpo48acpo48a-1-300x169.png 300w, https:\/\/www.em.com.br\/emfoco\/wp-content\/uploads\/2026\/04\/Gemini_Generated_Image_o48acpo48acpo48a-1-768x432.png 768w, https:\/\/www.em.com.br\/emfoco\/wp-content\/uploads\/2026\/04\/Gemini_Generated_Image_o48acpo48acpo48a-1-750x422.png 750w, https:\/\/www.em.com.br\/emfoco\/wp-content\/uploads\/2026\/04\/Gemini_Generated_Image_o48acpo48acpo48a-1-1140x641.png 1140w, https:\/\/www.em.com.br\/emfoco\/wp-content\/uploads\/2026\/04\/Gemini_Generated_Image_o48acpo48acpo48a-1.png 1280w\" sizes=\"auto, (max-width: 1024px) 100vw, 1024px\" \/><figcaption class=\"wp-element-caption\">Lei revela quem paga despesas no pr\u00e9dio<\/figcaption><\/figure>\n\n\n\n<h2 class=\"wp-block-heading\">Como funcionam as despesas comuns no Brasil em 2026<\/h2>\n\n\n\n<p>No <strong>Brasil<\/strong>, a l\u00f3gica de rateio \u00e9 semelhante \u00e0 espanhola: em regra, o propriet\u00e1rio \u00e9 obrigado a pagar as despesas do elevador e das demais \u00e1reas comuns, mesmo que more no t\u00e9rreo ou quase n\u00e3o use o equipamento. A legisla\u00e7\u00e3o condominial e a jurisprud\u00eancia entendem que o elevador integra o patrim\u00f4nio comum do edif\u00edcio e impacta seguran\u00e7a, acessibilidade e valoriza\u00e7\u00e3o do <a href=\"https:\/\/www.em.com.br\/emfoco\/2026\/04\/20\/uma-mulher-foi-condenada-a-indenizar-o-irmao-com-deficiencia-auditiva-por-desvio-de-valores-da-venda-de-um-imovel\/\" target=\"_blank\" rel=\"noreferrer noopener\">im\u00f3vel <\/a>como um todo.<\/p>\n\n\n\n<p>Para tornar esse entendimento mais objetivo, a legisla\u00e7\u00e3o e os tribunais se apoiam em alguns fundamentos centrais, que ajudam s\u00edndicos e cond\u00f4minos a evitar conflitos recorrentes sobre \u201cquem paga o qu\u00ea\u201d no condom\u00ednio:<\/p>\n\n\n\n<ul class=\"wp-block-list\">\n<li><strong>Bem comum e fra\u00e7\u00e3o ideal<\/strong>: o <strong><a href=\"https:\/\/www.google.com\/aclk?sa=L&amp;pf=1&amp;ai=DChsSEwjv7pPlkIqUAxUAQkgAHavCCSEYACICCAEQABoCY2U&amp;co=1&amp;ase=2&amp;gclid=CjwKCAjwzLHPBhBTEiwABaLsSp7b1OtGfXmWAyAFFhP9XKcNLj4hZoTNJV9BOkLw_Vihz41HYHwnEBoCfi4QAvD_BwE&amp;cid=CAAS0gHkaK4BiXM0xDbMVtcrgsZG1e81SWZRrO0d8cOZZLTBaiLFVgvVSILUI_HG2uvGTRBS6lazhxujiKbv0kR0Qr-oO8jMuCevvP8jGII_72MppMIROPUXH_gaakuiwICkwMFNUxURgwAyyLFGvz1St05Mi294gCxM_Bw_x0fnA8N9kOZqliv67Yo8gGhEl08lymgKYJRTvsMbdrq9FMPq7HahcmKM8pMTDinKTXJOwzwtehFfxHsdFN0QNS8e0xFSQQD3l-MmTlFoLyHOojR-Rxaym5g&amp;cce=2&amp;category=acrcp_v1_32&amp;sig=AOD64_3Gl7UsvRb4Bpmw-_Bi4KOH2fbyqQ&amp;q&amp;nis=4&amp;adurl=https:\/\/www.jusbrasil.com.br\/legislacao\/busca?q%3Dart.%2B1336%2Bdo%2Bc%25C3%25B3digo%2Bcivil%26utm_source%3Dgoogle%26utm_medium%3Dcpc%26utm_campaign%3Dlr_dsa_legislacao%26utm_term%3D%26utm_content%3Dlegislacao%26campaign%3Dtrue%26gad_source%3D1%26gad_campaignid%3D20980987346%26gbraid%3D0AAAAABQbqekx10j22BzVQP7kVRa9C2vUG%26gclid%3DCjwKCAjwzLHPBhBTEiwABaLsSp7b1OtGfXmWAyAFFhP9XKcNLj4hZoTNJV9BOkLw_Vihz41HYHwnEBoCfi4QAvD_BwE&amp;ved=2ahUKEwirtI7lkIqUAxViLrkGHSy5ACoQ0Qx6BAgPEAE\" target=\"_blank\" rel=\"noreferrer noopener\">artigo 1.336 do C\u00f3digo Civil <\/a><\/strong>prev\u00ea que as despesas ordin\u00e1rias do condom\u00ednio sejam rateadas de acordo com a fra\u00e7\u00e3o ideal de cada unidade, salvo disposi\u00e7\u00e3o diversa na conven\u00e7\u00e3o. O elevador \u00e9 parte comum e estrutural e, por isso, integra esse rateio.<\/li>\n\n\n\n<li><strong>Valoriza\u00e7\u00e3o do im\u00f3vel<\/strong>: mesmo quem n\u00e3o usa o elevador se beneficia de sua exist\u00eancia, pois ele aumenta o valor de mercado e a atratividade do pr\u00e9dio. O STJ refor\u00e7a que essa valoriza\u00e7\u00e3o coletiva justifica o pagamento por todos.<\/li>\n\n\n\n<li><strong>Acessibilidade e uso potencial<\/strong>: quando o elevador d\u00e1 acesso a \u00e1reas comuns, como terra\u00e7os, sal\u00f5es de festas ou garagens, h\u00e1 possibilidade real de uso por todos, ainda que eventual, consolidando a obriga\u00e7\u00e3o de contribuir.<\/li>\n\n\n\n<li><strong>Exce\u00e7\u00f5es pontuais<\/strong>: a conven\u00e7\u00e3o pode prever isen\u00e7\u00f5es espec\u00edficas, como lojas t\u00e9rreas com entrada totalmente independente, ou \u00e1reas comuns de uso exclusivo, caso em que se aplica o<strong> <a href=\"https:\/\/www.jusbrasil.com.br\/topicos\/10644862\/artigo-1340-da-lei-n-10406-de-10-de-janeiro-de-2002\" target=\"_blank\" rel=\"noreferrer noopener\">Artigo 1.340 do C\u00f3digo Civil<\/a><\/strong>.<\/li>\n<\/ul>\n\n\n\n<h2 class=\"wp-block-heading\">Quem deve pagar as despesas comuns na comunidade de propriet\u00e1rios<\/h2>\n\n\n\n<p>Um dos pontos mais discutidos \u00e9 a obriga\u00e7\u00e3o de pagar despesas comuns mesmo quando o propriet\u00e1rio quase n\u00e3o utiliza certos servi\u00e7os. O<strong> artigo 9 da LPH<\/strong> determina que cada titular deve contribuir para os gastos gerais necess\u00e1rios \u00e0 conserva\u00e7\u00e3o do im\u00f3vel, dos servi\u00e7os e encargos que n\u00e3o possam ser individualizados, sem vincular esse dever ao uso efetivo.<\/p>\n\n\n\n<p>Assim, at\u00e9 quem vive no t\u00e9rreo ou raramente usa o elevador participa de seus custos, salvo exce\u00e7\u00e3o estatut\u00e1ria muito espec\u00edfica. Em termos pr\u00e1ticos, as despesas costumam ser agrupadas em gastos obrigat\u00f3rios (estrutura, seguros, acessibilidade), servi\u00e7os recorrentes (limpeza, ilumina\u00e7\u00e3o, porteiro, jardinagem) e gastos extraordin\u00e1rios, como grandes reformas ou substitui\u00e7\u00e3o integral de elevadores.<\/p>\n\n\n\n<figure class=\"wp-block-image size-large\"><img loading=\"lazy\" decoding=\"async\" width=\"1024\" height=\"576\" src=\"https:\/\/www.em.com.br\/emfoco\/wp-content\/uploads\/2026\/04\/ChatGPT-Image-25-de-abr.-de-2026-20_23_43-1-1024x576.png\" alt=\"Lei revela quem paga despesas no pr\u00e9dio\" class=\"wp-image-199695\" srcset=\"https:\/\/www.em.com.br\/emfoco\/wp-content\/uploads\/2026\/04\/ChatGPT-Image-25-de-abr.-de-2026-20_23_43-1-1024x576.png 1024w, https:\/\/www.em.com.br\/emfoco\/wp-content\/uploads\/2026\/04\/ChatGPT-Image-25-de-abr.-de-2026-20_23_43-1-300x169.png 300w, https:\/\/www.em.com.br\/emfoco\/wp-content\/uploads\/2026\/04\/ChatGPT-Image-25-de-abr.-de-2026-20_23_43-1-768x432.png 768w, https:\/\/www.em.com.br\/emfoco\/wp-content\/uploads\/2026\/04\/ChatGPT-Image-25-de-abr.-de-2026-20_23_43-1-750x422.png 750w, https:\/\/www.em.com.br\/emfoco\/wp-content\/uploads\/2026\/04\/ChatGPT-Image-25-de-abr.-de-2026-20_23_43-1-1140x642.png 1140w, https:\/\/www.em.com.br\/emfoco\/wp-content\/uploads\/2026\/04\/ChatGPT-Image-25-de-abr.-de-2026-20_23_43-1.png 1279w\" sizes=\"auto, (max-width: 1024px) 100vw, 1024px\" \/><figcaption class=\"wp-element-caption\">Lei revela quem paga despesas no pr\u00e9dio<\/figcaption><\/figure>\n\n\n\n<h2 class=\"wp-block-heading\">Como a Lei de Propriedade Horizontal trata obras e manuten\u00e7\u00f5es<\/h2>\n\n\n\n<p>O <strong>artigo 10.1 da LPH<\/strong> define quais interven\u00e7\u00f5es s\u00e3o obrigat\u00f3rias, mesmo sem acordo pr\u00e9vio em assembleia, quando visam cumprir o dever de conserva\u00e7\u00e3o, seguran\u00e7a e acessibilidade do edif\u00edcio. Nessas hip\u00f3teses, a&nbsp;<strong>comunidade de propriet\u00e1rios<\/strong>&nbsp;\u00e9 obrigada a executar as obras e repartir os custos conforme as cotas, ainda que alguns vizinhos discordem ou n\u00e3o se sintam diretamente beneficiados.<\/p>\n\n\n\n<p>Para facilitar a gest\u00e3o em assembleia, costuma-se classificar as obras em tr\u00eas blocos: conserva\u00e7\u00e3o obrigat\u00f3ria (como reparos urgentes em telhado e fachadas), acessibilidade (elevadores, rampas, plataformas) e melhorias volunt\u00e1rias, como piscina, academia ou altera\u00e7\u00f5es est\u00e9ticas n\u00e3o exigidas por norma legal ou t\u00e9cnica.<\/p>\n\n\n\n<h2 class=\"wp-block-heading\">Por que conhecer a comunidade de propriet\u00e1rios evita preju\u00edzos e o que fazer agora<\/h2>\n\n\n\n<p>Cada propriet\u00e1rio deve pagar suas cotas, respeitar normas internas, usar corretamente as \u00e1reas comuns e cuidar de sua unidade para n\u00e3o causar danos a terceiros, sob pena de responsabilidade direta. Quando cond\u00f4minos entendem como funciona a&nbsp;<strong>comunidade de propriet\u00e1rios<\/strong>, as despesas obrigat\u00f3rias e a LPH, as discuss\u00f5es deixam de ser emocionais e passam a seguir crit\u00e9rios claros, reduzindo conflitos e decis\u00f5es de \u00faltima hora.<\/p>\n\n\n\n<p>Se voc\u00ea mora ou pensa em comprar um im\u00f3vel em pr\u00e9dio na Espanha, n\u00e3o espere o pr\u00f3ximo conflito: pe\u00e7a a conven\u00e7\u00e3o e os estatutos, leia as atas recentes, consulte um profissional especializado e regularize sua situa\u00e7\u00e3o hoje. Adiar esse passo pode significar multas, a\u00e7\u00f5es judiciais e obras impostas sem tempo de rea\u00e7\u00e3o \u2014 informe-se e se posicione agora para n\u00e3o pagar caro depois.<\/p>\n","protected":false},"excerpt":{"rendered":"<p>Em muitos pr\u00e9dios residenciais e mistos na Espanha, a conviv\u00eancia na&nbsp;comunidade de propriet\u00e1rios&nbsp;ainda gera d\u00favidas e conflitos sobre quem paga o qu\u00ea nas \u00e1reas comuns. A legisla\u00e7\u00e3o parte de um princ\u00edpio direto: todos os vizinhos contribuem de forma proporcional \u00e0 sua cota de participa\u00e7\u00e3o, independentemente de quanto usam cada servi\u00e7o, o que torna essencial entender [&hellip;]<\/p>\n","protected":false},"author":11,"featured_media":200592,"comment_status":"open","ping_status":"open","sticky":false,"template":"","format":"standard","meta":{"jnews-multi-image_gallery":[],"jnews_single_post":{"format":"standard"},"jnews_primary_category":[],"jnews_social_meta":[],"jnews_override_counter":[],"footnotes":""},"categories":[28,1],"tags":[17687,16244,19553,28775,28776],"class_list":["post-199668","post","type-post","status-publish","format-standard","has-post-thumbnail","hentry","category-economia","category-noticias","tag-condominio","tag-elevador","tag-lei-de-propriedade-horizontal","tag-regras-do-predio","tag-taxas-do-condominio"],"yoast_head":"<!-- This site is optimized with the Yoast SEO plugin v23.8 - https:\/\/yoast.com\/wordpress\/plugins\/seo\/ -->\n<title>Lei confirma que todos os inquilinos devem pagar pelo elevador, mesmo que n\u00e3o o utilizem - Estado de Minas - Em foco<\/title>\n<meta name=\"description\" content=\"Comunidade de propriet\u00e1rios define quem paga \u00e1reas comuns. Entenda regras do pr\u00e9dio e evite preju\u00edzos inesperados.\" \/>\n<meta name=\"robots\" content=\"index, follow, max-snippet:-1, max-image-preview:large, max-video-preview:-1\" \/>\n<link rel=\"canonical\" href=\"https:\/\/www.em.com.br\/emfoco\/2026\/04\/28\/lei-confirma-que-todos-os-inquilinos-devem-pagar-pelo-elevador-mesmo-que-nao-o-utilizem\/\" \/>\n<meta property=\"og:locale\" content=\"pt_BR\" \/>\n<meta property=\"og:type\" content=\"article\" \/>\n<meta property=\"og:title\" content=\"Lei confirma que todos os inquilinos devem pagar pelo elevador, mesmo que n\u00e3o o utilizem - Estado de Minas - Em foco\" \/>\n<meta property=\"og:description\" content=\"Comunidade de propriet\u00e1rios define quem paga \u00e1reas comuns. Entenda regras do pr\u00e9dio e evite preju\u00edzos inesperados.\" \/>\n<meta property=\"og:url\" content=\"https:\/\/www.em.com.br\/emfoco\/2026\/04\/28\/lei-confirma-que-todos-os-inquilinos-devem-pagar-pelo-elevador-mesmo-que-nao-o-utilizem\/\" \/>\n<meta property=\"og:site_name\" content=\"Estado de Minas - Em foco\" \/>\n<meta property=\"article:published_time\" content=\"2026-04-28T10:55:00+00:00\" \/>\n<meta property=\"article:modified_time\" content=\"2026-04-27T18:29:59+00:00\" \/>\n<meta property=\"og:image\" content=\"https:\/\/www.em.com.br\/emfoco\/wp-content\/uploads\/2026\/04\/EmFoco_23-7.jpg\" \/>\n\t<meta property=\"og:image:width\" content=\"1280\" \/>\n\t<meta property=\"og:image:height\" content=\"720\" \/>\n\t<meta property=\"og:image:type\" content=\"image\/jpeg\" \/>\n<meta name=\"author\" content=\"Andre\u0301 Rangel\u00a0\" \/>\n<meta name=\"twitter:card\" content=\"summary_large_image\" \/>\n<meta name=\"twitter:label1\" content=\"Escrito por\" \/>\n\t<meta name=\"twitter:data1\" content=\"Andre\u0301 Rangel\u00a0\" \/>\n\t<meta name=\"twitter:label2\" content=\"Est. tempo de leitura\" \/>\n\t<meta name=\"twitter:data2\" content=\"5 minutos\" \/>\n<!-- \/ Yoast SEO plugin. -->","yoast_head_json":{"title":"Lei confirma que todos os inquilinos devem pagar pelo elevador, mesmo que n\u00e3o o utilizem - Estado de Minas - Em foco","description":"Comunidade de propriet\u00e1rios define quem paga \u00e1reas comuns. Entenda regras do pr\u00e9dio e evite preju\u00edzos inesperados.","robots":{"index":"index","follow":"follow","max-snippet":"max-snippet:-1","max-image-preview":"max-image-preview:large","max-video-preview":"max-video-preview:-1"},"canonical":"https:\/\/www.em.com.br\/emfoco\/2026\/04\/28\/lei-confirma-que-todos-os-inquilinos-devem-pagar-pelo-elevador-mesmo-que-nao-o-utilizem\/","og_locale":"pt_BR","og_type":"article","og_title":"Lei confirma que todos os inquilinos devem pagar pelo elevador, mesmo que n\u00e3o o utilizem - Estado de Minas - Em foco","og_description":"Comunidade de propriet\u00e1rios define quem paga \u00e1reas comuns. Entenda regras do pr\u00e9dio e evite preju\u00edzos inesperados.","og_url":"https:\/\/www.em.com.br\/emfoco\/2026\/04\/28\/lei-confirma-que-todos-os-inquilinos-devem-pagar-pelo-elevador-mesmo-que-nao-o-utilizem\/","og_site_name":"Estado de Minas - Em foco","article_published_time":"2026-04-28T10:55:00+00:00","article_modified_time":"2026-04-27T18:29:59+00:00","og_image":[{"width":1280,"height":720,"url":"https:\/\/www.em.com.br\/emfoco\/wp-content\/uploads\/2026\/04\/EmFoco_23-7.jpg","type":"image\/jpeg"}],"author":"Andre\u0301 Rangel\u00a0","twitter_card":"summary_large_image","twitter_misc":{"Escrito por":"Andre\u0301 Rangel\u00a0","Est. tempo de leitura":"5 minutos"},"schema":{"@context":"https:\/\/schema.org","@graph":[{"@type":"WebPage","@id":"https:\/\/www.em.com.br\/emfoco\/2026\/04\/28\/lei-confirma-que-todos-os-inquilinos-devem-pagar-pelo-elevador-mesmo-que-nao-o-utilizem\/","url":"https:\/\/www.em.com.br\/emfoco\/2026\/04\/28\/lei-confirma-que-todos-os-inquilinos-devem-pagar-pelo-elevador-mesmo-que-nao-o-utilizem\/","name":"Lei confirma que todos os inquilinos devem pagar pelo elevador, mesmo que n\u00e3o o utilizem - Estado de Minas - Em foco","isPartOf":{"@id":"https:\/\/www.em.com.br\/emfoco\/#website"},"primaryImageOfPage":{"@id":"https:\/\/www.em.com.br\/emfoco\/2026\/04\/28\/lei-confirma-que-todos-os-inquilinos-devem-pagar-pelo-elevador-mesmo-que-nao-o-utilizem\/#primaryimage"},"image":{"@id":"https:\/\/www.em.com.br\/emfoco\/2026\/04\/28\/lei-confirma-que-todos-os-inquilinos-devem-pagar-pelo-elevador-mesmo-que-nao-o-utilizem\/#primaryimage"},"thumbnailUrl":"https:\/\/www.em.com.br\/emfoco\/wp-content\/uploads\/2026\/04\/EmFoco_23-7.jpg","datePublished":"2026-04-28T10:55:00+00:00","dateModified":"2026-04-27T18:29:59+00:00","author":{"@id":"https:\/\/www.em.com.br\/emfoco\/#\/schema\/person\/60eda09c1fedf0d6891f4cef4b60b8b8"},"description":"Comunidade de propriet\u00e1rios define quem paga \u00e1reas comuns. Entenda regras do pr\u00e9dio e evite preju\u00edzos inesperados.","breadcrumb":{"@id":"https:\/\/www.em.com.br\/emfoco\/2026\/04\/28\/lei-confirma-que-todos-os-inquilinos-devem-pagar-pelo-elevador-mesmo-que-nao-o-utilizem\/#breadcrumb"},"inLanguage":"pt-BR","potentialAction":[{"@type":"ReadAction","target":["https:\/\/www.em.com.br\/emfoco\/2026\/04\/28\/lei-confirma-que-todos-os-inquilinos-devem-pagar-pelo-elevador-mesmo-que-nao-o-utilizem\/"]}]},{"@type":"ImageObject","inLanguage":"pt-BR","@id":"https:\/\/www.em.com.br\/emfoco\/2026\/04\/28\/lei-confirma-que-todos-os-inquilinos-devem-pagar-pelo-elevador-mesmo-que-nao-o-utilizem\/#primaryimage","url":"https:\/\/www.em.com.br\/emfoco\/wp-content\/uploads\/2026\/04\/EmFoco_23-7.jpg","contentUrl":"https:\/\/www.em.com.br\/emfoco\/wp-content\/uploads\/2026\/04\/EmFoco_23-7.jpg","width":1280,"height":720,"caption":"Legisla\u00e7\u00e3o estabelece rateio proporcional de despesas comuns independentemente do uso efetivo das \u00e1reas"},{"@type":"BreadcrumbList","@id":"https:\/\/www.em.com.br\/emfoco\/2026\/04\/28\/lei-confirma-que-todos-os-inquilinos-devem-pagar-pelo-elevador-mesmo-que-nao-o-utilizem\/#breadcrumb","itemListElement":[{"@type":"ListItem","position":1,"name":"In\u00edcio","item":"https:\/\/www.em.com.br\/emfoco\/"},{"@type":"ListItem","position":2,"name":"Lei confirma que todos os inquilinos devem pagar pelo elevador, mesmo que n\u00e3o o utilizem"}]},{"@type":"WebSite","@id":"https:\/\/www.em.com.br\/emfoco\/#website","url":"https:\/\/www.em.com.br\/emfoco\/","name":"Estado de Minas - Em foco","description":"Acompanhe as \u00faltimas not\u00edcias e fique bem informado sobre tudo o que acontece em Minas Gerais, Brasil e no mundo.","potentialAction":[{"@type":"SearchAction","target":{"@type":"EntryPoint","urlTemplate":"https:\/\/www.em.com.br\/emfoco\/?s={search_term_string}"},"query-input":{"@type":"PropertyValueSpecification","valueRequired":true,"valueName":"search_term_string"}}],"inLanguage":"pt-BR"},{"@type":"Person","@id":"https:\/\/www.em.com.br\/emfoco\/#\/schema\/person\/60eda09c1fedf0d6891f4cef4b60b8b8","name":"Andre\u0301 Rangel\u00a0","image":{"@type":"ImageObject","inLanguage":"pt-BR","@id":"https:\/\/www.em.com.br\/emfoco\/#\/schema\/person\/image\/","url":"https:\/\/secure.gravatar.com\/avatar\/6234dc814c77c8ef6d8bba622c787efc?s=96&d=mm&r=g","contentUrl":"https:\/\/secure.gravatar.com\/avatar\/6234dc814c77c8ef6d8bba622c787efc?s=96&d=mm&r=g","caption":"Andre\u0301 Rangel\u00a0"},"url":"https:\/\/www.em.com.br\/emfoco\/author\/luizmyth\/"}]}},"_links":{"self":[{"href":"https:\/\/www.em.com.br\/emfoco\/wp-json\/wp\/v2\/posts\/199668","targetHints":{"allow":["GET"]}}],"collection":[{"href":"https:\/\/www.em.com.br\/emfoco\/wp-json\/wp\/v2\/posts"}],"about":[{"href":"https:\/\/www.em.com.br\/emfoco\/wp-json\/wp\/v2\/types\/post"}],"author":[{"embeddable":true,"href":"https:\/\/www.em.com.br\/emfoco\/wp-json\/wp\/v2\/users\/11"}],"replies":[{"embeddable":true,"href":"https:\/\/www.em.com.br\/emfoco\/wp-json\/wp\/v2\/comments?post=199668"}],"version-history":[{"count":4,"href":"https:\/\/www.em.com.br\/emfoco\/wp-json\/wp\/v2\/posts\/199668\/revisions"}],"predecessor-version":[{"id":199700,"href":"https:\/\/www.em.com.br\/emfoco\/wp-json\/wp\/v2\/posts\/199668\/revisions\/199700"}],"wp:featuredmedia":[{"embeddable":true,"href":"https:\/\/www.em.com.br\/emfoco\/wp-json\/wp\/v2\/media\/200592"}],"wp:attachment":[{"href":"https:\/\/www.em.com.br\/emfoco\/wp-json\/wp\/v2\/media?parent=199668"}],"wp:term":[{"taxonomy":"category","embeddable":true,"href":"https:\/\/www.em.com.br\/emfoco\/wp-json\/wp\/v2\/categories?post=199668"},{"taxonomy":"post_tag","embeddable":true,"href":"https:\/\/www.em.com.br\/emfoco\/wp-json\/wp\/v2\/tags?post=199668"}],"curies":[{"name":"wp","href":"https:\/\/api.w.org\/{rel}","templated":true}]}}