{"id":199655,"date":"2026-04-26T05:38:00","date_gmt":"2026-04-26T08:38:00","guid":{"rendered":"https:\/\/www.em.com.br\/emfoco\/?p=199655"},"modified":"2026-04-25T20:39:32","modified_gmt":"2026-04-25T23:39:32","slug":"o-que-significa-quando-alguem-responde-ok-sem-mais-palavras-segundo-a-psicologia","status":"publish","type":"post","link":"https:\/\/www.em.com.br\/emfoco\/2026\/04\/26\/o-que-significa-quando-alguem-responde-ok-sem-mais-palavras-segundo-a-psicologia\/","title":{"rendered":"O que significa quando algu\u00e9m responde &#8220;OK&#8221; sem mais palavras segundo a psicologia?"},"content":{"rendered":"\n<p>Voc\u00ea mandou uma mensagem com carinho, explicou uma situa\u00e7\u00e3o importante ou pediu algo com muita aten\u00e7\u00e3o, e a resposta que voltou foi apenas um &#8220;OK&#8221;. Sem ponto de exclama\u00e7\u00e3o, sem emoji, sem mais nada. Aquela sensa\u00e7\u00e3o estranha que bate na sequ\u00eancia, um misto de d\u00favida e desconforto, tem um nome na psicologia: \u00e9 o impacto da <strong>comunica\u00e7\u00e3o passivo-agressiva<\/strong>. E acredite, esse comportamento \u00e9 muito mais comum nos relacionamentos do que a gente imagina, aparecendo em casa, no trabalho, nas amizades e at\u00e9 nas mensagens com quem a gente mais ama.<\/p>\n\n\n\n<h2 class=\"wp-block-heading\">O que a psicologia diz sobre o &#8220;OK&#8221; sem palavras<\/h2>\n\n\n\n<p>Para a psicologia, a forma como nos comunicamos revela muito sobre o que sentimos por dentro. Quando uma pessoa responde com um monoss\u00edlabo frio, como o famoso &#8220;OK&#8221; seco, ela n\u00e3o est\u00e1 apenas sendo breve. Na maioria das vezes, esse comportamento \u00e9 uma express\u00e3o indireta de raiva, m\u00e1goa ou insatisfa\u00e7\u00e3o. \u00c9 o que os especialistas chamam de <strong>comunica\u00e7\u00e3o passivo-agressiva<\/strong>, um estilo em que a agressividade n\u00e3o aparece de forma direta, mas se esconde nas entrelinhas, nas palavras que faltam, no tom que esfria de repente.<\/p>\n\n\n\n<p>A psicologia identifica basicamente quatro estilos de comunica\u00e7\u00e3o: o passivo, o agressivo, o passivo-agressivo e o assertivo. <strong>O estilo passivo-agressivo<\/strong> combina elementos dos dois primeiros: a pessoa n\u00e3o confronta diretamente, mas tamb\u00e9m n\u00e3o engole a emo\u00e7\u00e3o de verdade. Ela a deixa vazar, sutilmente, por respostas curtas, sil\u00eancios prolongados, ironia ou aquele &#8220;tudo bem&#8221; dito de um jeito que claramente n\u00e3o significa tudo bem.<\/p>\n\n\n\n<figure class=\"wp-block-image size-large\"><img loading=\"lazy\" decoding=\"async\" width=\"1024\" height=\"576\" src=\"https:\/\/www.em.com.br\/emfoco\/wp-content\/uploads\/2026\/04\/O-que-significa-quando-alguem-responde-OK-sem-mais-palavras-segundo-a-psicologia-1024x576.jpg\" alt=\"O que significa quando algu\u00e9m responde &quot;OK&quot; sem mais palavras segundo a psicologia?\" class=\"wp-image-199659\" srcset=\"https:\/\/www.em.com.br\/emfoco\/wp-content\/uploads\/2026\/04\/O-que-significa-quando-alguem-responde-OK-sem-mais-palavras-segundo-a-psicologia-1024x576.jpg 1024w, https:\/\/www.em.com.br\/emfoco\/wp-content\/uploads\/2026\/04\/O-que-significa-quando-alguem-responde-OK-sem-mais-palavras-segundo-a-psicologia-300x169.jpg 300w, https:\/\/www.em.com.br\/emfoco\/wp-content\/uploads\/2026\/04\/O-que-significa-quando-alguem-responde-OK-sem-mais-palavras-segundo-a-psicologia-768x432.jpg 768w, https:\/\/www.em.com.br\/emfoco\/wp-content\/uploads\/2026\/04\/O-que-significa-quando-alguem-responde-OK-sem-mais-palavras-segundo-a-psicologia-750x422.jpg 750w, https:\/\/www.em.com.br\/emfoco\/wp-content\/uploads\/2026\/04\/O-que-significa-quando-alguem-responde-OK-sem-mais-palavras-segundo-a-psicologia-1140x641.jpg 1140w, https:\/\/www.em.com.br\/emfoco\/wp-content\/uploads\/2026\/04\/O-que-significa-quando-alguem-responde-OK-sem-mais-palavras-segundo-a-psicologia.jpg 1280w\" sizes=\"auto, (max-width: 1024px) 100vw, 1024px\" \/><figcaption class=\"wp-element-caption\">Um simples OK pode carregar muito mais do que parece.<\/figcaption><\/figure>\n\n\n\n<h2 class=\"wp-block-heading\">Como esse comportamento aparece no nosso dia a dia<\/h2>\n\n\n\n<p>\u00c9 mais f\u00e1cil reconhecer quando a gente pensa no cotidiano. Imagina: voc\u00ea e seu parceiro tiveram uma discuss\u00e3o, ele ficou em sil\u00eancio, voc\u00ea tentou resolver a situa\u00e7\u00e3o, e quando perguntou se estava tudo bem, veio a resposta: &#8220;OK.&#8221; Ou ent\u00e3o: voc\u00ea pediu algo \u00e0 sua filha adolescente, ela respondeu &#8220;t\u00e1&#8221; com um tom que claramente indicava o contr\u00e1rio. Essa <strong>express\u00e3o velada de desconforto<\/strong> n\u00e3o \u00e9 s\u00f3 irritante, ela cria um ciclo dif\u00edcil de quebrar, porque quem est\u00e1 do outro lado sente que algo est\u00e1 errado, mas n\u00e3o encontra o problema claramente nomeado para poder resolver.<\/p>\n\n\n\n<p>Esse padr\u00e3o de comportamento tamb\u00e9m aparece muito em grupos de WhatsApp familiares, nas rela\u00e7\u00f5es de trabalho e at\u00e9 nas amizades. A pessoa que responde com &#8220;ok&#8221; quando est\u00e1 magoada n\u00e3o costuma fazer isso de forma consciente ou manipuladora. Muitas vezes, ela simplesmente <strong>n\u00e3o sabe como expressar o que sente<\/strong> sem gerar conflito, e o &#8220;OK&#8221; se torna o escudo emocional mais acess\u00edvel naquele momento.<\/p>\n\n\n\n<h2 class=\"wp-block-heading\">Por que algu\u00e9m age assim: o que mais a psicologia revela<\/h2>\n\n\n\n<p>A psicologia aponta que a <strong>comunica\u00e7\u00e3o passivo-agressiva<\/strong> tem ra\u00edzes profundas. Em geral, ela se desenvolve em ambientes onde expressar sentimentos negativos era punido ou ignorado, onde a raiva era vista como algo feio ou inadequado. A crian\u00e7a que cresceu aprendendo que &#8220;n\u00e3o se deve criar confus\u00e3o&#8221; muitas vezes se torna o adulto que engole o que sente e deixa transparecer por outros caminhos, como o famoso &#8220;OK&#8221; enviado com toda a carga emocional que n\u00e3o coube em palavras.<\/p>\n\n\n\n<p>Al\u00e9m disso, a <strong>baixa autoestima<\/strong> e o medo de rejei\u00e7\u00e3o tamb\u00e9m alimentam esse comportamento. Quem n\u00e3o se sente seguro para dizer &#8220;estou com raiva&#8221; ou &#8220;isso me magoou&#8221; acaba recorrendo \u00e0s mensagens de uma palavra como forma de sinalizar o desconforto sem assumir a vulnerabilidade de nome\u00e1-lo de verdade. \u00c9 um mecanismo de autodefesa emocional, n\u00e3o falta de car\u00e1ter ou inten\u00e7\u00e3o de prejudicar algu\u00e9m.<\/p>\n\n\n\n<link href=\"https:\/\/fonts.googleapis.com\/css2?family=Inter:wght@400;600;700;800&#038;display=swap\" rel=\"stylesheet\">\r\n<style>\r\n\/* Prote\u00e7\u00e3o contra inje\u00e7\u00e3o do \"Veja Tamb\u00e9m\" (JNews inline related posts) *\/\r\n.rdp-pontos-wrapper .jnews_inline_related_post_wrapper,\r\n.rdp-pontos-wrapper .jnews_inline_related_post,\r\n.rdp-pontos-wrapper .jeg_postblock,\r\n.rdp-pontos-wrapper [class*=\"jnews_inline\"],\r\n.rdp-pontos-wrapper [class*=\"jeg_postblock\"],\r\n.rdp-pontos-wrapper [class*=\"jeg_block\"] {\r\n  display: none !important;\r\n  height: 0 !important;\r\n  max-height: 0 !important;\r\n  overflow: hidden !important;\r\n  visibility: hidden !important;\r\n  margin: 0 !important;\r\n  padding: 0 !important;\r\n  border: none !important;\r\n  font-size: 0 !important;\r\n  line-height: 0 !important;\r\n}\r\n.rdp-pontos-wrapper {\r\n  max-width: 100%;\r\n  margin: 32px 0;\r\n  background: #F8F9FA;\r\n  border: 1px solid #E0E0E0;\r\n  border-radius: 12px;\r\n  padding: 28px 28px 20px;\r\n  font-family: 'Inter', sans-serif;\r\n  box-shadow: 0 4px 20px rgba(47,195,238,0.12);\r\n  overflow: hidden;\r\n  contain: layout style;\r\n  isolation: isolate;\r\n  position: relative;\r\n  z-index: 1;\r\n}\r\n.rdp-pontos-wrapper > *:not(.rdp-pontos-title):not(.rdp-pontos-grid) {\r\n  display: none !important;\r\n  height: 0 !important;\r\n  overflow: hidden !important;\r\n  margin: 0 !important;\r\n  padding: 0 !important;\r\n  border: none !important;\r\n}\r\n.rdp-pontos-title {\r\n  font-family: 'Inter', sans-serif;\r\n  font-size: 20px;\r\n  font-weight: 800;\r\n  color: #1A1A1A;\r\n  margin: 0 0 20px 0;\r\n  line-height: 1.3;\r\n  text-align: center;\r\n}\r\n.rdp-pontos-grid {\r\n  display: grid;\r\n  grid-template-columns: repeat(3, 1fr);\r\n  gap: 18px;\r\n}\r\n.rdp-pontos-item {\r\n  background: #FFFFFF;\r\n  border: 1px solid #E0E0E0;\r\n  border-top: 3px solid #2FC3EE;\r\n  border-radius: 10px;\r\n  padding: 22px 20px;\r\n  box-shadow: 0 2px 10px rgba(47,195,238,0.10);\r\n  transition: box-shadow 0.3s ease, border-color 0.3s ease;\r\n  text-align: center;\r\n}\r\n.rdp-pontos-item:hover {\r\n  box-shadow: 0 4px 20px rgba(47,195,238,0.22);\r\n  border-color: #2FC3EE;\r\n}\r\n.rdp-pontos-emoji {\r\n  font-size: 32px;\r\n  line-height: 1;\r\n  margin-bottom: 12px;\r\n  display: block;\r\n  text-align: center;\r\n}\r\n.rdp-pontos-item-title {\r\n  font-size: 15px;\r\n  font-weight: 700;\r\n  color: #1A1A1A;\r\n  margin-bottom: 8px;\r\n  line-height: 1.3;\r\n}\r\n.rdp-pontos-item-desc {\r\n  font-size: 14px;\r\n  color: #333333;\r\n  line-height: 1.6;\r\n  margin: 0;\r\n}\r\n@media (max-width: 768px) {\r\n  .rdp-pontos-wrapper {\r\n    padding: 20px 16px 14px;\r\n  }\r\n  .rdp-pontos-grid {\r\n    grid-template-columns: 1fr;\r\n    gap: 14px;\r\n  }\r\n  .rdp-pontos-title {\r\n    font-size: 18px;\r\n  }\r\n}\r\n<\/style>\r\n<div class=\"rdp-pontos-wrapper\">\r\n  <div class=\"rdp-pontos-title\">Pontos-chave da psicologia<\/div>\r\n  <div class=\"rdp-pontos-grid\">\r\n    <div class=\"rdp-pontos-item\">\r\n      <span class=\"rdp-pontos-emoji\">\ud83d\udcad<\/span>\r\n      <div class=\"rdp-pontos-item-title\">O &#8220;OK&#8221; n\u00e3o \u00e9 neutro<\/div>\r\n      <p class=\"rdp-pontos-item-desc\">Uma resposta de uma palavra, dada no contexto errado, carrega sentimentos que n\u00e3o foram expressados. A psicologia chama isso de comunica\u00e7\u00e3o passivo-agressiva, um jeito indireto de mostrar insatisfa\u00e7\u00e3o ou m\u00e1goa.<\/p>\r\n    <\/div>\r\n    <div class=\"rdp-pontos-item\">\r\n      <span class=\"rdp-pontos-emoji\">\ud83e\udde0<\/span>\r\n      <div class=\"rdp-pontos-item-title\">Ra\u00edzes na inf\u00e2ncia e no medo<\/div>\r\n      <p class=\"rdp-pontos-item-desc\">Quem cresceu em ambientes onde expressar emo\u00e7\u00f5es era visto como fraqueza tende a desenvolver esse padr\u00e3o. A dificuldade de nomear sentimentos \u00e9 aprendida, e por isso tamb\u00e9m pode ser transformada.<\/p>\r\n    <\/div>\r\n    <div class=\"rdp-pontos-item\">\r\n      <span class=\"rdp-pontos-emoji\">\ud83c\udf31<\/span>\r\n      <div class=\"rdp-pontos-item-title\">Comunica\u00e7\u00e3o assertiva como caminho<\/div>\r\n      <p class=\"rdp-pontos-item-desc\">A alternativa saud\u00e1vel \u00e9 a assertividade: dizer o que se sente com clareza e respeito, sem engolir nem explodir. Essa habilidade pode ser desenvolvida com autoconhecimento e, quando necess\u00e1rio, apoio terap\u00eautico.<\/p>\r\n    <\/div>\r\n  <\/div>\r\n<\/div>\r\n<div style=\"clear:both;height:0;overflow:hidden;\"><\/div>\n\n\n\n<p>Entender a fundo a diferen\u00e7a entre os estilos de comunica\u00e7\u00e3o pode transformar a qualidade dos nossos relacionamentos. Um estudo publicado no PePSIC, peri\u00f3dico eletr\u00f4nico de psicologia da BVS, aprofunda a rela\u00e7\u00e3o entre assertividade, passividade e agressividade nos v\u00ednculos interpessoais e pode ser consultado <a href=\"https:\/\/pepsic.bvsalud.org\/scielo.php?script=sci_arttext&amp;pid=S1808-56872014000200006\" target=\"_blank\" rel=\"noreferrer noopener\">nesta pesquisa sobre assertividade e comportamento social<\/a>.<\/p>\n\n\n\n<h2 class=\"wp-block-heading\">Por que entender isso pode transformar sua vida<\/h2>\n\n\n\n<p>Quando a gente come\u00e7a a reconhecer a <strong>comunica\u00e7\u00e3o passivo-agressiva<\/strong> nos pr\u00f3prios comportamentos, algo importante acontece: abre-se espa\u00e7o para o autoconhecimento. Perceber que voc\u00ea tamb\u00e9m \u00e0s vezes responde com um &#8220;ok&#8221; quando est\u00e1 magoada, em vez de dizer o que realmente sente, n\u00e3o \u00e9 motivo de vergonha. \u00c9 um ponto de partida para desenvolver a <strong>intelig\u00eancia emocional<\/strong> e aprender a se expressar com mais clareza e seguran\u00e7a nos relacionamentos.<\/p>\n\n\n\n<p>Nos relacionamentos familiares e amorosos, essa compreens\u00e3o \u00e9 ainda mais valiosa. Quando conseguimos nomear o que sentimos, em vez de deixar o &#8220;OK&#8221; falar por n\u00f3s, criamos pontes reais de di\u00e1logo. A <strong>comunica\u00e7\u00e3o assertiva<\/strong>, que \u00e9 o oposto da passivo-agressividade, permite dizer &#8220;estou chateada com o que aconteceu&#8221; de forma respeitosa, sem agredir e sem se calar. E isso muda, de verdade, a qualidade dos v\u00ednculos que constru\u00edmos.<\/p>\n\n\n\n<h2 class=\"wp-block-heading\">O que a psicologia ainda est\u00e1 descobrindo sobre a comunica\u00e7\u00e3o passivo-agressiva<\/h2>\n\n\n\n<p>A psicologia contempor\u00e2nea tem olhado cada vez mais para como os <strong>ambientes digitais<\/strong> amplificam os efeitos da comunica\u00e7\u00e3o passivo-agressiva. Uma mensagem de texto j\u00e1 n\u00e3o carrega tom de voz nem express\u00e3o facial, e isso faz com que um simples &#8220;OK&#8221; se torne ainda mais carregado de interpreta\u00e7\u00f5es. Pesquisadores investigam como desenvolver <strong>habilidades sociais<\/strong> e <strong>equil\u00edbrio emocional<\/strong> num contexto em que cada vez mais nos comunicamos por telas, e como a terapia pode ajudar as pessoas a construir padr\u00f5es de express\u00e3o mais saud\u00e1veis, tanto no mundo real quanto no digital.<\/p>\n\n\n\n<p>Da pr\u00f3xima vez que receber um &#8220;OK&#8221; que parece pesado demais para uma palavra t\u00e3o simples, lembre-se: provavelmente tem muita emo\u00e7\u00e3o n\u00e3o dita ali. E se for voc\u00ea que mandou esse &#8220;OK&#8221;, talvez valha a pena respirar fundo e tentar colocar em palavras o que realmente est\u00e1 sentindo. A psicologia nos ensina que se expressar com honestidade \u00e9 um gesto de cuidado com o outro e, principalmente, consigo mesma.<\/p>\n","protected":false},"excerpt":{"rendered":"<p>Voc\u00ea mandou uma mensagem com carinho, explicou uma situa\u00e7\u00e3o importante ou pediu algo com muita aten\u00e7\u00e3o, e a resposta que voltou foi apenas um &#8220;OK&#8221;. Sem ponto de exclama\u00e7\u00e3o, sem emoji, sem mais nada. Aquela sensa\u00e7\u00e3o estranha que bate na sequ\u00eancia, um misto de d\u00favida e desconforto, tem um nome na psicologia: \u00e9 o impacto [&hellip;]<\/p>\n","protected":false},"author":5,"featured_media":199658,"comment_status":"open","ping_status":"open","sticky":false,"template":"","format":"standard","meta":{"jnews-multi-image_gallery":[],"jnews_single_post":{"format":"standard"},"jnews_primary_category":[],"jnews_social_meta":[],"jnews_override_counter":[],"footnotes":""},"categories":[8819],"tags":[28773,5153,5155],"class_list":["post-199655","post","type-post","status-publish","format-standard","has-post-thumbnail","hentry","category-curiosidades","tag-ok","tag-palavras","tag-psicologia"],"yoast_head":"<!-- This site is optimized with the Yoast SEO plugin v23.8 - https:\/\/yoast.com\/wordpress\/plugins\/seo\/ -->\n<title>O que significa quando algu\u00e9m responde &quot;OK&quot; sem mais palavras segundo a psicologia? - Estado de Minas - Em foco<\/title>\n<meta name=\"description\" content=\"Pequenos h\u00e1bitos na comunica\u00e7\u00e3o podem gerar ru\u00eddos e interpreta\u00e7\u00f5es inesperadas nas conversas do cotidiano sem que ningu\u00e9m perceba.\" \/>\n<meta name=\"robots\" content=\"index, follow, max-snippet:-1, max-image-preview:large, max-video-preview:-1\" \/>\n<link rel=\"canonical\" href=\"https:\/\/www.em.com.br\/emfoco\/2026\/04\/26\/o-que-significa-quando-alguem-responde-ok-sem-mais-palavras-segundo-a-psicologia\/\" \/>\n<meta property=\"og:locale\" content=\"pt_BR\" \/>\n<meta property=\"og:type\" content=\"article\" \/>\n<meta property=\"og:title\" content=\"O que significa quando algu\u00e9m responde &quot;OK&quot; sem mais palavras segundo a psicologia? - Estado de Minas - Em foco\" \/>\n<meta property=\"og:description\" content=\"Pequenos h\u00e1bitos na comunica\u00e7\u00e3o podem gerar ru\u00eddos e interpreta\u00e7\u00f5es inesperadas nas conversas do cotidiano sem que ningu\u00e9m perceba.\" \/>\n<meta property=\"og:url\" content=\"https:\/\/www.em.com.br\/emfoco\/2026\/04\/26\/o-que-significa-quando-alguem-responde-ok-sem-mais-palavras-segundo-a-psicologia\/\" \/>\n<meta property=\"og:site_name\" content=\"Estado de Minas - Em foco\" \/>\n<meta property=\"article:published_time\" content=\"2026-04-26T08:38:00+00:00\" \/>\n<meta property=\"article:modified_time\" content=\"2026-04-25T23:39:32+00:00\" \/>\n<meta property=\"og:image\" content=\"https:\/\/www.em.com.br\/emfoco\/wp-content\/uploads\/2026\/04\/O-que-significa-quando-alguem-responde-OK-sem-mais-palavras-segundo-a-psicologia-1.jpg\" \/>\n\t<meta property=\"og:image:width\" content=\"1280\" \/>\n\t<meta property=\"og:image:height\" content=\"720\" \/>\n\t<meta property=\"og:image:type\" content=\"image\/jpeg\" \/>\n<meta name=\"author\" content=\"N\u00fabia Rangel\" \/>\n<meta name=\"twitter:card\" content=\"summary_large_image\" \/>\n<meta name=\"twitter:label1\" content=\"Escrito por\" \/>\n\t<meta name=\"twitter:data1\" content=\"N\u00fabia Rangel\" \/>\n\t<meta name=\"twitter:label2\" content=\"Est. tempo de leitura\" \/>\n\t<meta name=\"twitter:data2\" content=\"7 minutos\" \/>\n<!-- \/ Yoast SEO plugin. -->","yoast_head_json":{"title":"O que significa quando algu\u00e9m responde \"OK\" sem mais palavras segundo a psicologia? - Estado de Minas - Em foco","description":"Pequenos h\u00e1bitos na comunica\u00e7\u00e3o podem gerar ru\u00eddos e interpreta\u00e7\u00f5es inesperadas nas conversas do cotidiano sem que ningu\u00e9m perceba.","robots":{"index":"index","follow":"follow","max-snippet":"max-snippet:-1","max-image-preview":"max-image-preview:large","max-video-preview":"max-video-preview:-1"},"canonical":"https:\/\/www.em.com.br\/emfoco\/2026\/04\/26\/o-que-significa-quando-alguem-responde-ok-sem-mais-palavras-segundo-a-psicologia\/","og_locale":"pt_BR","og_type":"article","og_title":"O que significa quando algu\u00e9m responde \"OK\" sem mais palavras segundo a psicologia? - Estado de Minas - Em foco","og_description":"Pequenos h\u00e1bitos na comunica\u00e7\u00e3o podem gerar ru\u00eddos e interpreta\u00e7\u00f5es inesperadas nas conversas do cotidiano sem que ningu\u00e9m perceba.","og_url":"https:\/\/www.em.com.br\/emfoco\/2026\/04\/26\/o-que-significa-quando-alguem-responde-ok-sem-mais-palavras-segundo-a-psicologia\/","og_site_name":"Estado de Minas - Em foco","article_published_time":"2026-04-26T08:38:00+00:00","article_modified_time":"2026-04-25T23:39:32+00:00","og_image":[{"width":1280,"height":720,"url":"https:\/\/www.em.com.br\/emfoco\/wp-content\/uploads\/2026\/04\/O-que-significa-quando-alguem-responde-OK-sem-mais-palavras-segundo-a-psicologia-1.jpg","type":"image\/jpeg"}],"author":"N\u00fabia Rangel","twitter_card":"summary_large_image","twitter_misc":{"Escrito por":"N\u00fabia Rangel","Est. tempo de leitura":"7 minutos"},"schema":{"@context":"https:\/\/schema.org","@graph":[{"@type":"WebPage","@id":"https:\/\/www.em.com.br\/emfoco\/2026\/04\/26\/o-que-significa-quando-alguem-responde-ok-sem-mais-palavras-segundo-a-psicologia\/","url":"https:\/\/www.em.com.br\/emfoco\/2026\/04\/26\/o-que-significa-quando-alguem-responde-ok-sem-mais-palavras-segundo-a-psicologia\/","name":"O que significa quando algu\u00e9m responde \"OK\" sem mais palavras segundo a psicologia? - Estado de Minas - Em foco","isPartOf":{"@id":"https:\/\/www.em.com.br\/emfoco\/#website"},"primaryImageOfPage":{"@id":"https:\/\/www.em.com.br\/emfoco\/2026\/04\/26\/o-que-significa-quando-alguem-responde-ok-sem-mais-palavras-segundo-a-psicologia\/#primaryimage"},"image":{"@id":"https:\/\/www.em.com.br\/emfoco\/2026\/04\/26\/o-que-significa-quando-alguem-responde-ok-sem-mais-palavras-segundo-a-psicologia\/#primaryimage"},"thumbnailUrl":"https:\/\/www.em.com.br\/emfoco\/wp-content\/uploads\/2026\/04\/O-que-significa-quando-alguem-responde-OK-sem-mais-palavras-segundo-a-psicologia-1.jpg","datePublished":"2026-04-26T08:38:00+00:00","dateModified":"2026-04-25T23:39:32+00:00","author":{"@id":"https:\/\/www.em.com.br\/emfoco\/#\/schema\/person\/524437ef54f8a5d32591b143307f2e20"},"description":"Pequenos h\u00e1bitos na comunica\u00e7\u00e3o podem gerar ru\u00eddos e interpreta\u00e7\u00f5es inesperadas nas conversas do cotidiano sem que ningu\u00e9m perceba.","breadcrumb":{"@id":"https:\/\/www.em.com.br\/emfoco\/2026\/04\/26\/o-que-significa-quando-alguem-responde-ok-sem-mais-palavras-segundo-a-psicologia\/#breadcrumb"},"inLanguage":"pt-BR","potentialAction":[{"@type":"ReadAction","target":["https:\/\/www.em.com.br\/emfoco\/2026\/04\/26\/o-que-significa-quando-alguem-responde-ok-sem-mais-palavras-segundo-a-psicologia\/"]}]},{"@type":"ImageObject","inLanguage":"pt-BR","@id":"https:\/\/www.em.com.br\/emfoco\/2026\/04\/26\/o-que-significa-quando-alguem-responde-ok-sem-mais-palavras-segundo-a-psicologia\/#primaryimage","url":"https:\/\/www.em.com.br\/emfoco\/wp-content\/uploads\/2026\/04\/O-que-significa-quando-alguem-responde-OK-sem-mais-palavras-segundo-a-psicologia-1.jpg","contentUrl":"https:\/\/www.em.com.br\/emfoco\/wp-content\/uploads\/2026\/04\/O-que-significa-quando-alguem-responde-OK-sem-mais-palavras-segundo-a-psicologia-1.jpg","width":1280,"height":720,"caption":"Respostas curtas podem esconder emo\u00e7\u00f5es n\u00e3o ditas."},{"@type":"BreadcrumbList","@id":"https:\/\/www.em.com.br\/emfoco\/2026\/04\/26\/o-que-significa-quando-alguem-responde-ok-sem-mais-palavras-segundo-a-psicologia\/#breadcrumb","itemListElement":[{"@type":"ListItem","position":1,"name":"In\u00edcio","item":"https:\/\/www.em.com.br\/emfoco\/"},{"@type":"ListItem","position":2,"name":"O que significa quando algu\u00e9m responde &#8220;OK&#8221; sem mais palavras segundo a psicologia?"}]},{"@type":"WebSite","@id":"https:\/\/www.em.com.br\/emfoco\/#website","url":"https:\/\/www.em.com.br\/emfoco\/","name":"Estado de Minas - Em foco","description":"Acompanhe as \u00faltimas not\u00edcias e fique bem informado sobre tudo o que acontece em Minas Gerais, Brasil e no mundo.","potentialAction":[{"@type":"SearchAction","target":{"@type":"EntryPoint","urlTemplate":"https:\/\/www.em.com.br\/emfoco\/?s={search_term_string}"},"query-input":{"@type":"PropertyValueSpecification","valueRequired":true,"valueName":"search_term_string"}}],"inLanguage":"pt-BR"},{"@type":"Person","@id":"https:\/\/www.em.com.br\/emfoco\/#\/schema\/person\/524437ef54f8a5d32591b143307f2e20","name":"N\u00fabia Rangel","image":{"@type":"ImageObject","inLanguage":"pt-BR","@id":"https:\/\/www.em.com.br\/emfoco\/#\/schema\/person\/image\/","url":"https:\/\/secure.gravatar.com\/avatar\/47cff2827a5ba23c37e8068c86817ea4?s=96&d=mm&r=g","contentUrl":"https:\/\/secure.gravatar.com\/avatar\/47cff2827a5ba23c37e8068c86817ea4?s=96&d=mm&r=g","caption":"N\u00fabia Rangel"},"sameAs":["https:\/\/www.em.com.br\/emfoco\/"],"url":"https:\/\/www.em.com.br\/emfoco\/author\/nubiamyth\/"}]}},"_links":{"self":[{"href":"https:\/\/www.em.com.br\/emfoco\/wp-json\/wp\/v2\/posts\/199655","targetHints":{"allow":["GET"]}}],"collection":[{"href":"https:\/\/www.em.com.br\/emfoco\/wp-json\/wp\/v2\/posts"}],"about":[{"href":"https:\/\/www.em.com.br\/emfoco\/wp-json\/wp\/v2\/types\/post"}],"author":[{"embeddable":true,"href":"https:\/\/www.em.com.br\/emfoco\/wp-json\/wp\/v2\/users\/5"}],"replies":[{"embeddable":true,"href":"https:\/\/www.em.com.br\/emfoco\/wp-json\/wp\/v2\/comments?post=199655"}],"version-history":[{"count":2,"href":"https:\/\/www.em.com.br\/emfoco\/wp-json\/wp\/v2\/posts\/199655\/revisions"}],"predecessor-version":[{"id":199660,"href":"https:\/\/www.em.com.br\/emfoco\/wp-json\/wp\/v2\/posts\/199655\/revisions\/199660"}],"wp:featuredmedia":[{"embeddable":true,"href":"https:\/\/www.em.com.br\/emfoco\/wp-json\/wp\/v2\/media\/199658"}],"wp:attachment":[{"href":"https:\/\/www.em.com.br\/emfoco\/wp-json\/wp\/v2\/media?parent=199655"}],"wp:term":[{"taxonomy":"category","embeddable":true,"href":"https:\/\/www.em.com.br\/emfoco\/wp-json\/wp\/v2\/categories?post=199655"},{"taxonomy":"post_tag","embeddable":true,"href":"https:\/\/www.em.com.br\/emfoco\/wp-json\/wp\/v2\/tags?post=199655"}],"curies":[{"name":"wp","href":"https:\/\/api.w.org\/{rel}","templated":true}]}}