{"id":199650,"date":"2026-04-28T06:05:00","date_gmt":"2026-04-28T09:05:00","guid":{"rendered":"https:\/\/www.em.com.br\/emfoco\/?p=199650"},"modified":"2026-04-27T15:29:35","modified_gmt":"2026-04-27T18:29:35","slug":"luz-branca-nos-semaforos-pode-mudar-o-transito-entenda-para-que-serve-essa-novidade","status":"publish","type":"post","link":"https:\/\/www.em.com.br\/emfoco\/2026\/04\/28\/luz-branca-nos-semaforos-pode-mudar-o-transito-entenda-para-que-serve-essa-novidade\/","title":{"rendered":"Luz branca nos sem\u00e1foros pode mudar o tr\u00e2nsito: entenda para que serve essa novidade"},"content":{"rendered":"\n<p>Uma proposta tecnol\u00f3gica vem ganhando espa\u00e7o nas discuss\u00f5es sobre mobilidade urbana: a inclus\u00e3o de um&nbsp;<strong>quarto sinal branco nos sem\u00e1foros<\/strong>&nbsp;para organizar o tr\u00e2nsito em cruzamentos com presen\u00e7a de carros aut\u00f4nomos. A ideia, que surgiu em estudos acad\u00eamicos nos Estados Unidos e vem sendo analisada por \u00f3rg\u00e3os de transporte na Europa, especialmente na It\u00e1lia, busca integrar intelig\u00eancia artificial, ve\u00edculos conectados e carros convencionais para tornar o fluxo mais eficiente e sustent\u00e1vel nas cidades.<\/p>\n\n\n\n<h2 class=\"wp-block-heading\">O que \u00e9 o sem\u00e1foro com luz branca para carros aut\u00f4nomos<\/h2>\n\n\n\n<p>A<strong> luz branca<\/strong>&nbsp;define um sistema de sinaliza\u00e7\u00e3o em que um quarto foco luminoso, de cor branca, \u00e9 acionado quando h\u00e1 uma quantidade relevante de ve\u00edculos aut\u00f4nomos em determinada interse\u00e7\u00e3o. Nessa fase espec\u00edfica, os algoritmos de intelig\u00eancia artificial passam a coordenar o fluxo, sem substituir o modelo tradicional de cores vermelho, amarelo e verde.<\/p>\n\n\n\n<p>Quando a luz branca entra em opera\u00e7\u00e3o, indica que decis\u00f5es de passagem, acelera\u00e7\u00e3o e frenagem est\u00e3o sendo organizadas por uma plataforma digital que integra os dados dos ve\u00edculos conectados. J\u00e1 motoristas de carros convencionais s\u00e3o orientados a seguir o comportamento do ve\u00edculo \u00e0 frente durante esse per\u00edodo, reduzindo decis\u00f5es individuais bruscas e aumentando a fluidez do tr\u00e2nsito.<\/p>\n\n\n\n<figure class=\"wp-block-image size-large\"><img loading=\"lazy\" decoding=\"async\" width=\"1024\" height=\"576\" src=\"https:\/\/www.em.com.br\/emfoco\/wp-content\/uploads\/2026\/04\/ChatGPT-Image-25-de-abr.-de-2026-20_18_25-1-1024x576.png\" alt=\"Novo sem\u00e1foro branco pode mudar o tr\u00e2nsito\" class=\"wp-image-199687\" srcset=\"https:\/\/www.em.com.br\/emfoco\/wp-content\/uploads\/2026\/04\/ChatGPT-Image-25-de-abr.-de-2026-20_18_25-1-1024x576.png 1024w, https:\/\/www.em.com.br\/emfoco\/wp-content\/uploads\/2026\/04\/ChatGPT-Image-25-de-abr.-de-2026-20_18_25-1-300x169.png 300w, https:\/\/www.em.com.br\/emfoco\/wp-content\/uploads\/2026\/04\/ChatGPT-Image-25-de-abr.-de-2026-20_18_25-1-768x432.png 768w, https:\/\/www.em.com.br\/emfoco\/wp-content\/uploads\/2026\/04\/ChatGPT-Image-25-de-abr.-de-2026-20_18_25-1-750x422.png 750w, https:\/\/www.em.com.br\/emfoco\/wp-content\/uploads\/2026\/04\/ChatGPT-Image-25-de-abr.-de-2026-20_18_25-1-1140x641.png 1140w, https:\/\/www.em.com.br\/emfoco\/wp-content\/uploads\/2026\/04\/ChatGPT-Image-25-de-abr.-de-2026-20_18_25-1.png 1280w\" sizes=\"auto, (max-width: 1024px) 100vw, 1024px\" \/><figcaption class=\"wp-element-caption\">Novo sem\u00e1foro branco pode mudar o tr\u00e2nsito<\/figcaption><\/figure>\n\n\n\n<h2 class=\"wp-block-heading\">Como a luz branca pode melhorar o tr\u00e2nsito e reduzir impactos ambientais<\/h2>\n\n\n\n<p>Pesquisas acad\u00eamicas apontam que a&nbsp;<strong>fase branca no <a href=\"https:\/\/www.em.com.br\/emfoco\/2025\/12\/30\/seu-carro-pode-ser-multado-parado-no-semaforo-mesmo-sem-abordagem-veja-como-isso-acontece\/\" target=\"_blank\" rel=\"noreferrer noopener\">sem\u00e1foro<\/a><\/strong>&nbsp;pode reduzir congestionamentos em interse\u00e7\u00f5es movimentadas e diminuir a quantidade de ciclos completos de parada e partida. Com um fluxo mais constante, o tempo de viagem tende a cair e o uso de combust\u00edvel torna-se mais eficiente, impactando o dia a dia de motoristas e do transporte p\u00fablico.<\/p>\n\n\n\n<p>Essa solu\u00e7\u00e3o tem rela\u00e7\u00e3o direta com metas de sustentabilidade urbana, j\u00e1 que menos frenagens e arrancadas significam menor consumo de energia e redu\u00e7\u00e3o de emiss\u00f5es de gases poluentes, principalmente em \u00e1reas centrais das grandes cidades. Em tempo real, o sistema ainda pode reagir a picos de demanda ou bloqueios tempor\u00e1rios em vias pr\u00f3ximas.<\/p>\n\n\n\n<h2 class=\"wp-block-heading\">Quais s\u00e3o os benef\u00edcios principais do uso da luz branca nos sem\u00e1foros<\/h2>\n\n\n\n<p>Os estudos sobre o<a href=\"https:\/\/meoo.localiza.com\/blog\/post\/nova-luz-branca-no-semaforo\" target=\"_blank\" rel=\"noreferrer noopener\">&nbsp;<strong>sinal branco nos sem\u00e1foros<\/strong><\/a>&nbsp;destacam ganhos em efici\u00eancia e seguran\u00e7a, sobretudo quando combinado a ve\u00edculos aut\u00f4nomos e conectados. A l\u00f3gica \u00e9 usar dados em tempo real para organizar de forma mais inteligente quem passa, quando e em que velocidade, evitando ociosidade das faixas e cruzamentos travados.<\/p>\n\n\n\n<p>Nesse contexto, diferentes vantagens v\u00eam sendo apontadas em testes e simula\u00e7\u00f5es, conectando mobilidade, meio ambiente e inova\u00e7\u00e3o tecnol\u00f3gica em um mesmo sistema coordenado:<\/p>\n\n\n\n<ul class=\"wp-block-list\">\n<li><strong>Redu\u00e7\u00e3o de paradas bruscas:<\/strong>&nbsp;menores tempos de espera e menos ciclos completos de parada.<\/li>\n\n\n\n<li><strong>Tr\u00e1fego mais est\u00e1vel:<\/strong>&nbsp;ritmo mais uniforme entre diferentes faixas e sentidos.<\/li>\n\n\n\n<li><strong>Menos emiss\u00f5es:<\/strong>&nbsp;diminui\u00e7\u00e3o de acelera\u00e7\u00f5es e frenagens constantes, com menor consumo de combust\u00edvel.<\/li>\n\n\n\n<li><strong>Integra\u00e7\u00e3o com carros conectados:<\/strong>&nbsp;uso intensivo de dados veiculares para otimizar a ordem de passagem.<\/li>\n<\/ul>\n\n\n\n<figure class=\"wp-block-image size-large\"><img loading=\"lazy\" decoding=\"async\" width=\"1024\" height=\"576\" src=\"https:\/\/www.em.com.br\/emfoco\/wp-content\/uploads\/2026\/04\/ChatGPT-Image-25-de-abr.-de-2026-20_20_24-1-1024x576.png\" alt=\"Novo sem\u00e1foro branco pode mudar o tr\u00e2nsito\" class=\"wp-image-199691\" srcset=\"https:\/\/www.em.com.br\/emfoco\/wp-content\/uploads\/2026\/04\/ChatGPT-Image-25-de-abr.-de-2026-20_20_24-1-1024x576.png 1024w, https:\/\/www.em.com.br\/emfoco\/wp-content\/uploads\/2026\/04\/ChatGPT-Image-25-de-abr.-de-2026-20_20_24-1-300x169.png 300w, https:\/\/www.em.com.br\/emfoco\/wp-content\/uploads\/2026\/04\/ChatGPT-Image-25-de-abr.-de-2026-20_20_24-1-768x432.png 768w, https:\/\/www.em.com.br\/emfoco\/wp-content\/uploads\/2026\/04\/ChatGPT-Image-25-de-abr.-de-2026-20_20_24-1-750x422.png 750w, https:\/\/www.em.com.br\/emfoco\/wp-content\/uploads\/2026\/04\/ChatGPT-Image-25-de-abr.-de-2026-20_20_24-1-1140x641.png 1140w, https:\/\/www.em.com.br\/emfoco\/wp-content\/uploads\/2026\/04\/ChatGPT-Image-25-de-abr.-de-2026-20_20_24-1.png 1280w\" sizes=\"auto, (max-width: 1024px) 100vw, 1024px\" \/><figcaption class=\"wp-element-caption\">Novo sem\u00e1foro branco pode mudar o tr\u00e2nsito<\/figcaption><\/figure>\n\n\n\n<h2 class=\"wp-block-heading\">Em que est\u00e1gio est\u00e3o os testes com sem\u00e1foros de luz branca no mundo<\/h2>\n\n\n\n<p>Apesar da visibilidade do tema, o&nbsp;<strong>sem\u00e1foro com sinal branco<\/strong>&nbsp;ainda est\u00e1 em fase de estudo, simula\u00e7\u00f5es e testes controlados. Em Roma, por exemplo, autoridades de mobilidade avaliaram o conceito e discutiram a hip\u00f3tese de um piloto em vias p\u00fablicas, mas a administra\u00e7\u00e3o municipal informou que n\u00e3o h\u00e1, por enquanto, um experimento em escala real liberado para as ruas.<\/p>\n\n\n\n<p>Esse cen\u00e1rio mostra um est\u00e1gio de transi\u00e7\u00e3o, em que a tecnologia j\u00e1 permite modelagens, prot\u00f3tipos e debates regulat\u00f3rios, mas ainda exige adapta\u00e7\u00f5es legais e padroniza\u00e7\u00f5es internacionais. Antes de chegar ao cotidiano dos motoristas, ser\u00e1 necess\u00e1rio ajustar c\u00f3digos de tr\u00e2nsito, definir normas claras para a nova cor e investir em campanhas de comunica\u00e7\u00e3o para garantir compreens\u00e3o e seguran\u00e7a a todos.<\/p>\n\n\n\n<h2 class=\"wp-block-heading\">Quais tend\u00eancias apontam para o futuro do tr\u00e2nsito inteligente com luz branca<\/h2>\n\n\n\n<p>A discuss\u00e3o sobre o&nbsp;<strong>quarto sinal nos sem\u00e1foros<\/strong>&nbsp;acontece em paralelo a outras inova\u00e7\u00f5es, como o uso de luzes azuis para indicar comunica\u00e7\u00e3o de dados entre equipamentos de rua e frotas conectadas e a ado\u00e7\u00e3o de contadores regressivos para pedestres em v\u00e1rios pa\u00edses europeus. Juntos, esses recursos apontam para uma gest\u00e3o integrada entre sem\u00e1foros, ve\u00edculos e usu\u00e1rios, com a tecnologia assumindo papel central na mobilidade urbana.<\/p>\n\n\n\n<p>\u00c0 medida que carros aut\u00f4nomos evoluem e as redes de comunica\u00e7\u00e3o veicular se popularizam, cresce a press\u00e3o para que cidades testem, ajustem e implementem solu\u00e7\u00f5es como a&nbsp;<strong>luz branca no sem\u00e1foro<\/strong>. Se voc\u00ea atua em gest\u00e3o p\u00fablica, transporte ou tecnologia, este \u00e9 o momento de acompanhar de perto, participar dos debates e cobrar pilotos reais: quem ficar parado agora corre o risco de ver sua cidade presa em um tr\u00e2nsito do passado.<\/p>\n","protected":false},"excerpt":{"rendered":"<p>Uma proposta tecnol\u00f3gica vem ganhando espa\u00e7o nas discuss\u00f5es sobre mobilidade urbana: a inclus\u00e3o de um&nbsp;quarto sinal branco nos sem\u00e1foros&nbsp;para organizar o tr\u00e2nsito em cruzamentos com presen\u00e7a de carros aut\u00f4nomos. A ideia, que surgiu em estudos acad\u00eamicos nos Estados Unidos e vem sendo analisada por \u00f3rg\u00e3os de transporte na Europa, especialmente na It\u00e1lia, busca integrar intelig\u00eancia [&hellip;]<\/p>\n","protected":false},"author":11,"featured_media":200595,"comment_status":"open","ping_status":"open","sticky":false,"template":"","format":"standard","meta":{"jnews-multi-image_gallery":[],"jnews_single_post":{"format":"standard"},"jnews_primary_category":[],"jnews_social_meta":[],"jnews_override_counter":[],"footnotes":""},"categories":[27,1],"tags":[1116,183,15001,28774,161,765],"class_list":["post-199650","post","type-post","status-publish","format-standard","has-post-thumbnail","hentry","category-carros","category-noticias","tag-carros","tag-cidades","tag-luz-branca","tag-semaforo","tag-tecnologia","tag-transito"],"yoast_head":"<!-- This site is optimized with the Yoast SEO plugin v23.8 - https:\/\/yoast.com\/wordpress\/plugins\/seo\/ -->\n<title>Luz branca nos sem\u00e1foros pode mudar o tr\u00e2nsito: entenda para que serve essa novidade - Estado de Minas - Em foco<\/title>\n<meta name=\"description\" content=\"Sem\u00e1foro com luz branca pode reduzir filas e melhorar o tr\u00e2nsito. Veja como funciona a nova proposta para cidades.\" \/>\n<meta name=\"robots\" content=\"index, follow, max-snippet:-1, max-image-preview:large, max-video-preview:-1\" \/>\n<link rel=\"canonical\" href=\"https:\/\/www.em.com.br\/emfoco\/2026\/04\/28\/luz-branca-nos-semaforos-pode-mudar-o-transito-entenda-para-que-serve-essa-novidade\/\" \/>\n<meta property=\"og:locale\" content=\"pt_BR\" \/>\n<meta property=\"og:type\" content=\"article\" \/>\n<meta property=\"og:title\" content=\"Luz branca nos sem\u00e1foros pode mudar o tr\u00e2nsito: entenda para que serve essa novidade - Estado de Minas - Em foco\" \/>\n<meta property=\"og:description\" content=\"Sem\u00e1foro com luz branca pode reduzir filas e melhorar o tr\u00e2nsito. Veja como funciona a nova proposta para cidades.\" \/>\n<meta property=\"og:url\" content=\"https:\/\/www.em.com.br\/emfoco\/2026\/04\/28\/luz-branca-nos-semaforos-pode-mudar-o-transito-entenda-para-que-serve-essa-novidade\/\" \/>\n<meta property=\"og:site_name\" content=\"Estado de Minas - Em foco\" \/>\n<meta property=\"article:published_time\" content=\"2026-04-28T09:05:00+00:00\" \/>\n<meta property=\"article:modified_time\" content=\"2026-04-27T18:29:35+00:00\" \/>\n<meta property=\"og:image\" content=\"https:\/\/www.em.com.br\/emfoco\/wp-content\/uploads\/2026\/04\/EmFoco_20-6.jpg\" \/>\n\t<meta property=\"og:image:width\" content=\"1280\" \/>\n\t<meta property=\"og:image:height\" content=\"720\" \/>\n\t<meta property=\"og:image:type\" content=\"image\/jpeg\" \/>\n<meta name=\"author\" content=\"Andre\u0301 Rangel\u00a0\" \/>\n<meta name=\"twitter:card\" content=\"summary_large_image\" \/>\n<meta name=\"twitter:label1\" content=\"Escrito por\" \/>\n\t<meta name=\"twitter:data1\" content=\"Andre\u0301 Rangel\u00a0\" \/>\n\t<meta name=\"twitter:label2\" content=\"Est. tempo de leitura\" \/>\n\t<meta name=\"twitter:data2\" content=\"5 minutos\" \/>\n<!-- \/ Yoast SEO plugin. -->","yoast_head_json":{"title":"Luz branca nos sem\u00e1foros pode mudar o tr\u00e2nsito: entenda para que serve essa novidade - Estado de Minas - Em foco","description":"Sem\u00e1foro com luz branca pode reduzir filas e melhorar o tr\u00e2nsito. Veja como funciona a nova proposta para cidades.","robots":{"index":"index","follow":"follow","max-snippet":"max-snippet:-1","max-image-preview":"max-image-preview:large","max-video-preview":"max-video-preview:-1"},"canonical":"https:\/\/www.em.com.br\/emfoco\/2026\/04\/28\/luz-branca-nos-semaforos-pode-mudar-o-transito-entenda-para-que-serve-essa-novidade\/","og_locale":"pt_BR","og_type":"article","og_title":"Luz branca nos sem\u00e1foros pode mudar o tr\u00e2nsito: entenda para que serve essa novidade - Estado de Minas - Em foco","og_description":"Sem\u00e1foro com luz branca pode reduzir filas e melhorar o tr\u00e2nsito. Veja como funciona a nova proposta para cidades.","og_url":"https:\/\/www.em.com.br\/emfoco\/2026\/04\/28\/luz-branca-nos-semaforos-pode-mudar-o-transito-entenda-para-que-serve-essa-novidade\/","og_site_name":"Estado de Minas - Em foco","article_published_time":"2026-04-28T09:05:00+00:00","article_modified_time":"2026-04-27T18:29:35+00:00","og_image":[{"width":1280,"height":720,"url":"https:\/\/www.em.com.br\/emfoco\/wp-content\/uploads\/2026\/04\/EmFoco_20-6.jpg","type":"image\/jpeg"}],"author":"Andre\u0301 Rangel\u00a0","twitter_card":"summary_large_image","twitter_misc":{"Escrito por":"Andre\u0301 Rangel\u00a0","Est. tempo de leitura":"5 minutos"},"schema":{"@context":"https:\/\/schema.org","@graph":[{"@type":"WebPage","@id":"https:\/\/www.em.com.br\/emfoco\/2026\/04\/28\/luz-branca-nos-semaforos-pode-mudar-o-transito-entenda-para-que-serve-essa-novidade\/","url":"https:\/\/www.em.com.br\/emfoco\/2026\/04\/28\/luz-branca-nos-semaforos-pode-mudar-o-transito-entenda-para-que-serve-essa-novidade\/","name":"Luz branca nos sem\u00e1foros pode mudar o tr\u00e2nsito: entenda para que serve essa novidade - Estado de Minas - Em foco","isPartOf":{"@id":"https:\/\/www.em.com.br\/emfoco\/#website"},"primaryImageOfPage":{"@id":"https:\/\/www.em.com.br\/emfoco\/2026\/04\/28\/luz-branca-nos-semaforos-pode-mudar-o-transito-entenda-para-que-serve-essa-novidade\/#primaryimage"},"image":{"@id":"https:\/\/www.em.com.br\/emfoco\/2026\/04\/28\/luz-branca-nos-semaforos-pode-mudar-o-transito-entenda-para-que-serve-essa-novidade\/#primaryimage"},"thumbnailUrl":"https:\/\/www.em.com.br\/emfoco\/wp-content\/uploads\/2026\/04\/EmFoco_20-6.jpg","datePublished":"2026-04-28T09:05:00+00:00","dateModified":"2026-04-27T18:29:35+00:00","author":{"@id":"https:\/\/www.em.com.br\/emfoco\/#\/schema\/person\/60eda09c1fedf0d6891f4cef4b60b8b8"},"description":"Sem\u00e1foro com luz branca pode reduzir filas e melhorar o tr\u00e2nsito. Veja como funciona a nova proposta para cidades.","breadcrumb":{"@id":"https:\/\/www.em.com.br\/emfoco\/2026\/04\/28\/luz-branca-nos-semaforos-pode-mudar-o-transito-entenda-para-que-serve-essa-novidade\/#breadcrumb"},"inLanguage":"pt-BR","potentialAction":[{"@type":"ReadAction","target":["https:\/\/www.em.com.br\/emfoco\/2026\/04\/28\/luz-branca-nos-semaforos-pode-mudar-o-transito-entenda-para-que-serve-essa-novidade\/"]}]},{"@type":"ImageObject","inLanguage":"pt-BR","@id":"https:\/\/www.em.com.br\/emfoco\/2026\/04\/28\/luz-branca-nos-semaforos-pode-mudar-o-transito-entenda-para-que-serve-essa-novidade\/#primaryimage","url":"https:\/\/www.em.com.br\/emfoco\/wp-content\/uploads\/2026\/04\/EmFoco_20-6.jpg","contentUrl":"https:\/\/www.em.com.br\/emfoco\/wp-content\/uploads\/2026\/04\/EmFoco_20-6.jpg","width":1280,"height":720,"caption":"Quarta luz no sem\u00e1foro coordena fluxo de carros aut\u00f4nomos para reduzir congestionamentos"},{"@type":"BreadcrumbList","@id":"https:\/\/www.em.com.br\/emfoco\/2026\/04\/28\/luz-branca-nos-semaforos-pode-mudar-o-transito-entenda-para-que-serve-essa-novidade\/#breadcrumb","itemListElement":[{"@type":"ListItem","position":1,"name":"In\u00edcio","item":"https:\/\/www.em.com.br\/emfoco\/"},{"@type":"ListItem","position":2,"name":"Luz branca nos sem\u00e1foros pode mudar o tr\u00e2nsito: entenda para que serve essa novidade"}]},{"@type":"WebSite","@id":"https:\/\/www.em.com.br\/emfoco\/#website","url":"https:\/\/www.em.com.br\/emfoco\/","name":"Estado de Minas - Em foco","description":"Acompanhe as \u00faltimas not\u00edcias e fique bem informado sobre tudo o que acontece em Minas Gerais, Brasil e no mundo.","potentialAction":[{"@type":"SearchAction","target":{"@type":"EntryPoint","urlTemplate":"https:\/\/www.em.com.br\/emfoco\/?s={search_term_string}"},"query-input":{"@type":"PropertyValueSpecification","valueRequired":true,"valueName":"search_term_string"}}],"inLanguage":"pt-BR"},{"@type":"Person","@id":"https:\/\/www.em.com.br\/emfoco\/#\/schema\/person\/60eda09c1fedf0d6891f4cef4b60b8b8","name":"Andre\u0301 Rangel\u00a0","image":{"@type":"ImageObject","inLanguage":"pt-BR","@id":"https:\/\/www.em.com.br\/emfoco\/#\/schema\/person\/image\/","url":"https:\/\/secure.gravatar.com\/avatar\/6234dc814c77c8ef6d8bba622c787efc?s=96&d=mm&r=g","contentUrl":"https:\/\/secure.gravatar.com\/avatar\/6234dc814c77c8ef6d8bba622c787efc?s=96&d=mm&r=g","caption":"Andre\u0301 Rangel\u00a0"},"url":"https:\/\/www.em.com.br\/emfoco\/author\/luizmyth\/"}]}},"_links":{"self":[{"href":"https:\/\/www.em.com.br\/emfoco\/wp-json\/wp\/v2\/posts\/199650","targetHints":{"allow":["GET"]}}],"collection":[{"href":"https:\/\/www.em.com.br\/emfoco\/wp-json\/wp\/v2\/posts"}],"about":[{"href":"https:\/\/www.em.com.br\/emfoco\/wp-json\/wp\/v2\/types\/post"}],"author":[{"embeddable":true,"href":"https:\/\/www.em.com.br\/emfoco\/wp-json\/wp\/v2\/users\/11"}],"replies":[{"embeddable":true,"href":"https:\/\/www.em.com.br\/emfoco\/wp-json\/wp\/v2\/comments?post=199650"}],"version-history":[{"count":3,"href":"https:\/\/www.em.com.br\/emfoco\/wp-json\/wp\/v2\/posts\/199650\/revisions"}],"predecessor-version":[{"id":199699,"href":"https:\/\/www.em.com.br\/emfoco\/wp-json\/wp\/v2\/posts\/199650\/revisions\/199699"}],"wp:featuredmedia":[{"embeddable":true,"href":"https:\/\/www.em.com.br\/emfoco\/wp-json\/wp\/v2\/media\/200595"}],"wp:attachment":[{"href":"https:\/\/www.em.com.br\/emfoco\/wp-json\/wp\/v2\/media?parent=199650"}],"wp:term":[{"taxonomy":"category","embeddable":true,"href":"https:\/\/www.em.com.br\/emfoco\/wp-json\/wp\/v2\/categories?post=199650"},{"taxonomy":"post_tag","embeddable":true,"href":"https:\/\/www.em.com.br\/emfoco\/wp-json\/wp\/v2\/tags?post=199650"}],"curies":[{"name":"wp","href":"https:\/\/api.w.org\/{rel}","templated":true}]}}