{"id":199630,"date":"2026-04-27T17:35:00","date_gmt":"2026-04-27T20:35:00","guid":{"rendered":"https:\/\/www.em.com.br\/emfoco\/?p=199630"},"modified":"2026-04-26T06:55:47","modified_gmt":"2026-04-26T09:55:47","slug":"segundo-um-especialista-em-jardinagem-quais-arvores-frutiferas-devem-ser-transplantadas-em-maio","status":"publish","type":"post","link":"https:\/\/www.em.com.br\/emfoco\/2026\/04\/27\/segundo-um-especialista-em-jardinagem-quais-arvores-frutiferas-devem-ser-transplantadas-em-maio\/","title":{"rendered":"Segundo um especialista em jardinagem, quais \u00e1rvores frut\u00edferas devem ser transplantadas em maio"},"content":{"rendered":"\n<p>Maio marca o in\u00edcio do outono nas regi\u00f5es Sul e Sudeste do Brasil, sendo a janela mais valiosa para mover <strong>\u00e1rvores frut\u00edferas<\/strong> caducif\u00f3lias. Plantas que perdem as folhas no inverno transpiram pouco e concentram energia nas ra\u00edzes, reduzindo o estresse do transplante.<\/p>\n\n\n\n<h2 class=\"wp-block-heading\">Por que a dorm\u00eancia define o sucesso do transplante no outono?<\/h2>\n\n\n\n<p>Quando uma planta entra em repouso hibernal, sua demanda por \u00e1gua e nutrientes cai ao m\u00ednimo necess\u00e1rio para a sobreviv\u00eancia. Transplantar as <strong>\u00e1rvores frut\u00edferas<\/strong> nesse estado permite que o sistema radicular se instale no novo solo antes que a primavera exija energia para a brota\u00e7\u00e3o.<\/p>\n\n\n\n<p>Adiar esse processo para per\u00edodos de calor compromete a produtividade, pois as ra\u00edzes rec\u00e9m-movidas precisam sustentar simultaneamente folhas e flores. Segundo dados t\u00e9cnicos da <strong><a href=\"https:\/\/www.embrapa.br\/busca-de-publicacoes\/-\/publicacao\/1149320\/cultivo-do-pessegueiro\" target=\"_blank\" rel=\"noreferrer noopener\">Embrapa Clima Temperado<\/a><\/strong>, o transplante em dorm\u00eancia garante um pegamento muito superior em esp\u00e9cies sens\u00edveis.<\/p>\n\n\n<div class=\"wp-block-image\">\n<figure class=\"aligncenter size-large\"><img loading=\"lazy\" decoding=\"async\" width=\"1024\" height=\"576\" src=\"https:\/\/www.em.com.br\/emfoco\/wp-content\/uploads\/2026\/04\/perergueira-1024x576.jpg\" alt=\"estas mudas espec\u00edficas devem ir para o solo este m\u00eas para garantir frutos doces\" class=\"wp-image-199638\" srcset=\"https:\/\/www.em.com.br\/emfoco\/wp-content\/uploads\/2026\/04\/perergueira-1024x576.jpg 1024w, https:\/\/www.em.com.br\/emfoco\/wp-content\/uploads\/2026\/04\/perergueira-300x169.jpg 300w, https:\/\/www.em.com.br\/emfoco\/wp-content\/uploads\/2026\/04\/perergueira-768x432.jpg 768w, https:\/\/www.em.com.br\/emfoco\/wp-content\/uploads\/2026\/04\/perergueira-750x422.jpg 750w, https:\/\/www.em.com.br\/emfoco\/wp-content\/uploads\/2026\/04\/perergueira-1140x641.jpg 1140w, https:\/\/www.em.com.br\/emfoco\/wp-content\/uploads\/2026\/04\/perergueira.jpg 1280w\" sizes=\"auto, (max-width: 1024px) 100vw, 1024px\" \/><figcaption class=\"wp-element-caption\">Estas mudas espec\u00edficas devem ir para o solo este m\u00eas para garantir frutos doces<\/figcaption><\/figure><\/div>\n\n\n<h2 class=\"wp-block-heading\">Quais s\u00e3o as esp\u00e9cies ideais para transplantar neste per\u00edodo?<\/h2>\n\n\n\n<p>As esp\u00e9cies de clima temperado, que exigem ac\u00famulo de horas de frio, s\u00e3o as protagonistas do calend\u00e1rio de maio. O <strong>pessegueiro<\/strong> e a <strong>ameixeira<\/strong> s\u00e3o exemplos de plantas que respondem com vigor quando movidas durante o outono nas \u00e1reas de altitude do <strong>Brasil<\/strong>.<\/p>\n\n\n\n<p>Segundo o especialista Dr. Richard Bast\u00edas Ibarra, confira as fruteiras mais indicadas para o transplante:<\/p>\n\n\n<div class=\"wp-block-image\">\n<figure class=\"aligncenter size-large is-resized\"><img loading=\"lazy\" decoding=\"async\" width=\"1024\" height=\"682\" src=\"https:\/\/www.em.com.br\/emfoco\/wp-content\/uploads\/2026\/04\/image-185-1024x682.png\" alt=\"\" class=\"wp-image-199634\" style=\"width:814px;height:auto\" srcset=\"https:\/\/www.em.com.br\/emfoco\/wp-content\/uploads\/2026\/04\/image-185-1024x682.png 1024w, https:\/\/www.em.com.br\/emfoco\/wp-content\/uploads\/2026\/04\/image-185-300x200.png 300w, https:\/\/www.em.com.br\/emfoco\/wp-content\/uploads\/2026\/04\/image-185-768x512.png 768w, https:\/\/www.em.com.br\/emfoco\/wp-content\/uploads\/2026\/04\/image-185-750x500.png 750w, https:\/\/www.em.com.br\/emfoco\/wp-content\/uploads\/2026\/04\/image-185-1140x760.png 1140w, https:\/\/www.em.com.br\/emfoco\/wp-content\/uploads\/2026\/04\/image-185.png 1280w\" sizes=\"auto, (max-width: 1024px) 100vw, 1024px\" \/><\/figure><\/div>\n\n\n<h2 class=\"wp-block-heading\">Como realizar a t\u00e9cnica de transplante passo a passo?<\/h2>\n\n\n\n<p>A qualidade da execu\u00e7\u00e3o \u00e9 t\u00e3o importante quanto o momento escolhido para o manejo do pomar. A cova deve ser preparada no mesmo dia do plantio, com dimens\u00f5es m\u00ednimas de <strong>60 cm<\/strong> em todos os lados, evitando que as ra\u00edzes das <strong>\u00e1rvores frut\u00edferas<\/strong> fiquem comprimidas.<\/p>\n\n\n\n<p>\u00c9 fundamental manter a jun\u00e7\u00e3o entre a raiz e o caule exatamente no n\u00edvel do solo para evitar o apodrecimento da base. De acordo com informa\u00e7\u00f5es da <strong>fruticultura<\/strong> t\u00e9cnica, remover apenas as ra\u00edzes danificadas e realizar uma rega abundante imediata s\u00e3o passos cruciais para eliminar bols\u00f5es de ar no solo.<\/p>\n\n\n<div class=\"wp-block-image\">\n<figure class=\"aligncenter size-large\"><img loading=\"lazy\" decoding=\"async\" width=\"1024\" height=\"576\" src=\"https:\/\/www.em.com.br\/emfoco\/wp-content\/uploads\/2026\/04\/plantacao-2-1024x576.jpg\" alt=\"as frut\u00edferas que suportam melhor a mudan\u00e7a de local durante o outono\" class=\"wp-image-199639\" srcset=\"https:\/\/www.em.com.br\/emfoco\/wp-content\/uploads\/2026\/04\/plantacao-2-1024x576.jpg 1024w, https:\/\/www.em.com.br\/emfoco\/wp-content\/uploads\/2026\/04\/plantacao-2-300x169.jpg 300w, https:\/\/www.em.com.br\/emfoco\/wp-content\/uploads\/2026\/04\/plantacao-2-768x432.jpg 768w, https:\/\/www.em.com.br\/emfoco\/wp-content\/uploads\/2026\/04\/plantacao-2-750x422.jpg 750w, https:\/\/www.em.com.br\/emfoco\/wp-content\/uploads\/2026\/04\/plantacao-2-1140x641.jpg 1140w, https:\/\/www.em.com.br\/emfoco\/wp-content\/uploads\/2026\/04\/plantacao-2.jpg 1280w\" sizes=\"auto, (max-width: 1024px) 100vw, 1024px\" \/><figcaption class=\"wp-element-caption\">As frut\u00edferas que suportam melhor a mudan\u00e7a de local durante o outono<\/figcaption><\/figure><\/div>\n\n\n<h2 class=\"wp-block-heading\">Qual \u00e9 o erro mais comum na aduba\u00e7\u00e3o p\u00f3s-transplante?<\/h2>\n\n\n\n<p>Fertilizantes minerais aplicados logo ap\u00f3s o transplante podem queimar as ra\u00edzes finas que ainda n\u00e3o possuem capacidade plena de absor\u00e7\u00e3o. A recomenda\u00e7\u00e3o de especialistas \u00e9 incorporar apenas <strong>composto org\u00e2nico<\/strong> maduro ou h\u00famus de minhoca no buraco de plantio das <strong>\u00e1rvores frut\u00edferas<\/strong>.<\/p>\n\n\n\n<p>A aduba\u00e7\u00e3o mineral com <strong>NPK<\/strong> deve ser introduzida somente na primavera, quando a planta demonstrar brota\u00e7\u00e3o regular. Esse cuidado protege a estrutura celular da muda e estimula a microbiota do solo, garantindo que a planta cres\u00e7a saud\u00e1vel e adaptada ao seu local definitivo.<\/p>\n\n\n\n<h2 class=\"wp-block-heading\">Como o clima regional afeta o calend\u00e1rio de plantio?<\/h2>\n\n\n\n<p>O calend\u00e1rio de maio aplica-se rigorosamente \u00e0s regi\u00f5es com inverno definido, como o Sul e as serras do Sudeste. No <strong>Norte<\/strong> e <strong>Nordeste<\/strong>, onde as temperaturas n\u00e3o caem drasticamente, o transplante de caducif\u00f3lias n\u00e3o segue a mesma l\u00f3gica de dorm\u00eancia hibernal.<\/p>\n\n\n\n<p>Para essas regi\u00f5es tropicais, o transplante deve coincidir com o in\u00edcio das chuvas locais para garantir a hidrata\u00e7\u00e3o das mudas. Entender o ciclo fisiol\u00f3gico das <strong>\u00e1rvores frut\u00edferas<\/strong> \u00e9 o que diferencia um pomar dom\u00e9stico comum de um cultivo profissional com alta taxa de sobreviv\u00eancia e colheitas fartas.<\/p>\n","protected":false},"excerpt":{"rendered":"<p>Maio marca o in\u00edcio do outono nas regi\u00f5es Sul e Sudeste do Brasil, sendo a janela mais valiosa para mover \u00e1rvores frut\u00edferas caducif\u00f3lias. Plantas que perdem as folhas no inverno transpiram pouco e concentram energia nas ra\u00edzes, reduzindo o estresse do transplante. Por que a dorm\u00eancia define o sucesso do transplante no outono? Quando uma [&hellip;]<\/p>\n","protected":false},"author":30,"featured_media":199642,"comment_status":"open","ping_status":"open","sticky":false,"template":"","format":"standard","meta":{"jnews-multi-image_gallery":[],"jnews_single_post":{"format":"standard"},"jnews_primary_category":[],"jnews_social_meta":[],"jnews_override_counter":[],"footnotes":""},"categories":[8691],"tags":[3358,6074,10132,13675],"class_list":["post-199630","post","type-post","status-publish","format-standard","has-post-thumbnail","hentry","category-bem-estar","tag-jardinagem","tag-outono","tag-pomar","tag-transplante"],"yoast_head":"<!-- This site is optimized with the Yoast SEO plugin v23.8 - https:\/\/yoast.com\/wordpress\/plugins\/seo\/ -->\n<title>Segundo um especialista em jardinagem, quais \u00e1rvores frut\u00edferas devem ser transplantadas em maio - Estado de Minas - Em foco<\/title>\n<meta name=\"description\" content=\"Veja quais \u00e1rvores frut\u00edferas devem ser transplantadas em maio segundo um especialista em jardinagem. Entenda a janela do outono agora.\" \/>\n<meta name=\"robots\" content=\"index, follow, max-snippet:-1, max-image-preview:large, max-video-preview:-1\" \/>\n<link rel=\"canonical\" href=\"https:\/\/www.em.com.br\/emfoco\/2026\/04\/27\/segundo-um-especialista-em-jardinagem-quais-arvores-frutiferas-devem-ser-transplantadas-em-maio\/\" \/>\n<meta property=\"og:locale\" content=\"pt_BR\" \/>\n<meta property=\"og:type\" content=\"article\" \/>\n<meta property=\"og:title\" content=\"Segundo um especialista em jardinagem, quais \u00e1rvores frut\u00edferas devem ser transplantadas em maio - Estado de Minas - Em foco\" \/>\n<meta property=\"og:description\" content=\"Veja quais \u00e1rvores frut\u00edferas devem ser transplantadas em maio segundo um especialista em jardinagem. Entenda a janela do outono agora.\" \/>\n<meta property=\"og:url\" content=\"https:\/\/www.em.com.br\/emfoco\/2026\/04\/27\/segundo-um-especialista-em-jardinagem-quais-arvores-frutiferas-devem-ser-transplantadas-em-maio\/\" \/>\n<meta property=\"og:site_name\" content=\"Estado de Minas - Em foco\" \/>\n<meta property=\"article:published_time\" content=\"2026-04-27T20:35:00+00:00\" \/>\n<meta property=\"article:modified_time\" content=\"2026-04-26T09:55:47+00:00\" \/>\n<meta property=\"og:image\" content=\"https:\/\/www.em.com.br\/emfoco\/wp-content\/uploads\/2026\/04\/pesseugieo.jpg\" \/>\n\t<meta property=\"og:image:width\" content=\"1280\" \/>\n\t<meta property=\"og:image:height\" content=\"720\" \/>\n\t<meta property=\"og:image:type\" content=\"image\/jpeg\" \/>\n<meta name=\"author\" content=\"Guilherme Ara\u00fajo\" \/>\n<meta name=\"twitter:card\" content=\"summary_large_image\" \/>\n<meta name=\"twitter:label1\" content=\"Escrito por\" \/>\n\t<meta name=\"twitter:data1\" content=\"Guilherme Ara\u00fajo\" \/>\n\t<meta name=\"twitter:label2\" content=\"Est. tempo de leitura\" \/>\n\t<meta name=\"twitter:data2\" content=\"4 minutos\" \/>\n<!-- \/ Yoast SEO plugin. -->","yoast_head_json":{"title":"Segundo um especialista em jardinagem, quais \u00e1rvores frut\u00edferas devem ser transplantadas em maio - Estado de Minas - Em foco","description":"Veja quais \u00e1rvores frut\u00edferas devem ser transplantadas em maio segundo um especialista em jardinagem. Entenda a janela do outono agora.","robots":{"index":"index","follow":"follow","max-snippet":"max-snippet:-1","max-image-preview":"max-image-preview:large","max-video-preview":"max-video-preview:-1"},"canonical":"https:\/\/www.em.com.br\/emfoco\/2026\/04\/27\/segundo-um-especialista-em-jardinagem-quais-arvores-frutiferas-devem-ser-transplantadas-em-maio\/","og_locale":"pt_BR","og_type":"article","og_title":"Segundo um especialista em jardinagem, quais \u00e1rvores frut\u00edferas devem ser transplantadas em maio - Estado de Minas - Em foco","og_description":"Veja quais \u00e1rvores frut\u00edferas devem ser transplantadas em maio segundo um especialista em jardinagem. Entenda a janela do outono agora.","og_url":"https:\/\/www.em.com.br\/emfoco\/2026\/04\/27\/segundo-um-especialista-em-jardinagem-quais-arvores-frutiferas-devem-ser-transplantadas-em-maio\/","og_site_name":"Estado de Minas - Em foco","article_published_time":"2026-04-27T20:35:00+00:00","article_modified_time":"2026-04-26T09:55:47+00:00","og_image":[{"width":1280,"height":720,"url":"https:\/\/www.em.com.br\/emfoco\/wp-content\/uploads\/2026\/04\/pesseugieo.jpg","type":"image\/jpeg"}],"author":"Guilherme Ara\u00fajo","twitter_card":"summary_large_image","twitter_misc":{"Escrito por":"Guilherme Ara\u00fajo","Est. tempo de leitura":"4 minutos"},"schema":{"@context":"https:\/\/schema.org","@graph":[{"@type":"WebPage","@id":"https:\/\/www.em.com.br\/emfoco\/2026\/04\/27\/segundo-um-especialista-em-jardinagem-quais-arvores-frutiferas-devem-ser-transplantadas-em-maio\/","url":"https:\/\/www.em.com.br\/emfoco\/2026\/04\/27\/segundo-um-especialista-em-jardinagem-quais-arvores-frutiferas-devem-ser-transplantadas-em-maio\/","name":"Segundo um especialista em jardinagem, quais \u00e1rvores frut\u00edferas devem ser transplantadas em maio - Estado de Minas - Em foco","isPartOf":{"@id":"https:\/\/www.em.com.br\/emfoco\/#website"},"primaryImageOfPage":{"@id":"https:\/\/www.em.com.br\/emfoco\/2026\/04\/27\/segundo-um-especialista-em-jardinagem-quais-arvores-frutiferas-devem-ser-transplantadas-em-maio\/#primaryimage"},"image":{"@id":"https:\/\/www.em.com.br\/emfoco\/2026\/04\/27\/segundo-um-especialista-em-jardinagem-quais-arvores-frutiferas-devem-ser-transplantadas-em-maio\/#primaryimage"},"thumbnailUrl":"https:\/\/www.em.com.br\/emfoco\/wp-content\/uploads\/2026\/04\/pesseugieo.jpg","datePublished":"2026-04-27T20:35:00+00:00","dateModified":"2026-04-26T09:55:47+00:00","author":{"@id":"https:\/\/www.em.com.br\/emfoco\/#\/schema\/person\/5379e929a4b966c775d121e23f9bb421"},"description":"Veja quais \u00e1rvores frut\u00edferas devem ser transplantadas em maio segundo um especialista em jardinagem. Entenda a janela do outono agora.","breadcrumb":{"@id":"https:\/\/www.em.com.br\/emfoco\/2026\/04\/27\/segundo-um-especialista-em-jardinagem-quais-arvores-frutiferas-devem-ser-transplantadas-em-maio\/#breadcrumb"},"inLanguage":"pt-BR","potentialAction":[{"@type":"ReadAction","target":["https:\/\/www.em.com.br\/emfoco\/2026\/04\/27\/segundo-um-especialista-em-jardinagem-quais-arvores-frutiferas-devem-ser-transplantadas-em-maio\/"]}]},{"@type":"ImageObject","inLanguage":"pt-BR","@id":"https:\/\/www.em.com.br\/emfoco\/2026\/04\/27\/segundo-um-especialista-em-jardinagem-quais-arvores-frutiferas-devem-ser-transplantadas-em-maio\/#primaryimage","url":"https:\/\/www.em.com.br\/emfoco\/wp-content\/uploads\/2026\/04\/pesseugieo.jpg","contentUrl":"https:\/\/www.em.com.br\/emfoco\/wp-content\/uploads\/2026\/04\/pesseugieo.jpg","width":1280,"height":720,"caption":"Estas esp\u00e9cies frut\u00edferas garantem colheitas melhores se plantadas em maio"},{"@type":"BreadcrumbList","@id":"https:\/\/www.em.com.br\/emfoco\/2026\/04\/27\/segundo-um-especialista-em-jardinagem-quais-arvores-frutiferas-devem-ser-transplantadas-em-maio\/#breadcrumb","itemListElement":[{"@type":"ListItem","position":1,"name":"In\u00edcio","item":"https:\/\/www.em.com.br\/emfoco\/"},{"@type":"ListItem","position":2,"name":"Segundo um especialista em jardinagem, quais \u00e1rvores frut\u00edferas devem ser transplantadas em maio"}]},{"@type":"WebSite","@id":"https:\/\/www.em.com.br\/emfoco\/#website","url":"https:\/\/www.em.com.br\/emfoco\/","name":"Estado de Minas - Em foco","description":"Acompanhe as \u00faltimas not\u00edcias e fique bem informado sobre tudo o que acontece em Minas Gerais, Brasil e no mundo.","potentialAction":[{"@type":"SearchAction","target":{"@type":"EntryPoint","urlTemplate":"https:\/\/www.em.com.br\/emfoco\/?s={search_term_string}"},"query-input":{"@type":"PropertyValueSpecification","valueRequired":true,"valueName":"search_term_string"}}],"inLanguage":"pt-BR"},{"@type":"Person","@id":"https:\/\/www.em.com.br\/emfoco\/#\/schema\/person\/5379e929a4b966c775d121e23f9bb421","name":"Guilherme Ara\u00fajo","image":{"@type":"ImageObject","inLanguage":"pt-BR","@id":"https:\/\/www.em.com.br\/emfoco\/#\/schema\/person\/image\/","url":"https:\/\/secure.gravatar.com\/avatar\/b8bf1fd0130e170bd8f5d7298dbafa25?s=96&d=mm&r=g","contentUrl":"https:\/\/secure.gravatar.com\/avatar\/b8bf1fd0130e170bd8f5d7298dbafa25?s=96&d=mm&r=g","caption":"Guilherme Ara\u00fajo"},"sameAs":["https:\/\/www.em.com.br\/emfoco"],"url":"https:\/\/www.em.com.br\/emfoco\/author\/guilhermeamyth\/"}]}},"_links":{"self":[{"href":"https:\/\/www.em.com.br\/emfoco\/wp-json\/wp\/v2\/posts\/199630","targetHints":{"allow":["GET"]}}],"collection":[{"href":"https:\/\/www.em.com.br\/emfoco\/wp-json\/wp\/v2\/posts"}],"about":[{"href":"https:\/\/www.em.com.br\/emfoco\/wp-json\/wp\/v2\/types\/post"}],"author":[{"embeddable":true,"href":"https:\/\/www.em.com.br\/emfoco\/wp-json\/wp\/v2\/users\/30"}],"replies":[{"embeddable":true,"href":"https:\/\/www.em.com.br\/emfoco\/wp-json\/wp\/v2\/comments?post=199630"}],"version-history":[{"count":5,"href":"https:\/\/www.em.com.br\/emfoco\/wp-json\/wp\/v2\/posts\/199630\/revisions"}],"predecessor-version":[{"id":199644,"href":"https:\/\/www.em.com.br\/emfoco\/wp-json\/wp\/v2\/posts\/199630\/revisions\/199644"}],"wp:featuredmedia":[{"embeddable":true,"href":"https:\/\/www.em.com.br\/emfoco\/wp-json\/wp\/v2\/media\/199642"}],"wp:attachment":[{"href":"https:\/\/www.em.com.br\/emfoco\/wp-json\/wp\/v2\/media?parent=199630"}],"wp:term":[{"taxonomy":"category","embeddable":true,"href":"https:\/\/www.em.com.br\/emfoco\/wp-json\/wp\/v2\/categories?post=199630"},{"taxonomy":"post_tag","embeddable":true,"href":"https:\/\/www.em.com.br\/emfoco\/wp-json\/wp\/v2\/tags?post=199630"}],"curies":[{"name":"wp","href":"https:\/\/api.w.org\/{rel}","templated":true}]}}