{"id":199595,"date":"2026-04-27T12:15:00","date_gmt":"2026-04-27T15:15:00","guid":{"rendered":"https:\/\/www.em.com.br\/emfoco\/?p=199595"},"modified":"2026-04-26T06:56:17","modified_gmt":"2026-04-26T09:56:17","slug":"com-alguns-saquinhos-de-cha-usados-crie-esta-linda-luminaria","status":"publish","type":"post","link":"https:\/\/www.em.com.br\/emfoco\/2026\/04\/27\/com-alguns-saquinhos-de-cha-usados-crie-esta-linda-luminaria\/","title":{"rendered":"Com alguns saquinhos de ch\u00e1 usados, crie esta linda lumin\u00e1ria"},"content":{"rendered":"\n<p>O segredo do resultado est\u00e1 na propriedade f\u00edsica do papel do saquinho, que \u00e9 fino e levemente transl\u00facido. Os <strong>saquinhos de ch\u00e1<\/strong> difundem a luz de LED de forma suave, criando um brilho dourado que o papel comum n\u00e3o consegue replicar.<\/p>\n\n\n\n<h2 class=\"wp-block-heading\">Como preparar o material para garantir a transpar\u00eancia ideal?<\/h2>\n\n\n\n<p>Corte a parte superior de cada unidade para esvaziar o conte\u00fado de ervas, que pode ser aproveitado como adubo org\u00e2nico. Lave cada um dos <strong>saquinhos de ch\u00e1<\/strong> com delicadeza em \u00e1gua corrente e deixe secar completamente sobre uma superf\u00edcie plana e protegida.<\/p>\n\n\n\n<p>A secagem total \u00e9 fundamental, pois o papel \u00famido rasga com facilidade e pode desenvolver mofo se a estrutura for fechada precocemente. Esse processo de prepara\u00e7\u00e3o garante que a fibra do papel mantenha a porosidade necess\u00e1ria para a etapa de colagem decorativa.<\/p>\n\n\n<div class=\"wp-block-image\">\n<figure class=\"aligncenter size-large\"><img loading=\"lazy\" decoding=\"async\" width=\"1024\" height=\"576\" src=\"https:\/\/www.em.com.br\/emfoco\/wp-content\/uploads\/2026\/04\/cha1-1-1024x576.jpg\" alt=\"A t\u00e9cnica para reaproveitar itens de uso di\u00e1rio e transformar o ambiente\" class=\"wp-image-199600\" srcset=\"https:\/\/www.em.com.br\/emfoco\/wp-content\/uploads\/2026\/04\/cha1-1-1024x576.jpg 1024w, https:\/\/www.em.com.br\/emfoco\/wp-content\/uploads\/2026\/04\/cha1-1-300x169.jpg 300w, https:\/\/www.em.com.br\/emfoco\/wp-content\/uploads\/2026\/04\/cha1-1-768x432.jpg 768w, https:\/\/www.em.com.br\/emfoco\/wp-content\/uploads\/2026\/04\/cha1-1-750x422.jpg 750w, https:\/\/www.em.com.br\/emfoco\/wp-content\/uploads\/2026\/04\/cha1-1-1140x641.jpg 1140w, https:\/\/www.em.com.br\/emfoco\/wp-content\/uploads\/2026\/04\/cha1-1.jpg 1280w\" sizes=\"auto, (max-width: 1024px) 100vw, 1024px\" \/><figcaption class=\"wp-element-caption\">A t\u00e9cnica para reaproveitar itens de uso di\u00e1rio e transformar o ambiente<\/figcaption><\/figure><\/div>\n\n\n<h2 class=\"wp-block-heading\">Quais materiais s\u00e3o necess\u00e1rios para a montagem da estrutura?<\/h2>\n\n\n\n<p>A montagem exige elementos simples, mas que garantem a sustenta\u00e7\u00e3o da pe\u00e7a final. Al\u00e9m das ervas descartadas, voc\u00ea precisar\u00e1 de palitos de madeira para criar as molduras e cola <strong>PVA<\/strong> dilu\u00edda em \u00e1gua para selar os elementos naturais sobre o papel.<\/p>\n\n\n\n<p>Abaixo, listamos os itens fundamentais para o seu projeto:<\/p>\n\n\n\n<ul class=\"wp-block-list\">\n<li><strong>Saquinhos de ch\u00e1<\/strong> usados, limpos e totalmente secos.<\/li>\n\n\n\n<li><strong>Flores prensadas<\/strong> ou folhas secas para a decora\u00e7\u00e3o interna.<\/li>\n\n\n\n<li><strong>Mini LEDs de bateria<\/strong> com fio de cobre para ilumina\u00e7\u00e3o segura.<\/li>\n\n\n\n<li><strong>Cola quente<\/strong> transparente para a uni\u00e3o das arestas estruturais.<\/li>\n<\/ul>\n\n\n\n<h2 class=\"wp-block-heading\">Como decorar e selar os elementos naturais no papel?<\/h2>\n\n\n\n<p>Aplique uma camada fina de cola dilu\u00edda sobre a face externa do papel e posicione as folhinhas ou p\u00e9talas secas. Cubra com outra camada de adesivo para selar os elementos, aguardando a secagem por at\u00e9 <strong>quatro horas<\/strong> em ambiente ventilado antes de montar o prisma.<\/p>\n\n\n\n<p>O papel utilizado nessas<a href=\"https:\/\/www.em.com.br\/emfoco\/2026\/03\/09\/vasos-de-cimento-diy-a-ideia-simples-que-esta-mudando-a-decoracao-de-casas-e-varandas\/\" target=\"_blank\" rel=\"noreferrer noopener\"> embalagens \u00e9 projetado<\/a> para resistir \u00e0 infus\u00e3o, o que o torna resistente para o artesanato. Essa durabilidade permite que a pe\u00e7a final suporte o manuseio e a fixa\u00e7\u00e3o nas molduras de madeira.<\/p>\n\n\n<div class=\"wp-block-image\">\n<figure class=\"aligncenter size-large\"><img loading=\"lazy\" decoding=\"async\" width=\"1024\" height=\"576\" src=\"https:\/\/www.em.com.br\/emfoco\/wp-content\/uploads\/2026\/04\/saquinho-1-1024x576.jpg\" alt=\"O passo a passo para fabricar uma lumin\u00e1ria artesanal com texturas naturais \u00fanicas\" class=\"wp-image-199602\" srcset=\"https:\/\/www.em.com.br\/emfoco\/wp-content\/uploads\/2026\/04\/saquinho-1-1024x576.jpg 1024w, https:\/\/www.em.com.br\/emfoco\/wp-content\/uploads\/2026\/04\/saquinho-1-300x169.jpg 300w, https:\/\/www.em.com.br\/emfoco\/wp-content\/uploads\/2026\/04\/saquinho-1-768x432.jpg 768w, https:\/\/www.em.com.br\/emfoco\/wp-content\/uploads\/2026\/04\/saquinho-1-750x422.jpg 750w, https:\/\/www.em.com.br\/emfoco\/wp-content\/uploads\/2026\/04\/saquinho-1-1140x641.jpg 1140w, https:\/\/www.em.com.br\/emfoco\/wp-content\/uploads\/2026\/04\/saquinho-1.jpg 1280w\" sizes=\"auto, (max-width: 1024px) 100vw, 1024px\" \/><figcaption class=\"wp-element-caption\">O passo a passo para fabricar uma lumin\u00e1ria artesanal com texturas naturais \u00fanicas<\/figcaption><\/figure><\/div>\n\n\n<h2 class=\"wp-block-heading\">Qual \u00e9 a melhor forma de iluminar a lumin\u00e1ria com seguran\u00e7a?<\/h2>\n\n\n\n<p>O papel \u00e9 inflam\u00e1vel, por isso o uso de velas reais \u00e9 estritamente proibido neste projeto. Utilize exclusivamente mini LEDs com temperatura de cor entre <strong>2700 K<\/strong> e <strong>3000 K<\/strong>, que produzem uma luz amarelada ideal para valorizar a textura org\u00e2nica dos materiais.<\/p>\n\n\n\n<p>Diferente de sistemas de ilumina\u00e7\u00e3o fixa, esses fios de fada funcionam com baterias pequenas e n\u00e3o geram calor. Deixar a fonte de energia externa facilita a manuten\u00e7\u00e3o e garante que a lumin\u00e1ria possa ser suspensa por fios de juta em qualquer canto da casa sem riscos el\u00e9tricos.<\/p>\n\n\n\n<h2 class=\"wp-block-heading\">Por que o upcycling de saquinhos de ch\u00e1 \u00e9 uma escolha inteligente?<\/h2>\n\n\n\n<p>O reaproveitamento direto de materiais dom\u00e9sticos reduz o volume de res\u00edduos que chegam aos aterros sanit\u00e1rios. Transformar <strong>saquinhos de ch\u00e1<\/strong> em objetos de design \u00e9 uma forma pr\u00e1tica de economia circular, gerando uma pe\u00e7a com pegada de carbono m\u00ednima e alta exclusividade.<\/p>\n\n\n\n<p>Dados da <a href=\"https:\/\/abrema.org.br\/\" target=\"_blank\" rel=\"noreferrer noopener\"><strong>ABREMA<\/strong><\/a> indicam que a reutiliza\u00e7\u00e3o criativa cresce entre consumidores que buscam uma decora\u00e7\u00e3o com prop\u00f3sito \u00e9tico. Ao criar sua lumin\u00e1ria, voc\u00ea une o prazer de um consumo consciente \u00e0 sofistica\u00e7\u00e3o de uma pe\u00e7a artesanal que ilumina o ambiente com suavidade.<\/p>\n\n\n\n<blockquote class=\"wp-block-quote is-layout-flow wp-block-quote-is-layout-flow\">\n<p>\u26a0\ufe0f\u00a0<strong>Seguran\u00e7a:<\/strong>\u00a0o papel do saquinho de ch\u00e1 \u00e9 inflam\u00e1vel. Use exclusivamente mini LEDs alimentados por pilhas ou bateria \u2014\u00a0<strong>nunca velas reais, l\u00e2mpadas incandescentes ou hal\u00f3genas<\/strong>. N\u00e3o deixe a lumin\u00e1ria ligada sem supervis\u00e3o ou durante o sono.<\/p>\n<\/blockquote>\n","protected":false},"excerpt":{"rendered":"<p>O segredo do resultado est\u00e1 na propriedade f\u00edsica do papel do saquinho, que \u00e9 fino e levemente transl\u00facido. Os saquinhos de ch\u00e1 difundem a luz de LED de forma suave, criando um brilho dourado que o papel comum n\u00e3o consegue replicar. Como preparar o material para garantir a transpar\u00eancia ideal? Corte a parte superior de [&hellip;]<\/p>\n","protected":false},"author":30,"featured_media":199598,"comment_status":"open","ping_status":"open","sticky":false,"template":"","format":"standard","meta":{"jnews-multi-image_gallery":[],"jnews_single_post":{"format":"standard"},"jnews_primary_category":[],"jnews_social_meta":[],"jnews_override_counter":[],"footnotes":""},"categories":[8691],"tags":[770,4687,20019,325],"class_list":["post-199595","post","type-post","status-publish","format-standard","has-post-thumbnail","hentry","category-bem-estar","tag-artesanato","tag-decoracao","tag-luminaria","tag-sustentabilidade"],"yoast_head":"<!-- This site is optimized with the Yoast SEO plugin v23.8 - https:\/\/yoast.com\/wordpress\/plugins\/seo\/ -->\n<title>Com alguns saquinhos de ch\u00e1 usados, crie esta linda lumin\u00e1ria - Estado de Minas - Em foco<\/title>\n<meta name=\"description\" content=\"Aprenda a criar uma linda lumin\u00e1ria usando alguns saquinhos de ch\u00e1 usados. Veja como o papel fino e transl\u00facido difunde a luz de LED agora.\" \/>\n<meta name=\"robots\" content=\"index, follow, max-snippet:-1, max-image-preview:large, max-video-preview:-1\" \/>\n<link rel=\"canonical\" href=\"https:\/\/www.em.com.br\/emfoco\/2026\/04\/27\/com-alguns-saquinhos-de-cha-usados-crie-esta-linda-luminaria\/\" \/>\n<meta property=\"og:locale\" content=\"pt_BR\" \/>\n<meta property=\"og:type\" content=\"article\" \/>\n<meta property=\"og:title\" content=\"Com alguns saquinhos de ch\u00e1 usados, crie esta linda lumin\u00e1ria - Estado de Minas - Em foco\" \/>\n<meta property=\"og:description\" content=\"Aprenda a criar uma linda lumin\u00e1ria usando alguns saquinhos de ch\u00e1 usados. Veja como o papel fino e transl\u00facido difunde a luz de LED agora.\" \/>\n<meta property=\"og:url\" content=\"https:\/\/www.em.com.br\/emfoco\/2026\/04\/27\/com-alguns-saquinhos-de-cha-usados-crie-esta-linda-luminaria\/\" \/>\n<meta property=\"og:site_name\" content=\"Estado de Minas - Em foco\" \/>\n<meta property=\"article:published_time\" content=\"2026-04-27T15:15:00+00:00\" \/>\n<meta property=\"article:modified_time\" content=\"2026-04-26T09:56:17+00:00\" \/>\n<meta property=\"og:image\" content=\"https:\/\/www.em.com.br\/emfoco\/wp-content\/uploads\/2026\/04\/saquinho2.jpg\" \/>\n\t<meta property=\"og:image:width\" content=\"1280\" \/>\n\t<meta property=\"og:image:height\" content=\"720\" \/>\n\t<meta property=\"og:image:type\" content=\"image\/jpeg\" \/>\n<meta name=\"author\" content=\"Guilherme Ara\u00fajo\" \/>\n<meta name=\"twitter:card\" content=\"summary_large_image\" \/>\n<meta name=\"twitter:label1\" content=\"Escrito por\" \/>\n\t<meta name=\"twitter:data1\" content=\"Guilherme Ara\u00fajo\" \/>\n\t<meta name=\"twitter:label2\" content=\"Est. tempo de leitura\" \/>\n\t<meta name=\"twitter:data2\" content=\"4 minutos\" \/>\n<!-- \/ Yoast SEO plugin. -->","yoast_head_json":{"title":"Com alguns saquinhos de ch\u00e1 usados, crie esta linda lumin\u00e1ria - Estado de Minas - Em foco","description":"Aprenda a criar uma linda lumin\u00e1ria usando alguns saquinhos de ch\u00e1 usados. Veja como o papel fino e transl\u00facido difunde a luz de LED agora.","robots":{"index":"index","follow":"follow","max-snippet":"max-snippet:-1","max-image-preview":"max-image-preview:large","max-video-preview":"max-video-preview:-1"},"canonical":"https:\/\/www.em.com.br\/emfoco\/2026\/04\/27\/com-alguns-saquinhos-de-cha-usados-crie-esta-linda-luminaria\/","og_locale":"pt_BR","og_type":"article","og_title":"Com alguns saquinhos de ch\u00e1 usados, crie esta linda lumin\u00e1ria - Estado de Minas - Em foco","og_description":"Aprenda a criar uma linda lumin\u00e1ria usando alguns saquinhos de ch\u00e1 usados. Veja como o papel fino e transl\u00facido difunde a luz de LED agora.","og_url":"https:\/\/www.em.com.br\/emfoco\/2026\/04\/27\/com-alguns-saquinhos-de-cha-usados-crie-esta-linda-luminaria\/","og_site_name":"Estado de Minas - Em foco","article_published_time":"2026-04-27T15:15:00+00:00","article_modified_time":"2026-04-26T09:56:17+00:00","og_image":[{"width":1280,"height":720,"url":"https:\/\/www.em.com.br\/emfoco\/wp-content\/uploads\/2026\/04\/saquinho2.jpg","type":"image\/jpeg"}],"author":"Guilherme Ara\u00fajo","twitter_card":"summary_large_image","twitter_misc":{"Escrito por":"Guilherme Ara\u00fajo","Est. tempo de leitura":"4 minutos"},"schema":{"@context":"https:\/\/schema.org","@graph":[{"@type":"WebPage","@id":"https:\/\/www.em.com.br\/emfoco\/2026\/04\/27\/com-alguns-saquinhos-de-cha-usados-crie-esta-linda-luminaria\/","url":"https:\/\/www.em.com.br\/emfoco\/2026\/04\/27\/com-alguns-saquinhos-de-cha-usados-crie-esta-linda-luminaria\/","name":"Com alguns saquinhos de ch\u00e1 usados, crie esta linda lumin\u00e1ria - Estado de Minas - Em foco","isPartOf":{"@id":"https:\/\/www.em.com.br\/emfoco\/#website"},"primaryImageOfPage":{"@id":"https:\/\/www.em.com.br\/emfoco\/2026\/04\/27\/com-alguns-saquinhos-de-cha-usados-crie-esta-linda-luminaria\/#primaryimage"},"image":{"@id":"https:\/\/www.em.com.br\/emfoco\/2026\/04\/27\/com-alguns-saquinhos-de-cha-usados-crie-esta-linda-luminaria\/#primaryimage"},"thumbnailUrl":"https:\/\/www.em.com.br\/emfoco\/wp-content\/uploads\/2026\/04\/saquinho2.jpg","datePublished":"2026-04-27T15:15:00+00:00","dateModified":"2026-04-26T09:56:17+00:00","author":{"@id":"https:\/\/www.em.com.br\/emfoco\/#\/schema\/person\/5379e929a4b966c775d121e23f9bb421"},"description":"Aprenda a criar uma linda lumin\u00e1ria usando alguns saquinhos de ch\u00e1 usados. Veja como o papel fino e transl\u00facido difunde a luz de LED agora.","breadcrumb":{"@id":"https:\/\/www.em.com.br\/emfoco\/2026\/04\/27\/com-alguns-saquinhos-de-cha-usados-crie-esta-linda-luminaria\/#breadcrumb"},"inLanguage":"pt-BR","potentialAction":[{"@type":"ReadAction","target":["https:\/\/www.em.com.br\/emfoco\/2026\/04\/27\/com-alguns-saquinhos-de-cha-usados-crie-esta-linda-luminaria\/"]}]},{"@type":"ImageObject","inLanguage":"pt-BR","@id":"https:\/\/www.em.com.br\/emfoco\/2026\/04\/27\/com-alguns-saquinhos-de-cha-usados-crie-esta-linda-luminaria\/#primaryimage","url":"https:\/\/www.em.com.br\/emfoco\/wp-content\/uploads\/2026\/04\/saquinho2.jpg","contentUrl":"https:\/\/www.em.com.br\/emfoco\/wp-content\/uploads\/2026\/04\/saquinho2.jpg","width":1280,"height":720,"caption":"Este material org\u00e2nico descartado cria efeitos incr\u00edveis na decora\u00e7\u00e3o"},{"@type":"BreadcrumbList","@id":"https:\/\/www.em.com.br\/emfoco\/2026\/04\/27\/com-alguns-saquinhos-de-cha-usados-crie-esta-linda-luminaria\/#breadcrumb","itemListElement":[{"@type":"ListItem","position":1,"name":"In\u00edcio","item":"https:\/\/www.em.com.br\/emfoco\/"},{"@type":"ListItem","position":2,"name":"Com alguns saquinhos de ch\u00e1 usados, crie esta linda lumin\u00e1ria"}]},{"@type":"WebSite","@id":"https:\/\/www.em.com.br\/emfoco\/#website","url":"https:\/\/www.em.com.br\/emfoco\/","name":"Estado de Minas - Em foco","description":"Acompanhe as \u00faltimas not\u00edcias e fique bem informado sobre tudo o que acontece em Minas Gerais, Brasil e no mundo.","potentialAction":[{"@type":"SearchAction","target":{"@type":"EntryPoint","urlTemplate":"https:\/\/www.em.com.br\/emfoco\/?s={search_term_string}"},"query-input":{"@type":"PropertyValueSpecification","valueRequired":true,"valueName":"search_term_string"}}],"inLanguage":"pt-BR"},{"@type":"Person","@id":"https:\/\/www.em.com.br\/emfoco\/#\/schema\/person\/5379e929a4b966c775d121e23f9bb421","name":"Guilherme Ara\u00fajo","image":{"@type":"ImageObject","inLanguage":"pt-BR","@id":"https:\/\/www.em.com.br\/emfoco\/#\/schema\/person\/image\/","url":"https:\/\/secure.gravatar.com\/avatar\/b8bf1fd0130e170bd8f5d7298dbafa25?s=96&d=mm&r=g","contentUrl":"https:\/\/secure.gravatar.com\/avatar\/b8bf1fd0130e170bd8f5d7298dbafa25?s=96&d=mm&r=g","caption":"Guilherme Ara\u00fajo"},"sameAs":["https:\/\/www.em.com.br\/emfoco"],"url":"https:\/\/www.em.com.br\/emfoco\/author\/guilhermeamyth\/"}]}},"_links":{"self":[{"href":"https:\/\/www.em.com.br\/emfoco\/wp-json\/wp\/v2\/posts\/199595","targetHints":{"allow":["GET"]}}],"collection":[{"href":"https:\/\/www.em.com.br\/emfoco\/wp-json\/wp\/v2\/posts"}],"about":[{"href":"https:\/\/www.em.com.br\/emfoco\/wp-json\/wp\/v2\/types\/post"}],"author":[{"embeddable":true,"href":"https:\/\/www.em.com.br\/emfoco\/wp-json\/wp\/v2\/users\/30"}],"replies":[{"embeddable":true,"href":"https:\/\/www.em.com.br\/emfoco\/wp-json\/wp\/v2\/comments?post=199595"}],"version-history":[{"count":4,"href":"https:\/\/www.em.com.br\/emfoco\/wp-json\/wp\/v2\/posts\/199595\/revisions"}],"predecessor-version":[{"id":199614,"href":"https:\/\/www.em.com.br\/emfoco\/wp-json\/wp\/v2\/posts\/199595\/revisions\/199614"}],"wp:featuredmedia":[{"embeddable":true,"href":"https:\/\/www.em.com.br\/emfoco\/wp-json\/wp\/v2\/media\/199598"}],"wp:attachment":[{"href":"https:\/\/www.em.com.br\/emfoco\/wp-json\/wp\/v2\/media?parent=199595"}],"wp:term":[{"taxonomy":"category","embeddable":true,"href":"https:\/\/www.em.com.br\/emfoco\/wp-json\/wp\/v2\/categories?post=199595"},{"taxonomy":"post_tag","embeddable":true,"href":"https:\/\/www.em.com.br\/emfoco\/wp-json\/wp\/v2\/tags?post=199595"}],"curies":[{"name":"wp","href":"https:\/\/api.w.org\/{rel}","templated":true}]}}