{"id":199571,"date":"2026-04-27T14:45:00","date_gmt":"2026-04-27T17:45:00","guid":{"rendered":"https:\/\/www.em.com.br\/emfoco\/?p=199571"},"modified":"2026-04-26T06:46:10","modified_gmt":"2026-04-26T09:46:10","slug":"como-fazer-porta-guardanapos-usando-latas-de-cerveja-e-refrigerante","status":"publish","type":"post","link":"https:\/\/www.em.com.br\/emfoco\/2026\/04\/27\/como-fazer-porta-guardanapos-usando-latas-de-cerveja-e-refrigerante\/","title":{"rendered":"Como fazer porta-guardanapos usando latas de cerveja e refrigerante"},"content":{"rendered":"\n<p>O <strong>Brasil<\/strong> \u00e9 o maior reciclador de latas de alum\u00ednio do mundo, com um \u00edndice que chegou a <strong>97%<\/strong> em 2024. Transformar esses itens em <strong>porta-guardanapos<\/strong> artesanais \u00e9 uma forma criativa de praticar o upcycling antes mesmo do descarte final.<\/p>\n\n\n\n<h2 class=\"wp-block-heading\">Como preparar a lata com seguran\u00e7a para o artesanato?<\/h2>\n\n\n\n<p>A prepara\u00e7\u00e3o come\u00e7a com a limpeza total da pe\u00e7a para <a href=\"https:\/\/www.em.com.br\/emfoco\/2026\/03\/12\/nem-cestos-nem-bancos-veja-a-solucao-diy-simples-para-guardar-sapatos-e-economizar-espaco-sem-bagunca\/\" target=\"_blank\" rel=\"noreferrer noopener\">eliminar res\u00edduos<\/a> que possam causar oxida\u00e7\u00e3o ou dificultar a ader\u00eancia da cola. Para remover a tampa, utilize um abridor de borda segura, que dobra o metal em vez de criar arestas cortantes perigosas.<\/p>\n\n\n\n<p>Caso utilize um abridor comum, o uso de <strong>luvas de borrach<\/strong>a e <strong>\u00f3culos de prote\u00e7\u00e3o<\/strong> \u00e9 indispens\u00e1vel durante o manuseio inicial. Lixe as bordas com uma lixa de gr\u00e3o fino, entre <strong>220<\/strong> e <strong>400<\/strong>, realizando movimentos circulares at\u00e9 que a superf\u00edcie esteja perfeitamente lisa ao toque.<\/p>\n\n\n<div class=\"wp-block-image\">\n<figure class=\"aligncenter size-large\"><img loading=\"lazy\" decoding=\"async\" width=\"1024\" height=\"576\" src=\"https:\/\/www.em.com.br\/emfoco\/wp-content\/uploads\/2026\/04\/latinhas-1-1024x576.jpg\" alt=\"O m\u00e9todo simples que converte latas vazias em pe\u00e7as de design para festas\" class=\"wp-image-199581\" srcset=\"https:\/\/www.em.com.br\/emfoco\/wp-content\/uploads\/2026\/04\/latinhas-1-1024x576.jpg 1024w, https:\/\/www.em.com.br\/emfoco\/wp-content\/uploads\/2026\/04\/latinhas-1-300x169.jpg 300w, https:\/\/www.em.com.br\/emfoco\/wp-content\/uploads\/2026\/04\/latinhas-1-768x432.jpg 768w, https:\/\/www.em.com.br\/emfoco\/wp-content\/uploads\/2026\/04\/latinhas-1-750x422.jpg 750w, https:\/\/www.em.com.br\/emfoco\/wp-content\/uploads\/2026\/04\/latinhas-1-1140x641.jpg 1140w, https:\/\/www.em.com.br\/emfoco\/wp-content\/uploads\/2026\/04\/latinhas-1.jpg 1280w\" sizes=\"auto, (max-width: 1024px) 100vw, 1024px\" \/><figcaption class=\"wp-element-caption\">O m\u00e9todo simples que converte latas vazias em pe\u00e7as de design para festas<\/figcaption><\/figure><\/div>\n\n\n<h2 class=\"wp-block-heading\">Quais materiais s\u00e3o necess\u00e1rios para personalizar a pe\u00e7a?<\/h2>\n\n\n\n<p>A versatilidade dos <strong>porta-guardanapos<\/strong> depende da escolha dos revestimentos, que podem variar entre fios de juta e fitas de cetim. A estrutura met\u00e1lica da latinha serve como uma base r\u00edgida e leve, ideal para receber diferentes tipos de colagem e acabamentos decorativos.<\/p>\n\n\n\n<p>Confira os itens essenciais para o seu projeto:<\/p>\n\n\n\n<ul class=\"wp-block-list\">\n<li><strong>Latinhas de alum\u00ednio<\/strong> de 350 ml ou 473 ml devidamente limpas.<\/li>\n\n\n\n<li><strong>Lixa de metal<\/strong> ou lima para acabamento das bordas superiores.<\/li>\n\n\n\n<li><strong>Cola quente<\/strong> ou silicone de secagem r\u00e1pida para fixa\u00e7\u00e3o firme.<\/li>\n\n\n\n<li><strong>Fitas decorativas<\/strong>, barbantes de algod\u00e3o ou fios de juta natural.<\/li>\n<\/ul>\n\n\n\n<p>Quem adora artesanato sustent\u00e1vel, vai curtir esse v\u00eddeo especialmente selecionado do canal <strong>Caminhos Da Ro\u00e7a<\/strong>, que conta com mais de <strong>7 mil<\/strong> visualiza\u00e7\u00f5es, onde a apresentadora mostra como criar um lindo porta-guardanapo usando latinhas de alum\u00ednio em <strong>Po\u00e7\u00f5es<\/strong> ou qualquer lugar:<\/p>\n\n\n\n<figure class=\"wp-block-embed is-type-video is-provider-youtube wp-block-embed-youtube wp-embed-aspect-16-9 wp-has-aspect-ratio\"><div class=\"wp-block-embed__wrapper\">\n<div class=\"jeg_video_container jeg_video_content\"><iframe loading=\"lazy\" title=\"FA\u00c7A VOC\u00ca MESMO PORTA GUARDANAPO COM LATINHA DE REFRIGERANTE\" width=\"500\" height=\"281\" src=\"https:\/\/www.youtube.com\/embed\/o9frcA0sfog?feature=oembed\" frameborder=\"0\" allow=\"accelerometer; autoplay; clipboard-write; encrypted-media; gyroscope; picture-in-picture; web-share\" referrerpolicy=\"strict-origin-when-cross-origin\" allowfullscreen><\/iframe><\/div>\n<\/div><\/figure>\n\n\n\n<h2 class=\"wp-block-heading\">Como realizar o revestimento e o acabamento final?<\/h2>\n\n\n\n<p>O processo de revestimento e acabamento \u00e9 simples, mas exige aten\u00e7\u00e3o aos detalhes para garantir um resultado bonito e bem feito. Confira abaixo o passo a passo:<\/p>\n\n\n\n<ol class=\"wp-block-list\">\n<li>Aplique um ponto de cola na base da argola met\u00e1lica.<\/li>\n\n\n\n<li>Enrole o material escolhido em espiral, com firmeza.<\/li>\n\n\n\n<li>Cubra toda a argola, sem deixar partes expostas.<\/li>\n\n\n\n<li>Pressione levemente para fixar melhor.<\/li>\n\n\n\n<li>Cole elementos decorativos na lateral.<\/li>\n\n\n\n<li>Finalize com fita protetora na parte interna.<\/li>\n<\/ol>\n\n\n\n<h2 class=\"wp-block-heading\">Quais varia\u00e7\u00f5es de estilo podem ser aplicadas no alum\u00ednio?<\/h2>\n\n\n\n<p>A t\u00e9cnica de <strong>decoupage<\/strong> permite aplicar pap\u00e9is decorados com cola espec\u00edfica, criando padr\u00f5es que imitam porcelana ou estampas florais. Para quem prefere um estilo moderno, a pintura em spray acr\u00edlico sobre a superf\u00edcie lixada oferece cores vibrantes e uma ader\u00eancia superior.<\/p>\n\n\n\n<p>De acordo com dados da <a href=\"https:\/\/abrema.org.br\/\" target=\"_blank\" rel=\"noreferrer noopener\"><strong>Associa\u00e7\u00e3o Brasileira de Reciclagem de Materiais (ABREMA)<\/strong><\/a>, o reaproveitamento direto consome menos energia que a refus\u00e3o industrial. Criar seus pr\u00f3prios <strong>porta-guardanapos<\/strong> reduz a pegada de carbono individual e gera objetos exclusivos para recep\u00e7\u00f5es e jantares.<\/p>\n\n\n\n<h2 class=\"wp-block-heading\">Por que o upcycling \u00e9 superior \u00e0 reciclagem comum?<\/h2>\n\n\n\n<p>O reaproveitamento mant\u00e9m o material em seu estado original, evitando os processos qu\u00edmicos e t\u00e9rmicos necess\u00e1rios na ind\u00fastria. Ao transformar <strong>6 latas<\/strong> em um conjunto de mesa, voc\u00ea evita que <strong>36 g<\/strong> de res\u00edduo met\u00e1lico entrem precocemente na cadeia de coleta urbana.<\/p>\n\n\n\n<p>A l\u00f3gica da hierarquia de res\u00edduos ensina que reutilizar deve sempre vir antes de reciclar. Investir tempo na cria\u00e7\u00e3o desses <strong>porta-guardanapos<\/strong> une a economia dom\u00e9stica ao compromisso ambiental, provando que a sofistica\u00e7\u00e3o na decora\u00e7\u00e3o pode nascer de itens que seriam descartados no lixo comum.<\/p>\n","protected":false},"excerpt":{"rendered":"<p>O Brasil \u00e9 o maior reciclador de latas de alum\u00ednio do mundo, com um \u00edndice que chegou a 97% em 2024. Transformar esses itens em porta-guardanapos artesanais \u00e9 uma forma criativa de praticar o upcycling antes mesmo do descarte final. Como preparar a lata com seguran\u00e7a para o artesanato? A prepara\u00e7\u00e3o come\u00e7a com a limpeza [&hellip;]<\/p>\n","protected":false},"author":30,"featured_media":199576,"comment_status":"open","ping_status":"open","sticky":false,"template":"","format":"standard","meta":{"jnews-multi-image_gallery":[],"jnews_single_post":{"format":"standard"},"jnews_primary_category":[],"jnews_social_meta":[],"jnews_override_counter":[],"footnotes":""},"categories":[8691,8819],"tags":[770,4687,5115,3385,2595],"class_list":["post-199571","post","type-post","status-publish","format-standard","has-post-thumbnail","hentry","category-bem-estar","category-curiosidades","tag-artesanato","tag-decoracao","tag-diy","tag-faca-voce-mesmo","tag-reciclagem"],"yoast_head":"<!-- This site is optimized with the Yoast SEO plugin v23.8 - https:\/\/yoast.com\/wordpress\/plugins\/seo\/ -->\n<title>Como fazer porta-guardanapos usando latas de cerveja e refrigerante - Estado de Minas - Em foco<\/title>\n<meta name=\"description\" content=\"Aprenda como fazer porta-guardanapos usando latas de cerveja e refrigerante. Veja a t\u00e9cnica de upcycling criativa para reciclar alum\u00ednio.\" \/>\n<meta name=\"robots\" content=\"index, follow, max-snippet:-1, max-image-preview:large, max-video-preview:-1\" \/>\n<link rel=\"canonical\" href=\"https:\/\/www.em.com.br\/emfoco\/2026\/04\/27\/como-fazer-porta-guardanapos-usando-latas-de-cerveja-e-refrigerante\/\" \/>\n<meta property=\"og:locale\" content=\"pt_BR\" \/>\n<meta property=\"og:type\" content=\"article\" \/>\n<meta property=\"og:title\" content=\"Como fazer porta-guardanapos usando latas de cerveja e refrigerante - Estado de Minas - Em foco\" \/>\n<meta property=\"og:description\" content=\"Aprenda como fazer porta-guardanapos usando latas de cerveja e refrigerante. Veja a t\u00e9cnica de upcycling criativa para reciclar alum\u00ednio.\" \/>\n<meta property=\"og:url\" content=\"https:\/\/www.em.com.br\/emfoco\/2026\/04\/27\/como-fazer-porta-guardanapos-usando-latas-de-cerveja-e-refrigerante\/\" \/>\n<meta property=\"og:site_name\" content=\"Estado de Minas - Em foco\" \/>\n<meta property=\"article:published_time\" content=\"2026-04-27T17:45:00+00:00\" \/>\n<meta property=\"article:modified_time\" content=\"2026-04-26T09:46:10+00:00\" \/>\n<meta property=\"og:image\" content=\"https:\/\/www.em.com.br\/emfoco\/wp-content\/uploads\/2026\/04\/garudanapos.jpg\" \/>\n\t<meta property=\"og:image:width\" content=\"1280\" \/>\n\t<meta property=\"og:image:height\" content=\"720\" \/>\n\t<meta property=\"og:image:type\" content=\"image\/jpeg\" \/>\n<meta name=\"author\" content=\"Guilherme Ara\u00fajo\" \/>\n<meta name=\"twitter:card\" content=\"summary_large_image\" \/>\n<meta name=\"twitter:label1\" content=\"Escrito por\" \/>\n\t<meta name=\"twitter:data1\" content=\"Guilherme Ara\u00fajo\" \/>\n\t<meta name=\"twitter:label2\" content=\"Est. tempo de leitura\" \/>\n\t<meta name=\"twitter:data2\" content=\"4 minutos\" \/>\n<!-- \/ Yoast SEO plugin. -->","yoast_head_json":{"title":"Como fazer porta-guardanapos usando latas de cerveja e refrigerante - Estado de Minas - Em foco","description":"Aprenda como fazer porta-guardanapos usando latas de cerveja e refrigerante. Veja a t\u00e9cnica de upcycling criativa para reciclar alum\u00ednio.","robots":{"index":"index","follow":"follow","max-snippet":"max-snippet:-1","max-image-preview":"max-image-preview:large","max-video-preview":"max-video-preview:-1"},"canonical":"https:\/\/www.em.com.br\/emfoco\/2026\/04\/27\/como-fazer-porta-guardanapos-usando-latas-de-cerveja-e-refrigerante\/","og_locale":"pt_BR","og_type":"article","og_title":"Como fazer porta-guardanapos usando latas de cerveja e refrigerante - Estado de Minas - Em foco","og_description":"Aprenda como fazer porta-guardanapos usando latas de cerveja e refrigerante. Veja a t\u00e9cnica de upcycling criativa para reciclar alum\u00ednio.","og_url":"https:\/\/www.em.com.br\/emfoco\/2026\/04\/27\/como-fazer-porta-guardanapos-usando-latas-de-cerveja-e-refrigerante\/","og_site_name":"Estado de Minas - Em foco","article_published_time":"2026-04-27T17:45:00+00:00","article_modified_time":"2026-04-26T09:46:10+00:00","og_image":[{"width":1280,"height":720,"url":"https:\/\/www.em.com.br\/emfoco\/wp-content\/uploads\/2026\/04\/garudanapos.jpg","type":"image\/jpeg"}],"author":"Guilherme Ara\u00fajo","twitter_card":"summary_large_image","twitter_misc":{"Escrito por":"Guilherme Ara\u00fajo","Est. tempo de leitura":"4 minutos"},"schema":{"@context":"https:\/\/schema.org","@graph":[{"@type":"WebPage","@id":"https:\/\/www.em.com.br\/emfoco\/2026\/04\/27\/como-fazer-porta-guardanapos-usando-latas-de-cerveja-e-refrigerante\/","url":"https:\/\/www.em.com.br\/emfoco\/2026\/04\/27\/como-fazer-porta-guardanapos-usando-latas-de-cerveja-e-refrigerante\/","name":"Como fazer porta-guardanapos usando latas de cerveja e refrigerante - Estado de Minas - Em foco","isPartOf":{"@id":"https:\/\/www.em.com.br\/emfoco\/#website"},"primaryImageOfPage":{"@id":"https:\/\/www.em.com.br\/emfoco\/2026\/04\/27\/como-fazer-porta-guardanapos-usando-latas-de-cerveja-e-refrigerante\/#primaryimage"},"image":{"@id":"https:\/\/www.em.com.br\/emfoco\/2026\/04\/27\/como-fazer-porta-guardanapos-usando-latas-de-cerveja-e-refrigerante\/#primaryimage"},"thumbnailUrl":"https:\/\/www.em.com.br\/emfoco\/wp-content\/uploads\/2026\/04\/garudanapos.jpg","datePublished":"2026-04-27T17:45:00+00:00","dateModified":"2026-04-26T09:46:10+00:00","author":{"@id":"https:\/\/www.em.com.br\/emfoco\/#\/schema\/person\/5379e929a4b966c775d121e23f9bb421"},"description":"Aprenda como fazer porta-guardanapos usando latas de cerveja e refrigerante. Veja a t\u00e9cnica de upcycling criativa para reciclar alum\u00ednio.","breadcrumb":{"@id":"https:\/\/www.em.com.br\/emfoco\/2026\/04\/27\/como-fazer-porta-guardanapos-usando-latas-de-cerveja-e-refrigerante\/#breadcrumb"},"inLanguage":"pt-BR","potentialAction":[{"@type":"ReadAction","target":["https:\/\/www.em.com.br\/emfoco\/2026\/04\/27\/como-fazer-porta-guardanapos-usando-latas-de-cerveja-e-refrigerante\/"]}]},{"@type":"ImageObject","inLanguage":"pt-BR","@id":"https:\/\/www.em.com.br\/emfoco\/2026\/04\/27\/como-fazer-porta-guardanapos-usando-latas-de-cerveja-e-refrigerante\/#primaryimage","url":"https:\/\/www.em.com.br\/emfoco\/wp-content\/uploads\/2026\/04\/garudanapos.jpg","contentUrl":"https:\/\/www.em.com.br\/emfoco\/wp-content\/uploads\/2026\/04\/garudanapos.jpg","width":1280,"height":720,"caption":"Este item de mesa sofisticado \u00e9 feito com materiais que voc\u00ea joga no lixo"},{"@type":"BreadcrumbList","@id":"https:\/\/www.em.com.br\/emfoco\/2026\/04\/27\/como-fazer-porta-guardanapos-usando-latas-de-cerveja-e-refrigerante\/#breadcrumb","itemListElement":[{"@type":"ListItem","position":1,"name":"In\u00edcio","item":"https:\/\/www.em.com.br\/emfoco\/"},{"@type":"ListItem","position":2,"name":"Como fazer porta-guardanapos usando latas de cerveja e refrigerante"}]},{"@type":"WebSite","@id":"https:\/\/www.em.com.br\/emfoco\/#website","url":"https:\/\/www.em.com.br\/emfoco\/","name":"Estado de Minas - Em foco","description":"Acompanhe as \u00faltimas not\u00edcias e fique bem informado sobre tudo o que acontece em Minas Gerais, Brasil e no mundo.","potentialAction":[{"@type":"SearchAction","target":{"@type":"EntryPoint","urlTemplate":"https:\/\/www.em.com.br\/emfoco\/?s={search_term_string}"},"query-input":{"@type":"PropertyValueSpecification","valueRequired":true,"valueName":"search_term_string"}}],"inLanguage":"pt-BR"},{"@type":"Person","@id":"https:\/\/www.em.com.br\/emfoco\/#\/schema\/person\/5379e929a4b966c775d121e23f9bb421","name":"Guilherme Ara\u00fajo","image":{"@type":"ImageObject","inLanguage":"pt-BR","@id":"https:\/\/www.em.com.br\/emfoco\/#\/schema\/person\/image\/","url":"https:\/\/secure.gravatar.com\/avatar\/b8bf1fd0130e170bd8f5d7298dbafa25?s=96&d=mm&r=g","contentUrl":"https:\/\/secure.gravatar.com\/avatar\/b8bf1fd0130e170bd8f5d7298dbafa25?s=96&d=mm&r=g","caption":"Guilherme Ara\u00fajo"},"sameAs":["https:\/\/www.em.com.br\/emfoco"],"url":"https:\/\/www.em.com.br\/emfoco\/author\/guilhermeamyth\/"}]}},"_links":{"self":[{"href":"https:\/\/www.em.com.br\/emfoco\/wp-json\/wp\/v2\/posts\/199571","targetHints":{"allow":["GET"]}}],"collection":[{"href":"https:\/\/www.em.com.br\/emfoco\/wp-json\/wp\/v2\/posts"}],"about":[{"href":"https:\/\/www.em.com.br\/emfoco\/wp-json\/wp\/v2\/types\/post"}],"author":[{"embeddable":true,"href":"https:\/\/www.em.com.br\/emfoco\/wp-json\/wp\/v2\/users\/30"}],"replies":[{"embeddable":true,"href":"https:\/\/www.em.com.br\/emfoco\/wp-json\/wp\/v2\/comments?post=199571"}],"version-history":[{"count":3,"href":"https:\/\/www.em.com.br\/emfoco\/wp-json\/wp\/v2\/posts\/199571\/revisions"}],"predecessor-version":[{"id":199586,"href":"https:\/\/www.em.com.br\/emfoco\/wp-json\/wp\/v2\/posts\/199571\/revisions\/199586"}],"wp:featuredmedia":[{"embeddable":true,"href":"https:\/\/www.em.com.br\/emfoco\/wp-json\/wp\/v2\/media\/199576"}],"wp:attachment":[{"href":"https:\/\/www.em.com.br\/emfoco\/wp-json\/wp\/v2\/media?parent=199571"}],"wp:term":[{"taxonomy":"category","embeddable":true,"href":"https:\/\/www.em.com.br\/emfoco\/wp-json\/wp\/v2\/categories?post=199571"},{"taxonomy":"post_tag","embeddable":true,"href":"https:\/\/www.em.com.br\/emfoco\/wp-json\/wp\/v2\/tags?post=199571"}],"curies":[{"name":"wp","href":"https:\/\/api.w.org\/{rel}","templated":true}]}}