{"id":199560,"date":"2026-04-27T19:45:00","date_gmt":"2026-04-27T22:45:00","guid":{"rendered":"https:\/\/www.em.com.br\/emfoco\/?p=199560"},"modified":"2026-04-26T06:46:14","modified_gmt":"2026-04-26T09:46:14","slug":"adeus-aos-pisos-tradicionais-a-tendencia-ecologica-que-vai-dominar-o-design-de-interiores-em-2026","status":"publish","type":"post","link":"https:\/\/www.em.com.br\/emfoco\/2026\/04\/27\/adeus-aos-pisos-tradicionais-a-tendencia-ecologica-que-vai-dominar-o-design-de-interiores-em-2026\/","title":{"rendered":"Adeus aos pisos tradicionais: a tend\u00eancia ecol\u00f3gica que vai dominar o design de interiores em 2026"},"content":{"rendered":"\n<p>O mercado de <strong>pisos<\/strong> <strong>flotantes <\/strong>est\u00e1 perdendo terreno para um material milenar que se reinventou com tecnologia de instala\u00e7\u00e3o click. Em <strong>2026<\/strong>, a corti\u00e7a surge como a escolha protagonista para quem busca conforto sensorial e pegada ambiental reduzida.<\/p>\n\n\n\n<h2 class=\"wp-block-heading\">Por que a extra\u00e7\u00e3o da corti\u00e7a \u00e9 considerada um modelo de sustentabilidade?<\/h2>\n\n\n\n<p>A corti\u00e7a \u00e9 a casca do <strong>sobreiro<\/strong>, uma \u00e1rvore mediterr\u00e2nea que pode viver mais de <strong>200 anos<\/strong> sem nunca ser cortada para a produ\u00e7\u00e3o. A extra\u00e7\u00e3o ocorre em ciclos de <strong>9 anos<\/strong>, permitindo que a \u00e1rvore se regenere e aumente sua capacidade de absorver <strong>CO\u2082<\/strong>.<\/p>\n\n\n\n<p>Diferente da fabrica\u00e7\u00e3o de outros <strong>pisos<\/strong> que demandam o abate de \u00e1rvores e uso de resinas sint\u00e9ticas, este processo favorece o sequestro de carbono. Essa caracter\u00edstica singular coloca o material no topo das prefer\u00eancias de arquitetos que priorizam o design biof\u00edlico e a constru\u00e7\u00e3o regenerativa.<\/p>\n\n\n<div class=\"wp-block-image\">\n<figure class=\"aligncenter size-large\"><img loading=\"lazy\" decoding=\"async\" width=\"1024\" height=\"576\" src=\"https:\/\/www.em.com.br\/emfoco\/wp-content\/uploads\/2026\/04\/piso2-1-1024x576.jpg\" alt=\"A alternativa biodegrad\u00e1vel que est\u00e1 aposentando os pisos comuns com mais durabilidade e estilo\" class=\"wp-image-199563\" srcset=\"https:\/\/www.em.com.br\/emfoco\/wp-content\/uploads\/2026\/04\/piso2-1-1024x576.jpg 1024w, https:\/\/www.em.com.br\/emfoco\/wp-content\/uploads\/2026\/04\/piso2-1-300x169.jpg 300w, https:\/\/www.em.com.br\/emfoco\/wp-content\/uploads\/2026\/04\/piso2-1-768x432.jpg 768w, https:\/\/www.em.com.br\/emfoco\/wp-content\/uploads\/2026\/04\/piso2-1-750x422.jpg 750w, https:\/\/www.em.com.br\/emfoco\/wp-content\/uploads\/2026\/04\/piso2-1-1140x641.jpg 1140w, https:\/\/www.em.com.br\/emfoco\/wp-content\/uploads\/2026\/04\/piso2-1.jpg 1280w\" sizes=\"auto, (max-width: 1024px) 100vw, 1024px\" \/><figcaption class=\"wp-element-caption\">A alternativa biodegrad\u00e1vel que est\u00e1 aposentando os pisos comuns com mais durabilidade e estilo<\/figcaption><\/figure><\/div>\n\n\n<h2 class=\"wp-block-heading\">Como a estrutura celular garante isolamento t\u00e9rmico e ac\u00fastico?<\/h2>\n\n\n\n<p>O segredo do desempenho est\u00e1 em milh\u00f5es de microc\u00e9lulas preenchidas de ar, que funcionam como um isolante natural de alta performance. Estudos da <a href=\"https:\/\/repositorium.sdum.uminho.pt\/\" target=\"_blank\" rel=\"noreferrer noopener\"><strong>Universidade do Minho<\/strong><\/a> confirmam a efic\u00e1cia da corti\u00e7a na reabilita\u00e7\u00e3o t\u00e9rmica e ac\u00fastica de edif\u00edcios residenciais modernos.<\/p>\n\n\n\n<p>Essa configura\u00e7\u00e3o permite que o material absorva o som de impactos e mantenha uma temperatura agrad\u00e1vel ao toque, mesmo em dias frios. \u00c9 uma vantagem clara sobre superf\u00edcies de cer\u00e2mica ou porcelanato, que costumam ser desconfort\u00e1veis para circular descal\u00e7o durante o inverno.<\/p>\n\n\n\n<h2 class=\"wp-block-heading\">Quais s\u00e3o as principais tend\u00eancias est\u00e9ticas para 2026?<\/h2>\n\n\n\n<p>Longe do visual datado, a corti\u00e7a de <strong>2026<\/strong> chega com acabamentos em tons que variam do loiro natural ao marrom-espresso. O material agora protagoniza projetos que buscam texturas org\u00e2nicas e sofisticadas em ambientes integrados.<\/p>\n\n\n\n<p>Abaixo, confira as combina\u00e7\u00f5es mais utilizadas nos projetos contempor\u00e2neos:<\/p>\n\n\n\n<ul class=\"wp-block-list\">\n<li><strong>Concreto aparente<\/strong> para criar um contraste entre o industrial e o natural.<\/li>\n\n\n\n<li><strong>Metais escovados<\/strong> que trazem um toque de modernidade aos <strong>pisos<\/strong> org\u00e2nicos.<\/li>\n\n\n\n<li><strong>Paletas neutras<\/strong> que refor\u00e7am a luminosidade do minimalismo tropical.<\/li>\n\n\n\n<li><strong>M\u00f3veis de madeira<\/strong> clara para uma est\u00e9tica escandinava coerente e acolhedora.<\/li>\n<\/ul>\n\n\n\n<p>Quem busca transformar o lar, vai curtir esse v\u00eddeo especialmente selecionado do canal <strong>PLANARQ CAMPOS \/ Ralph Dias<\/strong>, que conta com mais de <strong>200 mil<\/strong> visualiza\u00e7\u00f5es, onde <strong>Ralph Dias<\/strong> mostra as tend\u00eancias de decora\u00e7\u00e3o para <strong>2026<\/strong>, focando em bem-estar e no design biof\u00edlico:<\/p>\n\n\n\n<figure class=\"wp-block-embed is-type-video is-provider-youtube wp-block-embed-youtube wp-embed-aspect-16-9 wp-has-aspect-ratio\"><div class=\"wp-block-embed__wrapper\">\n<div class=\"jeg_video_container jeg_video_content\"><iframe loading=\"lazy\" title=\"TEND\u00caNCIAS DE DECORA\u00c7\u00c3O PARA 2026\" width=\"500\" height=\"281\" src=\"https:\/\/www.youtube.com\/embed\/viBG1lJd6iY?feature=oembed\" frameborder=\"0\" allow=\"accelerometer; autoplay; clipboard-write; encrypted-media; gyroscope; picture-in-picture; web-share\" referrerpolicy=\"strict-origin-when-cross-origin\" allowfullscreen><\/iframe><\/div>\n<\/div><\/figure>\n\n\n\n<h2 class=\"wp-block-heading\">Como funciona o sistema de instala\u00e7\u00e3o e manuten\u00e7\u00e3o no dia a dia?<\/h2>\n\n\n\n<p>O <a href=\"https:\/\/www.em.com.br\/emfoco\/2026\/04\/22\/panos-de-prato-pendurados-na-porta-do-forno-estao-fora-de-moda-a-nova-tendencia-e-mais-pratica-e-elegante\/\" target=\"_blank\" rel=\"noreferrer noopener\">sistema de instala\u00e7\u00e3o<\/a> flutuante, conhecido como <strong>click<\/strong>, dispensa o uso de colas e permite que o morador realize a montagem rapidamente. Essa praticidade iguala o material aos <strong>pisos<\/strong> laminados convencionais, mas com a vantagem de ser um produto muito mais resiliente e dur\u00e1vel.<\/p>\n\n\n\n<p>A manuten\u00e7\u00e3o exige apenas limpeza \u00famida com pano bem torcido e produtos neutros, evitando o excesso de \u00e1gua. Embora tolere a umidade de cozinhas, o material n\u00e3o deve ser aplicado em \u00e1reas de contato direto permanente com a \u00e1gua, como o interior de boxes.<\/p>\n\n\n\n<h2 class=\"wp-block-heading\">Qual \u00e9 o cen\u00e1rio atual desse material no mercado brasileiro?<\/h2>\n\n\n\n<p>No <strong>Brasil<\/strong>, embora o vin\u00edlico e o porcelanato ainda liderem as vendas, a corti\u00e7a ocupa um nicho premium em expans\u00e3o. Levantamentos recentes indicam que o interesse por reformas de baixo impacto ambiental est\u00e1 transformando o consumo nacional.<\/p>\n\n\n\n<p>A tend\u00eancia se manifesta em projetos de alto padr\u00e3o que buscam exclusividade e intelig\u00eancia t\u00e9rmica. Ao escolher esses <strong>pisos<\/strong>, o consumidor investe em um material que recupera a forma original ap\u00f3s a press\u00e3o de m\u00f3veis pesados, garantindo uma superf\u00edcie impec\u00e1vel por d\u00e9cadas.<\/p>\n","protected":false},"excerpt":{"rendered":"<p>O mercado de pisos flotantes est\u00e1 perdendo terreno para um material milenar que se reinventou com tecnologia de instala\u00e7\u00e3o click. Em 2026, a corti\u00e7a surge como a escolha protagonista para quem busca conforto sensorial e pegada ambiental reduzida. Por que a extra\u00e7\u00e3o da corti\u00e7a \u00e9 considerada um modelo de sustentabilidade? A corti\u00e7a \u00e9 a casca [&hellip;]<\/p>\n","protected":false},"author":30,"featured_media":199561,"comment_status":"open","ping_status":"open","sticky":false,"template":"","format":"standard","meta":{"jnews-multi-image_gallery":[],"jnews_single_post":{"format":"standard"},"jnews_primary_category":[],"jnews_social_meta":[],"jnews_override_counter":[],"footnotes":""},"categories":[8691],"tags":[4687,28771,28770],"class_list":["post-199560","post","type-post","status-publish","format-standard","has-post-thumbnail","hentry","category-bem-estar","tag-decoracao","tag-ecologica","tag-psisos"],"yoast_head":"<!-- This site is optimized with the Yoast SEO plugin v23.8 - https:\/\/yoast.com\/wordpress\/plugins\/seo\/ -->\n<title>Adeus aos pisos tradicionais: a tend\u00eancia ecol\u00f3gica que vai dominar o design de interiores em 2026 - Estado de Minas - Em foco<\/title>\n<meta name=\"description\" content=\"Entenda por que os pisos tradicionais est\u00e3o com os dias contados. Veja a tend\u00eancia ecol\u00f3gica que vai dominar o design de interiore.\" \/>\n<meta name=\"robots\" content=\"index, follow, max-snippet:-1, max-image-preview:large, max-video-preview:-1\" \/>\n<link rel=\"canonical\" href=\"https:\/\/www.em.com.br\/emfoco\/2026\/04\/27\/adeus-aos-pisos-tradicionais-a-tendencia-ecologica-que-vai-dominar-o-design-de-interiores-em-2026\/\" \/>\n<meta property=\"og:locale\" content=\"pt_BR\" \/>\n<meta property=\"og:type\" content=\"article\" \/>\n<meta property=\"og:title\" content=\"Adeus aos pisos tradicionais: a tend\u00eancia ecol\u00f3gica que vai dominar o design de interiores em 2026 - Estado de Minas - Em foco\" \/>\n<meta property=\"og:description\" content=\"Entenda por que os pisos tradicionais est\u00e3o com os dias contados. Veja a tend\u00eancia ecol\u00f3gica que vai dominar o design de interiore.\" \/>\n<meta property=\"og:url\" content=\"https:\/\/www.em.com.br\/emfoco\/2026\/04\/27\/adeus-aos-pisos-tradicionais-a-tendencia-ecologica-que-vai-dominar-o-design-de-interiores-em-2026\/\" \/>\n<meta property=\"og:site_name\" content=\"Estado de Minas - Em foco\" \/>\n<meta property=\"article:published_time\" content=\"2026-04-27T22:45:00+00:00\" \/>\n<meta property=\"article:modified_time\" content=\"2026-04-26T09:46:14+00:00\" \/>\n<meta property=\"og:image\" content=\"https:\/\/www.em.com.br\/emfoco\/wp-content\/uploads\/2026\/04\/piso-tradicional.jpg\" \/>\n\t<meta property=\"og:image:width\" content=\"1280\" \/>\n\t<meta property=\"og:image:height\" content=\"720\" \/>\n\t<meta property=\"og:image:type\" content=\"image\/jpeg\" \/>\n<meta name=\"author\" content=\"Guilherme Ara\u00fajo\" \/>\n<meta name=\"twitter:card\" content=\"summary_large_image\" \/>\n<meta name=\"twitter:label1\" content=\"Escrito por\" \/>\n\t<meta name=\"twitter:data1\" content=\"Guilherme Ara\u00fajo\" \/>\n\t<meta name=\"twitter:label2\" content=\"Est. tempo de leitura\" \/>\n\t<meta name=\"twitter:data2\" content=\"4 minutos\" \/>\n<!-- \/ Yoast SEO plugin. -->","yoast_head_json":{"title":"Adeus aos pisos tradicionais: a tend\u00eancia ecol\u00f3gica que vai dominar o design de interiores em 2026 - Estado de Minas - Em foco","description":"Entenda por que os pisos tradicionais est\u00e3o com os dias contados. Veja a tend\u00eancia ecol\u00f3gica que vai dominar o design de interiore.","robots":{"index":"index","follow":"follow","max-snippet":"max-snippet:-1","max-image-preview":"max-image-preview:large","max-video-preview":"max-video-preview:-1"},"canonical":"https:\/\/www.em.com.br\/emfoco\/2026\/04\/27\/adeus-aos-pisos-tradicionais-a-tendencia-ecologica-que-vai-dominar-o-design-de-interiores-em-2026\/","og_locale":"pt_BR","og_type":"article","og_title":"Adeus aos pisos tradicionais: a tend\u00eancia ecol\u00f3gica que vai dominar o design de interiores em 2026 - Estado de Minas - Em foco","og_description":"Entenda por que os pisos tradicionais est\u00e3o com os dias contados. Veja a tend\u00eancia ecol\u00f3gica que vai dominar o design de interiore.","og_url":"https:\/\/www.em.com.br\/emfoco\/2026\/04\/27\/adeus-aos-pisos-tradicionais-a-tendencia-ecologica-que-vai-dominar-o-design-de-interiores-em-2026\/","og_site_name":"Estado de Minas - Em foco","article_published_time":"2026-04-27T22:45:00+00:00","article_modified_time":"2026-04-26T09:46:14+00:00","og_image":[{"width":1280,"height":720,"url":"https:\/\/www.em.com.br\/emfoco\/wp-content\/uploads\/2026\/04\/piso-tradicional.jpg","type":"image\/jpeg"}],"author":"Guilherme Ara\u00fajo","twitter_card":"summary_large_image","twitter_misc":{"Escrito por":"Guilherme Ara\u00fajo","Est. tempo de leitura":"4 minutos"},"schema":{"@context":"https:\/\/schema.org","@graph":[{"@type":"WebPage","@id":"https:\/\/www.em.com.br\/emfoco\/2026\/04\/27\/adeus-aos-pisos-tradicionais-a-tendencia-ecologica-que-vai-dominar-o-design-de-interiores-em-2026\/","url":"https:\/\/www.em.com.br\/emfoco\/2026\/04\/27\/adeus-aos-pisos-tradicionais-a-tendencia-ecologica-que-vai-dominar-o-design-de-interiores-em-2026\/","name":"Adeus aos pisos tradicionais: a tend\u00eancia ecol\u00f3gica que vai dominar o design de interiores em 2026 - Estado de Minas - Em foco","isPartOf":{"@id":"https:\/\/www.em.com.br\/emfoco\/#website"},"primaryImageOfPage":{"@id":"https:\/\/www.em.com.br\/emfoco\/2026\/04\/27\/adeus-aos-pisos-tradicionais-a-tendencia-ecologica-que-vai-dominar-o-design-de-interiores-em-2026\/#primaryimage"},"image":{"@id":"https:\/\/www.em.com.br\/emfoco\/2026\/04\/27\/adeus-aos-pisos-tradicionais-a-tendencia-ecologica-que-vai-dominar-o-design-de-interiores-em-2026\/#primaryimage"},"thumbnailUrl":"https:\/\/www.em.com.br\/emfoco\/wp-content\/uploads\/2026\/04\/piso-tradicional.jpg","datePublished":"2026-04-27T22:45:00+00:00","dateModified":"2026-04-26T09:46:14+00:00","author":{"@id":"https:\/\/www.em.com.br\/emfoco\/#\/schema\/person\/5379e929a4b966c775d121e23f9bb421"},"description":"Entenda por que os pisos tradicionais est\u00e3o com os dias contados. Veja a tend\u00eancia ecol\u00f3gica que vai dominar o design de interiore.","breadcrumb":{"@id":"https:\/\/www.em.com.br\/emfoco\/2026\/04\/27\/adeus-aos-pisos-tradicionais-a-tendencia-ecologica-que-vai-dominar-o-design-de-interiores-em-2026\/#breadcrumb"},"inLanguage":"pt-BR","potentialAction":[{"@type":"ReadAction","target":["https:\/\/www.em.com.br\/emfoco\/2026\/04\/27\/adeus-aos-pisos-tradicionais-a-tendencia-ecologica-que-vai-dominar-o-design-de-interiores-em-2026\/"]}]},{"@type":"ImageObject","inLanguage":"pt-BR","@id":"https:\/\/www.em.com.br\/emfoco\/2026\/04\/27\/adeus-aos-pisos-tradicionais-a-tendencia-ecologica-que-vai-dominar-o-design-de-interiores-em-2026\/#primaryimage","url":"https:\/\/www.em.com.br\/emfoco\/wp-content\/uploads\/2026\/04\/piso-tradicional.jpg","contentUrl":"https:\/\/www.em.com.br\/emfoco\/wp-content\/uploads\/2026\/04\/piso-tradicional.jpg","width":1280,"height":720,"caption":"Este revestimento sustent\u00e1vel \u00e9 a grande aposta para as casas em 2026"},{"@type":"BreadcrumbList","@id":"https:\/\/www.em.com.br\/emfoco\/2026\/04\/27\/adeus-aos-pisos-tradicionais-a-tendencia-ecologica-que-vai-dominar-o-design-de-interiores-em-2026\/#breadcrumb","itemListElement":[{"@type":"ListItem","position":1,"name":"In\u00edcio","item":"https:\/\/www.em.com.br\/emfoco\/"},{"@type":"ListItem","position":2,"name":"Adeus aos pisos tradicionais: a tend\u00eancia ecol\u00f3gica que vai dominar o design de interiores em 2026"}]},{"@type":"WebSite","@id":"https:\/\/www.em.com.br\/emfoco\/#website","url":"https:\/\/www.em.com.br\/emfoco\/","name":"Estado de Minas - Em foco","description":"Acompanhe as \u00faltimas not\u00edcias e fique bem informado sobre tudo o que acontece em Minas Gerais, Brasil e no mundo.","potentialAction":[{"@type":"SearchAction","target":{"@type":"EntryPoint","urlTemplate":"https:\/\/www.em.com.br\/emfoco\/?s={search_term_string}"},"query-input":{"@type":"PropertyValueSpecification","valueRequired":true,"valueName":"search_term_string"}}],"inLanguage":"pt-BR"},{"@type":"Person","@id":"https:\/\/www.em.com.br\/emfoco\/#\/schema\/person\/5379e929a4b966c775d121e23f9bb421","name":"Guilherme Ara\u00fajo","image":{"@type":"ImageObject","inLanguage":"pt-BR","@id":"https:\/\/www.em.com.br\/emfoco\/#\/schema\/person\/image\/","url":"https:\/\/secure.gravatar.com\/avatar\/b8bf1fd0130e170bd8f5d7298dbafa25?s=96&d=mm&r=g","contentUrl":"https:\/\/secure.gravatar.com\/avatar\/b8bf1fd0130e170bd8f5d7298dbafa25?s=96&d=mm&r=g","caption":"Guilherme Ara\u00fajo"},"sameAs":["https:\/\/www.em.com.br\/emfoco"],"url":"https:\/\/www.em.com.br\/emfoco\/author\/guilhermeamyth\/"}]}},"_links":{"self":[{"href":"https:\/\/www.em.com.br\/emfoco\/wp-json\/wp\/v2\/posts\/199560","targetHints":{"allow":["GET"]}}],"collection":[{"href":"https:\/\/www.em.com.br\/emfoco\/wp-json\/wp\/v2\/posts"}],"about":[{"href":"https:\/\/www.em.com.br\/emfoco\/wp-json\/wp\/v2\/types\/post"}],"author":[{"embeddable":true,"href":"https:\/\/www.em.com.br\/emfoco\/wp-json\/wp\/v2\/users\/30"}],"replies":[{"embeddable":true,"href":"https:\/\/www.em.com.br\/emfoco\/wp-json\/wp\/v2\/comments?post=199560"}],"version-history":[{"count":3,"href":"https:\/\/www.em.com.br\/emfoco\/wp-json\/wp\/v2\/posts\/199560\/revisions"}],"predecessor-version":[{"id":199572,"href":"https:\/\/www.em.com.br\/emfoco\/wp-json\/wp\/v2\/posts\/199560\/revisions\/199572"}],"wp:featuredmedia":[{"embeddable":true,"href":"https:\/\/www.em.com.br\/emfoco\/wp-json\/wp\/v2\/media\/199561"}],"wp:attachment":[{"href":"https:\/\/www.em.com.br\/emfoco\/wp-json\/wp\/v2\/media?parent=199560"}],"wp:term":[{"taxonomy":"category","embeddable":true,"href":"https:\/\/www.em.com.br\/emfoco\/wp-json\/wp\/v2\/categories?post=199560"},{"taxonomy":"post_tag","embeddable":true,"href":"https:\/\/www.em.com.br\/emfoco\/wp-json\/wp\/v2\/tags?post=199560"}],"curies":[{"name":"wp","href":"https:\/\/api.w.org\/{rel}","templated":true}]}}