{"id":199519,"date":"2026-04-27T12:55:00","date_gmt":"2026-04-27T15:55:00","guid":{"rendered":"https:\/\/www.em.com.br\/emfoco\/?p=199519"},"modified":"2026-04-26T06:56:02","modified_gmt":"2026-04-26T09:56:02","slug":"adeus-as-malas-comuns-a-nova-tendencia-de-2026-une-mobilidade-conforto-e-sofisticacao","status":"publish","type":"post","link":"https:\/\/www.em.com.br\/emfoco\/2026\/04\/27\/adeus-as-malas-comuns-a-nova-tendencia-de-2026-une-mobilidade-conforto-e-sofisticacao\/","title":{"rendered":"Adeus \u00e0s malas comuns, a nova tend\u00eancia de 2026 une mobilidade conforto e sofistica\u00e7\u00e3o"},"content":{"rendered":"\n<p>A mala de viagem deixou de ser apenas um recipiente com rodas para se tornar um acess\u00f3rio de alta performance. Em <strong>2026<\/strong>, o mercado exige objetos que unam volume inteligente e materiais t\u00e9cnicos para facilitar o tr\u00e2nsito nos aeroportos.<\/p>\n\n\n\n<h2 class=\"wp-block-heading\">Por que o policarbonato ultralight domina o mercado atual?<\/h2>\n\n\n\n<p>O maior salto na ind\u00fastria de <strong>malas<\/strong> r\u00edgidas veio do uso do policarbonato de alta resist\u00eancia, que combina leveza com prote\u00e7\u00e3o antichoque. Diferente do <strong>ABS<\/strong> tradicional, este material possui flexibilidade molecular, permitindo que a carca\u00e7a suporte impactos sem rachar.<\/p>\n\n\n\n<p>No <strong>Brasil<\/strong>, marcas como <strong>Sestini<\/strong> e <strong>Up4You<\/strong> lideram o<a href=\"https:\/\/www.em.com.br\/emfoco\/2026\/04\/22\/panos-de-prato-pendurados-na-porta-do-forno-estao-fora-de-moda-a-nova-tendencia-e-mais-pratica-e-elegante\/\" target=\"_blank\" rel=\"noreferrer noopener\"> segmento com modelos<\/a> que pesam menos de <strong>3 kg<\/strong>. Essas pe\u00e7as utilizam rodas spinner duplas com giro de <strong>360 graus<\/strong>, tecnologia que permite movimentar o item em qualquer dire\u00e7\u00e3o sem esfor\u00e7o f\u00edsico.<\/p>\n\n\n<div class=\"wp-block-image\">\n<figure class=\"aligncenter size-large\"><img loading=\"lazy\" decoding=\"async\" width=\"1024\" height=\"576\" src=\"https:\/\/www.em.com.br\/emfoco\/wp-content\/uploads\/2026\/04\/mochial2-3-1024x576.jpg\" alt=\"este acess\u00f3rio substitui os modelos antigos com muito mais sofistica\u00e7\u00e3o\" class=\"wp-image-199534\" srcset=\"https:\/\/www.em.com.br\/emfoco\/wp-content\/uploads\/2026\/04\/mochial2-3-1024x576.jpg 1024w, https:\/\/www.em.com.br\/emfoco\/wp-content\/uploads\/2026\/04\/mochial2-3-300x169.jpg 300w, https:\/\/www.em.com.br\/emfoco\/wp-content\/uploads\/2026\/04\/mochial2-3-768x432.jpg 768w, https:\/\/www.em.com.br\/emfoco\/wp-content\/uploads\/2026\/04\/mochial2-3-750x422.jpg 750w, https:\/\/www.em.com.br\/emfoco\/wp-content\/uploads\/2026\/04\/mochial2-3-1140x641.jpg 1140w, https:\/\/www.em.com.br\/emfoco\/wp-content\/uploads\/2026\/04\/mochial2-3.jpg 1280w\" sizes=\"auto, (max-width: 1024px) 100vw, 1024px\" \/><figcaption class=\"wp-element-caption\">Este acess\u00f3rio substitui os modelos antigos com muito mais sofistica\u00e7\u00e3o<\/figcaption><\/figure><\/div>\n\n\n<h2 class=\"wp-block-heading\">Como o design arquitet\u00f4nico transforma a est\u00e9tica da viagem?<\/h2>\n\n\n\n<p>A temporada de <strong>2026<\/strong> marca o retorno das linhas estruturadas e materiais aut\u00eanticos, como a lona grossa e o couro tran\u00e7ado. A cor dominante \u00e9 o <strong>Cloud Dancer da Pantone<\/strong>, um tom de branco que refor\u00e7a o minimalismo luminoso nos terminais internacionais.<\/p>\n\n\n\n<p>Confira os detalhes que definem o luxo atual:<\/p>\n\n\n\n<ul class=\"wp-block-list\">\n<li><strong>Acabamento texturizado<\/strong> que evita riscos vis\u00edveis na carca\u00e7a externa.<\/li>\n\n\n\n<li><strong>Z\u00edperes anti-arrombamento<\/strong> com tecnologia de fecho duplo refor\u00e7ado.<\/li>\n\n\n\n<li><strong>Rodas silenciosas<\/strong> revestidas com material emborrachado de alta ader\u00eancia.<\/li>\n\n\n\n<li><strong>Puxadores ergon\u00f4micos<\/strong> com m\u00faltiplos n\u00edveis de ajuste de altura.<\/li>\n<\/ul>\n\n\n\n<h2 class=\"wp-block-heading\">Quais s\u00e3o os recursos de seguran\u00e7a das malas inteligentes?<\/h2>\n\n\n\n<p>As chamadas smart luggage ganharam o p\u00fablico com a porta <strong>USB<\/strong> integrada e cadeados com alerta de viola\u00e7\u00e3o eletr\u00f4nico. O rastreamento em tempo real pode ser feito por dispositivos como o <a href=\"https:\/\/support.apple.com\/pt-br\/104978\" target=\"_blank\" rel=\"noreferrer noopener\"><strong>AirTag da Apple<\/strong><\/a>, que localiza o objeto em qualquer lugar do mundo.<\/p>\n\n\n\n<p>Outra inova\u00e7\u00e3o s\u00e3o as <strong>malas<\/strong> follow-me, que utilizam sensores ultrass\u00f4nicos para seguir o dono automaticamente pelo terminal. Essa tecnologia garante que o viajante mantenha as m\u00e3os livres enquanto o acess\u00f3rio se desloca de forma aut\u00f4noma e segura.<\/p>\n\n\n<div class=\"wp-block-image\">\n<figure class=\"aligncenter size-large\"><img loading=\"lazy\" decoding=\"async\" width=\"1024\" height=\"576\" src=\"https:\/\/www.em.com.br\/emfoco\/wp-content\/uploads\/2026\/04\/mochila2-1-1024x576.jpg\" alt=\"a tend\u00eancia que est\u00e1 aposentando o formato tradicional por um design muito mais pr\u00e1tico\" class=\"wp-image-199536\" srcset=\"https:\/\/www.em.com.br\/emfoco\/wp-content\/uploads\/2026\/04\/mochila2-1-1024x576.jpg 1024w, https:\/\/www.em.com.br\/emfoco\/wp-content\/uploads\/2026\/04\/mochila2-1-300x169.jpg 300w, https:\/\/www.em.com.br\/emfoco\/wp-content\/uploads\/2026\/04\/mochila2-1-768x432.jpg 768w, https:\/\/www.em.com.br\/emfoco\/wp-content\/uploads\/2026\/04\/mochila2-1-750x422.jpg 750w, https:\/\/www.em.com.br\/emfoco\/wp-content\/uploads\/2026\/04\/mochila2-1-1140x641.jpg 1140w, https:\/\/www.em.com.br\/emfoco\/wp-content\/uploads\/2026\/04\/mochila2-1.jpg 1280w\" sizes=\"auto, (max-width: 1024px) 100vw, 1024px\" \/><figcaption class=\"wp-element-caption\">A tend\u00eancia que est\u00e1 aposentando o formato tradicional por um design muito mais pr\u00e1tico<\/figcaption><\/figure><\/div>\n\n\n<h2 class=\"wp-block-heading\">Qual o crescimento projetado para o mercado de bagagens?<\/h2>\n\n\n\n<p>Segundo dados da <strong>Fortune Business Insights<\/strong>, o mercado global de bagagens inteligentes deve alcan\u00e7ar <strong>US$ 10,23 bilh\u00f5es<\/strong> at\u00e9 2034. Esse crescimento anual de <strong>13,29%<\/strong> reflete a busca por itens que facilitem a organiza\u00e7\u00e3o log\u00edstica.<\/p>\n\n\n\n<p>O consumidor moderno n\u00e3o procura apenas um item bonito, mas uma solu\u00e7\u00e3o que suporte as exig\u00eancias da <strong>ANAC<\/strong> para bagagens de bordo. A durabilidade tornou-se o principal crit\u00e9rio de compra, substituindo a l\u00f3gica de descarte r\u00e1pido que dominava o setor anteriormente.<\/p>\n\n\n\n<h2 class=\"wp-block-heading\">Como escolher a melhor op\u00e7\u00e3o para o tr\u00e2nsito executivo?<\/h2>\n\n\n\n<p>Para quem viaja a trabalho, as <strong>malas<\/strong> em policarbonato com paleta monocrom\u00e1tica s\u00e3o as mais indicadas por sua discri\u00e7\u00e3o. Elas funcionam como uma extens\u00e3o do guarda-roupa profissional, oferecendo prote\u00e7\u00e3o total para notebooks e documentos sens\u00edveis dentro de compartimentos acolchoados.<\/p>\n\n\n\n<p>Optar por modelos tecnol\u00f3gicos em <strong>2026<\/strong> significa investir em uma experi\u00eancia de viagem mais pr\u00e1tica e segura. A uni\u00e3o entre design atemporal e funcionalidades embarcadas garante que o viajante esteja sempre preparado para as mudan\u00e7as din\u00e2micas da rotina globalizada atual.<\/p>\n","protected":false},"excerpt":{"rendered":"<p>A mala de viagem deixou de ser apenas um recipiente com rodas para se tornar um acess\u00f3rio de alta performance. Em 2026, o mercado exige objetos que unam volume inteligente e materiais t\u00e9cnicos para facilitar o tr\u00e2nsito nos aeroportos. Por que o policarbonato ultralight domina o mercado atual? O maior salto na ind\u00fastria de malas [&hellip;]<\/p>\n","protected":false},"author":30,"featured_media":199539,"comment_status":"open","ping_status":"open","sticky":false,"template":"","format":"standard","meta":{"jnews-multi-image_gallery":[],"jnews_single_post":{"format":"standard"},"jnews_primary_category":[],"jnews_social_meta":[],"jnews_override_counter":[],"footnotes":""},"categories":[8691],"tags":[24962,1920,1128],"class_list":["post-199519","post","type-post","status-publish","format-standard","has-post-thumbnail","hentry","category-bem-estar","tag-malas","tag-tendencia","tag-viagem"],"yoast_head":"<!-- This site is optimized with the Yoast SEO plugin v23.8 - https:\/\/yoast.com\/wordpress\/plugins\/seo\/ -->\n<title>Adeus \u00e0s malas comuns, a nova tend\u00eancia de 2026 une mobilidade conforto e sofistica\u00e7\u00e3o - Estado de Minas - Em foco<\/title>\n<meta name=\"description\" content=\"Entenda por que as malas comuns est\u00e3o com os dias contados. Veja a nova tend\u00eancia de 2026 que une mobilidade, conforto e sofistica\u00e7\u00e3o agora.\" \/>\n<meta name=\"robots\" content=\"index, follow, max-snippet:-1, max-image-preview:large, max-video-preview:-1\" \/>\n<link rel=\"canonical\" href=\"https:\/\/www.em.com.br\/emfoco\/2026\/04\/27\/adeus-as-malas-comuns-a-nova-tendencia-de-2026-une-mobilidade-conforto-e-sofisticacao\/\" \/>\n<meta property=\"og:locale\" content=\"pt_BR\" \/>\n<meta property=\"og:type\" content=\"article\" \/>\n<meta property=\"og:title\" content=\"Adeus \u00e0s malas comuns, a nova tend\u00eancia de 2026 une mobilidade conforto e sofistica\u00e7\u00e3o - Estado de Minas - Em foco\" \/>\n<meta property=\"og:description\" content=\"Entenda por que as malas comuns est\u00e3o com os dias contados. Veja a nova tend\u00eancia de 2026 que une mobilidade, conforto e sofistica\u00e7\u00e3o agora.\" \/>\n<meta property=\"og:url\" content=\"https:\/\/www.em.com.br\/emfoco\/2026\/04\/27\/adeus-as-malas-comuns-a-nova-tendencia-de-2026-une-mobilidade-conforto-e-sofisticacao\/\" \/>\n<meta property=\"og:site_name\" content=\"Estado de Minas - Em foco\" \/>\n<meta property=\"article:published_time\" content=\"2026-04-27T15:55:00+00:00\" \/>\n<meta property=\"article:modified_time\" content=\"2026-04-26T09:56:02+00:00\" \/>\n<meta property=\"og:image\" content=\"https:\/\/www.em.com.br\/emfoco\/wp-content\/uploads\/2026\/04\/malas2.jpg\" \/>\n\t<meta property=\"og:image:width\" content=\"1280\" \/>\n\t<meta property=\"og:image:height\" content=\"720\" \/>\n\t<meta property=\"og:image:type\" content=\"image\/jpeg\" \/>\n<meta name=\"author\" content=\"Guilherme Ara\u00fajo\" \/>\n<meta name=\"twitter:card\" content=\"summary_large_image\" \/>\n<meta name=\"twitter:label1\" content=\"Escrito por\" \/>\n\t<meta name=\"twitter:data1\" content=\"Guilherme Ara\u00fajo\" \/>\n\t<meta name=\"twitter:label2\" content=\"Est. tempo de leitura\" \/>\n\t<meta name=\"twitter:data2\" content=\"4 minutos\" \/>\n<!-- \/ Yoast SEO plugin. -->","yoast_head_json":{"title":"Adeus \u00e0s malas comuns, a nova tend\u00eancia de 2026 une mobilidade conforto e sofistica\u00e7\u00e3o - Estado de Minas - Em foco","description":"Entenda por que as malas comuns est\u00e3o com os dias contados. Veja a nova tend\u00eancia de 2026 que une mobilidade, conforto e sofistica\u00e7\u00e3o agora.","robots":{"index":"index","follow":"follow","max-snippet":"max-snippet:-1","max-image-preview":"max-image-preview:large","max-video-preview":"max-video-preview:-1"},"canonical":"https:\/\/www.em.com.br\/emfoco\/2026\/04\/27\/adeus-as-malas-comuns-a-nova-tendencia-de-2026-une-mobilidade-conforto-e-sofisticacao\/","og_locale":"pt_BR","og_type":"article","og_title":"Adeus \u00e0s malas comuns, a nova tend\u00eancia de 2026 une mobilidade conforto e sofistica\u00e7\u00e3o - Estado de Minas - Em foco","og_description":"Entenda por que as malas comuns est\u00e3o com os dias contados. Veja a nova tend\u00eancia de 2026 que une mobilidade, conforto e sofistica\u00e7\u00e3o agora.","og_url":"https:\/\/www.em.com.br\/emfoco\/2026\/04\/27\/adeus-as-malas-comuns-a-nova-tendencia-de-2026-une-mobilidade-conforto-e-sofisticacao\/","og_site_name":"Estado de Minas - Em foco","article_published_time":"2026-04-27T15:55:00+00:00","article_modified_time":"2026-04-26T09:56:02+00:00","og_image":[{"width":1280,"height":720,"url":"https:\/\/www.em.com.br\/emfoco\/wp-content\/uploads\/2026\/04\/malas2.jpg","type":"image\/jpeg"}],"author":"Guilherme Ara\u00fajo","twitter_card":"summary_large_image","twitter_misc":{"Escrito por":"Guilherme Ara\u00fajo","Est. tempo de leitura":"4 minutos"},"schema":{"@context":"https:\/\/schema.org","@graph":[{"@type":"WebPage","@id":"https:\/\/www.em.com.br\/emfoco\/2026\/04\/27\/adeus-as-malas-comuns-a-nova-tendencia-de-2026-une-mobilidade-conforto-e-sofisticacao\/","url":"https:\/\/www.em.com.br\/emfoco\/2026\/04\/27\/adeus-as-malas-comuns-a-nova-tendencia-de-2026-une-mobilidade-conforto-e-sofisticacao\/","name":"Adeus \u00e0s malas comuns, a nova tend\u00eancia de 2026 une mobilidade conforto e sofistica\u00e7\u00e3o - Estado de Minas - Em foco","isPartOf":{"@id":"https:\/\/www.em.com.br\/emfoco\/#website"},"primaryImageOfPage":{"@id":"https:\/\/www.em.com.br\/emfoco\/2026\/04\/27\/adeus-as-malas-comuns-a-nova-tendencia-de-2026-une-mobilidade-conforto-e-sofisticacao\/#primaryimage"},"image":{"@id":"https:\/\/www.em.com.br\/emfoco\/2026\/04\/27\/adeus-as-malas-comuns-a-nova-tendencia-de-2026-une-mobilidade-conforto-e-sofisticacao\/#primaryimage"},"thumbnailUrl":"https:\/\/www.em.com.br\/emfoco\/wp-content\/uploads\/2026\/04\/malas2.jpg","datePublished":"2026-04-27T15:55:00+00:00","dateModified":"2026-04-26T09:56:02+00:00","author":{"@id":"https:\/\/www.em.com.br\/emfoco\/#\/schema\/person\/5379e929a4b966c775d121e23f9bb421"},"description":"Entenda por que as malas comuns est\u00e3o com os dias contados. Veja a nova tend\u00eancia de 2026 que une mobilidade, conforto e sofistica\u00e7\u00e3o agora.","breadcrumb":{"@id":"https:\/\/www.em.com.br\/emfoco\/2026\/04\/27\/adeus-as-malas-comuns-a-nova-tendencia-de-2026-une-mobilidade-conforto-e-sofisticacao\/#breadcrumb"},"inLanguage":"pt-BR","potentialAction":[{"@type":"ReadAction","target":["https:\/\/www.em.com.br\/emfoco\/2026\/04\/27\/adeus-as-malas-comuns-a-nova-tendencia-de-2026-une-mobilidade-conforto-e-sofisticacao\/"]}]},{"@type":"ImageObject","inLanguage":"pt-BR","@id":"https:\/\/www.em.com.br\/emfoco\/2026\/04\/27\/adeus-as-malas-comuns-a-nova-tendencia-de-2026-une-mobilidade-conforto-e-sofisticacao\/#primaryimage","url":"https:\/\/www.em.com.br\/emfoco\/wp-content\/uploads\/2026\/04\/malas2.jpg","contentUrl":"https:\/\/www.em.com.br\/emfoco\/wp-content\/uploads\/2026\/04\/malas2.jpg","width":1280,"height":720,"caption":"Esta nova tecnologia de transporte de bagagem domina as viagens em 2026"},{"@type":"BreadcrumbList","@id":"https:\/\/www.em.com.br\/emfoco\/2026\/04\/27\/adeus-as-malas-comuns-a-nova-tendencia-de-2026-une-mobilidade-conforto-e-sofisticacao\/#breadcrumb","itemListElement":[{"@type":"ListItem","position":1,"name":"In\u00edcio","item":"https:\/\/www.em.com.br\/emfoco\/"},{"@type":"ListItem","position":2,"name":"Adeus \u00e0s malas comuns, a nova tend\u00eancia de 2026 une mobilidade conforto e sofistica\u00e7\u00e3o"}]},{"@type":"WebSite","@id":"https:\/\/www.em.com.br\/emfoco\/#website","url":"https:\/\/www.em.com.br\/emfoco\/","name":"Estado de Minas - Em foco","description":"Acompanhe as \u00faltimas not\u00edcias e fique bem informado sobre tudo o que acontece em Minas Gerais, Brasil e no mundo.","potentialAction":[{"@type":"SearchAction","target":{"@type":"EntryPoint","urlTemplate":"https:\/\/www.em.com.br\/emfoco\/?s={search_term_string}"},"query-input":{"@type":"PropertyValueSpecification","valueRequired":true,"valueName":"search_term_string"}}],"inLanguage":"pt-BR"},{"@type":"Person","@id":"https:\/\/www.em.com.br\/emfoco\/#\/schema\/person\/5379e929a4b966c775d121e23f9bb421","name":"Guilherme Ara\u00fajo","image":{"@type":"ImageObject","inLanguage":"pt-BR","@id":"https:\/\/www.em.com.br\/emfoco\/#\/schema\/person\/image\/","url":"https:\/\/secure.gravatar.com\/avatar\/b8bf1fd0130e170bd8f5d7298dbafa25?s=96&d=mm&r=g","contentUrl":"https:\/\/secure.gravatar.com\/avatar\/b8bf1fd0130e170bd8f5d7298dbafa25?s=96&d=mm&r=g","caption":"Guilherme Ara\u00fajo"},"sameAs":["https:\/\/www.em.com.br\/emfoco"],"url":"https:\/\/www.em.com.br\/emfoco\/author\/guilhermeamyth\/"}]}},"_links":{"self":[{"href":"https:\/\/www.em.com.br\/emfoco\/wp-json\/wp\/v2\/posts\/199519","targetHints":{"allow":["GET"]}}],"collection":[{"href":"https:\/\/www.em.com.br\/emfoco\/wp-json\/wp\/v2\/posts"}],"about":[{"href":"https:\/\/www.em.com.br\/emfoco\/wp-json\/wp\/v2\/types\/post"}],"author":[{"embeddable":true,"href":"https:\/\/www.em.com.br\/emfoco\/wp-json\/wp\/v2\/users\/30"}],"replies":[{"embeddable":true,"href":"https:\/\/www.em.com.br\/emfoco\/wp-json\/wp\/v2\/comments?post=199519"}],"version-history":[{"count":1,"href":"https:\/\/www.em.com.br\/emfoco\/wp-json\/wp\/v2\/posts\/199519\/revisions"}],"predecessor-version":[{"id":199540,"href":"https:\/\/www.em.com.br\/emfoco\/wp-json\/wp\/v2\/posts\/199519\/revisions\/199540"}],"wp:featuredmedia":[{"embeddable":true,"href":"https:\/\/www.em.com.br\/emfoco\/wp-json\/wp\/v2\/media\/199539"}],"wp:attachment":[{"href":"https:\/\/www.em.com.br\/emfoco\/wp-json\/wp\/v2\/media?parent=199519"}],"wp:term":[{"taxonomy":"category","embeddable":true,"href":"https:\/\/www.em.com.br\/emfoco\/wp-json\/wp\/v2\/categories?post=199519"},{"taxonomy":"post_tag","embeddable":true,"href":"https:\/\/www.em.com.br\/emfoco\/wp-json\/wp\/v2\/tags?post=199519"}],"curies":[{"name":"wp","href":"https:\/\/api.w.org\/{rel}","templated":true}]}}