{"id":199510,"date":"2026-04-27T14:25:00","date_gmt":"2026-04-27T17:25:00","guid":{"rendered":"https:\/\/www.em.com.br\/emfoco\/?p=199510"},"modified":"2026-04-26T06:56:00","modified_gmt":"2026-04-26T09:56:00","slug":"adeus-crocs-comuns-a-nova-tendencia-em-calcados-para-o-verao-de-2026-e-muito-mais-charmosa","status":"publish","type":"post","link":"https:\/\/www.em.com.br\/emfoco\/2026\/04\/27\/adeus-crocs-comuns-a-nova-tendencia-em-calcados-para-o-verao-de-2026-e-muito-mais-charmosa\/","title":{"rendered":"Adeus crocs comuns, a nova tend\u00eancia em cal\u00e7ados para o ver\u00e3o de 2026 \u00e9 muito mais charmosa"},"content":{"rendered":"\n<p>O ver\u00e3o de <strong>2026<\/strong> confirma uma virada no comportamento de consumo, onde o conforto deixou de ser sin\u00f4nimo de pl\u00e1stico volumoso. Os novos <strong>cal\u00e7ados<\/strong> do momento focam em constru\u00e7\u00e3o inteligente, materiais t\u00e9cnicos e silhuetas que elevam qualquer produ\u00e7\u00e3o urbana.<\/p>\n\n\n\n<h2 class=\"wp-block-heading\">Por que os clogs com solado de madeira voltaram com for\u00e7a?<\/h2>\n\n\n\n<p>O clog, tamanco de origem escandinava, retorna totalmente repaginado para a pr\u00f3xima temporada de calor. Diferente dos modelos de borracha, as vers\u00f5es atuais utilizam cabedal de <strong>couro<\/strong> ou <strong>camur\u00e7a<\/strong>, apresentando solados em madeira maci\u00e7a ou sint\u00e9ticos de alta densidade.<\/p>\n\n\n<div class=\"wp-block-image\">\n<figure class=\"aligncenter size-large\"><img loading=\"lazy\" decoding=\"async\" width=\"1024\" height=\"576\" src=\"https:\/\/www.em.com.br\/emfoco\/wp-content\/uploads\/2026\/04\/cros3-1024x576.jpg\" alt=\"A alternativa elegante que virou febre ao oferecer o descanso necess\u00e1rio com uma est\u00e9tica renovada\" class=\"wp-image-199515\" srcset=\"https:\/\/www.em.com.br\/emfoco\/wp-content\/uploads\/2026\/04\/cros3-1024x576.jpg 1024w, https:\/\/www.em.com.br\/emfoco\/wp-content\/uploads\/2026\/04\/cros3-300x169.jpg 300w, https:\/\/www.em.com.br\/emfoco\/wp-content\/uploads\/2026\/04\/cros3-768x432.jpg 768w, https:\/\/www.em.com.br\/emfoco\/wp-content\/uploads\/2026\/04\/cros3-750x422.jpg 750w, https:\/\/www.em.com.br\/emfoco\/wp-content\/uploads\/2026\/04\/cros3-1140x641.jpg 1140w, https:\/\/www.em.com.br\/emfoco\/wp-content\/uploads\/2026\/04\/cros3.jpg 1280w\" sizes=\"auto, (max-width: 1024px) 100vw, 1024px\" \/><figcaption class=\"wp-element-caption\">A alternativa elegante que virou febre ao oferecer o descanso necess\u00e1rio com uma est\u00e9tica renovada<\/figcaption><\/figure><\/div>\n\n\n<p>Marcas como a <strong>Milano<\/strong> destacam que essa &#8220;70&#8217;s vibe&#8221; resgata o glamour retr\u00f4 com uma leitura contempor\u00e2nea e robusta. No mercado brasileiro, os modelos abertos na parte traseira s\u00e3o os favoritos, pois garantem a ventila\u00e7\u00e3o necess\u00e1ria para os dias de temperaturas elevadas.<\/p>\n\n\n\n<h2 class=\"wp-block-heading\">Como a sand\u00e1lia fisherman une estabilidade e estilo?<\/h2>\n\n\n\n<p>A sand\u00e1lia fisherman \u00e9 caracterizada por tiras entrela\u00e7adas que cobrem parcialmente o peito do p\u00e9, garantindo suporte ao arco plantar. Grifes como <strong>Dior<\/strong> e <strong>The Row<\/strong> apresentaram vers\u00f5es sofisticadas desse modelo, elevando o status dos <strong>cal\u00e7ados<\/strong> utilit\u00e1rios.<\/p>\n\n\n\n<p>O solado robusto oferece uma estabilidade que chinelos tradicionais n\u00e3o possuem, sendo ideal para longas caminhadas urbanas. No <strong>Brasil<\/strong>, os acabamentos metalizados e saltos em bloco baixo s\u00e3o os mais procurados por quem busca versatilidade entre o trabalho e o lazer.<\/p>\n\n\n\n<h2 class=\"wp-block-heading\">Qual o papel das mules de bico fino no streetwear refinado?<\/h2>\n\n\n\n<p>A mule figura como o modelo mais urbano da temporada, dividindo-se entre o bico fino alongado e o bico quadrado contempor\u00e2neo. Materiais como a napa acetinada e paletas em tons terrosos, como o <strong>marrom chocolate<\/strong>, dominam as vitrines das principais capitais da moda.<\/p>\n\n\n\n<p>Confira os materiais em destaque para esta temporada:<\/p>\n\n\n\n<ul class=\"wp-block-list\">\n<li><strong>Couro natural<\/strong> para maior durabilidade e adapta\u00e7\u00e3o ao formato dos p\u00e9s.<\/li>\n\n\n\n<li><strong>Camur\u00e7a texturizada<\/strong> que confere um toque de sofistica\u00e7\u00e3o artesanal.<\/li>\n\n\n\n<li><strong>Palha tran\u00e7ada<\/strong> em modelos experimentais para looks praianos.<\/li>\n\n\n\n<li><strong>Metais dourados<\/strong> aplicados em fivelas e detalhes de acabamento premium.<\/li>\n<\/ul>\n\n\n\n<h2 class=\"wp-block-heading\">Como o comportamento de consumo impacta a durabilidade dos produtos?<\/h2>\n\n\n\n<p>O esp\u00edrito da temporada aponta para escolhas baseadas no uso real, priorizando pe\u00e7as que n\u00e3o exigem substitui\u00e7\u00e3o constante. Dados da <a href=\"https:\/\/www.statista.com\/statistics\/1054238\/contactless-payment-usage-worldwide\/\" target=\"_blank\" rel=\"noreferrer noopener\"><strong>Statista<\/strong><\/a> indicam que o consumidor de <strong>2026<\/strong> prefere investir em itens dur\u00e1veis e repar\u00e1veis, como o couro e a madeira.<\/p>\n\n\n\n<p>Essa mudan\u00e7a \u00e9 um contraste direto com a descartabilidade associada ao pl\u00e1stico injetado de anos anteriores. Ao escolher <strong>cal\u00e7ados<\/strong> com estrutura firme, o usu\u00e1rio garante um melhor suporte biomec\u00e2nico, evitando dores e problemas posturais causados por solados excessivamente moles ou finos.<\/p>\n\n\n<div class=\"wp-block-image\">\n<figure class=\"aligncenter size-large\"><img loading=\"lazy\" decoding=\"async\" width=\"1024\" height=\"576\" src=\"https:\/\/www.em.com.br\/emfoco\/wp-content\/uploads\/2026\/04\/moda2-1-1024x576.jpg\" alt=\"este cal\u00e7ado une o conforto absoluto a um design muito mais sofisticado\" class=\"wp-image-199514\" srcset=\"https:\/\/www.em.com.br\/emfoco\/wp-content\/uploads\/2026\/04\/moda2-1-1024x576.jpg 1024w, https:\/\/www.em.com.br\/emfoco\/wp-content\/uploads\/2026\/04\/moda2-1-300x169.jpg 300w, https:\/\/www.em.com.br\/emfoco\/wp-content\/uploads\/2026\/04\/moda2-1-768x432.jpg 768w, https:\/\/www.em.com.br\/emfoco\/wp-content\/uploads\/2026\/04\/moda2-1-750x422.jpg 750w, https:\/\/www.em.com.br\/emfoco\/wp-content\/uploads\/2026\/04\/moda2-1-1140x641.jpg 1140w, https:\/\/www.em.com.br\/emfoco\/wp-content\/uploads\/2026\/04\/moda2-1.jpg 1280w\" sizes=\"auto, (max-width: 1024px) 100vw, 1024px\" \/><figcaption class=\"wp-element-caption\">Este cal\u00e7ado une o conforto absoluto a um design muito mais sofisticado<\/figcaption><\/figure><\/div>\n\n\n<h2 class=\"wp-block-heading\">O que define a est\u00e9tica dos cal\u00e7ados de 2026?<\/h2>\n\n\n\n<p>O fio condutor do ver\u00e3o \u00e9 o equil\u00edbrio entre a ventila\u00e7\u00e3o extrema e o acabamento de luxo silencioso. Assim como acess\u00f3rios tecnol\u00f3gicos, como o <a href=\"https:\/\/support.apple.com\/pt-br\/104978\" target=\"_blank\" rel=\"noreferrer noopener\"><strong>AirTag da Apple<\/strong><\/a>, os sapatos agora s\u00e3o projetados para serem funcionais e duradouros na rotina.<\/p>\n\n\n\n<p>Optar por solados estruturados em vez de borracha simples reflete uma maturidade visual e uma preocupa\u00e7\u00e3o com a sa\u00fade dos p\u00e9s. O ver\u00e3o de <strong>2026<\/strong> ser\u00e1 marcado por passos mais firmes, onde a eleg\u00e2ncia dos <strong>cal\u00e7ados<\/strong> cl\u00e1ssicos encontra a tecnologia de conforto para enfrentar o calor com m\u00e1ximo estilo.<\/p>\n","protected":false},"excerpt":{"rendered":"<p>O ver\u00e3o de 2026 confirma uma virada no comportamento de consumo, onde o conforto deixou de ser sin\u00f4nimo de pl\u00e1stico volumoso. Os novos cal\u00e7ados do momento focam em constru\u00e7\u00e3o inteligente, materiais t\u00e9cnicos e silhuetas que elevam qualquer produ\u00e7\u00e3o urbana. Por que os clogs com solado de madeira voltaram com for\u00e7a? O clog, tamanco de origem [&hellip;]<\/p>\n","protected":false},"author":30,"featured_media":199512,"comment_status":"open","ping_status":"open","sticky":false,"template":"","format":"standard","meta":{"jnews-multi-image_gallery":[],"jnews_single_post":{"format":"standard"},"jnews_primary_category":[],"jnews_social_meta":[],"jnews_override_counter":[],"footnotes":""},"categories":[8691],"tags":[3644,4977,3096,17446],"class_list":["post-199510","post","type-post","status-publish","format-standard","has-post-thumbnail","hentry","category-bem-estar","tag-calcados","tag-moda","tag-tendencias","tag-verao-2026"],"yoast_head":"<!-- This site is optimized with the Yoast SEO plugin v23.8 - https:\/\/yoast.com\/wordpress\/plugins\/seo\/ -->\n<title>Adeus crocs comuns, a nova tend\u00eancia em cal\u00e7ados para o ver\u00e3o de 2026 \u00e9 muito mais charmosa - Estado de Minas - Em foco<\/title>\n<meta name=\"description\" content=\"Entenda por que os crocs comuns est\u00e3o com os dias contados. Veja a nova tend\u00eancia em cal\u00e7ados para o ver\u00e3o de 2026 muito mais charmosa agora.\" \/>\n<meta name=\"robots\" content=\"index, follow, max-snippet:-1, max-image-preview:large, max-video-preview:-1\" \/>\n<link rel=\"canonical\" href=\"https:\/\/www.em.com.br\/emfoco\/2026\/04\/27\/adeus-crocs-comuns-a-nova-tendencia-em-calcados-para-o-verao-de-2026-e-muito-mais-charmosa\/\" \/>\n<meta property=\"og:locale\" content=\"pt_BR\" \/>\n<meta property=\"og:type\" content=\"article\" \/>\n<meta property=\"og:title\" content=\"Adeus crocs comuns, a nova tend\u00eancia em cal\u00e7ados para o ver\u00e3o de 2026 \u00e9 muito mais charmosa - Estado de Minas - Em foco\" \/>\n<meta property=\"og:description\" content=\"Entenda por que os crocs comuns est\u00e3o com os dias contados. Veja a nova tend\u00eancia em cal\u00e7ados para o ver\u00e3o de 2026 muito mais charmosa agora.\" \/>\n<meta property=\"og:url\" content=\"https:\/\/www.em.com.br\/emfoco\/2026\/04\/27\/adeus-crocs-comuns-a-nova-tendencia-em-calcados-para-o-verao-de-2026-e-muito-mais-charmosa\/\" \/>\n<meta property=\"og:site_name\" content=\"Estado de Minas - Em foco\" \/>\n<meta property=\"article:published_time\" content=\"2026-04-27T17:25:00+00:00\" \/>\n<meta property=\"article:modified_time\" content=\"2026-04-26T09:56:00+00:00\" \/>\n<meta property=\"og:image\" content=\"https:\/\/www.em.com.br\/emfoco\/wp-content\/uploads\/2026\/04\/crocs2.jpg\" \/>\n\t<meta property=\"og:image:width\" content=\"1280\" \/>\n\t<meta property=\"og:image:height\" content=\"720\" \/>\n\t<meta property=\"og:image:type\" content=\"image\/jpeg\" \/>\n<meta name=\"author\" content=\"Guilherme Ara\u00fajo\" \/>\n<meta name=\"twitter:card\" content=\"summary_large_image\" \/>\n<meta name=\"twitter:label1\" content=\"Escrito por\" \/>\n\t<meta name=\"twitter:data1\" content=\"Guilherme Ara\u00fajo\" \/>\n\t<meta name=\"twitter:label2\" content=\"Est. tempo de leitura\" \/>\n\t<meta name=\"twitter:data2\" content=\"4 minutos\" \/>\n<!-- \/ Yoast SEO plugin. -->","yoast_head_json":{"title":"Adeus crocs comuns, a nova tend\u00eancia em cal\u00e7ados para o ver\u00e3o de 2026 \u00e9 muito mais charmosa - Estado de Minas - Em foco","description":"Entenda por que os crocs comuns est\u00e3o com os dias contados. Veja a nova tend\u00eancia em cal\u00e7ados para o ver\u00e3o de 2026 muito mais charmosa agora.","robots":{"index":"index","follow":"follow","max-snippet":"max-snippet:-1","max-image-preview":"max-image-preview:large","max-video-preview":"max-video-preview:-1"},"canonical":"https:\/\/www.em.com.br\/emfoco\/2026\/04\/27\/adeus-crocs-comuns-a-nova-tendencia-em-calcados-para-o-verao-de-2026-e-muito-mais-charmosa\/","og_locale":"pt_BR","og_type":"article","og_title":"Adeus crocs comuns, a nova tend\u00eancia em cal\u00e7ados para o ver\u00e3o de 2026 \u00e9 muito mais charmosa - Estado de Minas - Em foco","og_description":"Entenda por que os crocs comuns est\u00e3o com os dias contados. Veja a nova tend\u00eancia em cal\u00e7ados para o ver\u00e3o de 2026 muito mais charmosa agora.","og_url":"https:\/\/www.em.com.br\/emfoco\/2026\/04\/27\/adeus-crocs-comuns-a-nova-tendencia-em-calcados-para-o-verao-de-2026-e-muito-mais-charmosa\/","og_site_name":"Estado de Minas - Em foco","article_published_time":"2026-04-27T17:25:00+00:00","article_modified_time":"2026-04-26T09:56:00+00:00","og_image":[{"width":1280,"height":720,"url":"https:\/\/www.em.com.br\/emfoco\/wp-content\/uploads\/2026\/04\/crocs2.jpg","type":"image\/jpeg"}],"author":"Guilherme Ara\u00fajo","twitter_card":"summary_large_image","twitter_misc":{"Escrito por":"Guilherme Ara\u00fajo","Est. tempo de leitura":"4 minutos"},"schema":{"@context":"https:\/\/schema.org","@graph":[{"@type":"WebPage","@id":"https:\/\/www.em.com.br\/emfoco\/2026\/04\/27\/adeus-crocs-comuns-a-nova-tendencia-em-calcados-para-o-verao-de-2026-e-muito-mais-charmosa\/","url":"https:\/\/www.em.com.br\/emfoco\/2026\/04\/27\/adeus-crocs-comuns-a-nova-tendencia-em-calcados-para-o-verao-de-2026-e-muito-mais-charmosa\/","name":"Adeus crocs comuns, a nova tend\u00eancia em cal\u00e7ados para o ver\u00e3o de 2026 \u00e9 muito mais charmosa - Estado de Minas - Em foco","isPartOf":{"@id":"https:\/\/www.em.com.br\/emfoco\/#website"},"primaryImageOfPage":{"@id":"https:\/\/www.em.com.br\/emfoco\/2026\/04\/27\/adeus-crocs-comuns-a-nova-tendencia-em-calcados-para-o-verao-de-2026-e-muito-mais-charmosa\/#primaryimage"},"image":{"@id":"https:\/\/www.em.com.br\/emfoco\/2026\/04\/27\/adeus-crocs-comuns-a-nova-tendencia-em-calcados-para-o-verao-de-2026-e-muito-mais-charmosa\/#primaryimage"},"thumbnailUrl":"https:\/\/www.em.com.br\/emfoco\/wp-content\/uploads\/2026\/04\/crocs2.jpg","datePublished":"2026-04-27T17:25:00+00:00","dateModified":"2026-04-26T09:56:00+00:00","author":{"@id":"https:\/\/www.em.com.br\/emfoco\/#\/schema\/person\/5379e929a4b966c775d121e23f9bb421"},"description":"Entenda por que os crocs comuns est\u00e3o com os dias contados. Veja a nova tend\u00eancia em cal\u00e7ados para o ver\u00e3o de 2026 muito mais charmosa agora.","breadcrumb":{"@id":"https:\/\/www.em.com.br\/emfoco\/2026\/04\/27\/adeus-crocs-comuns-a-nova-tendencia-em-calcados-para-o-verao-de-2026-e-muito-mais-charmosa\/#breadcrumb"},"inLanguage":"pt-BR","potentialAction":[{"@type":"ReadAction","target":["https:\/\/www.em.com.br\/emfoco\/2026\/04\/27\/adeus-crocs-comuns-a-nova-tendencia-em-calcados-para-o-verao-de-2026-e-muito-mais-charmosa\/"]}]},{"@type":"ImageObject","inLanguage":"pt-BR","@id":"https:\/\/www.em.com.br\/emfoco\/2026\/04\/27\/adeus-crocs-comuns-a-nova-tendencia-em-calcados-para-o-verao-de-2026-e-muito-mais-charmosa\/#primaryimage","url":"https:\/\/www.em.com.br\/emfoco\/wp-content\/uploads\/2026\/04\/crocs2.jpg","contentUrl":"https:\/\/www.em.com.br\/emfoco\/wp-content\/uploads\/2026\/04\/crocs2.jpg","width":1280,"height":720,"caption":"Este cal\u00e7ado une o conforto absoluto a um design muito mais sofisticado"},{"@type":"BreadcrumbList","@id":"https:\/\/www.em.com.br\/emfoco\/2026\/04\/27\/adeus-crocs-comuns-a-nova-tendencia-em-calcados-para-o-verao-de-2026-e-muito-mais-charmosa\/#breadcrumb","itemListElement":[{"@type":"ListItem","position":1,"name":"In\u00edcio","item":"https:\/\/www.em.com.br\/emfoco\/"},{"@type":"ListItem","position":2,"name":"Adeus crocs comuns, a nova tend\u00eancia em cal\u00e7ados para o ver\u00e3o de 2026 \u00e9 muito mais charmosa"}]},{"@type":"WebSite","@id":"https:\/\/www.em.com.br\/emfoco\/#website","url":"https:\/\/www.em.com.br\/emfoco\/","name":"Estado de Minas - Em foco","description":"Acompanhe as \u00faltimas not\u00edcias e fique bem informado sobre tudo o que acontece em Minas Gerais, Brasil e no mundo.","potentialAction":[{"@type":"SearchAction","target":{"@type":"EntryPoint","urlTemplate":"https:\/\/www.em.com.br\/emfoco\/?s={search_term_string}"},"query-input":{"@type":"PropertyValueSpecification","valueRequired":true,"valueName":"search_term_string"}}],"inLanguage":"pt-BR"},{"@type":"Person","@id":"https:\/\/www.em.com.br\/emfoco\/#\/schema\/person\/5379e929a4b966c775d121e23f9bb421","name":"Guilherme Ara\u00fajo","image":{"@type":"ImageObject","inLanguage":"pt-BR","@id":"https:\/\/www.em.com.br\/emfoco\/#\/schema\/person\/image\/","url":"https:\/\/secure.gravatar.com\/avatar\/b8bf1fd0130e170bd8f5d7298dbafa25?s=96&d=mm&r=g","contentUrl":"https:\/\/secure.gravatar.com\/avatar\/b8bf1fd0130e170bd8f5d7298dbafa25?s=96&d=mm&r=g","caption":"Guilherme Ara\u00fajo"},"sameAs":["https:\/\/www.em.com.br\/emfoco"],"url":"https:\/\/www.em.com.br\/emfoco\/author\/guilhermeamyth\/"}]}},"_links":{"self":[{"href":"https:\/\/www.em.com.br\/emfoco\/wp-json\/wp\/v2\/posts\/199510","targetHints":{"allow":["GET"]}}],"collection":[{"href":"https:\/\/www.em.com.br\/emfoco\/wp-json\/wp\/v2\/posts"}],"about":[{"href":"https:\/\/www.em.com.br\/emfoco\/wp-json\/wp\/v2\/types\/post"}],"author":[{"embeddable":true,"href":"https:\/\/www.em.com.br\/emfoco\/wp-json\/wp\/v2\/users\/30"}],"replies":[{"embeddable":true,"href":"https:\/\/www.em.com.br\/emfoco\/wp-json\/wp\/v2\/comments?post=199510"}],"version-history":[{"count":1,"href":"https:\/\/www.em.com.br\/emfoco\/wp-json\/wp\/v2\/posts\/199510\/revisions"}],"predecessor-version":[{"id":199517,"href":"https:\/\/www.em.com.br\/emfoco\/wp-json\/wp\/v2\/posts\/199510\/revisions\/199517"}],"wp:featuredmedia":[{"embeddable":true,"href":"https:\/\/www.em.com.br\/emfoco\/wp-json\/wp\/v2\/media\/199512"}],"wp:attachment":[{"href":"https:\/\/www.em.com.br\/emfoco\/wp-json\/wp\/v2\/media?parent=199510"}],"wp:term":[{"taxonomy":"category","embeddable":true,"href":"https:\/\/www.em.com.br\/emfoco\/wp-json\/wp\/v2\/categories?post=199510"},{"taxonomy":"post_tag","embeddable":true,"href":"https:\/\/www.em.com.br\/emfoco\/wp-json\/wp\/v2\/tags?post=199510"}],"curies":[{"name":"wp","href":"https:\/\/api.w.org\/{rel}","templated":true}]}}