{"id":199497,"date":"2026-04-26T13:15:00","date_gmt":"2026-04-26T16:15:00","guid":{"rendered":"https:\/\/www.em.com.br\/emfoco\/?p=199497"},"modified":"2026-04-25T17:28:56","modified_gmt":"2026-04-25T20:28:56","slug":"mistura-caseira-para-pele-extremamente-seca-que-vai-recuperar-o-brilho-natural","status":"publish","type":"post","link":"https:\/\/www.em.com.br\/emfoco\/2026\/04\/26\/mistura-caseira-para-pele-extremamente-seca-que-vai-recuperar-o-brilho-natural\/","title":{"rendered":"Mistura caseira para pele extremamente seca que vai recuperar o brilho natural"},"content":{"rendered":"\n<p>Voc\u00ea sai do banho e sente o rosto repuxar enquanto prepara sua <strong>mistura caseira para pele extremamente seca<\/strong> com ingredientes simples da despensa. Essa solu\u00e7\u00e3o natural guarda o segredo para <strong>devolver o brilho<\/strong> que os cremes caros nem sempre conseguem alcan\u00e7ar?<\/p>\n\n\n\n<h2 class=\"wp-block-heading\">Como preparar uma mistura caseira para pele extremamente seca com mel e aveia?<\/h2>\n\n\n\n<p>O mel funciona como um poderoso umectante natural que ret\u00e9m a umidade profunda nas camadas da sua derme por muito tempo. Voc\u00ea deve misturar duas colheres de sopa bem cheias com aveia finamente mo\u00edda para criar uma pasta nutritiva e suave. Essa combina\u00e7\u00e3o cl\u00e1ssica acalma a <strong>irrita\u00e7\u00e3o t\u00edpica<\/strong> do ressecamento severo e promove uma <strong>textura aveludada<\/strong> imediata na face.<\/p>\n\n\n\n<p>A aveia atua removendo delicadamente as c\u00e9lulas mortas sem agredir a barreira de prote\u00e7\u00e3o natural do seu rosto cansado. Aplique a m\u00e1scara com movimentos circulares e deixe agir por cerca de quinze minutos em um momento de sil\u00eancio absoluto. Muitas mulheres relatam um <strong>al\u00edvio instant\u00e2neo<\/strong> da coceira e uma <strong>luminosidade renovada<\/strong> ap\u00f3s o primeiro uso pr\u00e1tico desta receita r\u00e1pida.<\/p>\n\n\n<div class=\"wp-block-image\">\n<figure class=\"aligncenter size-large\"><img loading=\"lazy\" decoding=\"async\" width=\"1024\" height=\"576\" src=\"https:\/\/www.em.com.br\/emfoco\/wp-content\/uploads\/2025\/11\/pele-seca_1763829720975-1024x576.jpg\" alt=\"mistura caseira para pele extremamente seca\" class=\"wp-image-130887\" srcset=\"https:\/\/www.em.com.br\/emfoco\/wp-content\/uploads\/2025\/11\/pele-seca_1763829720975-1024x576.jpg 1024w, https:\/\/www.em.com.br\/emfoco\/wp-content\/uploads\/2025\/11\/pele-seca_1763829720975-300x169.jpg 300w, https:\/\/www.em.com.br\/emfoco\/wp-content\/uploads\/2025\/11\/pele-seca_1763829720975-768x432.jpg 768w, https:\/\/www.em.com.br\/emfoco\/wp-content\/uploads\/2025\/11\/pele-seca_1763829720975-750x422.jpg 750w, https:\/\/www.em.com.br\/emfoco\/wp-content\/uploads\/2025\/11\/pele-seca_1763829720975-1140x641.jpg 1140w, https:\/\/www.em.com.br\/emfoco\/wp-content\/uploads\/2025\/11\/pele-seca_1763829720975.jpg 1280w\" sizes=\"auto, (max-width: 1024px) 100vw, 1024px\" \/><figcaption class=\"wp-element-caption\">O mel funciona como um poderoso umectante natural que ret\u00e9m a umidade profunda nas camadas da sua derme por muito tempo &#8211; Cr\u00e9ditos: depositphotos.com \/ evgenyataman<\/figcaption><\/figure><\/div>\n\n\n<p>Leia tamb\u00e9m: <a href=\"https:\/\/www.em.com.br\/emfoco\/2026\/04\/15\/maneira-certa-de-passar-o-protetor-solar-na-pele-oleosa-sem-deixar-o-rosto-brilhando-e-grudando\/\" target=\"_blank\" rel=\"noreferrer noopener\">Maneira certa de passar o protetor solar na pele oleosa sem deixar o rosto brilhando e grudando<\/a><\/p>\n\n\n\n<h2 class=\"wp-block-heading\">Quais \u00f3leos vegetais potencializam a mistura caseira para pele extremamente seca?<\/h2>\n\n\n\n<p>O \u00f3leo de coco e o azeite de oliva extra virgem s\u00e3o bases excelentes para criar formula\u00e7\u00f5es hidratantes potentes e baratas. Esses ingredientes possuem \u00e1cidos graxos nobres que preenchem as fissuras invis\u00edveis causadas pela desidrata\u00e7\u00e3o cr\u00f4nica do seu tecido cut\u00e2neo sens\u00edvel. Eles formam uma <strong>camada protetora<\/strong> robusta que impede a perda de \u00e1gua para o ambiente externo e garante <strong>nutri\u00e7\u00e3o intensa<\/strong>.<\/p>\n\n\n\n<p>Antes de iniciar o preparo, verifique se os itens escolhidos s\u00e3o totalmente puros para evitar poss\u00edveis rea\u00e7\u00f5es al\u00e9rgicas ou espinhas indesejadas. Busque sempre por <strong>mat\u00e9rias-primas org\u00e2nicas<\/strong> que mantenham todas as propriedades originais da planta durante o manuseio. A lista abaixo apresenta os melhores \u00f3leos para enriquecer seu tratamento e garantir uma <strong>hidrata\u00e7\u00e3o m\u00e1xima<\/strong> e duradoura no corpo inteiro:<\/p>\n\n\n\n<ul class=\"wp-block-list\">\n<li>\u00d3leo de abacate para <strong>nutri\u00e7\u00e3o profunda<\/strong> em \u00e1reas muito \u00e1speras como cotovelos e joelhos secos.<\/li>\n\n\n\n<li>Azeite de oliva para <strong>combater radicais livres<\/strong> e prevenir o envelhecimento precoce de forma natural.<\/li>\n\n\n\n<li>\u00d3leo de am\u00eandoas doces para garantir uma <strong>elasticidade maior<\/strong> e evitar o surgimento de estrias indesejadas.<\/li>\n<\/ul>\n\n\n\n<figure class=\"wp-block-embed is-type-rich is-provider-pinterest wp-block-embed-pinterest\"><div class=\"wp-block-embed__wrapper\">\n<iframe loading=\"lazy\" title=\"Dicas de Skincare para pele seca!!!\" src=\"https:\/\/assets.pinterest.com\/ext\/embed.html?id=595530750762243281&#038;src=oembed\" height=\"899\" width=\"450\" frameborder=\"0\" scrolling=\"no\" ><\/iframe>\n<\/div><\/figure>\n\n\n\n<h2 class=\"wp-block-heading\">O uso frequente da mistura caseira para pele extremamente seca substitui o hidratante?<\/h2>\n\n\n\n<p>As receitas naturais funcionam como um complemento intensivo que potencializa os efeitos dos seus cosm\u00e9ticos de uso di\u00e1rio habituais. Voc\u00ea pode intercalar o uso da <strong>mistura caseira para pele extremamente seca<\/strong> com seu creme dermatol\u00f3gico preferido para obter melhores resultados est\u00e9ticos. Essa estrat\u00e9gia inteligente garante que a c\u00fatis receba uma <strong>carga extra<\/strong> de vitaminas e minerais de forma constante e eficiente.<\/p>\n\n\n\n<p>Muitas dermatologistas recomendam o uso desses preparos naturais durante a noite para aproveitar o per\u00edodo de regenera\u00e7\u00e3o celular natural do corpo. O contato prolongado com subst\u00e2ncias puras ajuda a recuperar a <strong>maciez perdida<\/strong> em regi\u00f5es cr\u00edticas e sens\u00edveis do seu corpo. Manter essa rotina equilibrada traz uma <strong>apar\u00eancia saud\u00e1vel<\/strong> que reflete diretamente na sua autoestima feminina e confian\u00e7a di\u00e1ria.<\/p>\n\n\n\n<p>Para voc\u00ea que gosta de se cuidar, separamos um v\u00eddeo do canal da <a href=\"https:\/\/www.youtube.com\/@DraMarinaHayashida\" target=\"_blank\" rel=\"noreferrer noopener\">Dra. Marina Hayashida<\/a> com dicas para cuidar da pele seca:<\/p>\n\n\n\n<figure class=\"wp-block-embed is-type-video is-provider-youtube wp-block-embed-youtube wp-embed-aspect-16-9 wp-has-aspect-ratio\"><div class=\"wp-block-embed__wrapper\">\n<div class=\"jeg_video_container jeg_video_content\"><iframe loading=\"lazy\" title=\"Rosto com PELE SECA aprenda o que fazer! | Dicas de skincare\" width=\"500\" height=\"281\" src=\"https:\/\/www.youtube.com\/embed\/1chqi-nkUuw?start=2&#038;feature=oembed\" frameborder=\"0\" allow=\"accelerometer; autoplay; clipboard-write; encrypted-media; gyroscope; picture-in-picture; web-share\" referrerpolicy=\"strict-origin-when-cross-origin\" allowfullscreen><\/iframe><\/div>\n<\/div><\/figure>\n\n\n\n<h2 class=\"wp-block-heading\">Qual a melhor forma de aplicar receitas naturais para evitar desperd\u00edcios?<\/h2>\n\n\n\n<p>A higieniza\u00e7\u00e3o pr\u00e9via do rosto \u00e9 um passo fundamental para permitir que os nutrientes penetrem sem obst\u00e1culos ou barreiras gordurosas. Utilize um sabonete suave para remover todos os res\u00edduos de polui\u00e7\u00e3o e abrir levemente os poros da sua pele madura. Essa prepara\u00e7\u00e3o simples garante que os ativos da sua m\u00e1scara tenham um <strong>aproveitamento total<\/strong> e tragam <strong>benef\u00edcios vis\u00edveis<\/strong> rapidamente para o seu visual.<\/p>\n\n\n\n<p>Espalhe o conte\u00fado de maneira uniforme utilizando um pincel de cerdas macias ou as pontas dos dedos perfeitamente limpas. Evite a regi\u00e3o sens\u00edvel ao redor dos olhos para prevenir qualquer desconforto ou ard\u00eancia tempor\u00e1ria na sua vis\u00e3o durante o processo. Massagear o produto levemente ajuda na <strong>microcircula\u00e7\u00e3o local<\/strong> e potencializa a <strong>absor\u00e7\u00e3o dos \u00f3leos<\/strong> naturais utilizados na sua formula\u00e7\u00e3o caseira exclusiva.<\/p>\n\n\n\n<figure class=\"wp-block-embed is-type-rich is-provider-pinterest wp-block-embed-pinterest\"><div class=\"wp-block-embed__wrapper\">\n<iframe loading=\"lazy\" title=\"O ressecamento do rosto pode ser ocasionado por diversos fatores, mas no geral essa condi\u00e7\u00e3o \u00e9 intensificada por conta da falta de hidrata\u00e7\u00e3o facial. H\u00e1bitos como uma rotina de skincare, ingest\u00e3o de \u00e1gua e a ado\u00e7\u00e3o de produtos hidratantes na sua rotina de cuidados s\u00e3o necess\u00e1rios para que a sua pele esteja sempre macia, hidratada, saud\u00e1vel e iluminada. #peleperfeita #cuidadoscomapele #peleseca #pelehidratada\" src=\"https:\/\/assets.pinterest.com\/ext\/embed.html?id=772367404865730987&#038;src=oembed\" height=\"899\" width=\"450\" frameborder=\"0\" scrolling=\"no\" ><\/iframe>\n<\/div><\/figure>\n\n\n\n<h2 class=\"wp-block-heading\">Pratique o autocuidado com consci\u00eancia e paci\u00eancia<\/h2>\n\n\n\n<p>Respeite o tempo necess\u00e1rio para que sua pele absorva todos os nutrientes oferecidos pelas receitas naturais escolhidas hoje. O uso constante de bons ingredientes traz uma <strong>transforma\u00e7\u00e3o real<\/strong> na textura e no brilho do seu corpo. Sinta o prazer de cuidar da <strong>sua beleza<\/strong> de forma natural e muito econ\u00f4mica.<\/p>\n\n\n\n<p>Observe como seu organismo reage a cada nova combina\u00e7\u00e3o testada na sua rotina de beleza semanal. Escolha momentos de tranquilidade absoluta para realizar seus rituais de <strong>hidrata\u00e7\u00e3o intensiva<\/strong> no conforto da sua casa. Mantenha sua <strong>c\u00fatis radiante<\/strong> com dedica\u00e7\u00e3o di\u00e1ria e muito carinho pessoal.<\/p>\n","protected":false},"excerpt":{"rendered":"<p>Voc\u00ea sai do banho e sente o rosto repuxar enquanto prepara sua mistura caseira para pele extremamente seca com ingredientes simples da despensa. Essa solu\u00e7\u00e3o natural guarda o segredo para devolver o brilho que os cremes caros nem sempre conseguem alcan\u00e7ar? Como preparar uma mistura caseira para pele extremamente seca com mel e aveia? O [&hellip;]<\/p>\n","protected":false},"author":9,"featured_media":199525,"comment_status":"open","ping_status":"open","sticky":false,"template":"","format":"standard","meta":{"jnews-multi-image_gallery":[],"jnews_single_post":{"format":"standard"},"jnews_primary_category":[],"jnews_social_meta":[],"jnews_override_counter":[],"footnotes":""},"categories":[8691,29],"tags":[4939,18018,15519],"class_list":["post-199497","post","type-post","status-publish","format-standard","has-post-thumbnail","hentry","category-bem-estar","category-entretenimento","tag-cuidados-com-a-pele","tag-hidratacao-caseira","tag-skincare-natural"],"yoast_head":"<!-- This site is optimized with the Yoast SEO plugin v23.8 - https:\/\/yoast.com\/wordpress\/plugins\/seo\/ -->\n<title>Mistura caseira para pele extremamente seca que vai recuperar o brilho natural - Estado de Minas - Em foco<\/title>\n<meta name=\"description\" content=\"Uma mistura caseira para pele extremamente seca devolve o brilho e a maciez do seu rosto usando ingredientes naturais e nutritivos de verdade\" \/>\n<meta name=\"robots\" content=\"index, follow, max-snippet:-1, max-image-preview:large, max-video-preview:-1\" \/>\n<link rel=\"canonical\" href=\"https:\/\/www.em.com.br\/emfoco\/2026\/04\/26\/mistura-caseira-para-pele-extremamente-seca-que-vai-recuperar-o-brilho-natural\/\" \/>\n<meta property=\"og:locale\" content=\"pt_BR\" \/>\n<meta property=\"og:type\" content=\"article\" \/>\n<meta property=\"og:title\" content=\"Mistura caseira para pele extremamente seca que vai recuperar o brilho natural - Estado de Minas - Em foco\" \/>\n<meta property=\"og:description\" content=\"Uma mistura caseira para pele extremamente seca devolve o brilho e a maciez do seu rosto usando ingredientes naturais e nutritivos de verdade\" \/>\n<meta property=\"og:url\" content=\"https:\/\/www.em.com.br\/emfoco\/2026\/04\/26\/mistura-caseira-para-pele-extremamente-seca-que-vai-recuperar-o-brilho-natural\/\" \/>\n<meta property=\"og:site_name\" content=\"Estado de Minas - Em foco\" \/>\n<meta property=\"article:published_time\" content=\"2026-04-26T16:15:00+00:00\" \/>\n<meta property=\"article:modified_time\" content=\"2026-04-25T20:28:56+00:00\" \/>\n<meta property=\"og:image\" content=\"https:\/\/www.em.com.br\/emfoco\/wp-content\/uploads\/2026\/04\/Oeste_46.jpg\" \/>\n\t<meta property=\"og:image:width\" content=\"1280\" \/>\n\t<meta property=\"og:image:height\" content=\"720\" \/>\n\t<meta property=\"og:image:type\" content=\"image\/jpeg\" \/>\n<meta name=\"author\" content=\"Daniely Cardoso\" \/>\n<meta name=\"twitter:card\" content=\"summary_large_image\" \/>\n<meta name=\"twitter:label1\" content=\"Escrito por\" \/>\n\t<meta name=\"twitter:data1\" content=\"Daniely Cardoso\" \/>\n\t<meta name=\"twitter:label2\" content=\"Est. tempo de leitura\" \/>\n\t<meta name=\"twitter:data2\" content=\"5 minutos\" \/>\n<!-- \/ Yoast SEO plugin. -->","yoast_head_json":{"title":"Mistura caseira para pele extremamente seca que vai recuperar o brilho natural - Estado de Minas - Em foco","description":"Uma mistura caseira para pele extremamente seca devolve o brilho e a maciez do seu rosto usando ingredientes naturais e nutritivos de verdade","robots":{"index":"index","follow":"follow","max-snippet":"max-snippet:-1","max-image-preview":"max-image-preview:large","max-video-preview":"max-video-preview:-1"},"canonical":"https:\/\/www.em.com.br\/emfoco\/2026\/04\/26\/mistura-caseira-para-pele-extremamente-seca-que-vai-recuperar-o-brilho-natural\/","og_locale":"pt_BR","og_type":"article","og_title":"Mistura caseira para pele extremamente seca que vai recuperar o brilho natural - Estado de Minas - Em foco","og_description":"Uma mistura caseira para pele extremamente seca devolve o brilho e a maciez do seu rosto usando ingredientes naturais e nutritivos de verdade","og_url":"https:\/\/www.em.com.br\/emfoco\/2026\/04\/26\/mistura-caseira-para-pele-extremamente-seca-que-vai-recuperar-o-brilho-natural\/","og_site_name":"Estado de Minas - Em foco","article_published_time":"2026-04-26T16:15:00+00:00","article_modified_time":"2026-04-25T20:28:56+00:00","og_image":[{"width":1280,"height":720,"url":"https:\/\/www.em.com.br\/emfoco\/wp-content\/uploads\/2026\/04\/Oeste_46.jpg","type":"image\/jpeg"}],"author":"Daniely Cardoso","twitter_card":"summary_large_image","twitter_misc":{"Escrito por":"Daniely Cardoso","Est. tempo de leitura":"5 minutos"},"schema":{"@context":"https:\/\/schema.org","@graph":[{"@type":"WebPage","@id":"https:\/\/www.em.com.br\/emfoco\/2026\/04\/26\/mistura-caseira-para-pele-extremamente-seca-que-vai-recuperar-o-brilho-natural\/","url":"https:\/\/www.em.com.br\/emfoco\/2026\/04\/26\/mistura-caseira-para-pele-extremamente-seca-que-vai-recuperar-o-brilho-natural\/","name":"Mistura caseira para pele extremamente seca que vai recuperar o brilho natural - Estado de Minas - Em foco","isPartOf":{"@id":"https:\/\/www.em.com.br\/emfoco\/#website"},"primaryImageOfPage":{"@id":"https:\/\/www.em.com.br\/emfoco\/2026\/04\/26\/mistura-caseira-para-pele-extremamente-seca-que-vai-recuperar-o-brilho-natural\/#primaryimage"},"image":{"@id":"https:\/\/www.em.com.br\/emfoco\/2026\/04\/26\/mistura-caseira-para-pele-extremamente-seca-que-vai-recuperar-o-brilho-natural\/#primaryimage"},"thumbnailUrl":"https:\/\/www.em.com.br\/emfoco\/wp-content\/uploads\/2026\/04\/Oeste_46.jpg","datePublished":"2026-04-26T16:15:00+00:00","dateModified":"2026-04-25T20:28:56+00:00","author":{"@id":"https:\/\/www.em.com.br\/emfoco\/#\/schema\/person\/0a8186d72f2c3a5c6276d90b41f271a0"},"description":"Uma mistura caseira para pele extremamente seca devolve o brilho e a maciez do seu rosto usando ingredientes naturais e nutritivos de verdade","breadcrumb":{"@id":"https:\/\/www.em.com.br\/emfoco\/2026\/04\/26\/mistura-caseira-para-pele-extremamente-seca-que-vai-recuperar-o-brilho-natural\/#breadcrumb"},"inLanguage":"pt-BR","potentialAction":[{"@type":"ReadAction","target":["https:\/\/www.em.com.br\/emfoco\/2026\/04\/26\/mistura-caseira-para-pele-extremamente-seca-que-vai-recuperar-o-brilho-natural\/"]}]},{"@type":"ImageObject","inLanguage":"pt-BR","@id":"https:\/\/www.em.com.br\/emfoco\/2026\/04\/26\/mistura-caseira-para-pele-extremamente-seca-que-vai-recuperar-o-brilho-natural\/#primaryimage","url":"https:\/\/www.em.com.br\/emfoco\/wp-content\/uploads\/2026\/04\/Oeste_46.jpg","contentUrl":"https:\/\/www.em.com.br\/emfoco\/wp-content\/uploads\/2026\/04\/Oeste_46.jpg","width":1280,"height":720,"caption":"Mistura natural de mel e \u00f3leos vegetais recupera a barreira de prote\u00e7\u00e3o da pele seca"},{"@type":"BreadcrumbList","@id":"https:\/\/www.em.com.br\/emfoco\/2026\/04\/26\/mistura-caseira-para-pele-extremamente-seca-que-vai-recuperar-o-brilho-natural\/#breadcrumb","itemListElement":[{"@type":"ListItem","position":1,"name":"In\u00edcio","item":"https:\/\/www.em.com.br\/emfoco\/"},{"@type":"ListItem","position":2,"name":"Mistura caseira para pele extremamente seca que vai recuperar o brilho natural"}]},{"@type":"WebSite","@id":"https:\/\/www.em.com.br\/emfoco\/#website","url":"https:\/\/www.em.com.br\/emfoco\/","name":"Estado de Minas - Em foco","description":"Acompanhe as \u00faltimas not\u00edcias e fique bem informado sobre tudo o que acontece em Minas Gerais, Brasil e no mundo.","potentialAction":[{"@type":"SearchAction","target":{"@type":"EntryPoint","urlTemplate":"https:\/\/www.em.com.br\/emfoco\/?s={search_term_string}"},"query-input":{"@type":"PropertyValueSpecification","valueRequired":true,"valueName":"search_term_string"}}],"inLanguage":"pt-BR"},{"@type":"Person","@id":"https:\/\/www.em.com.br\/emfoco\/#\/schema\/person\/0a8186d72f2c3a5c6276d90b41f271a0","name":"Daniely Cardoso","image":{"@type":"ImageObject","inLanguage":"pt-BR","@id":"https:\/\/www.em.com.br\/emfoco\/#\/schema\/person\/image\/","url":"https:\/\/secure.gravatar.com\/avatar\/4b80ddbd124d1f071b626d52d62e5dff?s=96&d=mm&r=g","contentUrl":"https:\/\/secure.gravatar.com\/avatar\/4b80ddbd124d1f071b626d52d62e5dff?s=96&d=mm&r=g","caption":"Daniely Cardoso"},"url":"https:\/\/www.em.com.br\/emfoco\/author\/danielymyth\/"}]}},"_links":{"self":[{"href":"https:\/\/www.em.com.br\/emfoco\/wp-json\/wp\/v2\/posts\/199497","targetHints":{"allow":["GET"]}}],"collection":[{"href":"https:\/\/www.em.com.br\/emfoco\/wp-json\/wp\/v2\/posts"}],"about":[{"href":"https:\/\/www.em.com.br\/emfoco\/wp-json\/wp\/v2\/types\/post"}],"author":[{"embeddable":true,"href":"https:\/\/www.em.com.br\/emfoco\/wp-json\/wp\/v2\/users\/9"}],"replies":[{"embeddable":true,"href":"https:\/\/www.em.com.br\/emfoco\/wp-json\/wp\/v2\/comments?post=199497"}],"version-history":[{"count":1,"href":"https:\/\/www.em.com.br\/emfoco\/wp-json\/wp\/v2\/posts\/199497\/revisions"}],"predecessor-version":[{"id":199506,"href":"https:\/\/www.em.com.br\/emfoco\/wp-json\/wp\/v2\/posts\/199497\/revisions\/199506"}],"wp:featuredmedia":[{"embeddable":true,"href":"https:\/\/www.em.com.br\/emfoco\/wp-json\/wp\/v2\/media\/199525"}],"wp:attachment":[{"href":"https:\/\/www.em.com.br\/emfoco\/wp-json\/wp\/v2\/media?parent=199497"}],"wp:term":[{"taxonomy":"category","embeddable":true,"href":"https:\/\/www.em.com.br\/emfoco\/wp-json\/wp\/v2\/categories?post=199497"},{"taxonomy":"post_tag","embeddable":true,"href":"https:\/\/www.em.com.br\/emfoco\/wp-json\/wp\/v2\/tags?post=199497"}],"curies":[{"name":"wp","href":"https:\/\/api.w.org\/{rel}","templated":true}]}}