{"id":199489,"date":"2026-04-26T13:05:00","date_gmt":"2026-04-26T16:05:00","guid":{"rendered":"https:\/\/www.em.com.br\/emfoco\/?p=199489"},"modified":"2026-04-25T17:28:48","modified_gmt":"2026-04-25T20:28:48","slug":"ventilador-vs-ar-condicionado-as-dicas-praticas-de-climatizacao-que-garantem-o-frescor","status":"publish","type":"post","link":"https:\/\/www.em.com.br\/emfoco\/2026\/04\/26\/ventilador-vs-ar-condicionado-as-dicas-praticas-de-climatizacao-que-garantem-o-frescor\/","title":{"rendered":"Ventilador vs ar-condicionado: As dicas pr\u00e1ticas de climatiza\u00e7\u00e3o que garantem o frescor"},"content":{"rendered":"\n<p>Voc\u00ea chega em casa naquele calor escaldante e hesita entre apertar o bot\u00e3o do <strong>ventilador vs ar-condicionado<\/strong> para refrescar o ambiente sem levar um susto financeiro. A diferen\u00e7a no valor da sua fatura de energia ao final do m\u00eas pode ser muito maior do que voc\u00ea imagina agora.<\/p>\n\n\n\n<h2 class=\"wp-block-heading\">Qual a real diferen\u00e7a de consumo entre ventilador vs ar-condicionado no dia a dia?<\/h2>\n\n\n\n<p>O ventilador funciona apenas movendo o ar e consome uma fra\u00e7\u00e3o m\u00ednima de eletricidade comparado aos sistemas de refrigera\u00e7\u00e3o complexos das resid\u00eancias modernas. Um modelo de teto ligado por v\u00e1rias horas seguidas representa um <strong>custo irris\u00f3rio<\/strong> se comparado aos aparelhos de compress\u00e3o t\u00e9rmica potentes dispon\u00edveis no mercado nacional. Muitas fam\u00edlias brasileiras optam por essa alternativa para manter o <strong>fresco constante<\/strong> gastando poucos centavos por cada noite de sono tranquila e relaxante.<\/p>\n\n\n\n<p>J\u00e1 o ar-condicionado utiliza um motor pesado que exige uma carga el\u00e9trica muito elevada para resfriar as serpentinas internas com efici\u00eancia. Esse processo retira o calor do c\u00f4modo de forma r\u00e1pida mas gera um <strong>impacto financeiro<\/strong> imediato no seu or\u00e7amento dom\u00e9stico planejado. \u00c9 importante entender que o conforto extremo desse equipamento espec\u00edfico cobra um <strong>pre\u00e7o alto<\/strong> em watts consumidos por cada minuto de funcionamento ininterrupto.<\/p>\n\n\n<div class=\"wp-block-image\">\n<figure class=\"aligncenter size-large\"><img loading=\"lazy\" decoding=\"async\" width=\"1024\" height=\"576\" src=\"https:\/\/www.em.com.br\/emfoco\/wp-content\/uploads\/2026\/04\/ventilador-_1777147343611-1024x576.jpg\" alt=\"ventilador vs ar-condicionado\" class=\"wp-image-199490\" srcset=\"https:\/\/www.em.com.br\/emfoco\/wp-content\/uploads\/2026\/04\/ventilador-_1777147343611-1024x576.jpg 1024w, https:\/\/www.em.com.br\/emfoco\/wp-content\/uploads\/2026\/04\/ventilador-_1777147343611-300x169.jpg 300w, https:\/\/www.em.com.br\/emfoco\/wp-content\/uploads\/2026\/04\/ventilador-_1777147343611-768x432.jpg 768w, https:\/\/www.em.com.br\/emfoco\/wp-content\/uploads\/2026\/04\/ventilador-_1777147343611-750x422.jpg 750w, https:\/\/www.em.com.br\/emfoco\/wp-content\/uploads\/2026\/04\/ventilador-_1777147343611-1140x641.jpg 1140w, https:\/\/www.em.com.br\/emfoco\/wp-content\/uploads\/2026\/04\/ventilador-_1777147343611.jpg 1280w\" sizes=\"auto, (max-width: 1024px) 100vw, 1024px\" \/><figcaption class=\"wp-element-caption\">O ventilador funciona apenas movendo o ar e consome uma fra\u00e7\u00e3o m\u00ednima de eletricidade comparado aos sistemas de refrigera\u00e7\u00e3o &#8211; Cr\u00e9ditos: depositphotos.com \/ Ischukigor<\/figcaption><\/figure><\/div>\n\n\n<p>Leia tamb\u00e9m: <a href=\"https:\/\/www.em.com.br\/emfoco\/2026\/01\/14\/rascunho-automat\/\" target=\"_blank\" rel=\"noreferrer noopener\">10 dicas para escapar do calor sem usar ar-condicionado<\/a><\/p>\n\n\n\n<h2 class=\"wp-block-heading\">O uso do ventilador vs ar-condicionado afeta muito o seu planejamento financeiro mensal?<\/h2>\n\n\n\n<p>Manter o equil\u00edbrio financeiro da casa exige que voc\u00ea fa\u00e7a escolhas conscientes sobre como climatizar cada c\u00f4modo durante os meses de ver\u00e3o. O uso desenfreado do sistema de refrigera\u00e7\u00e3o pode triplicar o valor da fatura el\u00e9trica e comprometer o <strong>investimento em lazer<\/strong> ou outras prioridades femininas importantes. O ventilador se apresenta como o <strong>her\u00f3i da economia<\/strong> para quem deseja manter a casa agrad\u00e1vel sem abrir m\u00e3o do controle banc\u00e1rio rigoroso.<\/p>\n\n\n\n<p>Algumas estrat\u00e9gias inteligentes ajudam a reduzir o tempo de uso dos aparelhos mais potentes e pesados na sua rotina di\u00e1ria exaustiva. A lista abaixo apresenta dicas pr\u00e1ticas para otimizar o resfriamento da sua casa sem precisar gastar uma fortuna em energia el\u00e9trica no final do m\u00eas.<\/p>\n\n\n\n<ul class=\"wp-block-list\">\n<li>Mantenha as cortinas fechadas para evitar a <strong>entrada de sol<\/strong> direto nos m\u00f3veis e no piso.<\/li>\n\n\n\n<li>Utilize o modo econ\u00f4mico do aparelho de refrigera\u00e7\u00e3o apenas para <strong>baixar a temperatura<\/strong> inicial do seu quarto.<\/li>\n\n\n\n<li>Ligue o ventilador logo ap\u00f3s desligar o climatizador para <strong>manter o ar<\/strong> frio circulando por mais tempo.<\/li>\n<\/ul>\n\n\n\n<figure class=\"wp-block-embed is-type-rich is-provider-pinterest wp-block-embed-pinterest\"><div class=\"wp-block-embed__wrapper\">\n<iframe loading=\"lazy\" title=\"Ventilador de Coluna 50cm WAP 180W 8 P\u00e1s Silencioso Flow Turbo\" src=\"https:\/\/assets.pinterest.com\/ext\/embed.html?id=992551205394728610&#038;src=oembed\" height=\"899\" width=\"450\" frameborder=\"0\" scrolling=\"no\" ><\/iframe>\n<\/div><\/figure>\n\n\n\n<p>Implementar esses pequenos h\u00e1bitos saud\u00e1veis garante que o conforto t\u00e9rmico n\u00e3o se torne um vil\u00e3o para as suas metas de poupan\u00e7a anuais. Muitas mulheres percebem que a <strong>gest\u00e3o de recursos<\/strong> energ\u00e9ticos permite sobrar dinheiro para tratamentos de beleza ou viagens de final de semana. Priorize sempre o uso de <strong>fontes de ventila\u00e7\u00e3o<\/strong> mais leves para as tarefas dom\u00e9sticas simples que n\u00e3o exigem temperaturas polares.<\/p>\n\n\n\n<h2 class=\"wp-block-heading\">Como o modelo de ventilador vs ar-condicionado influencia na economia de luz?<\/h2>\n\n\n\n<p>Aparelhos mais modernos equipados com a tecnologia inverter conseguem reduzir drasticamente o desperd\u00edcio de energia durante o funcionamento cont\u00ednuo do motor. Eles evitam os picos de consumo que acontecem nos modelos antigos e garantem uma <strong>temperatura est\u00e1vel<\/strong> com muito mais efici\u00eancia t\u00e9cnica comprovada. Escolher equipamentos certificados com o <strong>selo Procel A<\/strong> \u00e9 o primeiro passo para ter conforto sem desperdi\u00e7ar seu dinheiro suado com taxas extras.<\/p>\n\n\n\n<p>Os ventiladores tamb\u00e9m evolu\u00edram e apresentam motores muito mais silenciosos e econ\u00f4micos do que as vers\u00f5es barulhentas fabricadas no passado. Modelos com p\u00e1s maiores conseguem ventilar \u00e1reas amplas exigindo um <strong>esfor\u00e7o el\u00e9trico<\/strong> bem menor do que o esperado pelos consumidores inicialmente. Priorize sempre a compra de <strong>itens tecnol\u00f3gicos<\/strong> que ofere\u00e7am garantia de baixo consumo para proteger sua conta de luz contra aumentos tarif\u00e1rios.<\/p>\n\n\n\n<p>Para voc\u00ea que gosta de aprofundar, separamos um v\u00eddeo do canal <a href=\"https:\/\/www.youtube.com\/@LucianoBatista\" target=\"_blank\" rel=\"noreferrer noopener\">Luciano Batista<\/a> com mais sobre as diferen\u00e7as:<\/p>\n\n\n\n<figure class=\"wp-block-embed is-type-video is-provider-youtube wp-block-embed-youtube wp-embed-aspect-16-9 wp-has-aspect-ratio\"><div class=\"wp-block-embed__wrapper\">\n<div class=\"jeg_video_container jeg_video_content\"><iframe loading=\"lazy\" title=\"\ud83d\ude31Ventilador pode GASTAR mais energia que um Ar condicionado ? | Assista at\u00e9 o final pra entender\" width=\"500\" height=\"281\" src=\"https:\/\/www.youtube.com\/embed\/3iGzEC87dcQ?feature=oembed\" frameborder=\"0\" allow=\"accelerometer; autoplay; clipboard-write; encrypted-media; gyroscope; picture-in-picture; web-share\" referrerpolicy=\"strict-origin-when-cross-origin\" allowfullscreen><\/iframe><\/div>\n<\/div><\/figure>\n\n\n\n<h2 class=\"wp-block-heading\">Vale a pena combinar os dois aparelhos para reduzir os custos totais?<\/h2>\n\n\n\n<p>Misturar as duas tecnologias pode ser o grande segredo para ter noites perfeitas de descanso sem gastar o valor de uma viagem internacional. Voc\u00ea pode ligar o resfriador por trinta minutos para remover o abafamento e depois seguir apenas com o <strong>vento suave<\/strong> circulando no quarto. Essa t\u00e1tica inteligente prolonga a <strong>sensa\u00e7\u00e3o t\u00e9rmica<\/strong> agrad\u00e1vel enquanto o motor mais pesado permanece totalmente desligado e preservando sua economia financeira.<\/p>\n\n\n\n<p>Criar uma corrente de ar cruzada entre as janelas abertas potencializa o efeito de qualquer equipamento de ventila\u00e7\u00e3o que voc\u00ea possua em casa. Invista em roupas de cama feitas com <strong>tecidos naturais<\/strong> como o algod\u00e3o ou o linho para aumentar o conforto f\u00edsico durante o calor. Essas pequenas mudan\u00e7as na rotina garantem um <strong>bem-estar real<\/strong> sem que voc\u00ea precise se preocupar constantemente com as bandeiras tarif\u00e1rias de energia.<\/p>\n\n\n\n<h2 class=\"wp-block-heading\">Encontre o equil\u00edbrio ideal para sua casa e seu bolso<\/h2>\n\n\n\n<p>Avalie suas necessidades reais antes de ligar qualquer aparelho el\u00e9trico potente durante o dia. Priorize o uso do vento natural sempre que a temperatura externa permitir um ambiente agrad\u00e1vel. Cuide do seu <strong>conforto pessoal<\/strong> com intelig\u00eancia t\u00e1tica.<\/p>\n\n\n\n<p>Fa\u00e7a testes com diferentes combina\u00e7\u00f5es de uso durante a pr\u00f3xima semana de calor intenso na sua regi\u00e3o. Observe como sua conta reage a essas pequenas mudan\u00e7as de h\u00e1bito consciente e sustent\u00e1vel. Mantenha sua <strong>liberdade financeira<\/strong> com escolhas di\u00e1rias planejadas.<\/p>\n\n\n\n<p><\/p>\n","protected":false},"excerpt":{"rendered":"<p>Voc\u00ea chega em casa naquele calor escaldante e hesita entre apertar o bot\u00e3o do ventilador vs ar-condicionado para refrescar o ambiente sem levar um susto financeiro. A diferen\u00e7a no valor da sua fatura de energia ao final do m\u00eas pode ser muito maior do que voc\u00ea imagina agora. Qual a real diferen\u00e7a de consumo entre [&hellip;]<\/p>\n","protected":false},"author":9,"featured_media":199526,"comment_status":"open","ping_status":"open","sticky":false,"template":"","format":"standard","meta":{"jnews-multi-image_gallery":[],"jnews_single_post":{"format":"standard"},"jnews_primary_category":[],"jnews_social_meta":[],"jnews_override_counter":[],"footnotes":""},"categories":[8819,4204],"tags":[1018,11376,4295],"class_list":["post-199489","post","type-post","status-publish","format-standard","has-post-thumbnail","hentry","category-curiosidades","category-tecnologia","tag-conta-de-luz","tag-dicas-de-verao","tag-economia-domestica"],"yoast_head":"<!-- This site is optimized with the Yoast SEO plugin v23.8 - https:\/\/yoast.com\/wordpress\/plugins\/seo\/ -->\n<title>Ventilador vs ar-condicionado: As dicas pr\u00e1ticas de climatiza\u00e7\u00e3o que garantem o frescor - Estado de Minas - Em foco<\/title>\n<meta name=\"description\" content=\"O duelo entre ventilador vs ar-condicionado mostra qual op\u00e7\u00e3o \u00e9 mais barata para refrescar sua casa e economizar na conta de luz todo m\u00eas\" \/>\n<meta name=\"robots\" content=\"index, follow, max-snippet:-1, max-image-preview:large, max-video-preview:-1\" \/>\n<link rel=\"canonical\" href=\"https:\/\/www.em.com.br\/emfoco\/2026\/04\/26\/ventilador-vs-ar-condicionado-as-dicas-praticas-de-climatizacao-que-garantem-o-frescor\/\" \/>\n<meta property=\"og:locale\" content=\"pt_BR\" \/>\n<meta property=\"og:type\" content=\"article\" \/>\n<meta property=\"og:title\" content=\"Ventilador vs ar-condicionado: As dicas pr\u00e1ticas de climatiza\u00e7\u00e3o que garantem o frescor - Estado de Minas - Em foco\" \/>\n<meta property=\"og:description\" content=\"O duelo entre ventilador vs ar-condicionado mostra qual op\u00e7\u00e3o \u00e9 mais barata para refrescar sua casa e economizar na conta de luz todo m\u00eas\" \/>\n<meta property=\"og:url\" content=\"https:\/\/www.em.com.br\/emfoco\/2026\/04\/26\/ventilador-vs-ar-condicionado-as-dicas-praticas-de-climatizacao-que-garantem-o-frescor\/\" \/>\n<meta property=\"og:site_name\" content=\"Estado de Minas - Em foco\" \/>\n<meta property=\"article:published_time\" content=\"2026-04-26T16:05:00+00:00\" \/>\n<meta property=\"article:modified_time\" content=\"2026-04-25T20:28:48+00:00\" \/>\n<meta property=\"og:image\" content=\"https:\/\/www.em.com.br\/emfoco\/wp-content\/uploads\/2026\/04\/Oeste_45.jpg\" \/>\n\t<meta property=\"og:image:width\" content=\"1280\" \/>\n\t<meta property=\"og:image:height\" content=\"720\" \/>\n\t<meta property=\"og:image:type\" content=\"image\/jpeg\" \/>\n<meta name=\"author\" content=\"Daniely Cardoso\" \/>\n<meta name=\"twitter:card\" content=\"summary_large_image\" \/>\n<meta name=\"twitter:label1\" content=\"Escrito por\" \/>\n\t<meta name=\"twitter:data1\" content=\"Daniely Cardoso\" \/>\n\t<meta name=\"twitter:label2\" content=\"Est. tempo de leitura\" \/>\n\t<meta name=\"twitter:data2\" content=\"6 minutos\" \/>\n<!-- \/ Yoast SEO plugin. -->","yoast_head_json":{"title":"Ventilador vs ar-condicionado: As dicas pr\u00e1ticas de climatiza\u00e7\u00e3o que garantem o frescor - Estado de Minas - Em foco","description":"O duelo entre ventilador vs ar-condicionado mostra qual op\u00e7\u00e3o \u00e9 mais barata para refrescar sua casa e economizar na conta de luz todo m\u00eas","robots":{"index":"index","follow":"follow","max-snippet":"max-snippet:-1","max-image-preview":"max-image-preview:large","max-video-preview":"max-video-preview:-1"},"canonical":"https:\/\/www.em.com.br\/emfoco\/2026\/04\/26\/ventilador-vs-ar-condicionado-as-dicas-praticas-de-climatizacao-que-garantem-o-frescor\/","og_locale":"pt_BR","og_type":"article","og_title":"Ventilador vs ar-condicionado: As dicas pr\u00e1ticas de climatiza\u00e7\u00e3o que garantem o frescor - Estado de Minas - Em foco","og_description":"O duelo entre ventilador vs ar-condicionado mostra qual op\u00e7\u00e3o \u00e9 mais barata para refrescar sua casa e economizar na conta de luz todo m\u00eas","og_url":"https:\/\/www.em.com.br\/emfoco\/2026\/04\/26\/ventilador-vs-ar-condicionado-as-dicas-praticas-de-climatizacao-que-garantem-o-frescor\/","og_site_name":"Estado de Minas - Em foco","article_published_time":"2026-04-26T16:05:00+00:00","article_modified_time":"2026-04-25T20:28:48+00:00","og_image":[{"width":1280,"height":720,"url":"https:\/\/www.em.com.br\/emfoco\/wp-content\/uploads\/2026\/04\/Oeste_45.jpg","type":"image\/jpeg"}],"author":"Daniely Cardoso","twitter_card":"summary_large_image","twitter_misc":{"Escrito por":"Daniely Cardoso","Est. tempo de leitura":"6 minutos"},"schema":{"@context":"https:\/\/schema.org","@graph":[{"@type":"WebPage","@id":"https:\/\/www.em.com.br\/emfoco\/2026\/04\/26\/ventilador-vs-ar-condicionado-as-dicas-praticas-de-climatizacao-que-garantem-o-frescor\/","url":"https:\/\/www.em.com.br\/emfoco\/2026\/04\/26\/ventilador-vs-ar-condicionado-as-dicas-praticas-de-climatizacao-que-garantem-o-frescor\/","name":"Ventilador vs ar-condicionado: As dicas pr\u00e1ticas de climatiza\u00e7\u00e3o que garantem o frescor - Estado de Minas - Em foco","isPartOf":{"@id":"https:\/\/www.em.com.br\/emfoco\/#website"},"primaryImageOfPage":{"@id":"https:\/\/www.em.com.br\/emfoco\/2026\/04\/26\/ventilador-vs-ar-condicionado-as-dicas-praticas-de-climatizacao-que-garantem-o-frescor\/#primaryimage"},"image":{"@id":"https:\/\/www.em.com.br\/emfoco\/2026\/04\/26\/ventilador-vs-ar-condicionado-as-dicas-praticas-de-climatizacao-que-garantem-o-frescor\/#primaryimage"},"thumbnailUrl":"https:\/\/www.em.com.br\/emfoco\/wp-content\/uploads\/2026\/04\/Oeste_45.jpg","datePublished":"2026-04-26T16:05:00+00:00","dateModified":"2026-04-25T20:28:48+00:00","author":{"@id":"https:\/\/www.em.com.br\/emfoco\/#\/schema\/person\/0a8186d72f2c3a5c6276d90b41f271a0"},"description":"O duelo entre ventilador vs ar-condicionado mostra qual op\u00e7\u00e3o \u00e9 mais barata para refrescar sua casa e economizar na conta de luz todo m\u00eas","breadcrumb":{"@id":"https:\/\/www.em.com.br\/emfoco\/2026\/04\/26\/ventilador-vs-ar-condicionado-as-dicas-praticas-de-climatizacao-que-garantem-o-frescor\/#breadcrumb"},"inLanguage":"pt-BR","potentialAction":[{"@type":"ReadAction","target":["https:\/\/www.em.com.br\/emfoco\/2026\/04\/26\/ventilador-vs-ar-condicionado-as-dicas-praticas-de-climatizacao-que-garantem-o-frescor\/"]}]},{"@type":"ImageObject","inLanguage":"pt-BR","@id":"https:\/\/www.em.com.br\/emfoco\/2026\/04\/26\/ventilador-vs-ar-condicionado-as-dicas-praticas-de-climatizacao-que-garantem-o-frescor\/#primaryimage","url":"https:\/\/www.em.com.br\/emfoco\/wp-content\/uploads\/2026\/04\/Oeste_45.jpg","contentUrl":"https:\/\/www.em.com.br\/emfoco\/wp-content\/uploads\/2026\/04\/Oeste_45.jpg","width":1280,"height":720,"caption":"Uso estrat\u00e9gico do ventilador ap\u00f3s resfriamento inicial reduz drasticamente o consumo el\u00e9trico residencial"},{"@type":"BreadcrumbList","@id":"https:\/\/www.em.com.br\/emfoco\/2026\/04\/26\/ventilador-vs-ar-condicionado-as-dicas-praticas-de-climatizacao-que-garantem-o-frescor\/#breadcrumb","itemListElement":[{"@type":"ListItem","position":1,"name":"In\u00edcio","item":"https:\/\/www.em.com.br\/emfoco\/"},{"@type":"ListItem","position":2,"name":"Ventilador vs ar-condicionado: As dicas pr\u00e1ticas de climatiza\u00e7\u00e3o que garantem o frescor"}]},{"@type":"WebSite","@id":"https:\/\/www.em.com.br\/emfoco\/#website","url":"https:\/\/www.em.com.br\/emfoco\/","name":"Estado de Minas - Em foco","description":"Acompanhe as \u00faltimas not\u00edcias e fique bem informado sobre tudo o que acontece em Minas Gerais, Brasil e no mundo.","potentialAction":[{"@type":"SearchAction","target":{"@type":"EntryPoint","urlTemplate":"https:\/\/www.em.com.br\/emfoco\/?s={search_term_string}"},"query-input":{"@type":"PropertyValueSpecification","valueRequired":true,"valueName":"search_term_string"}}],"inLanguage":"pt-BR"},{"@type":"Person","@id":"https:\/\/www.em.com.br\/emfoco\/#\/schema\/person\/0a8186d72f2c3a5c6276d90b41f271a0","name":"Daniely Cardoso","image":{"@type":"ImageObject","inLanguage":"pt-BR","@id":"https:\/\/www.em.com.br\/emfoco\/#\/schema\/person\/image\/","url":"https:\/\/secure.gravatar.com\/avatar\/4b80ddbd124d1f071b626d52d62e5dff?s=96&d=mm&r=g","contentUrl":"https:\/\/secure.gravatar.com\/avatar\/4b80ddbd124d1f071b626d52d62e5dff?s=96&d=mm&r=g","caption":"Daniely Cardoso"},"url":"https:\/\/www.em.com.br\/emfoco\/author\/danielymyth\/"}]}},"_links":{"self":[{"href":"https:\/\/www.em.com.br\/emfoco\/wp-json\/wp\/v2\/posts\/199489","targetHints":{"allow":["GET"]}}],"collection":[{"href":"https:\/\/www.em.com.br\/emfoco\/wp-json\/wp\/v2\/posts"}],"about":[{"href":"https:\/\/www.em.com.br\/emfoco\/wp-json\/wp\/v2\/types\/post"}],"author":[{"embeddable":true,"href":"https:\/\/www.em.com.br\/emfoco\/wp-json\/wp\/v2\/users\/9"}],"replies":[{"embeddable":true,"href":"https:\/\/www.em.com.br\/emfoco\/wp-json\/wp\/v2\/comments?post=199489"}],"version-history":[{"count":1,"href":"https:\/\/www.em.com.br\/emfoco\/wp-json\/wp\/v2\/posts\/199489\/revisions"}],"predecessor-version":[{"id":199494,"href":"https:\/\/www.em.com.br\/emfoco\/wp-json\/wp\/v2\/posts\/199489\/revisions\/199494"}],"wp:featuredmedia":[{"embeddable":true,"href":"https:\/\/www.em.com.br\/emfoco\/wp-json\/wp\/v2\/media\/199526"}],"wp:attachment":[{"href":"https:\/\/www.em.com.br\/emfoco\/wp-json\/wp\/v2\/media?parent=199489"}],"wp:term":[{"taxonomy":"category","embeddable":true,"href":"https:\/\/www.em.com.br\/emfoco\/wp-json\/wp\/v2\/categories?post=199489"},{"taxonomy":"post_tag","embeddable":true,"href":"https:\/\/www.em.com.br\/emfoco\/wp-json\/wp\/v2\/tags?post=199489"}],"curies":[{"name":"wp","href":"https:\/\/api.w.org\/{rel}","templated":true}]}}