{"id":199481,"date":"2026-04-26T12:55:00","date_gmt":"2026-04-26T15:55:00","guid":{"rendered":"https:\/\/www.em.com.br\/emfoco\/?p=199481"},"modified":"2026-04-25T17:28:40","modified_gmt":"2026-04-25T20:28:40","slug":"os-3-modelos-de-bolsa-ideal-para-o-trabalho-que-unem-elegancia-e-funcionalidade","status":"publish","type":"post","link":"https:\/\/www.em.com.br\/emfoco\/2026\/04\/26\/os-3-modelos-de-bolsa-ideal-para-o-trabalho-que-unem-elegancia-e-funcionalidade\/","title":{"rendered":"Os 3 modelos de bolsa ideal para o trabalho que unem eleg\u00e2ncia e funcionalidade"},"content":{"rendered":"\n<p>Voc\u00ea organiza sua agenda matinal e percebe que a <strong>bolsa ideal para o trabalho<\/strong> precisa carregar seu notebook, documentos e itens pessoais sem perder o estilo sofisticado. Como escolher um acess\u00f3rio que suporte a rotina agitada do escrit\u00f3rio e ainda garanta um visual de lideran\u00e7a impec\u00e1vel?<\/p>\n\n\n\n<h2 class=\"wp-block-heading\">Por que investir na bolsa ideal para o trabalho faz diferen\u00e7a na sua imagem?<\/h2>\n\n\n\n<p>O acess\u00f3rio que voc\u00ea carrega comunica muito sobre seu profissionalismo e n\u00edvel de organiza\u00e7\u00e3o antes mesmo de voc\u00ea iniciar qualquer apresenta\u00e7\u00e3o importante. Uma <strong>bolsa ideal para o trabalho<\/strong> deve possuir divis\u00f3rias estrat\u00e9gicas que facilitem o acesso r\u00e1pido ao celular e \u00e0s chaves durante os deslocamentos urbanos. Escolher materiais de <strong>alta durabilidade<\/strong> garante que a pe\u00e7a mantenha o aspecto de nova mesmo ap\u00f3s meses de uso intenso no cotidiano corporativo.<\/p>\n\n\n\n<p>Al\u00e9m da est\u00e9tica, o conforto ergon\u00f4mico \u00e9 um fator decisivo para evitar dores nos ombros ap\u00f3s um longo dia de reuni\u00f5es externas. Modelos com al\u00e7as refor\u00e7adas e estruturadas distribuem melhor o peso dos eletr\u00f4nicos e garantem uma <strong>postura elegante<\/strong> em todos os momentos. Ter o item certo proporciona a <strong>seguran\u00e7a necess\u00e1ria<\/strong> para transitar entre compromissos profissionais e jantares casuais com total praticidade e charme feminino.<\/p>\n\n\n<div class=\"wp-block-image\">\n<figure class=\"aligncenter size-large\"><img loading=\"lazy\" decoding=\"async\" width=\"1024\" height=\"576\" src=\"https:\/\/www.em.com.br\/emfoco\/wp-content\/uploads\/2026\/04\/bolsa-ideal-para-o-trabalho-1024x576.jpg\" alt=\"bolsa ideal para o trabalho\" class=\"wp-image-199484\" srcset=\"https:\/\/www.em.com.br\/emfoco\/wp-content\/uploads\/2026\/04\/bolsa-ideal-para-o-trabalho-1024x576.jpg 1024w, https:\/\/www.em.com.br\/emfoco\/wp-content\/uploads\/2026\/04\/bolsa-ideal-para-o-trabalho-300x169.jpg 300w, https:\/\/www.em.com.br\/emfoco\/wp-content\/uploads\/2026\/04\/bolsa-ideal-para-o-trabalho-768x432.jpg 768w, https:\/\/www.em.com.br\/emfoco\/wp-content\/uploads\/2026\/04\/bolsa-ideal-para-o-trabalho-750x422.jpg 750w, https:\/\/www.em.com.br\/emfoco\/wp-content\/uploads\/2026\/04\/bolsa-ideal-para-o-trabalho-1140x641.jpg 1140w, https:\/\/www.em.com.br\/emfoco\/wp-content\/uploads\/2026\/04\/bolsa-ideal-para-o-trabalho.jpg 1280w\" sizes=\"auto, (max-width: 1024px) 100vw, 1024px\" \/><figcaption class=\"wp-element-caption\">Al\u00e9m da est\u00e9tica, o conforto ergon\u00f4mico \u00e9 um fator decisivo para evitar dores nos ombros ap\u00f3s um longo dia de reuni\u00f5es externas<\/figcaption><\/figure><\/div>\n\n\n<p>Leia tamb\u00e9m: <a href=\"https:\/\/www.em.com.br\/emfoco\/2026\/03\/03\/depois-dos-70-este-corte-curto-virou-tendencia-uma-aposta-que-traz-leveza-e-moderniza-em-minutos\/\" target=\"_blank\" rel=\"noreferrer noopener\">Depois dos 70, este corte curto virou tend\u00eancia: uma aposta que traz leveza e moderniza em minutos<\/a><\/p>\n\n\n\n<h2 class=\"wp-block-heading\">Quais s\u00e3o os modelos mais indicados para unir sofistica\u00e7\u00e3o e espa\u00e7o?<\/h2>\n\n\n\n<p>Existem designs cl\u00e1ssicos que nunca saem de moda e atendem perfeitamente \u00e0s exig\u00eancias de quem precisa de espa\u00e7o interno generoso e organizado. A busca pela <strong>bolsa ideal para o trabalho<\/strong> termina quando voc\u00ea encontra o equil\u00edbrio entre o tamanho externo e a intelig\u00eancia das reparti\u00e7\u00f5es internas da pe\u00e7a. Optar por <strong>cores neutras<\/strong> como bege, preto ou marrom facilita a combina\u00e7\u00e3o com qualquer look de alfaiataria do seu guarda-roupa.<\/p>\n\n\n\n<p>Para ajudar na sua pr\u00f3xima compra, selecionamos tr\u00eas varia\u00e7\u00f5es que s\u00e3o as favoritas das executivas de sucesso por sua versatilidade absoluta e acabamento premium. A lista a seguir detalha as caracter\u00edsticas fundamentais de cada modelo para que voc\u00ea fa\u00e7a uma <strong>escolha acertada<\/strong> e muito estilosa:<\/p>\n\n\n\n<ul class=\"wp-block-list\">\n<li>Bolsa Tote Estruturada para carregar o laptop com <strong>m\u00e1xima prote\u00e7\u00e3o<\/strong> e organiza\u00e7\u00e3o visual.<\/li>\n\n\n\n<li>Bolsa Satchel com al\u00e7as de m\u00e3o e ombro para um <strong>visual cl\u00e1ssico<\/strong> e muito refinado.<\/li>\n\n\n\n<li>Bolsa Hobo de couro nobre para quem busca <strong>maleabilidade e estilo<\/strong> moderno no escrit\u00f3rio.<\/li>\n<\/ul>\n\n\n\n<figure class=\"wp-block-embed is-type-rich is-provider-pinterest wp-block-embed-pinterest\"><div class=\"wp-block-embed__wrapper\">\n<iframe loading=\"lazy\" title=\"Cutest finds to wear to work from the Nordstrom Anniversary Sale!\" src=\"https:\/\/assets.pinterest.com\/ext\/embed.html?id=130815564163334120&#038;src=oembed\" height=\"730\" width=\"450\" frameborder=\"0\" scrolling=\"no\" ><\/iframe>\n<\/div><\/figure>\n\n\n\n<p>A Tote \u00e9 perfeita para quem n\u00e3o abre m\u00e3o de levar o &#8220;mundo&#8221; dentro da bolsa com muita classe e linhas retas minimalistas. J\u00e1 a Satchel traz aquele ar de autoridade necess\u00e1rio para cargos de gest\u00e3o que exigem uma <strong>apar\u00eancia polida<\/strong> e tradicional. A Hobo surge como a <strong>alternativa contempor\u00e2nea<\/strong> para ambientes de trabalho criativos que permitem um toque extra de descontra\u00e7\u00e3o e volume.<\/p>\n\n\n\n<h2 class=\"wp-block-heading\">Como manter sua bolsa de couro sempre bonita e conservada?<\/h2>\n\n\n\n<p>A durabilidade do seu investimento depende diretamente dos pequenos cuidados realizados semanalmente para evitar o desgaste natural do material. Limpar a superf\u00edcie com um pano levemente umedecido remove a polui\u00e7\u00e3o e mant\u00e9m o <strong>brilho original<\/strong> do acess\u00f3rio por muito mais tempo na sua vida. Guardar a pe\u00e7a em sacos de tecido arejados evita o surgimento de mofo e preserva a <strong>integridade do couro<\/strong> leg\u00edtimo ou sint\u00e9tico de qualidade.<\/p>\n\n\n\n<p>Evite sobrecarregar o acess\u00f3rio al\u00e9m da sua capacidade f\u00edsica para n\u00e3o deformar as al\u00e7as ou comprometer as costuras laterais delicadas. Alternar o uso entre diferentes modelos ajuda a manter a <strong>forma da bolsa<\/strong> e permite que o material descanse da exposi\u00e7\u00e3o solar. Esses h\u00e1bitos de <strong>zelo constante<\/strong> garantem que sua imagem profissional esteja sempre associada ao capricho e ao bom gosto est\u00e9tico.<\/p>\n\n\n\n<p>Para voc\u00ea que gosta de se cuidar, separamos um v\u00eddeo do canal <a href=\"https:\/\/www.youtube.com\/@ModaEleganteFashion\" target=\"_blank\" rel=\"noreferrer noopener\">Moda Elegante<\/a> com dicas de bolsas para 2026:<\/p>\n\n\n\n<figure class=\"wp-block-embed is-type-video is-provider-youtube wp-block-embed-youtube wp-embed-aspect-16-9 wp-has-aspect-ratio\"><div class=\"wp-block-embed__wrapper\">\n<div class=\"jeg_video_container jeg_video_content\"><iframe loading=\"lazy\" title=\"TEND\u00caNCIAS DE BOLSAS FEMININAS PARA 2026\" width=\"500\" height=\"281\" src=\"https:\/\/www.youtube.com\/embed\/wVrKXzaBHd8?feature=oembed\" frameborder=\"0\" allow=\"accelerometer; autoplay; clipboard-write; encrypted-media; gyroscope; picture-in-picture; web-share\" referrerpolicy=\"strict-origin-when-cross-origin\" allowfullscreen><\/iframe><\/div>\n<\/div><\/figure>\n\n\n\n<h2 class=\"wp-block-heading\">Qual a cor mais vers\u00e1til para a bolsa ideal para o trabalho?<\/h2>\n\n\n\n<p>Embora o preto seja a escolha \u00f3bvia e segura, tons de caramelo e azul marinho trazem um diferencial sofisticado para o look de inverno. Uma <strong>bolsa ideal para o trabalho<\/strong> em tons terrosos combina perfeitamente com cal\u00e7as bege e camisas brancas, criando uma <strong>harmonia visual<\/strong> muito atraente. Essas cores ajudam a iluminar a produ\u00e7\u00e3o sem quebrar a formalidade exigida pelo ambiente de neg\u00f3cios s\u00e9rio e competitivo.<\/p>\n\n\n\n<p>Considere tamb\u00e9m o uso de texturas discretas, como o croco ou o matelass\u00ea, para adicionar <strong>profundidade est\u00e9tica<\/strong> ao seu acess\u00f3rio principal de uso di\u00e1rio. O segredo est\u00e1 em escolher detalhes em metal que n\u00e3o oxidem e mantenham o <strong>acabamento luxuoso<\/strong> durante todo o ano de uso. Invista em qualidade para garantir que seu acess\u00f3rio seja um verdadeiro <strong>reflexo do sucesso<\/strong> que voc\u00ea busca alcan\u00e7ar na carreira.<\/p>\n\n\n\n<figure class=\"wp-block-embed is-type-rich is-provider-pinterest wp-block-embed-pinterest\"><div class=\"wp-block-embed__wrapper\">\n<iframe loading=\"lazy\" title=\"The CHARLES &amp; KEITH Ivette Woven Tote Bag is the ultimate blend of style and function. Featuring a chic intrecciato weave, this oversized slouchy tote adds effortless texture and sophistication to any look. Whether you&#039;re heading to brunch, work, or a weekend getaway, its spacious design ensures you can carry all your essentials with ease. More than just a summer bag, its versatile, polished aesthetic makes it a year-round staple. Elevate your wardrobe with this fashion-forward yet timeless woven tote.  As seen on Tori India (@tori_india)\" src=\"https:\/\/assets.pinterest.com\/ext\/embed.html?id=19844054604977536&#038;src=oembed\" height=\"899\" width=\"450\" frameborder=\"0\" scrolling=\"no\" ><\/iframe>\n<\/div><\/figure>\n\n\n\n<h2 class=\"wp-block-heading\">Escolha o acess\u00f3rio que impulsiona sua autoconfian\u00e7a profissional<\/h2>\n\n\n\n<p>Sinta-se poderosa ao carregar uma pe\u00e7a que reflete sua personalidade e atende todas as suas necessidades log\u00edsticas di\u00e1rias. A moda corporativa deve ser sua aliada na busca por <strong>novas conquistas<\/strong> e reconhecimento no mercado de trabalho atual. Valorize sua <strong>trajet\u00f3ria de sucesso<\/strong> com escolhas inteligentes.<\/p>\n\n\n\n<p>Aproveite a versatilidade dos modelos cl\u00e1ssicos para criar composi\u00e7\u00f5es que destaquem sua compet\u00eancia e eleg\u00e2ncia natural em qualquer ambiente. Mantenha seus pertences organizados para focar no que realmente importa: seu <strong>desempenho excepcional<\/strong> e brilhante. Brilhe com <strong>postura e sofistica\u00e7\u00e3o<\/strong> em cada novo desafio profissional que surgir.<\/p>\n","protected":false},"excerpt":{"rendered":"<p>Voc\u00ea organiza sua agenda matinal e percebe que a bolsa ideal para o trabalho precisa carregar seu notebook, documentos e itens pessoais sem perder o estilo sofisticado. Como escolher um acess\u00f3rio que suporte a rotina agitada do escrit\u00f3rio e ainda garanta um visual de lideran\u00e7a impec\u00e1vel? Por que investir na bolsa ideal para o trabalho [&hellip;]<\/p>\n","protected":false},"author":9,"featured_media":199527,"comment_status":"open","ping_status":"open","sticky":false,"template":"","format":"standard","meta":{"jnews-multi-image_gallery":[],"jnews_single_post":{"format":"standard"},"jnews_primary_category":[],"jnews_social_meta":[],"jnews_override_counter":[],"footnotes":""},"categories":[8691,29],"tags":[8416,15746,28766],"class_list":["post-199481","post","type-post","status-publish","format-standard","has-post-thumbnail","hentry","category-bem-estar","category-entretenimento","tag-acessorios-femininos","tag-looks-de-trabalho","tag-moda-executiva"],"yoast_head":"<!-- This site is optimized with the Yoast SEO plugin v23.8 - https:\/\/yoast.com\/wordpress\/plugins\/seo\/ -->\n<title>Os 3 modelos de bolsa ideal para o trabalho que unem eleg\u00e2ncia e funcionalidade - Estado de Minas - Em foco<\/title>\n<meta name=\"description\" content=\"Encontre a bolsa ideal para o trabalho entre modelos elegantes e funcionais que garantem sofistica\u00e7\u00e3o e organiza\u00e7\u00e3o m\u00e1xima para sua rotina\" \/>\n<meta name=\"robots\" content=\"index, follow, max-snippet:-1, max-image-preview:large, max-video-preview:-1\" \/>\n<link rel=\"canonical\" href=\"https:\/\/www.em.com.br\/emfoco\/2026\/04\/26\/os-3-modelos-de-bolsa-ideal-para-o-trabalho-que-unem-elegancia-e-funcionalidade\/\" \/>\n<meta property=\"og:locale\" content=\"pt_BR\" \/>\n<meta property=\"og:type\" content=\"article\" \/>\n<meta property=\"og:title\" content=\"Os 3 modelos de bolsa ideal para o trabalho que unem eleg\u00e2ncia e funcionalidade - Estado de Minas - Em foco\" \/>\n<meta property=\"og:description\" content=\"Encontre a bolsa ideal para o trabalho entre modelos elegantes e funcionais que garantem sofistica\u00e7\u00e3o e organiza\u00e7\u00e3o m\u00e1xima para sua rotina\" \/>\n<meta property=\"og:url\" content=\"https:\/\/www.em.com.br\/emfoco\/2026\/04\/26\/os-3-modelos-de-bolsa-ideal-para-o-trabalho-que-unem-elegancia-e-funcionalidade\/\" \/>\n<meta property=\"og:site_name\" content=\"Estado de Minas - Em foco\" \/>\n<meta property=\"article:published_time\" content=\"2026-04-26T15:55:00+00:00\" \/>\n<meta property=\"article:modified_time\" content=\"2026-04-25T20:28:40+00:00\" \/>\n<meta property=\"og:image\" content=\"https:\/\/www.em.com.br\/emfoco\/wp-content\/uploads\/2026\/04\/Oeste_44.jpg\" \/>\n\t<meta property=\"og:image:width\" content=\"1280\" \/>\n\t<meta property=\"og:image:height\" content=\"720\" \/>\n\t<meta property=\"og:image:type\" content=\"image\/jpeg\" \/>\n<meta name=\"author\" content=\"Daniely Cardoso\" \/>\n<meta name=\"twitter:card\" content=\"summary_large_image\" \/>\n<meta name=\"twitter:label1\" content=\"Escrito por\" \/>\n\t<meta name=\"twitter:data1\" content=\"Daniely Cardoso\" \/>\n\t<meta name=\"twitter:label2\" content=\"Est. tempo de leitura\" \/>\n\t<meta name=\"twitter:data2\" content=\"6 minutos\" \/>\n<!-- \/ Yoast SEO plugin. -->","yoast_head_json":{"title":"Os 3 modelos de bolsa ideal para o trabalho que unem eleg\u00e2ncia e funcionalidade - Estado de Minas - Em foco","description":"Encontre a bolsa ideal para o trabalho entre modelos elegantes e funcionais que garantem sofistica\u00e7\u00e3o e organiza\u00e7\u00e3o m\u00e1xima para sua rotina","robots":{"index":"index","follow":"follow","max-snippet":"max-snippet:-1","max-image-preview":"max-image-preview:large","max-video-preview":"max-video-preview:-1"},"canonical":"https:\/\/www.em.com.br\/emfoco\/2026\/04\/26\/os-3-modelos-de-bolsa-ideal-para-o-trabalho-que-unem-elegancia-e-funcionalidade\/","og_locale":"pt_BR","og_type":"article","og_title":"Os 3 modelos de bolsa ideal para o trabalho que unem eleg\u00e2ncia e funcionalidade - Estado de Minas - Em foco","og_description":"Encontre a bolsa ideal para o trabalho entre modelos elegantes e funcionais que garantem sofistica\u00e7\u00e3o e organiza\u00e7\u00e3o m\u00e1xima para sua rotina","og_url":"https:\/\/www.em.com.br\/emfoco\/2026\/04\/26\/os-3-modelos-de-bolsa-ideal-para-o-trabalho-que-unem-elegancia-e-funcionalidade\/","og_site_name":"Estado de Minas - Em foco","article_published_time":"2026-04-26T15:55:00+00:00","article_modified_time":"2026-04-25T20:28:40+00:00","og_image":[{"width":1280,"height":720,"url":"https:\/\/www.em.com.br\/emfoco\/wp-content\/uploads\/2026\/04\/Oeste_44.jpg","type":"image\/jpeg"}],"author":"Daniely Cardoso","twitter_card":"summary_large_image","twitter_misc":{"Escrito por":"Daniely Cardoso","Est. tempo de leitura":"6 minutos"},"schema":{"@context":"https:\/\/schema.org","@graph":[{"@type":"WebPage","@id":"https:\/\/www.em.com.br\/emfoco\/2026\/04\/26\/os-3-modelos-de-bolsa-ideal-para-o-trabalho-que-unem-elegancia-e-funcionalidade\/","url":"https:\/\/www.em.com.br\/emfoco\/2026\/04\/26\/os-3-modelos-de-bolsa-ideal-para-o-trabalho-que-unem-elegancia-e-funcionalidade\/","name":"Os 3 modelos de bolsa ideal para o trabalho que unem eleg\u00e2ncia e funcionalidade - Estado de Minas - Em foco","isPartOf":{"@id":"https:\/\/www.em.com.br\/emfoco\/#website"},"primaryImageOfPage":{"@id":"https:\/\/www.em.com.br\/emfoco\/2026\/04\/26\/os-3-modelos-de-bolsa-ideal-para-o-trabalho-que-unem-elegancia-e-funcionalidade\/#primaryimage"},"image":{"@id":"https:\/\/www.em.com.br\/emfoco\/2026\/04\/26\/os-3-modelos-de-bolsa-ideal-para-o-trabalho-que-unem-elegancia-e-funcionalidade\/#primaryimage"},"thumbnailUrl":"https:\/\/www.em.com.br\/emfoco\/wp-content\/uploads\/2026\/04\/Oeste_44.jpg","datePublished":"2026-04-26T15:55:00+00:00","dateModified":"2026-04-25T20:28:40+00:00","author":{"@id":"https:\/\/www.em.com.br\/emfoco\/#\/schema\/person\/0a8186d72f2c3a5c6276d90b41f271a0"},"description":"Encontre a bolsa ideal para o trabalho entre modelos elegantes e funcionais que garantem sofistica\u00e7\u00e3o e organiza\u00e7\u00e3o m\u00e1xima para sua rotina","breadcrumb":{"@id":"https:\/\/www.em.com.br\/emfoco\/2026\/04\/26\/os-3-modelos-de-bolsa-ideal-para-o-trabalho-que-unem-elegancia-e-funcionalidade\/#breadcrumb"},"inLanguage":"pt-BR","potentialAction":[{"@type":"ReadAction","target":["https:\/\/www.em.com.br\/emfoco\/2026\/04\/26\/os-3-modelos-de-bolsa-ideal-para-o-trabalho-que-unem-elegancia-e-funcionalidade\/"]}]},{"@type":"ImageObject","inLanguage":"pt-BR","@id":"https:\/\/www.em.com.br\/emfoco\/2026\/04\/26\/os-3-modelos-de-bolsa-ideal-para-o-trabalho-que-unem-elegancia-e-funcionalidade\/#primaryimage","url":"https:\/\/www.em.com.br\/emfoco\/wp-content\/uploads\/2026\/04\/Oeste_44.jpg","contentUrl":"https:\/\/www.em.com.br\/emfoco\/wp-content\/uploads\/2026\/04\/Oeste_44.jpg","width":1280,"height":720,"caption":"Bolsas estruturadas com divis\u00f3rias inteligentes unem organiza\u00e7\u00e3o log\u00edstica e imagem profissional de lideran\u00e7a"},{"@type":"BreadcrumbList","@id":"https:\/\/www.em.com.br\/emfoco\/2026\/04\/26\/os-3-modelos-de-bolsa-ideal-para-o-trabalho-que-unem-elegancia-e-funcionalidade\/#breadcrumb","itemListElement":[{"@type":"ListItem","position":1,"name":"In\u00edcio","item":"https:\/\/www.em.com.br\/emfoco\/"},{"@type":"ListItem","position":2,"name":"Os 3 modelos de bolsa ideal para o trabalho que unem eleg\u00e2ncia e funcionalidade"}]},{"@type":"WebSite","@id":"https:\/\/www.em.com.br\/emfoco\/#website","url":"https:\/\/www.em.com.br\/emfoco\/","name":"Estado de Minas - Em foco","description":"Acompanhe as \u00faltimas not\u00edcias e fique bem informado sobre tudo o que acontece em Minas Gerais, Brasil e no mundo.","potentialAction":[{"@type":"SearchAction","target":{"@type":"EntryPoint","urlTemplate":"https:\/\/www.em.com.br\/emfoco\/?s={search_term_string}"},"query-input":{"@type":"PropertyValueSpecification","valueRequired":true,"valueName":"search_term_string"}}],"inLanguage":"pt-BR"},{"@type":"Person","@id":"https:\/\/www.em.com.br\/emfoco\/#\/schema\/person\/0a8186d72f2c3a5c6276d90b41f271a0","name":"Daniely Cardoso","image":{"@type":"ImageObject","inLanguage":"pt-BR","@id":"https:\/\/www.em.com.br\/emfoco\/#\/schema\/person\/image\/","url":"https:\/\/secure.gravatar.com\/avatar\/4b80ddbd124d1f071b626d52d62e5dff?s=96&d=mm&r=g","contentUrl":"https:\/\/secure.gravatar.com\/avatar\/4b80ddbd124d1f071b626d52d62e5dff?s=96&d=mm&r=g","caption":"Daniely Cardoso"},"url":"https:\/\/www.em.com.br\/emfoco\/author\/danielymyth\/"}]}},"_links":{"self":[{"href":"https:\/\/www.em.com.br\/emfoco\/wp-json\/wp\/v2\/posts\/199481","targetHints":{"allow":["GET"]}}],"collection":[{"href":"https:\/\/www.em.com.br\/emfoco\/wp-json\/wp\/v2\/posts"}],"about":[{"href":"https:\/\/www.em.com.br\/emfoco\/wp-json\/wp\/v2\/types\/post"}],"author":[{"embeddable":true,"href":"https:\/\/www.em.com.br\/emfoco\/wp-json\/wp\/v2\/users\/9"}],"replies":[{"embeddable":true,"href":"https:\/\/www.em.com.br\/emfoco\/wp-json\/wp\/v2\/comments?post=199481"}],"version-history":[{"count":1,"href":"https:\/\/www.em.com.br\/emfoco\/wp-json\/wp\/v2\/posts\/199481\/revisions"}],"predecessor-version":[{"id":199486,"href":"https:\/\/www.em.com.br\/emfoco\/wp-json\/wp\/v2\/posts\/199481\/revisions\/199486"}],"wp:featuredmedia":[{"embeddable":true,"href":"https:\/\/www.em.com.br\/emfoco\/wp-json\/wp\/v2\/media\/199527"}],"wp:attachment":[{"href":"https:\/\/www.em.com.br\/emfoco\/wp-json\/wp\/v2\/media?parent=199481"}],"wp:term":[{"taxonomy":"category","embeddable":true,"href":"https:\/\/www.em.com.br\/emfoco\/wp-json\/wp\/v2\/categories?post=199481"},{"taxonomy":"post_tag","embeddable":true,"href":"https:\/\/www.em.com.br\/emfoco\/wp-json\/wp\/v2\/tags?post=199481"}],"curies":[{"name":"wp","href":"https:\/\/api.w.org\/{rel}","templated":true}]}}