{"id":199478,"date":"2026-04-27T16:35:00","date_gmt":"2026-04-27T19:35:00","guid":{"rendered":"https:\/\/www.em.com.br\/emfoco\/?p=199478"},"modified":"2026-04-26T06:55:59","modified_gmt":"2026-04-26T09:55:59","slug":"os-3-cortes-de-cabelo-para-mulheres-de-60-que-aumentam-o-volume-e-deixam-o-rosto-mais-elegante","status":"publish","type":"post","link":"https:\/\/www.em.com.br\/emfoco\/2026\/04\/27\/os-3-cortes-de-cabelo-para-mulheres-de-60-que-aumentam-o-volume-e-deixam-o-rosto-mais-elegante\/","title":{"rendered":"Os 3 cortes de cabelo para mulheres de 60+ que aumentam o volume e deixam o rosto mais elegante"},"content":{"rendered":"\n<p>Ap\u00f3s os 60 anos, o fio perde densidade e tende a afinar devido \u00e0s mudan\u00e7as hormonais t\u00edpicas da menopausa. A boa not\u00edcia \u00e9 que os <strong>cortes de cabelo<\/strong> certos criam ilus\u00e3o de volume e emolduram o rosto com sofistica\u00e7\u00e3o imediata.<\/p>\n\n\n\n<h2 class=\"wp-block-heading\">Como o Bob Estruturado em Camadas favorece fios finos?<\/h2>\n\n\n\n<p>O <strong>bob <\/strong>segue como o estilo mais pedido nos sal\u00f5es brasileiros em <strong>2026<\/strong> por sua base t\u00e9cnica equilibrada. A estrutura reta ou levemente arredondada cria uma moldura que compensa a perda de preenchimento natural da face madura.<\/p>\n\n\n\n<p>As camadas internas distribuem o peso do fio, evitando que o <a href=\"https:\/\/www.em.com.br\/emfoco\/2026\/04\/25\/os-cabeleireiros-e-especialistas-concordam-e-necessario-aplicar-condicionador-antes-do-shampoo-para-espacar-as-lavagens-do-cabelo\/\" target=\"_blank\" rel=\"noreferrer noopener\">cabelo fique achatado<\/a> contra o couro cabeludo. Para quem possui fios muito ralos, as pontas desconectadas garantem uma percep\u00e7\u00e3o visual de maior espessura e movimento constante durante o dia.<\/p>\n\n\n<div class=\"wp-block-image\">\n<figure class=\"aligncenter size-large\"><img loading=\"lazy\" decoding=\"async\" width=\"1024\" height=\"576\" src=\"https:\/\/www.em.com.br\/emfoco\/wp-content\/uploads\/2026\/04\/corte-cabelo-1-1024x576.jpg\" alt=\"A solu\u00e7\u00e3o para cabelos maduros: estes modelos de corte valorizam as fei\u00e7\u00f5es e garantem efeito preenchedor\" class=\"wp-image-199503\" srcset=\"https:\/\/www.em.com.br\/emfoco\/wp-content\/uploads\/2026\/04\/corte-cabelo-1-1024x576.jpg 1024w, https:\/\/www.em.com.br\/emfoco\/wp-content\/uploads\/2026\/04\/corte-cabelo-1-300x169.jpg 300w, https:\/\/www.em.com.br\/emfoco\/wp-content\/uploads\/2026\/04\/corte-cabelo-1-768x432.jpg 768w, https:\/\/www.em.com.br\/emfoco\/wp-content\/uploads\/2026\/04\/corte-cabelo-1-750x422.jpg 750w, https:\/\/www.em.com.br\/emfoco\/wp-content\/uploads\/2026\/04\/corte-cabelo-1-1140x641.jpg 1140w, https:\/\/www.em.com.br\/emfoco\/wp-content\/uploads\/2026\/04\/corte-cabelo-1.jpg 1280w\" sizes=\"auto, (max-width: 1024px) 100vw, 1024px\" \/><figcaption class=\"wp-element-caption\">A solu\u00e7\u00e3o para cabelos maduros: estes modelos de corte valorizam as fei\u00e7\u00f5es e garantem efeito preenchedor<\/figcaption><\/figure><\/div>\n\n\n<h2 class=\"wp-block-heading\">Por que o Pixie Volumoso \u00e9 a escolha ideal para praticidade?<\/h2>\n\n\n\n<p>O <strong>Pixie moderno<\/strong> para mulheres maduras preserva o topo texturizado, criando uma angula\u00e7\u00e3o que favorece rostos ovais e redondos. Diferente das vers\u00f5es antigas, o modelo atual mant\u00e9m as laterais curtas para destacar as ma\u00e7\u00e3s do rosto e o olhar feminino.<\/p>\n\n\n\n<p>Este estilo \u00e9 favor\u00e1vel para quem exibe fios grisalhos, pois a textura natural desses cabelos ganha destaque sem esfor\u00e7o. \u00c9 a op\u00e7\u00e3o com menor tempo de secagem, ideal para manter um visual bem cuidado em poucos minutos di\u00e1rios de rotina.<\/p>\n\n\n<div class=\"wp-block-image\">\n<figure class=\"aligncenter size-large\"><img loading=\"lazy\" decoding=\"async\" width=\"1024\" height=\"576\" src=\"https:\/\/www.em.com.br\/emfoco\/wp-content\/uploads\/2026\/04\/cabelo-corte-3-1024x576.jpg\" alt=\"como estas t\u00e9cnicas de corte eliminam o peso e rejuvenescem a face\" class=\"wp-image-199505\" srcset=\"https:\/\/www.em.com.br\/emfoco\/wp-content\/uploads\/2026\/04\/cabelo-corte-3-1024x576.jpg 1024w, https:\/\/www.em.com.br\/emfoco\/wp-content\/uploads\/2026\/04\/cabelo-corte-3-300x169.jpg 300w, https:\/\/www.em.com.br\/emfoco\/wp-content\/uploads\/2026\/04\/cabelo-corte-3-768x432.jpg 768w, https:\/\/www.em.com.br\/emfoco\/wp-content\/uploads\/2026\/04\/cabelo-corte-3-750x422.jpg 750w, https:\/\/www.em.com.br\/emfoco\/wp-content\/uploads\/2026\/04\/cabelo-corte-3-1140x641.jpg 1140w, https:\/\/www.em.com.br\/emfoco\/wp-content\/uploads\/2026\/04\/cabelo-corte-3.jpg 1280w\" sizes=\"auto, (max-width: 1024px) 100vw, 1024px\" \/><figcaption class=\"wp-element-caption\">Como estas t\u00e9cnicas de corte eliminam o peso e rejuvenescem a face<\/figcaption><\/figure><\/div>\n\n\n<h2 class=\"wp-block-heading\">O que torna o Bixie a tend\u00eancia mais vers\u00e1til de 2026?<\/h2>\n\n\n\n<p>O <strong>Bixie<\/strong> \u00e9 a fus\u00e3o entre o bob e o pixie, sendo a escolha ideal para quem deseja diminuir o comprimento sem radicalizar. Ele mant\u00e9m o comprimento entre a mand\u00edbula e o pesco\u00e7o, oferecendo profundidade e suavidade nas linhas de express\u00e3o.<\/p>\n\n\n\n<p>Abaixo, listamos as principais vantagens dessa tend\u00eancia h\u00edbrida:<\/p>\n\n\n\n<ul class=\"wp-block-list\">\n<li><strong>Versatilidade total<\/strong> para fios lisos, ondulados ou crespos.<\/li>\n\n\n\n<li><strong>Suaviza\u00e7\u00e3o<\/strong> de marcas do tempo atrav\u00e9s das camadas frontais longas.<\/li>\n\n\n\n<li><strong>Movimento<\/strong> constante que impede o visual de parecer est\u00e1tico ou pesado.<\/li>\n\n\n\n<li><strong>Adapta\u00e7\u00e3o<\/strong> f\u00e1cil a praticamente todos os biotipos faciais e estilos pessoais.<\/li>\n<\/ul>\n\n\n\n<p>Quem busca inspira\u00e7\u00e3o para um novo visual, vai curtir esse v\u00eddeo especialmente selecionado do canal <strong>Paulo Freitas Hair<\/strong>, que conta com mais de <strong>1,7 milh\u00e3o<\/strong> de visualiza\u00e7\u00f5es, onde <strong>Paulo Freitas<\/strong> mostra uma transforma\u00e7\u00e3o incr\u00edvel com corte Pixie em cabelos grisalhos:<\/p>\n\n\n\n<figure class=\"wp-block-embed is-type-video is-provider-youtube wp-block-embed-youtube wp-embed-aspect-16-9 wp-has-aspect-ratio\"><div class=\"wp-block-embed__wrapper\">\n<div class=\"jeg_video_container jeg_video_content\"><iframe loading=\"lazy\" title=\"PIXIE CUT CABELO GRISALHO \u2728 | CORTE EM CABELOS BRANCOS \ud83d\ude0d | T\u00c9CNICA SLIDE PAULO FREITAS \u2702\ufe0f\" width=\"500\" height=\"281\" src=\"https:\/\/www.youtube.com\/embed\/4Co0baP_gOs?feature=oembed\" frameborder=\"0\" allow=\"accelerometer; autoplay; clipboard-write; encrypted-media; gyroscope; picture-in-picture; web-share\" referrerpolicy=\"strict-origin-when-cross-origin\" allowfullscreen><\/iframe><\/div>\n<\/div><\/figure>\n\n\n\n<h2 class=\"wp-block-heading\">Como a sa\u00fade capilar influencia o resultado final do corte?<\/h2>\n\n\n\n<p>A densidade dos fios est\u00e1 ligada \u00e0 sa\u00fade do corpo como um todo, e estudos cient\u00edficos refor\u00e7am a import\u00e2ncia desse equil\u00edbrio. Um couro cabeludo saud\u00e1vel \u00e9 a base para que os cortes de cabelo tenham o caimento esperado.<\/p>\n\n\n\n<p>O mercado de cuidados voltados \u00e0 longevidade cresce em todo o mundo, com foco em solu\u00e7\u00f5es mais espec\u00edficas. Investir em nutri\u00e7\u00e3o capilar potencializa o efeito de encorpamento que as tesouras iniciam dentro do sal\u00e3o de beleza especializado.<\/p>\n\n\n\n<h2 class=\"wp-block-heading\">Qual o segredo para manter o volume entre as visitas ao sal\u00e3o?<\/h2>\n\n\n\n<p>O princ\u00edpio fundamental desses estilos \u00e9 que a textura e as camadas s\u00e3o as verdadeiras agentes do volume, n\u00e3o o comprimento excessivo. Para garantir o frescor do visual, os especialistas recomendam retoques a cada <strong>oito semanas<\/strong> para manter as pontas precisas.<\/p>\n\n\n\n<p>Associar os <strong>cortes de cabelo<\/strong> a finalizadores t\u00e9rmicos antes da secagem garante que o formato se mantenha por mais tempo. Ao escolher um desses estilos, voc\u00ea prioriza a eleg\u00e2ncia e a sa\u00fade dos fios, adaptando-se com modernidade \u00e0s transforma\u00e7\u00f5es naturais da maturidade.<\/p>\n","protected":false},"excerpt":{"rendered":"<p>Ap\u00f3s os 60 anos, o fio perde densidade e tende a afinar devido \u00e0s mudan\u00e7as hormonais t\u00edpicas da menopausa. A boa not\u00edcia \u00e9 que os cortes de cabelo certos criam ilus\u00e3o de volume e emolduram o rosto com sofistica\u00e7\u00e3o imediata. Como o Bob Estruturado em Camadas favorece fios finos? O bob segue como o estilo [&hellip;]<\/p>\n","protected":false},"author":30,"featured_media":199501,"comment_status":"open","ping_status":"open","sticky":false,"template":"","format":"standard","meta":{"jnews-multi-image_gallery":[],"jnews_single_post":{"format":"standard"},"jnews_primary_category":[],"jnews_social_meta":[],"jnews_override_counter":[],"footnotes":""},"categories":[8691],"tags":[7212,18068,21255,5777],"class_list":["post-199478","post","type-post","status-publish","format-standard","has-post-thumbnail","hentry","category-bem-estar","tag-cortes-de-cabelo","tag-fios","tag-pixie","tag-rosto"],"yoast_head":"<!-- This site is optimized with the Yoast SEO plugin v23.8 - https:\/\/yoast.com\/wordpress\/plugins\/seo\/ -->\n<title>Os 3 cortes de cabelo para mulheres de 60+ que aumentam o volume e deixam o rosto mais elegante - Estado de Minas - Em foco<\/title>\n<meta name=\"description\" content=\"Veja os 3 cortes de cabelo para mulheres de 60+ que aumentam o volume e deixam o rosto mais elegante. Entenda a t\u00e9cnica para cabelos finos.\" \/>\n<meta name=\"robots\" content=\"index, follow, max-snippet:-1, max-image-preview:large, max-video-preview:-1\" \/>\n<link rel=\"canonical\" href=\"https:\/\/www.em.com.br\/emfoco\/2026\/04\/27\/os-3-cortes-de-cabelo-para-mulheres-de-60-que-aumentam-o-volume-e-deixam-o-rosto-mais-elegante\/\" \/>\n<meta property=\"og:locale\" content=\"pt_BR\" \/>\n<meta property=\"og:type\" content=\"article\" \/>\n<meta property=\"og:title\" content=\"Os 3 cortes de cabelo para mulheres de 60+ que aumentam o volume e deixam o rosto mais elegante - Estado de Minas - Em foco\" \/>\n<meta property=\"og:description\" content=\"Veja os 3 cortes de cabelo para mulheres de 60+ que aumentam o volume e deixam o rosto mais elegante. Entenda a t\u00e9cnica para cabelos finos.\" \/>\n<meta property=\"og:url\" content=\"https:\/\/www.em.com.br\/emfoco\/2026\/04\/27\/os-3-cortes-de-cabelo-para-mulheres-de-60-que-aumentam-o-volume-e-deixam-o-rosto-mais-elegante\/\" \/>\n<meta property=\"og:site_name\" content=\"Estado de Minas - Em foco\" \/>\n<meta property=\"article:published_time\" content=\"2026-04-27T19:35:00+00:00\" \/>\n<meta property=\"article:modified_time\" content=\"2026-04-26T09:55:59+00:00\" \/>\n<meta property=\"og:image\" content=\"https:\/\/www.em.com.br\/emfoco\/wp-content\/uploads\/2026\/04\/cabelo2-1.jpg\" \/>\n\t<meta property=\"og:image:width\" content=\"1280\" \/>\n\t<meta property=\"og:image:height\" content=\"720\" \/>\n\t<meta property=\"og:image:type\" content=\"image\/jpeg\" \/>\n<meta name=\"author\" content=\"Guilherme Ara\u00fajo\" \/>\n<meta name=\"twitter:card\" content=\"summary_large_image\" \/>\n<meta name=\"twitter:label1\" content=\"Escrito por\" \/>\n\t<meta name=\"twitter:data1\" content=\"Guilherme Ara\u00fajo\" \/>\n\t<meta name=\"twitter:label2\" content=\"Est. tempo de leitura\" \/>\n\t<meta name=\"twitter:data2\" content=\"4 minutos\" \/>\n<!-- \/ Yoast SEO plugin. -->","yoast_head_json":{"title":"Os 3 cortes de cabelo para mulheres de 60+ que aumentam o volume e deixam o rosto mais elegante - Estado de Minas - Em foco","description":"Veja os 3 cortes de cabelo para mulheres de 60+ que aumentam o volume e deixam o rosto mais elegante. Entenda a t\u00e9cnica para cabelos finos.","robots":{"index":"index","follow":"follow","max-snippet":"max-snippet:-1","max-image-preview":"max-image-preview:large","max-video-preview":"max-video-preview:-1"},"canonical":"https:\/\/www.em.com.br\/emfoco\/2026\/04\/27\/os-3-cortes-de-cabelo-para-mulheres-de-60-que-aumentam-o-volume-e-deixam-o-rosto-mais-elegante\/","og_locale":"pt_BR","og_type":"article","og_title":"Os 3 cortes de cabelo para mulheres de 60+ que aumentam o volume e deixam o rosto mais elegante - Estado de Minas - Em foco","og_description":"Veja os 3 cortes de cabelo para mulheres de 60+ que aumentam o volume e deixam o rosto mais elegante. Entenda a t\u00e9cnica para cabelos finos.","og_url":"https:\/\/www.em.com.br\/emfoco\/2026\/04\/27\/os-3-cortes-de-cabelo-para-mulheres-de-60-que-aumentam-o-volume-e-deixam-o-rosto-mais-elegante\/","og_site_name":"Estado de Minas - Em foco","article_published_time":"2026-04-27T19:35:00+00:00","article_modified_time":"2026-04-26T09:55:59+00:00","og_image":[{"width":1280,"height":720,"url":"https:\/\/www.em.com.br\/emfoco\/wp-content\/uploads\/2026\/04\/cabelo2-1.jpg","type":"image\/jpeg"}],"author":"Guilherme Ara\u00fajo","twitter_card":"summary_large_image","twitter_misc":{"Escrito por":"Guilherme Ara\u00fajo","Est. tempo de leitura":"4 minutos"},"schema":{"@context":"https:\/\/schema.org","@graph":[{"@type":"WebPage","@id":"https:\/\/www.em.com.br\/emfoco\/2026\/04\/27\/os-3-cortes-de-cabelo-para-mulheres-de-60-que-aumentam-o-volume-e-deixam-o-rosto-mais-elegante\/","url":"https:\/\/www.em.com.br\/emfoco\/2026\/04\/27\/os-3-cortes-de-cabelo-para-mulheres-de-60-que-aumentam-o-volume-e-deixam-o-rosto-mais-elegante\/","name":"Os 3 cortes de cabelo para mulheres de 60+ que aumentam o volume e deixam o rosto mais elegante - Estado de Minas - Em foco","isPartOf":{"@id":"https:\/\/www.em.com.br\/emfoco\/#website"},"primaryImageOfPage":{"@id":"https:\/\/www.em.com.br\/emfoco\/2026\/04\/27\/os-3-cortes-de-cabelo-para-mulheres-de-60-que-aumentam-o-volume-e-deixam-o-rosto-mais-elegante\/#primaryimage"},"image":{"@id":"https:\/\/www.em.com.br\/emfoco\/2026\/04\/27\/os-3-cortes-de-cabelo-para-mulheres-de-60-que-aumentam-o-volume-e-deixam-o-rosto-mais-elegante\/#primaryimage"},"thumbnailUrl":"https:\/\/www.em.com.br\/emfoco\/wp-content\/uploads\/2026\/04\/cabelo2-1.jpg","datePublished":"2026-04-27T19:35:00+00:00","dateModified":"2026-04-26T09:55:59+00:00","author":{"@id":"https:\/\/www.em.com.br\/emfoco\/#\/schema\/person\/5379e929a4b966c775d121e23f9bb421"},"description":"Veja os 3 cortes de cabelo para mulheres de 60+ que aumentam o volume e deixam o rosto mais elegante. Entenda a t\u00e9cnica para cabelos finos.","breadcrumb":{"@id":"https:\/\/www.em.com.br\/emfoco\/2026\/04\/27\/os-3-cortes-de-cabelo-para-mulheres-de-60-que-aumentam-o-volume-e-deixam-o-rosto-mais-elegante\/#breadcrumb"},"inLanguage":"pt-BR","potentialAction":[{"@type":"ReadAction","target":["https:\/\/www.em.com.br\/emfoco\/2026\/04\/27\/os-3-cortes-de-cabelo-para-mulheres-de-60-que-aumentam-o-volume-e-deixam-o-rosto-mais-elegante\/"]}]},{"@type":"ImageObject","inLanguage":"pt-BR","@id":"https:\/\/www.em.com.br\/emfoco\/2026\/04\/27\/os-3-cortes-de-cabelo-para-mulheres-de-60-que-aumentam-o-volume-e-deixam-o-rosto-mais-elegante\/#primaryimage","url":"https:\/\/www.em.com.br\/emfoco\/wp-content\/uploads\/2026\/04\/cabelo2-1.jpg","contentUrl":"https:\/\/www.em.com.br\/emfoco\/wp-content\/uploads\/2026\/04\/cabelo2-1.jpg","width":1280,"height":720,"caption":"O segredo do volume para fios finos: estes estilos de corte transformam o visual ap\u00f3s os 60 anos"},{"@type":"BreadcrumbList","@id":"https:\/\/www.em.com.br\/emfoco\/2026\/04\/27\/os-3-cortes-de-cabelo-para-mulheres-de-60-que-aumentam-o-volume-e-deixam-o-rosto-mais-elegante\/#breadcrumb","itemListElement":[{"@type":"ListItem","position":1,"name":"In\u00edcio","item":"https:\/\/www.em.com.br\/emfoco\/"},{"@type":"ListItem","position":2,"name":"Os 3 cortes de cabelo para mulheres de 60+ que aumentam o volume e deixam o rosto mais elegante"}]},{"@type":"WebSite","@id":"https:\/\/www.em.com.br\/emfoco\/#website","url":"https:\/\/www.em.com.br\/emfoco\/","name":"Estado de Minas - Em foco","description":"Acompanhe as \u00faltimas not\u00edcias e fique bem informado sobre tudo o que acontece em Minas Gerais, Brasil e no mundo.","potentialAction":[{"@type":"SearchAction","target":{"@type":"EntryPoint","urlTemplate":"https:\/\/www.em.com.br\/emfoco\/?s={search_term_string}"},"query-input":{"@type":"PropertyValueSpecification","valueRequired":true,"valueName":"search_term_string"}}],"inLanguage":"pt-BR"},{"@type":"Person","@id":"https:\/\/www.em.com.br\/emfoco\/#\/schema\/person\/5379e929a4b966c775d121e23f9bb421","name":"Guilherme Ara\u00fajo","image":{"@type":"ImageObject","inLanguage":"pt-BR","@id":"https:\/\/www.em.com.br\/emfoco\/#\/schema\/person\/image\/","url":"https:\/\/secure.gravatar.com\/avatar\/b8bf1fd0130e170bd8f5d7298dbafa25?s=96&d=mm&r=g","contentUrl":"https:\/\/secure.gravatar.com\/avatar\/b8bf1fd0130e170bd8f5d7298dbafa25?s=96&d=mm&r=g","caption":"Guilherme Ara\u00fajo"},"sameAs":["https:\/\/www.em.com.br\/emfoco"],"url":"https:\/\/www.em.com.br\/emfoco\/author\/guilhermeamyth\/"}]}},"_links":{"self":[{"href":"https:\/\/www.em.com.br\/emfoco\/wp-json\/wp\/v2\/posts\/199478","targetHints":{"allow":["GET"]}}],"collection":[{"href":"https:\/\/www.em.com.br\/emfoco\/wp-json\/wp\/v2\/posts"}],"about":[{"href":"https:\/\/www.em.com.br\/emfoco\/wp-json\/wp\/v2\/types\/post"}],"author":[{"embeddable":true,"href":"https:\/\/www.em.com.br\/emfoco\/wp-json\/wp\/v2\/users\/30"}],"replies":[{"embeddable":true,"href":"https:\/\/www.em.com.br\/emfoco\/wp-json\/wp\/v2\/comments?post=199478"}],"version-history":[{"count":4,"href":"https:\/\/www.em.com.br\/emfoco\/wp-json\/wp\/v2\/posts\/199478\/revisions"}],"predecessor-version":[{"id":199508,"href":"https:\/\/www.em.com.br\/emfoco\/wp-json\/wp\/v2\/posts\/199478\/revisions\/199508"}],"wp:featuredmedia":[{"embeddable":true,"href":"https:\/\/www.em.com.br\/emfoco\/wp-json\/wp\/v2\/media\/199501"}],"wp:attachment":[{"href":"https:\/\/www.em.com.br\/emfoco\/wp-json\/wp\/v2\/media?parent=199478"}],"wp:term":[{"taxonomy":"category","embeddable":true,"href":"https:\/\/www.em.com.br\/emfoco\/wp-json\/wp\/v2\/categories?post=199478"},{"taxonomy":"post_tag","embeddable":true,"href":"https:\/\/www.em.com.br\/emfoco\/wp-json\/wp\/v2\/tags?post=199478"}],"curies":[{"name":"wp","href":"https:\/\/api.w.org\/{rel}","templated":true}]}}