{"id":199463,"date":"2026-04-26T18:30:00","date_gmt":"2026-04-26T21:30:00","guid":{"rendered":"https:\/\/www.em.com.br\/emfoco\/?p=199463"},"modified":"2026-04-25T17:44:46","modified_gmt":"2026-04-25T20:44:46","slug":"despesas-medicas-com-cartao-de-saude-nao-exigem-recibos-novas-regras-para-deducoes-fiscais","status":"publish","type":"post","link":"https:\/\/www.em.com.br\/emfoco\/2026\/04\/26\/despesas-medicas-com-cartao-de-saude-nao-exigem-recibos-novas-regras-para-deducoes-fiscais\/","title":{"rendered":"Despesas m\u00e9dicas com cart\u00e3o de sa\u00fade n\u00e3o exigem recibos: novas regras para dedu\u00e7\u00f5es fiscais"},"content":{"rendered":"\n<p>A partir de 2025, a dedu\u00e7\u00e3o de despesas m\u00e9dicas no Imposto de Renda muda com a implanta\u00e7\u00e3o do sistema&nbsp;<strong>Receita Sa\u00fade<\/strong>, que prioriza recibos eletr\u00f4nicos para consultas, exames e outros servi\u00e7os de sa\u00fade. Mesmo assim, quem paga com cart\u00e3o de cr\u00e9dito, d\u00e9bito, cart\u00e3o de sa\u00fade ou PIX ainda pode usar comprovantes financeiros v\u00e1lidos para justificar os gastos, o que aumenta a necessidade de organiza\u00e7\u00e3o digital, aten\u00e7\u00e3o \u00e0s novas regras e acompanhamento constante das suas despesas ao longo do ano.<\/p>\n\n\n\n<h2 class=\"wp-block-heading\">O que muda nas despesas m\u00e9dicas pagas com cart\u00e3o de sa\u00fade<\/h2>\n\n\n\n<p>A partir do ano-base 2025, as&nbsp;<strong>despesas m\u00e9dicas com cart\u00e3o de sa\u00fade<\/strong>&nbsp;continuam sendo dedut\u00edveis, mesmo sem recibo formal via Receita Sa\u00fade, desde que haja comprovantes eletr\u00f4nicos consistentes. Entram nessa lista faturas do cart\u00e3o de sa\u00fade, faturas de cart\u00e3o de cr\u00e9dito, extratos de d\u00e9bito e comprovantes de PIX que demonstrem o pagamento ao profissional ou \u00e0 cl\u00ednica.<\/p>\n\n\n\n<p>Cart\u00f5es sa\u00fade s\u00e3o programas privados de pagamento pr\u00e9-pago ou p\u00f3s-pago que oferecem descontos em servi\u00e7os m\u00e9dicos, sem car\u00e1ter de seguro-sa\u00fade regulado pela <strong>ANS<\/strong>. Quando o profissional de sa\u00fade n\u00e3o emitir o recibo digital obrigat\u00f3rio, o contribuinte poder\u00e1 lan\u00e7ar manualmente o gasto na declara\u00e7\u00e3o completa do IRPF 2026, guardando os comprovantes por, pelo menos, cinco anos.<\/p>\n\n\n\n<figure class=\"wp-block-image size-large\"><img loading=\"lazy\" decoding=\"async\" width=\"1024\" height=\"576\" src=\"https:\/\/www.em.com.br\/emfoco\/wp-content\/uploads\/2026\/04\/ChatGPT-Image-25-de-abr.-de-2026-17_13_48-1-1024x576.png\" alt=\"IR 2026 muda despesas m\u00e9dicas com cart\u00e3o sa\u00fade\" class=\"wp-image-199516\" srcset=\"https:\/\/www.em.com.br\/emfoco\/wp-content\/uploads\/2026\/04\/ChatGPT-Image-25-de-abr.-de-2026-17_13_48-1-1024x576.png 1024w, https:\/\/www.em.com.br\/emfoco\/wp-content\/uploads\/2026\/04\/ChatGPT-Image-25-de-abr.-de-2026-17_13_48-1-300x169.png 300w, https:\/\/www.em.com.br\/emfoco\/wp-content\/uploads\/2026\/04\/ChatGPT-Image-25-de-abr.-de-2026-17_13_48-1-768x432.png 768w, https:\/\/www.em.com.br\/emfoco\/wp-content\/uploads\/2026\/04\/ChatGPT-Image-25-de-abr.-de-2026-17_13_48-1-750x422.png 750w, https:\/\/www.em.com.br\/emfoco\/wp-content\/uploads\/2026\/04\/ChatGPT-Image-25-de-abr.-de-2026-17_13_48-1-1140x642.png 1140w, https:\/\/www.em.com.br\/emfoco\/wp-content\/uploads\/2026\/04\/ChatGPT-Image-25-de-abr.-de-2026-17_13_48-1.png 1279w\" sizes=\"auto, (max-width: 1024px) 100vw, 1024px\" \/><figcaption class=\"wp-element-caption\">IR 2026 muda despesas m\u00e9dicas com cart\u00e3o sa\u00fade<\/figcaption><\/figure>\n\n\n\n<h2 class=\"wp-block-heading\">Quais comprovantes s\u00e3o aceitos para deduzir despesas m\u00e9dicas<\/h2>\n\n\n\n<p>Para que as&nbsp;<strong>despesas m\u00e9dicas com cart\u00e3o de sa\u00fade<\/strong>&nbsp;e outros meios de pagamento possam ser usadas na dedu\u00e7\u00e3o, os documentos precisam comprovar o v\u00ednculo entre o pagamento, o prestador e o paciente. Quanto mais detalhadas forem essas informa\u00e7\u00f5es, menor o risco de cair na malha fina ou ter a dedu\u00e7\u00e3o questionada pela Receita Federal.<\/p>\n\n\n\n<p>Antes de guardar os documentos, confira se eles trazem, de forma clara, os dados b\u00e1sicos exigidos pela Receita Federal para fins de comprova\u00e7\u00e3o. Os principais itens que voc\u00ea deve checar com aten\u00e7\u00e3o s\u00e3o:<\/p>\n\n\n\n<ul class=\"wp-block-list\">\n<li>Identifica\u00e7\u00e3o do prestador com\u00a0<strong>CPF ou CNPJ<\/strong>;<\/li>\n\n\n\n<li>Nome ou identifica\u00e7\u00e3o do paciente que realizou o atendimento;<\/li>\n\n\n\n<li>Data do pagamento ou da cobran\u00e7a na fatura;<\/li>\n\n\n\n<li>Valor pago ao profissional, cl\u00ednica, laborat\u00f3rio ou hospital;<\/li>\n\n\n\n<li>Indica\u00e7\u00e3o do tipo de servi\u00e7o (consulta, exame, terapia, interna\u00e7\u00e3o), quando dispon\u00edvel.<\/li>\n<\/ul>\n\n\n\n<p>Entre os comprovantes aceitos, ganham destaque a fatura de cart\u00e3o de sa\u00fade que discrimina o prestador e o paciente, a fatura de cart\u00e3o de cr\u00e9dito com identifica\u00e7\u00e3o clara da cl\u00ednica, o extrato de cart\u00e3o de d\u00e9bito indicando o estabelecimento de sa\u00fade e o comprovante de PIX vinculado ao CPF ou CNPJ do profissional. Por isso, \u00e9 importante acompanhar mensalmente as faturas e evitar descri\u00e7\u00f5es gen\u00e9ricas que dificultem a comprova\u00e7\u00e3o.<\/p>\n\n\n\n<h2 class=\"wp-block-heading\">Como funciona o Receita Sa\u00fade e por que o recibo eletr\u00f4nico \u00e9 obrigat\u00f3rio<\/h2>\n\n\n\n<p>O m\u00f3dulo&nbsp;<strong>Receita Sa\u00fade<\/strong>&nbsp;passou a ser obrigat\u00f3rio para profissionais de sa\u00fade que atuam como pessoa f\u00edsica a partir de 1\u00ba de janeiro de 2025, substituindo o recibo em papel por um registro eletr\u00f4nico integrado \u00e0 Receita Federal. Com isso, os pagamentos feitos por pacientes passam a ser transmitidos digitalmente, facilitando o preenchimento autom\u00e1tico da declara\u00e7\u00e3o pr\u00e9-preenchida e o cruzamento de dados.<\/p>\n\n\n\n<p>Profissionais como m\u00e9dicos, dentistas, psic\u00f3logos, fisioterapeutas, fonoaudi\u00f3logos e terapeutas ocupacionais devem emitir o recibo eletr\u00f4nico, que tende a aparecer automaticamente na declara\u00e7\u00e3o do contribuinte. A aus\u00eancia desse registro aumenta o risco de malha fina, sobretudo quando altos valores s\u00e3o declarados apenas com base em faturas e extratos banc\u00e1rios.<\/p>\n\n\n\n<figure class=\"wp-block-image size-large\"><img loading=\"lazy\" decoding=\"async\" width=\"1024\" height=\"576\" src=\"https:\/\/www.em.com.br\/emfoco\/wp-content\/uploads\/2026\/04\/Gemini_Generated_Image_zhi5snzhi5snzhi5-1-1024x576.png\" alt=\"IR 2026 muda despesas m\u00e9dicas com cart\u00e3o sa\u00fade\" class=\"wp-image-199511\" srcset=\"https:\/\/www.em.com.br\/emfoco\/wp-content\/uploads\/2026\/04\/Gemini_Generated_Image_zhi5snzhi5snzhi5-1-1024x576.png 1024w, https:\/\/www.em.com.br\/emfoco\/wp-content\/uploads\/2026\/04\/Gemini_Generated_Image_zhi5snzhi5snzhi5-1-300x169.png 300w, https:\/\/www.em.com.br\/emfoco\/wp-content\/uploads\/2026\/04\/Gemini_Generated_Image_zhi5snzhi5snzhi5-1-768x432.png 768w, https:\/\/www.em.com.br\/emfoco\/wp-content\/uploads\/2026\/04\/Gemini_Generated_Image_zhi5snzhi5snzhi5-1-750x422.png 750w, https:\/\/www.em.com.br\/emfoco\/wp-content\/uploads\/2026\/04\/Gemini_Generated_Image_zhi5snzhi5snzhi5-1-1140x641.png 1140w, https:\/\/www.em.com.br\/emfoco\/wp-content\/uploads\/2026\/04\/Gemini_Generated_Image_zhi5snzhi5snzhi5-1.png 1280w\" sizes=\"auto, (max-width: 1024px) 100vw, 1024px\" \/><figcaption class=\"wp-element-caption\">IR 2026 muda despesas m\u00e9dicas com cart\u00e3o sa\u00fade<\/figcaption><\/figure>\n\n\n\n<h2 class=\"wp-block-heading\">Quais despesas m\u00e9dicas podem ser deduzidas no IRPF<\/h2>\n\n\n\n<p>As regras gerais de dedu\u00e7\u00e3o continuam sem limite m\u00e1ximo, desde que a despesa seja efetivamente paga e comprovada. Podem ser inclu\u00eddos consultas m\u00e9dicas e odontol\u00f3gicas, exames laboratoriais e de imagem, interna\u00e7\u00f5es e cirurgias, planos de sa\u00fade na parte n\u00e3o reembolsada e pr\u00f3teses ligadas a procedimentos m\u00e9dicos ou odontol\u00f3gicos, tanto do titular quanto de dependentes.<\/p>\n\n\n\n<p>Por outro lado, gastos como medicamentos de farm\u00e1cia sem v\u00ednculo direto com interna\u00e7\u00e3o, vacinas adquiridas em drogarias e procedimentos puramente est\u00e9ticos n\u00e3o geram benef\u00edcio fiscal. Essas dedu\u00e7\u00f5es s\u00f3 fazem diferen\u00e7a para quem opta pelo modelo completo da declara\u00e7\u00e3o; no modelo simplificado, prevalece o desconto padr\u00e3o, sem influ\u00eancia das despesas m\u00e9dicas.<\/p>\n\n\n\n<h2 class=\"wp-block-heading\">Como se organizar para aproveitar ao m\u00e1ximo as dedu\u00e7\u00f5es m\u00e9dicas<\/h2>\n\n\n\n<p>Com as novas regras em vigor, a organiza\u00e7\u00e3o de documentos eletr\u00f4nicos e o uso consciente do cart\u00e3o de sa\u00fade se tornam essenciais para garantir todas as dedu\u00e7\u00f5es poss\u00edveis. Acompanhar as informa\u00e7\u00f5es registradas no sistema Receita Sa\u00fade e cruz\u00e1-las com suas faturas e extratos \u00e9 uma forma pr\u00e1tica de evitar surpresas, diverg\u00eancias e quedas na malha fina.<\/p>\n\n\n\n<p>Em todos os tipos de cart\u00f5es de sa\u00fade, o que importa para o IRPF \u00e9 a comprova\u00e7\u00e3o do gasto m\u00e9dico: guarde faturas, notas, comprovantes de pagamento e relat\u00f3rios dos atendimentos, sempre com identifica\u00e7\u00e3o do prestador, do paciente, da data e do valor. Comece agora a salvar tudo em pastas digitais e a conferir seus atendimentos no Receita Sa\u00fade: deixar para depois pode custar caro na declara\u00e7\u00e3o de 2026 e reduzir a sua restitui\u00e7\u00e3o justamente quando voc\u00ea mais precisa do dinheiro.<\/p>\n","protected":false},"excerpt":{"rendered":"<p>A partir de 2025, a dedu\u00e7\u00e3o de despesas m\u00e9dicas no Imposto de Renda muda com a implanta\u00e7\u00e3o do sistema&nbsp;Receita Sa\u00fade, que prioriza recibos eletr\u00f4nicos para consultas, exames e outros servi\u00e7os de sa\u00fade. Mesmo assim, quem paga com cart\u00e3o de cr\u00e9dito, d\u00e9bito, cart\u00e3o de sa\u00fade ou PIX ainda pode usar comprovantes financeiros v\u00e1lidos para justificar os [&hellip;]<\/p>\n","protected":false},"author":11,"featured_media":199520,"comment_status":"open","ping_status":"open","sticky":false,"template":"","format":"standard","meta":{"jnews-multi-image_gallery":[],"jnews_single_post":{"format":"standard"},"jnews_primary_category":[],"jnews_social_meta":[],"jnews_override_counter":[],"footnotes":""},"categories":[28,1],"tags":[974,28767,28768,713],"class_list":["post-199463","post","type-post","status-publish","format-standard","has-post-thumbnail","hentry","category-economia","category-noticias","tag-cartao","tag-cartao-saude","tag-deducao-de-despesas-medicas","tag-imposto-de-renda"],"yoast_head":"<!-- This site is optimized with the Yoast SEO plugin v23.8 - https:\/\/yoast.com\/wordpress\/plugins\/seo\/ -->\n<title>Despesas m\u00e9dicas com cart\u00e3o de sa\u00fade n\u00e3o exigem recibos: novas regras para dedu\u00e7\u00f5es fiscais - Estado de Minas - Em foco<\/title>\n<meta name=\"description\" content=\"IR 2026 muda a dedu\u00e7\u00e3o de despesas m\u00e9dicas. Saiba como usar cart\u00e3o sa\u00fade, PIX e recibos sem cair na malha fina.\" \/>\n<meta name=\"robots\" content=\"index, follow, max-snippet:-1, max-image-preview:large, max-video-preview:-1\" \/>\n<link rel=\"canonical\" href=\"https:\/\/www.em.com.br\/emfoco\/2026\/04\/26\/despesas-medicas-com-cartao-de-saude-nao-exigem-recibos-novas-regras-para-deducoes-fiscais\/\" \/>\n<meta property=\"og:locale\" content=\"pt_BR\" \/>\n<meta property=\"og:type\" content=\"article\" \/>\n<meta property=\"og:title\" content=\"Despesas m\u00e9dicas com cart\u00e3o de sa\u00fade n\u00e3o exigem recibos: novas regras para dedu\u00e7\u00f5es fiscais - Estado de Minas - Em foco\" \/>\n<meta property=\"og:description\" content=\"IR 2026 muda a dedu\u00e7\u00e3o de despesas m\u00e9dicas. Saiba como usar cart\u00e3o sa\u00fade, PIX e recibos sem cair na malha fina.\" \/>\n<meta property=\"og:url\" content=\"https:\/\/www.em.com.br\/emfoco\/2026\/04\/26\/despesas-medicas-com-cartao-de-saude-nao-exigem-recibos-novas-regras-para-deducoes-fiscais\/\" \/>\n<meta property=\"og:site_name\" content=\"Estado de Minas - Em foco\" \/>\n<meta property=\"article:published_time\" content=\"2026-04-26T21:30:00+00:00\" \/>\n<meta property=\"article:modified_time\" content=\"2026-04-25T20:44:46+00:00\" \/>\n<meta property=\"og:image\" content=\"https:\/\/www.em.com.br\/emfoco\/wp-content\/uploads\/2026\/04\/Gemini_Generated_Image_vc729jvc729jvc72-1.png\" \/>\n\t<meta property=\"og:image:width\" content=\"1280\" \/>\n\t<meta property=\"og:image:height\" content=\"720\" \/>\n\t<meta property=\"og:image:type\" content=\"image\/png\" \/>\n<meta name=\"author\" content=\"Andre\u0301 Rangel\u00a0\" \/>\n<meta name=\"twitter:card\" content=\"summary_large_image\" \/>\n<meta name=\"twitter:label1\" content=\"Escrito por\" \/>\n\t<meta name=\"twitter:data1\" content=\"Andre\u0301 Rangel\u00a0\" \/>\n\t<meta name=\"twitter:label2\" content=\"Est. tempo de leitura\" \/>\n\t<meta name=\"twitter:data2\" content=\"6 minutos\" \/>\n<!-- \/ Yoast SEO plugin. -->","yoast_head_json":{"title":"Despesas m\u00e9dicas com cart\u00e3o de sa\u00fade n\u00e3o exigem recibos: novas regras para dedu\u00e7\u00f5es fiscais - Estado de Minas - Em foco","description":"IR 2026 muda a dedu\u00e7\u00e3o de despesas m\u00e9dicas. Saiba como usar cart\u00e3o sa\u00fade, PIX e recibos sem cair na malha fina.","robots":{"index":"index","follow":"follow","max-snippet":"max-snippet:-1","max-image-preview":"max-image-preview:large","max-video-preview":"max-video-preview:-1"},"canonical":"https:\/\/www.em.com.br\/emfoco\/2026\/04\/26\/despesas-medicas-com-cartao-de-saude-nao-exigem-recibos-novas-regras-para-deducoes-fiscais\/","og_locale":"pt_BR","og_type":"article","og_title":"Despesas m\u00e9dicas com cart\u00e3o de sa\u00fade n\u00e3o exigem recibos: novas regras para dedu\u00e7\u00f5es fiscais - Estado de Minas - Em foco","og_description":"IR 2026 muda a dedu\u00e7\u00e3o de despesas m\u00e9dicas. Saiba como usar cart\u00e3o sa\u00fade, PIX e recibos sem cair na malha fina.","og_url":"https:\/\/www.em.com.br\/emfoco\/2026\/04\/26\/despesas-medicas-com-cartao-de-saude-nao-exigem-recibos-novas-regras-para-deducoes-fiscais\/","og_site_name":"Estado de Minas - Em foco","article_published_time":"2026-04-26T21:30:00+00:00","article_modified_time":"2026-04-25T20:44:46+00:00","og_image":[{"width":1280,"height":720,"url":"https:\/\/www.em.com.br\/emfoco\/wp-content\/uploads\/2026\/04\/Gemini_Generated_Image_vc729jvc729jvc72-1.png","type":"image\/png"}],"author":"Andre\u0301 Rangel\u00a0","twitter_card":"summary_large_image","twitter_misc":{"Escrito por":"Andre\u0301 Rangel\u00a0","Est. tempo de leitura":"6 minutos"},"schema":{"@context":"https:\/\/schema.org","@graph":[{"@type":"WebPage","@id":"https:\/\/www.em.com.br\/emfoco\/2026\/04\/26\/despesas-medicas-com-cartao-de-saude-nao-exigem-recibos-novas-regras-para-deducoes-fiscais\/","url":"https:\/\/www.em.com.br\/emfoco\/2026\/04\/26\/despesas-medicas-com-cartao-de-saude-nao-exigem-recibos-novas-regras-para-deducoes-fiscais\/","name":"Despesas m\u00e9dicas com cart\u00e3o de sa\u00fade n\u00e3o exigem recibos: novas regras para dedu\u00e7\u00f5es fiscais - Estado de Minas - Em foco","isPartOf":{"@id":"https:\/\/www.em.com.br\/emfoco\/#website"},"primaryImageOfPage":{"@id":"https:\/\/www.em.com.br\/emfoco\/2026\/04\/26\/despesas-medicas-com-cartao-de-saude-nao-exigem-recibos-novas-regras-para-deducoes-fiscais\/#primaryimage"},"image":{"@id":"https:\/\/www.em.com.br\/emfoco\/2026\/04\/26\/despesas-medicas-com-cartao-de-saude-nao-exigem-recibos-novas-regras-para-deducoes-fiscais\/#primaryimage"},"thumbnailUrl":"https:\/\/www.em.com.br\/emfoco\/wp-content\/uploads\/2026\/04\/Gemini_Generated_Image_vc729jvc729jvc72-1.png","datePublished":"2026-04-26T21:30:00+00:00","dateModified":"2026-04-25T20:44:46+00:00","author":{"@id":"https:\/\/www.em.com.br\/emfoco\/#\/schema\/person\/60eda09c1fedf0d6891f4cef4b60b8b8"},"description":"IR 2026 muda a dedu\u00e7\u00e3o de despesas m\u00e9dicas. Saiba como usar cart\u00e3o sa\u00fade, PIX e recibos sem cair na malha fina.","breadcrumb":{"@id":"https:\/\/www.em.com.br\/emfoco\/2026\/04\/26\/despesas-medicas-com-cartao-de-saude-nao-exigem-recibos-novas-regras-para-deducoes-fiscais\/#breadcrumb"},"inLanguage":"pt-BR","potentialAction":[{"@type":"ReadAction","target":["https:\/\/www.em.com.br\/emfoco\/2026\/04\/26\/despesas-medicas-com-cartao-de-saude-nao-exigem-recibos-novas-regras-para-deducoes-fiscais\/"]}]},{"@type":"ImageObject","inLanguage":"pt-BR","@id":"https:\/\/www.em.com.br\/emfoco\/2026\/04\/26\/despesas-medicas-com-cartao-de-saude-nao-exigem-recibos-novas-regras-para-deducoes-fiscais\/#primaryimage","url":"https:\/\/www.em.com.br\/emfoco\/wp-content\/uploads\/2026\/04\/Gemini_Generated_Image_vc729jvc729jvc72-1.png","contentUrl":"https:\/\/www.em.com.br\/emfoco\/wp-content\/uploads\/2026\/04\/Gemini_Generated_Image_vc729jvc729jvc72-1.png","width":1280,"height":720,"caption":"IR 2026 muda despesas m\u00e9dicas com cart\u00e3o sa\u00fade"},{"@type":"BreadcrumbList","@id":"https:\/\/www.em.com.br\/emfoco\/2026\/04\/26\/despesas-medicas-com-cartao-de-saude-nao-exigem-recibos-novas-regras-para-deducoes-fiscais\/#breadcrumb","itemListElement":[{"@type":"ListItem","position":1,"name":"In\u00edcio","item":"https:\/\/www.em.com.br\/emfoco\/"},{"@type":"ListItem","position":2,"name":"Despesas m\u00e9dicas com cart\u00e3o de sa\u00fade n\u00e3o exigem recibos: novas regras para dedu\u00e7\u00f5es fiscais"}]},{"@type":"WebSite","@id":"https:\/\/www.em.com.br\/emfoco\/#website","url":"https:\/\/www.em.com.br\/emfoco\/","name":"Estado de Minas - Em foco","description":"Acompanhe as \u00faltimas not\u00edcias e fique bem informado sobre tudo o que acontece em Minas Gerais, Brasil e no mundo.","potentialAction":[{"@type":"SearchAction","target":{"@type":"EntryPoint","urlTemplate":"https:\/\/www.em.com.br\/emfoco\/?s={search_term_string}"},"query-input":{"@type":"PropertyValueSpecification","valueRequired":true,"valueName":"search_term_string"}}],"inLanguage":"pt-BR"},{"@type":"Person","@id":"https:\/\/www.em.com.br\/emfoco\/#\/schema\/person\/60eda09c1fedf0d6891f4cef4b60b8b8","name":"Andre\u0301 Rangel\u00a0","image":{"@type":"ImageObject","inLanguage":"pt-BR","@id":"https:\/\/www.em.com.br\/emfoco\/#\/schema\/person\/image\/","url":"https:\/\/secure.gravatar.com\/avatar\/6234dc814c77c8ef6d8bba622c787efc?s=96&d=mm&r=g","contentUrl":"https:\/\/secure.gravatar.com\/avatar\/6234dc814c77c8ef6d8bba622c787efc?s=96&d=mm&r=g","caption":"Andre\u0301 Rangel\u00a0"},"url":"https:\/\/www.em.com.br\/emfoco\/author\/luizmyth\/"}]}},"_links":{"self":[{"href":"https:\/\/www.em.com.br\/emfoco\/wp-json\/wp\/v2\/posts\/199463","targetHints":{"allow":["GET"]}}],"collection":[{"href":"https:\/\/www.em.com.br\/emfoco\/wp-json\/wp\/v2\/posts"}],"about":[{"href":"https:\/\/www.em.com.br\/emfoco\/wp-json\/wp\/v2\/types\/post"}],"author":[{"embeddable":true,"href":"https:\/\/www.em.com.br\/emfoco\/wp-json\/wp\/v2\/users\/11"}],"replies":[{"embeddable":true,"href":"https:\/\/www.em.com.br\/emfoco\/wp-json\/wp\/v2\/comments?post=199463"}],"version-history":[{"count":1,"href":"https:\/\/www.em.com.br\/emfoco\/wp-json\/wp\/v2\/posts\/199463\/revisions"}],"predecessor-version":[{"id":199575,"href":"https:\/\/www.em.com.br\/emfoco\/wp-json\/wp\/v2\/posts\/199463\/revisions\/199575"}],"wp:featuredmedia":[{"embeddable":true,"href":"https:\/\/www.em.com.br\/emfoco\/wp-json\/wp\/v2\/media\/199520"}],"wp:attachment":[{"href":"https:\/\/www.em.com.br\/emfoco\/wp-json\/wp\/v2\/media?parent=199463"}],"wp:term":[{"taxonomy":"category","embeddable":true,"href":"https:\/\/www.em.com.br\/emfoco\/wp-json\/wp\/v2\/categories?post=199463"},{"taxonomy":"post_tag","embeddable":true,"href":"https:\/\/www.em.com.br\/emfoco\/wp-json\/wp\/v2\/tags?post=199463"}],"curies":[{"name":"wp","href":"https:\/\/api.w.org\/{rel}","templated":true}]}}