{"id":199462,"date":"2026-04-26T20:45:00","date_gmt":"2026-04-26T23:45:00","guid":{"rendered":"https:\/\/www.em.com.br\/emfoco\/?p=199462"},"modified":"2026-04-25T17:35:19","modified_gmt":"2026-04-25T20:35:19","slug":"estes-5-minutos-de-autocuidado-no-banho-podem-transformar-a-autoestima-da-mulher-40-no-dia-a-dia","status":"publish","type":"post","link":"https:\/\/www.em.com.br\/emfoco\/2026\/04\/26\/estes-5-minutos-de-autocuidado-no-banho-podem-transformar-a-autoestima-da-mulher-40-no-dia-a-dia\/","title":{"rendered":"Estes 5 minutos de autocuidado no banho podem transformar a autoestima da mulher 40+ no dia a dia"},"content":{"rendered":"\n<p>Voc\u00ea entra no chuveiro ap\u00f3s um dia exaustivo e percebe que os <strong>produtos de banho<\/strong> certos podem transformar seu banheiro em um spa particular de luxo. Como garantir que a sensa\u00e7\u00e3o de limpeza e o perfume marcante durem muito al\u00e9m do momento do enx\u00e1gue?<\/p>\n\n\n\n<h2 class=\"wp-block-heading\">Por que escolher os produtos de banho ideais faz toda a diferen\u00e7a?<\/h2>\n\n\n\n<p>O ritual de higiene pessoal vai muito al\u00e9m da simples limpeza superficial da pele cansada e sem vida. Investir em <strong>produtos de banho<\/strong> com f\u00f3rmulas ricas permite que voc\u00ea cuide da sa\u00fade cut\u00e2nea enquanto relaxa profundamente no chuveiro. O uso de itens com <strong>fragr\u00e2ncias sofisticadas<\/strong> ajuda a elevar o humor e prepara o esp\u00edrito para uma noite de descanso reparador.<\/p>\n\n\n\n<p>A escolha correta dos ativos presentes nos sabonetes e \u00f3leos evita o ressecamento excessivo causado pela \u00e1gua quente do cotidiano. Muitas mulheres preferem texturas cremosas que deixam um <strong>toque acetinado<\/strong> e uma luminosidade natural por todo o corpo feminino. Ter um kit personalizado garante que seu <strong>momento de autocuidado<\/strong> seja sempre prazeroso e extremamente eficiente para a beleza.<\/p>\n\n\n<div class=\"wp-block-image\">\n<figure class=\"aligncenter size-large\"><img loading=\"lazy\" decoding=\"async\" width=\"1024\" height=\"576\" src=\"https:\/\/www.em.com.br\/emfoco\/wp-content\/uploads\/2026\/04\/banho_1777146593315-1024x576.jpg\" alt=\"rodutos de banho\" class=\"wp-image-199464\" srcset=\"https:\/\/www.em.com.br\/emfoco\/wp-content\/uploads\/2026\/04\/banho_1777146593315-1024x576.jpg 1024w, https:\/\/www.em.com.br\/emfoco\/wp-content\/uploads\/2026\/04\/banho_1777146593315-300x169.jpg 300w, https:\/\/www.em.com.br\/emfoco\/wp-content\/uploads\/2026\/04\/banho_1777146593315-768x432.jpg 768w, https:\/\/www.em.com.br\/emfoco\/wp-content\/uploads\/2026\/04\/banho_1777146593315-750x422.jpg 750w, https:\/\/www.em.com.br\/emfoco\/wp-content\/uploads\/2026\/04\/banho_1777146593315-1140x641.jpg 1140w, https:\/\/www.em.com.br\/emfoco\/wp-content\/uploads\/2026\/04\/banho_1777146593315.jpg 1280w\" sizes=\"auto, (max-width: 1024px) 100vw, 1024px\" \/><figcaption class=\"wp-element-caption\">A escolha correta dos ativos presentes nos sabonetes e \u00f3leos evita o ressecamento excessivo causado pela \u00e1gua quente do cotidiano &#8211; Cr\u00e9ditos: depositphotos.com \/ poznyakov<\/figcaption><\/figure><\/div>\n\n\n<p>Leia tamb\u00e9m: <a href=\"https:\/\/www.em.com.br\/emfoco\/2026\/04\/22\/bucha-vegetal-faz-mal-para-a-pele-ou-tudo-depende-do-uso-e-dos-cuidados-no-banho-diario\/\" target=\"_blank\" rel=\"noreferrer noopener\">Bucha vegetal faz mal para a pele ou tudo depende do uso e dos cuidados no banho di\u00e1rio<\/a><\/p>\n\n\n\n<h2 class=\"wp-block-heading\">Quais itens n\u00e3o podem faltar no seu kit de higiene pessoal?<\/h2>\n\n\n\n<p>Um cronograma de banho completo exige uma variedade de texturas que atendam \u00e0s necessidades espec\u00edficas de cada regi\u00e3o do seu corpo. Sabonetes l\u00edquidos com PH neutro preservam a <strong>barreira de prote\u00e7\u00e3o<\/strong> natural enquanto removem as impurezas acumuladas durante o dia agitado. Esses itens s\u00e3o fundamentais para manter a <strong>pele saud\u00e1vel<\/strong> e livre de irrita\u00e7\u00f5es causadas por agentes externos agressivos do ambiente.<\/p>\n\n\n\n<p>Al\u00e9m do sabonete comum, outros complementos garantem que o perfume grude na derme de forma muito mais intensa e duradoura. A lista a seguir apresenta sugest\u00f5es de cosm\u00e9ticos que potencializam a limpeza e deixam um <strong>rastro perfumado<\/strong> inesquec\u00edvel por onde voc\u00ea passar:<\/p>\n\n\n\n<ul class=\"wp-block-list\">\n<li>Esfoliantes corporais para remover <strong>c\u00e9lulas mortas<\/strong> e renovar a textura da superf\u00edcie cut\u00e2nea.<\/li>\n\n\n\n<li>\u00d3leos de banho que hidratam profundamente e criam uma <strong>pel\u00edcula protetora<\/strong> contra a perda de \u00e1gua.<\/li>\n\n\n\n<li>Sais de banho relaxantes para aliviar a <strong>tens\u00e3o muscular<\/strong> e promover um bem-estar imediato e profundo.<\/li>\n<\/ul>\n\n\n\n<figure class=\"wp-block-embed is-type-rich is-provider-pinterest wp-block-embed-pinterest\"><div class=\"wp-block-embed__wrapper\">\n<iframe loading=\"lazy\" title=\" \" src=\"https:\/\/assets.pinterest.com\/ext\/embed.html?id=44473115065745797&#038;src=oembed\" height=\"663\" width=\"450\" frameborder=\"0\" scrolling=\"no\" ><\/iframe>\n<\/div><\/figure>\n\n\n\n<p>A combina\u00e7\u00e3o desses elementos ajuda a manter a pele macia e pronta para receber os tratamentos de hidrata\u00e7\u00e3o posteriores. Utilizar uma esponja macia auxilia na <strong>ativa\u00e7\u00e3o da circula\u00e7\u00e3o<\/strong> sangu\u00ednea perif\u00e9rica durante os movimentos circulares da lavagem. Esses pequenos cuidados di\u00e1rios refletem diretamente na <strong>vitalidade do corpo<\/strong> e na apar\u00eancia jovem da sua silhueta.<\/p>\n\n\n\n<h2 class=\"wp-block-heading\">Como os produtos de banho garantem um perfume prolongado na pele?<\/h2>\n\n\n\n<p>O segredo para exalar um cheiro maravilhoso o dia todo reside na t\u00e9cnica de camadas de fragr\u00e2ncias complementares entre si. Utilizar <strong>produtos de banho<\/strong> que possuam as mesmas notas olfativas do seu hidratante e perfume favorito cria uma base s\u00f3lida. Essa estrat\u00e9gia inteligente impede que o aroma evapore rapidamente e mant\u00e9m a <strong>sensa\u00e7\u00e3o de frescor<\/strong> por muito mais tempo na rotina.<\/p>\n\n\n\n<p>Aplicar um \u00f3leo corporal com a pele ainda \u00famida ajuda a fixar as mol\u00e9culas de perfume de maneira muito mais eficaz. Esse h\u00e1bito simples transforma a rotina b\u00e1sica em uma verdadeira <strong>experi\u00eancia sensorial<\/strong> completa que desperta todos os sentidos femininos de forma \u00fanica. Valorizar cada etapa do processo garante que voc\u00ea se sinta <strong>cheirosa e confiante<\/strong> em qualquer compromisso social ou profissional importante.<\/p>\n\n\n\n<p>Para voc\u00ea que gosta de se cuidar, separamos um v\u00eddeo do canal <a href=\"https:\/\/www.youtube.com\/@ayasminabreu\" target=\"_blank\" rel=\"noreferrer noopener\">Yas Abreu <\/a>com dicas de produtos para seu banho:<\/p>\n\n\n\n<figure class=\"wp-block-embed is-type-video is-provider-youtube wp-block-embed-youtube wp-embed-aspect-16-9 wp-has-aspect-ratio\"><div class=\"wp-block-embed__wrapper\">\n<div class=\"jeg_video_container jeg_video_content\"><iframe loading=\"lazy\" title=\"COMO MONTAR ROTINA DE BANHO\ud83d\udec1\ud83d\udc97 indica\u00e7\u00f5es de produtos de autocuidado + dicas\" width=\"500\" height=\"281\" src=\"https:\/\/www.youtube.com\/embed\/xRgFGv46bzo?feature=oembed\" frameborder=\"0\" allow=\"accelerometer; autoplay; clipboard-write; encrypted-media; gyroscope; picture-in-picture; web-share\" referrerpolicy=\"strict-origin-when-cross-origin\" allowfullscreen><\/iframe><\/div>\n<\/div><\/figure>\n\n\n\n<h2 class=\"wp-block-heading\">Quais s\u00e3o os benef\u00edcios de utilizar produtos de banho com ativos naturais?<\/h2>\n\n\n\n<p>Ingredientes extra\u00eddos diretamente da natureza oferecem uma limpeza mais gentil e livre de componentes qu\u00edmicos pesados ou prejudiciais \u00e0 sa\u00fade. Optar por <strong>produtos de banho<\/strong> com extratos de plantas ou flores garante uma nutri\u00e7\u00e3o intensa sem causar alergias ou sensibilidade. Esses compostos org\u00e2nicos promovem uma <strong>limpeza profunda<\/strong> enquanto respeitam totalmente o equil\u00edbrio biol\u00f3gico da sua derme delicada e sens\u00edvel.<\/p>\n\n\n\n<p>A presen\u00e7a de \u00f3leos vegetais puros nas f\u00f3rmulas ajuda a recuperar a elasticidade e traz um brilho saud\u00e1vel para as pernas. Muitas marcas nacionais investem em tecnologias limpas para criar <strong>cosm\u00e9ticos sustent\u00e1veis<\/strong> que cuidam da sua beleza e preservam o meio ambiente. Aproveite os benef\u00edcios da aromaterapia natural para reduzir o <strong>n\u00edvel de estresse<\/strong> e melhorar a qualidade do seu sono noturno di\u00e1rio.<\/p>\n\n\n\n<figure class=\"wp-block-embed is-type-rich is-provider-pinterest wp-block-embed-pinterest\"><div class=\"wp-block-embed__wrapper\">\n<iframe loading=\"lazy\" title=\"B\u00e1sico para ficar cheirosa \ud83e\uddfc\ud83c\udf38\" src=\"https:\/\/assets.pinterest.com\/ext\/embed.html?id=884112970627611852&#038;src=oembed\" height=\"899\" width=\"450\" frameborder=\"0\" scrolling=\"no\" ><\/iframe>\n<\/div><\/figure>\n\n\n\n<h2 class=\"wp-block-heading\">Transforme sua rotina em um momento de puro prazer<\/h2>\n\n\n\n<p>Dedique um tempo exclusivo para cuidar de si mesma com calma e muita aten\u00e7\u00e3o aos pequenos detalhes. Escolha itens que tragam <strong>alegria e conforto<\/strong> para o seu ritual di\u00e1rio de limpeza corporal. Valorize sua <strong>autoestima e bem-estar<\/strong> atrav\u00e9s desses pequenos gestos de carinho e cuidado pessoal constante.<\/p>\n\n\n\n<p>Experimente novas combina\u00e7\u00f5es de fragr\u00e2ncias para encontrar aquela que melhor define sua personalidade vibrante e \u00fanica no mundo. Mantenha sua pele sempre bem cuidada e com um <strong>perfume irresist\u00edvel<\/strong> em todas as esta\u00e7\u00f5es do ano. Sinta-se <strong>renovada e poderosa<\/strong> ap\u00f3s cada encontro relaxante com a \u00e1gua do seu chuveiro.<\/p>\n","protected":false},"excerpt":{"rendered":"<p>Voc\u00ea entra no chuveiro ap\u00f3s um dia exaustivo e percebe que os produtos de banho certos podem transformar seu banheiro em um spa particular de luxo. Como garantir que a sensa\u00e7\u00e3o de limpeza e o perfume marcante durem muito al\u00e9m do momento do enx\u00e1gue? Por que escolher os produtos de banho ideais faz toda a [&hellip;]<\/p>\n","protected":false},"author":9,"featured_media":199544,"comment_status":"open","ping_status":"open","sticky":false,"template":"","format":"standard","meta":{"jnews-multi-image_gallery":[],"jnews_single_post":{"format":"standard"},"jnews_primary_category":[],"jnews_social_meta":[],"jnews_override_counter":[],"footnotes":""},"categories":[8691,8819],"tags":[712,8408,6250],"class_list":["post-199462","post","type-post","status-publish","format-standard","has-post-thumbnail","hentry","category-bem-estar","category-curiosidades","tag-autocuidado","tag-beleza-feminina","tag-higiene-pessoal"],"yoast_head":"<!-- This site is optimized with the Yoast SEO plugin v23.8 - https:\/\/yoast.com\/wordpress\/plugins\/seo\/ -->\n<title>Estes 5 minutos de autocuidado no banho podem transformar a autoestima da mulher 40+ no dia a dia - Estado de Minas - Em foco<\/title>\n<meta name=\"description\" content=\"Os produtos de banho ideais transformam sua rotina de higiene em um spa relaxante com perfumes marcantes e hidrata\u00e7\u00e3o profunda para a pele\" \/>\n<meta name=\"robots\" content=\"index, follow, max-snippet:-1, max-image-preview:large, max-video-preview:-1\" \/>\n<link rel=\"canonical\" href=\"https:\/\/www.em.com.br\/emfoco\/2026\/04\/26\/estes-5-minutos-de-autocuidado-no-banho-podem-transformar-a-autoestima-da-mulher-40-no-dia-a-dia\/\" \/>\n<meta property=\"og:locale\" content=\"pt_BR\" \/>\n<meta property=\"og:type\" content=\"article\" \/>\n<meta property=\"og:title\" content=\"Estes 5 minutos de autocuidado no banho podem transformar a autoestima da mulher 40+ no dia a dia - Estado de Minas - Em foco\" \/>\n<meta property=\"og:description\" content=\"Os produtos de banho ideais transformam sua rotina de higiene em um spa relaxante com perfumes marcantes e hidrata\u00e7\u00e3o profunda para a pele\" \/>\n<meta property=\"og:url\" content=\"https:\/\/www.em.com.br\/emfoco\/2026\/04\/26\/estes-5-minutos-de-autocuidado-no-banho-podem-transformar-a-autoestima-da-mulher-40-no-dia-a-dia\/\" \/>\n<meta property=\"og:site_name\" content=\"Estado de Minas - Em foco\" \/>\n<meta property=\"article:published_time\" content=\"2026-04-26T23:45:00+00:00\" \/>\n<meta property=\"article:modified_time\" content=\"2026-04-25T20:35:19+00:00\" \/>\n<meta property=\"og:image\" content=\"https:\/\/www.em.com.br\/emfoco\/wp-content\/uploads\/2026\/04\/Oeste_56.jpg\" \/>\n\t<meta property=\"og:image:width\" content=\"1280\" \/>\n\t<meta property=\"og:image:height\" content=\"720\" \/>\n\t<meta property=\"og:image:type\" content=\"image\/jpeg\" \/>\n<meta name=\"author\" content=\"Daniely Cardoso\" \/>\n<meta name=\"twitter:card\" content=\"summary_large_image\" \/>\n<meta name=\"twitter:label1\" content=\"Escrito por\" \/>\n\t<meta name=\"twitter:data1\" content=\"Daniely Cardoso\" \/>\n\t<meta name=\"twitter:label2\" content=\"Est. tempo de leitura\" \/>\n\t<meta name=\"twitter:data2\" content=\"5 minutos\" \/>\n<!-- \/ Yoast SEO plugin. -->","yoast_head_json":{"title":"Estes 5 minutos de autocuidado no banho podem transformar a autoestima da mulher 40+ no dia a dia - Estado de Minas - Em foco","description":"Os produtos de banho ideais transformam sua rotina de higiene em um spa relaxante com perfumes marcantes e hidrata\u00e7\u00e3o profunda para a pele","robots":{"index":"index","follow":"follow","max-snippet":"max-snippet:-1","max-image-preview":"max-image-preview:large","max-video-preview":"max-video-preview:-1"},"canonical":"https:\/\/www.em.com.br\/emfoco\/2026\/04\/26\/estes-5-minutos-de-autocuidado-no-banho-podem-transformar-a-autoestima-da-mulher-40-no-dia-a-dia\/","og_locale":"pt_BR","og_type":"article","og_title":"Estes 5 minutos de autocuidado no banho podem transformar a autoestima da mulher 40+ no dia a dia - Estado de Minas - Em foco","og_description":"Os produtos de banho ideais transformam sua rotina de higiene em um spa relaxante com perfumes marcantes e hidrata\u00e7\u00e3o profunda para a pele","og_url":"https:\/\/www.em.com.br\/emfoco\/2026\/04\/26\/estes-5-minutos-de-autocuidado-no-banho-podem-transformar-a-autoestima-da-mulher-40-no-dia-a-dia\/","og_site_name":"Estado de Minas - Em foco","article_published_time":"2026-04-26T23:45:00+00:00","article_modified_time":"2026-04-25T20:35:19+00:00","og_image":[{"width":1280,"height":720,"url":"https:\/\/www.em.com.br\/emfoco\/wp-content\/uploads\/2026\/04\/Oeste_56.jpg","type":"image\/jpeg"}],"author":"Daniely Cardoso","twitter_card":"summary_large_image","twitter_misc":{"Escrito por":"Daniely Cardoso","Est. tempo de leitura":"5 minutos"},"schema":{"@context":"https:\/\/schema.org","@graph":[{"@type":"WebPage","@id":"https:\/\/www.em.com.br\/emfoco\/2026\/04\/26\/estes-5-minutos-de-autocuidado-no-banho-podem-transformar-a-autoestima-da-mulher-40-no-dia-a-dia\/","url":"https:\/\/www.em.com.br\/emfoco\/2026\/04\/26\/estes-5-minutos-de-autocuidado-no-banho-podem-transformar-a-autoestima-da-mulher-40-no-dia-a-dia\/","name":"Estes 5 minutos de autocuidado no banho podem transformar a autoestima da mulher 40+ no dia a dia - Estado de Minas - Em foco","isPartOf":{"@id":"https:\/\/www.em.com.br\/emfoco\/#website"},"primaryImageOfPage":{"@id":"https:\/\/www.em.com.br\/emfoco\/2026\/04\/26\/estes-5-minutos-de-autocuidado-no-banho-podem-transformar-a-autoestima-da-mulher-40-no-dia-a-dia\/#primaryimage"},"image":{"@id":"https:\/\/www.em.com.br\/emfoco\/2026\/04\/26\/estes-5-minutos-de-autocuidado-no-banho-podem-transformar-a-autoestima-da-mulher-40-no-dia-a-dia\/#primaryimage"},"thumbnailUrl":"https:\/\/www.em.com.br\/emfoco\/wp-content\/uploads\/2026\/04\/Oeste_56.jpg","datePublished":"2026-04-26T23:45:00+00:00","dateModified":"2026-04-25T20:35:19+00:00","author":{"@id":"https:\/\/www.em.com.br\/emfoco\/#\/schema\/person\/0a8186d72f2c3a5c6276d90b41f271a0"},"description":"Os produtos de banho ideais transformam sua rotina de higiene em um spa relaxante com perfumes marcantes e hidrata\u00e7\u00e3o profunda para a pele","breadcrumb":{"@id":"https:\/\/www.em.com.br\/emfoco\/2026\/04\/26\/estes-5-minutos-de-autocuidado-no-banho-podem-transformar-a-autoestima-da-mulher-40-no-dia-a-dia\/#breadcrumb"},"inLanguage":"pt-BR","potentialAction":[{"@type":"ReadAction","target":["https:\/\/www.em.com.br\/emfoco\/2026\/04\/26\/estes-5-minutos-de-autocuidado-no-banho-podem-transformar-a-autoestima-da-mulher-40-no-dia-a-dia\/"]}]},{"@type":"ImageObject","inLanguage":"pt-BR","@id":"https:\/\/www.em.com.br\/emfoco\/2026\/04\/26\/estes-5-minutos-de-autocuidado-no-banho-podem-transformar-a-autoestima-da-mulher-40-no-dia-a-dia\/#primaryimage","url":"https:\/\/www.em.com.br\/emfoco\/wp-content\/uploads\/2026\/04\/Oeste_56.jpg","contentUrl":"https:\/\/www.em.com.br\/emfoco\/wp-content\/uploads\/2026\/04\/Oeste_56.jpg","width":1280,"height":720,"caption":"T\u00e9cnica de camadas de fragr\u00e2ncias e \u00f3leos fixadores prolonga o perfume p\u00f3s-banho"},{"@type":"BreadcrumbList","@id":"https:\/\/www.em.com.br\/emfoco\/2026\/04\/26\/estes-5-minutos-de-autocuidado-no-banho-podem-transformar-a-autoestima-da-mulher-40-no-dia-a-dia\/#breadcrumb","itemListElement":[{"@type":"ListItem","position":1,"name":"In\u00edcio","item":"https:\/\/www.em.com.br\/emfoco\/"},{"@type":"ListItem","position":2,"name":"Estes 5 minutos de autocuidado no banho podem transformar a autoestima da mulher 40+ no dia a dia"}]},{"@type":"WebSite","@id":"https:\/\/www.em.com.br\/emfoco\/#website","url":"https:\/\/www.em.com.br\/emfoco\/","name":"Estado de Minas - Em foco","description":"Acompanhe as \u00faltimas not\u00edcias e fique bem informado sobre tudo o que acontece em Minas Gerais, Brasil e no mundo.","potentialAction":[{"@type":"SearchAction","target":{"@type":"EntryPoint","urlTemplate":"https:\/\/www.em.com.br\/emfoco\/?s={search_term_string}"},"query-input":{"@type":"PropertyValueSpecification","valueRequired":true,"valueName":"search_term_string"}}],"inLanguage":"pt-BR"},{"@type":"Person","@id":"https:\/\/www.em.com.br\/emfoco\/#\/schema\/person\/0a8186d72f2c3a5c6276d90b41f271a0","name":"Daniely Cardoso","image":{"@type":"ImageObject","inLanguage":"pt-BR","@id":"https:\/\/www.em.com.br\/emfoco\/#\/schema\/person\/image\/","url":"https:\/\/secure.gravatar.com\/avatar\/4b80ddbd124d1f071b626d52d62e5dff?s=96&d=mm&r=g","contentUrl":"https:\/\/secure.gravatar.com\/avatar\/4b80ddbd124d1f071b626d52d62e5dff?s=96&d=mm&r=g","caption":"Daniely Cardoso"},"url":"https:\/\/www.em.com.br\/emfoco\/author\/danielymyth\/"}]}},"_links":{"self":[{"href":"https:\/\/www.em.com.br\/emfoco\/wp-json\/wp\/v2\/posts\/199462","targetHints":{"allow":["GET"]}}],"collection":[{"href":"https:\/\/www.em.com.br\/emfoco\/wp-json\/wp\/v2\/posts"}],"about":[{"href":"https:\/\/www.em.com.br\/emfoco\/wp-json\/wp\/v2\/types\/post"}],"author":[{"embeddable":true,"href":"https:\/\/www.em.com.br\/emfoco\/wp-json\/wp\/v2\/users\/9"}],"replies":[{"embeddable":true,"href":"https:\/\/www.em.com.br\/emfoco\/wp-json\/wp\/v2\/comments?post=199462"}],"version-history":[{"count":2,"href":"https:\/\/www.em.com.br\/emfoco\/wp-json\/wp\/v2\/posts\/199462\/revisions"}],"predecessor-version":[{"id":199499,"href":"https:\/\/www.em.com.br\/emfoco\/wp-json\/wp\/v2\/posts\/199462\/revisions\/199499"}],"wp:featuredmedia":[{"embeddable":true,"href":"https:\/\/www.em.com.br\/emfoco\/wp-json\/wp\/v2\/media\/199544"}],"wp:attachment":[{"href":"https:\/\/www.em.com.br\/emfoco\/wp-json\/wp\/v2\/media?parent=199462"}],"wp:term":[{"taxonomy":"category","embeddable":true,"href":"https:\/\/www.em.com.br\/emfoco\/wp-json\/wp\/v2\/categories?post=199462"},{"taxonomy":"post_tag","embeddable":true,"href":"https:\/\/www.em.com.br\/emfoco\/wp-json\/wp\/v2\/tags?post=199462"}],"curies":[{"name":"wp","href":"https:\/\/api.w.org\/{rel}","templated":true}]}}