{"id":199453,"date":"2026-04-27T19:15:00","date_gmt":"2026-04-27T22:15:00","guid":{"rendered":"https:\/\/www.em.com.br\/emfoco\/?p=199453"},"modified":"2026-04-26T06:55:55","modified_gmt":"2026-04-26T09:55:55","slug":"adeus-as-mochilas-pesadas-a-nova-tendencia-de-2026-une-organizacao-design-e-praticidade","status":"publish","type":"post","link":"https:\/\/www.em.com.br\/emfoco\/2026\/04\/27\/adeus-as-mochilas-pesadas-a-nova-tendencia-de-2026-une-organizacao-design-e-praticidade\/","title":{"rendered":"Adeus \u00e0s mochilas pesadas, a nova tend\u00eancia de 2026 une organiza\u00e7\u00e3o design e praticidade"},"content":{"rendered":"\n<p>Carregar um acess\u00f3rio volumoso deixou de ser sin\u00f4nimo de preparo para o cotidiano. Em <strong>2026<\/strong>, o mercado urbano \u00e9 dominado por uma gera\u00e7\u00e3o de <strong>mochilas<\/strong> que priorizam o volume reduzido e compartimentos inteligentes para facilitar o tr\u00e2nsito entre compromissos.<\/p>\n\n\n\n<h2 class=\"wp-block-heading\">Como o movimento Gorpcore influencia o design atual?<\/h2>\n\n\n\n<p>A mudan\u00e7a est\u00e9tica \u00e9 impulsionada pelo <strong>Gorpcore<\/strong>, estilo que une o visual de trilha ao desempenho t\u00e9cnico das grandes cidades. Esse movimento transforma as chamadas <strong>utility backpacks<\/strong> em pe\u00e7as estruturadas que entregam funcionalidade extrema sem comprometer a apar\u00eancia visual do usu\u00e1rio.<\/p>\n\n\n\n<p>Essa tend\u00eancia refor\u00e7a a prefer\u00eancia por itens vers\u00e1teis e capazes de transportar apenas o essencial. O resultado pr\u00e1tico \u00e9 a redu\u00e7\u00e3o do peso desnecess\u00e1rio, permitindo que profissionais e estudantes transitem com mais agilidade em ambientes como metr\u00f4s e escrit\u00f3rios corporativos.<\/p>\n\n\n<div class=\"wp-block-image\">\n<figure class=\"aligncenter size-large\"><img loading=\"lazy\" decoding=\"async\" width=\"1024\" height=\"576\" src=\"https:\/\/www.em.com.br\/emfoco\/wp-content\/uploads\/2026\/04\/mochial2-1-1024x576.jpg\" alt=\"a nova tend\u00eancia tecnol\u00f3gica que une praticidade e estilo para o dia a dia\" class=\"wp-image-199467\" srcset=\"https:\/\/www.em.com.br\/emfoco\/wp-content\/uploads\/2026\/04\/mochial2-1-1024x576.jpg 1024w, https:\/\/www.em.com.br\/emfoco\/wp-content\/uploads\/2026\/04\/mochial2-1-300x169.jpg 300w, https:\/\/www.em.com.br\/emfoco\/wp-content\/uploads\/2026\/04\/mochial2-1-768x432.jpg 768w, https:\/\/www.em.com.br\/emfoco\/wp-content\/uploads\/2026\/04\/mochial2-1-750x422.jpg 750w, https:\/\/www.em.com.br\/emfoco\/wp-content\/uploads\/2026\/04\/mochial2-1-1140x641.jpg 1140w, https:\/\/www.em.com.br\/emfoco\/wp-content\/uploads\/2026\/04\/mochial2-1.jpg 1280w\" sizes=\"auto, (max-width: 1024px) 100vw, 1024px\" \/><figcaption class=\"wp-element-caption\">A nova tend\u00eancia tecnol\u00f3gica que une praticidade e estilo para o dia a dia<\/figcaption><\/figure><\/div>\n\n\n<h2 class=\"wp-block-heading\">Quais materiais garantem a durabilidade dos novos modelos?<\/h2>\n\n\n\n<p>Os modelos mais procurados neste ano utilizam o <strong>nylon bal\u00edstico<\/strong>, material reconhecido pela alta resist\u00eancia a cortes. Outra op\u00e7\u00e3o frequente \u00e9 o <strong>poli\u00e9ster de alta densidade<\/strong> resinado em <strong>PVC<\/strong>, que confere impermeabilidade ao produto sem adicionar peso extra \u00e0 estrutura.<\/p>\n\n\n\n<p>No segmento executivo, marcas como a <strong>Maybag<\/strong> lan\u00e7aram linhas em <strong><a href=\"https:\/\/www.em.com.br\/emfoco\/2026\/04\/25\/adeus-aos-saltos-desconfortaveis-a-nova-tendencia-de-2026-une-estilo-leveza-e-bem-estar\/\" target=\"_blank\" rel=\"noreferrer noopener\">couro leg\u00edtimo<\/a><\/strong> com design slim para notebooks. \u00c9 importante notar que a maioria dessas pe\u00e7as possui certifica\u00e7\u00e3o de resist\u00eancia \u00e0 \u00e1gua, protegendo equipamentos eletr\u00f4nicos contra chuvas leves e umidade externa.<\/p>\n\n\n\n<h2 class=\"wp-block-heading\">O nylon bal\u00edstico \u00e9 realmente necess\u00e1rio?<\/h2>\n\n\n\n<p>Para quem utiliza <strong>mochilas<\/strong> em trajetos di\u00e1rios intensos, o nylon bal\u00edstico evita o desgaste prematuro nas zonas de maior atrito. Sua trama fechada impede que fios se soltem, mantendo o aspecto de novo por muito mais tempo que tecidos convencionais.<\/p>\n\n\n\n<p>Tecidos resistentes suportam garoas, enquanto a impermeabiliza\u00e7\u00e3o total exige veda\u00e7\u00f5es espec\u00edficas nos z\u00edperes. Para o uso urbano comum, a resist\u00eancia certificada costuma ser suficiente para garantir a integridade de tablets e computadores port\u00e1teis.<\/p>\n\n\n<div class=\"wp-block-image\">\n<figure class=\"aligncenter size-large\"><img loading=\"lazy\" decoding=\"async\" width=\"1024\" height=\"576\" src=\"https:\/\/www.em.com.br\/emfoco\/wp-content\/uploads\/2026\/04\/mochila02-1024x576.jpg\" alt=\"A alternativa compacta que est\u00e1 aposentando as mochilas grandes entre profissionais e estudantes\" class=\"wp-image-199468\" srcset=\"https:\/\/www.em.com.br\/emfoco\/wp-content\/uploads\/2026\/04\/mochila02-1024x576.jpg 1024w, https:\/\/www.em.com.br\/emfoco\/wp-content\/uploads\/2026\/04\/mochila02-300x169.jpg 300w, https:\/\/www.em.com.br\/emfoco\/wp-content\/uploads\/2026\/04\/mochila02-768x432.jpg 768w, https:\/\/www.em.com.br\/emfoco\/wp-content\/uploads\/2026\/04\/mochila02-750x422.jpg 750w, https:\/\/www.em.com.br\/emfoco\/wp-content\/uploads\/2026\/04\/mochila02-1140x641.jpg 1140w, https:\/\/www.em.com.br\/emfoco\/wp-content\/uploads\/2026\/04\/mochila02.jpg 1280w\" sizes=\"auto, (max-width: 1024px) 100vw, 1024px\" \/><figcaption class=\"wp-element-caption\">A alternativa compacta que est\u00e1 aposentando as mochilas grandes entre profissionais e estudantes<\/figcaption><\/figure><\/div>\n\n\n<h2 class=\"wp-block-heading\">Como a organiza\u00e7\u00e3o interna melhora a produtividade?<\/h2>\n\n\n\n<p>O diferencial das <strong>mochilas<\/strong> modernas reside na intelig\u00eancia dos seus nichos internos. Os modelos de elite trazem compartimentos acolchoados em <strong>360\u00b0<\/strong> para notebooks e bolsos de acesso r\u00e1pido, permitindo que o celular e chaves sejam encontrados em poucos segundos.<\/p>\n\n\n\n<p>Abaixo, listamos os elementos essenciais de uma mochila funcional:<\/p>\n\n\n\n<ul class=\"wp-block-list\">\n<li><strong>Porta USB integrada<\/strong> para recarregar dispositivos m\u00f3veis com powerbanks.<\/li>\n\n\n\n<li><strong>Bolsos laterais<\/strong> discretos para garrafas de hidrata\u00e7\u00e3o.<\/li>\n\n\n\n<li><strong>Espa\u00e7o dedicado<\/strong> para tablets e leitores digitais.<\/li>\n\n\n\n<li><strong>Painel traseiro<\/strong> respir\u00e1vel para evitar o ac\u00famulo de suor nas costas.<\/li>\n<\/ul>\n\n\n\n<h2 class=\"wp-block-heading\">Qual o impacto do peso excessivo na sa\u00fade postural?<\/h2>\n\n\n\n<p>Existe uma raz\u00e3o m\u00e9dica para preferir acess\u00f3rios leves e bem distribu\u00eddos no corpo. Estudos publicados pela <a href=\"https:\/\/www.revistas.usp.br\/actafisiatrica\" target=\"_blank\" rel=\"noreferrer noopener\"><strong>Acta Fisi\u00e1trica da USP<\/strong><\/a> apontam que a sobrecarga biomec\u00e2nica causa estresse muscular severo e problemas posturais que podem se tornar irrevers\u00edveis.<\/p>\n\n\n\n<p>A recomenda\u00e7\u00e3o t\u00e9cnica \u00e9 que o peso total n\u00e3o ultrapasse <strong>10%<\/strong> da massa corporal do usu\u00e1rio. As vers\u00f5es compactas de marcas como <strong>Targus<\/strong>, <strong>Dell<\/strong> e <strong>Tokshop<\/strong> incentivam uma sele\u00e7\u00e3o rigorosa do que carregar, prevenindo les\u00f5es cr\u00f4nicas na coluna vertebral e nos ombros.<\/p>\n\n\n\n<h2 class=\"wp-block-heading\">Para quem o modelo slim \u00e9 realmente indicado?<\/h2>\n\n\n\n<p>A <strong>mochila slim<\/strong> \u00e9 ideal para quem utiliza notebooks de at\u00e9 <strong>15,6 polegadas<\/strong> e mant\u00e9m rotinas totalmente digitais. Se voc\u00ea n\u00e3o precisa transportar grandes volumes de livros ou equipamentos de trilha, o design reduzido oferece muito mais conforto para o deslocamento urbano.<\/p>\n\n\n\n<p>Adotar essa tend\u00eancia significa escolher a efici\u00eancia sobre o excesso. Ao investir em <strong>mochilas<\/strong> tecnol\u00f3gicas, o usu\u00e1rio garante a prote\u00e7\u00e3o de seus bens eletr\u00f4nicos e preserva sua sa\u00fade f\u00edsica com eleg\u00e2ncia e praticidade no dia a dia.<\/p>\n","protected":false},"excerpt":{"rendered":"<p>Carregar um acess\u00f3rio volumoso deixou de ser sin\u00f4nimo de preparo para o cotidiano. Em 2026, o mercado urbano \u00e9 dominado por uma gera\u00e7\u00e3o de mochilas que priorizam o volume reduzido e compartimentos inteligentes para facilitar o tr\u00e2nsito entre compromissos. Como o movimento Gorpcore influencia o design atual? A mudan\u00e7a est\u00e9tica \u00e9 impulsionada pelo Gorpcore, estilo [&hellip;]<\/p>\n","protected":false},"author":30,"featured_media":199465,"comment_status":"open","ping_status":"open","sticky":false,"template":"","format":"standard","meta":{"jnews-multi-image_gallery":[],"jnews_single_post":{"format":"standard"},"jnews_primary_category":[],"jnews_social_meta":[],"jnews_override_counter":[],"footnotes":""},"categories":[8819],"tags":[821,6930,28760,415],"class_list":["post-199453","post","type-post","status-publish","format-standard","has-post-thumbnail","hentry","category-curiosidades","tag-design","tag-gorpcore","tag-mochilas","tag-saude"],"yoast_head":"<!-- This site is optimized with the Yoast SEO plugin v23.8 - https:\/\/yoast.com\/wordpress\/plugins\/seo\/ -->\n<title>Adeus \u00e0s mochilas pesadas, a nova tend\u00eancia de 2026 une organiza\u00e7\u00e3o design e praticidade - Estado de Minas - Em foco<\/title>\n<meta name=\"description\" content=\"Entenda por que as mochilas pesadas est\u00e3o saindo de moda. Veja a nova tend\u00eancia de 2026 que une organiza\u00e7\u00e3o, design e praticidade agora.\" \/>\n<meta name=\"robots\" content=\"index, follow, max-snippet:-1, max-image-preview:large, max-video-preview:-1\" \/>\n<link rel=\"canonical\" href=\"https:\/\/www.em.com.br\/emfoco\/2026\/04\/27\/adeus-as-mochilas-pesadas-a-nova-tendencia-de-2026-une-organizacao-design-e-praticidade\/\" \/>\n<meta property=\"og:locale\" content=\"pt_BR\" \/>\n<meta property=\"og:type\" content=\"article\" \/>\n<meta property=\"og:title\" content=\"Adeus \u00e0s mochilas pesadas, a nova tend\u00eancia de 2026 une organiza\u00e7\u00e3o design e praticidade - Estado de Minas - Em foco\" \/>\n<meta property=\"og:description\" content=\"Entenda por que as mochilas pesadas est\u00e3o saindo de moda. Veja a nova tend\u00eancia de 2026 que une organiza\u00e7\u00e3o, design e praticidade agora.\" \/>\n<meta property=\"og:url\" content=\"https:\/\/www.em.com.br\/emfoco\/2026\/04\/27\/adeus-as-mochilas-pesadas-a-nova-tendencia-de-2026-une-organizacao-design-e-praticidade\/\" \/>\n<meta property=\"og:site_name\" content=\"Estado de Minas - Em foco\" \/>\n<meta property=\"article:published_time\" content=\"2026-04-27T22:15:00+00:00\" \/>\n<meta property=\"article:modified_time\" content=\"2026-04-26T09:55:55+00:00\" \/>\n<meta property=\"og:image\" content=\"https:\/\/www.em.com.br\/emfoco\/wp-content\/uploads\/2026\/04\/mochila.jpg\" \/>\n\t<meta property=\"og:image:width\" content=\"1280\" \/>\n\t<meta property=\"og:image:height\" content=\"720\" \/>\n\t<meta property=\"og:image:type\" content=\"image\/jpeg\" \/>\n<meta name=\"author\" content=\"Guilherme Ara\u00fajo\" \/>\n<meta name=\"twitter:card\" content=\"summary_large_image\" \/>\n<meta name=\"twitter:label1\" content=\"Escrito por\" \/>\n\t<meta name=\"twitter:data1\" content=\"Guilherme Ara\u00fajo\" \/>\n\t<meta name=\"twitter:label2\" content=\"Est. tempo de leitura\" \/>\n\t<meta name=\"twitter:data2\" content=\"4 minutos\" \/>\n<!-- \/ Yoast SEO plugin. -->","yoast_head_json":{"title":"Adeus \u00e0s mochilas pesadas, a nova tend\u00eancia de 2026 une organiza\u00e7\u00e3o design e praticidade - Estado de Minas - Em foco","description":"Entenda por que as mochilas pesadas est\u00e3o saindo de moda. Veja a nova tend\u00eancia de 2026 que une organiza\u00e7\u00e3o, design e praticidade agora.","robots":{"index":"index","follow":"follow","max-snippet":"max-snippet:-1","max-image-preview":"max-image-preview:large","max-video-preview":"max-video-preview:-1"},"canonical":"https:\/\/www.em.com.br\/emfoco\/2026\/04\/27\/adeus-as-mochilas-pesadas-a-nova-tendencia-de-2026-une-organizacao-design-e-praticidade\/","og_locale":"pt_BR","og_type":"article","og_title":"Adeus \u00e0s mochilas pesadas, a nova tend\u00eancia de 2026 une organiza\u00e7\u00e3o design e praticidade - Estado de Minas - Em foco","og_description":"Entenda por que as mochilas pesadas est\u00e3o saindo de moda. Veja a nova tend\u00eancia de 2026 que une organiza\u00e7\u00e3o, design e praticidade agora.","og_url":"https:\/\/www.em.com.br\/emfoco\/2026\/04\/27\/adeus-as-mochilas-pesadas-a-nova-tendencia-de-2026-une-organizacao-design-e-praticidade\/","og_site_name":"Estado de Minas - Em foco","article_published_time":"2026-04-27T22:15:00+00:00","article_modified_time":"2026-04-26T09:55:55+00:00","og_image":[{"width":1280,"height":720,"url":"https:\/\/www.em.com.br\/emfoco\/wp-content\/uploads\/2026\/04\/mochila.jpg","type":"image\/jpeg"}],"author":"Guilherme Ara\u00fajo","twitter_card":"summary_large_image","twitter_misc":{"Escrito por":"Guilherme Ara\u00fajo","Est. tempo de leitura":"4 minutos"},"schema":{"@context":"https:\/\/schema.org","@graph":[{"@type":"WebPage","@id":"https:\/\/www.em.com.br\/emfoco\/2026\/04\/27\/adeus-as-mochilas-pesadas-a-nova-tendencia-de-2026-une-organizacao-design-e-praticidade\/","url":"https:\/\/www.em.com.br\/emfoco\/2026\/04\/27\/adeus-as-mochilas-pesadas-a-nova-tendencia-de-2026-une-organizacao-design-e-praticidade\/","name":"Adeus \u00e0s mochilas pesadas, a nova tend\u00eancia de 2026 une organiza\u00e7\u00e3o design e praticidade - Estado de Minas - Em foco","isPartOf":{"@id":"https:\/\/www.em.com.br\/emfoco\/#website"},"primaryImageOfPage":{"@id":"https:\/\/www.em.com.br\/emfoco\/2026\/04\/27\/adeus-as-mochilas-pesadas-a-nova-tendencia-de-2026-une-organizacao-design-e-praticidade\/#primaryimage"},"image":{"@id":"https:\/\/www.em.com.br\/emfoco\/2026\/04\/27\/adeus-as-mochilas-pesadas-a-nova-tendencia-de-2026-une-organizacao-design-e-praticidade\/#primaryimage"},"thumbnailUrl":"https:\/\/www.em.com.br\/emfoco\/wp-content\/uploads\/2026\/04\/mochila.jpg","datePublished":"2026-04-27T22:15:00+00:00","dateModified":"2026-04-26T09:55:55+00:00","author":{"@id":"https:\/\/www.em.com.br\/emfoco\/#\/schema\/person\/5379e929a4b966c775d121e23f9bb421"},"description":"Entenda por que as mochilas pesadas est\u00e3o saindo de moda. Veja a nova tend\u00eancia de 2026 que une organiza\u00e7\u00e3o, design e praticidade agora.","breadcrumb":{"@id":"https:\/\/www.em.com.br\/emfoco\/2026\/04\/27\/adeus-as-mochilas-pesadas-a-nova-tendencia-de-2026-une-organizacao-design-e-praticidade\/#breadcrumb"},"inLanguage":"pt-BR","potentialAction":[{"@type":"ReadAction","target":["https:\/\/www.em.com.br\/emfoco\/2026\/04\/27\/adeus-as-mochilas-pesadas-a-nova-tendencia-de-2026-une-organizacao-design-e-praticidade\/"]}]},{"@type":"ImageObject","inLanguage":"pt-BR","@id":"https:\/\/www.em.com.br\/emfoco\/2026\/04\/27\/adeus-as-mochilas-pesadas-a-nova-tendencia-de-2026-une-organizacao-design-e-praticidade\/#primaryimage","url":"https:\/\/www.em.com.br\/emfoco\/wp-content\/uploads\/2026\/04\/mochila.jpg","contentUrl":"https:\/\/www.em.com.br\/emfoco\/wp-content\/uploads\/2026\/04\/mochila.jpg","width":1280,"height":720,"caption":"Este novo acess\u00f3rio de 2026 substitui as mochilas e organiza tudo com leveza"},{"@type":"BreadcrumbList","@id":"https:\/\/www.em.com.br\/emfoco\/2026\/04\/27\/adeus-as-mochilas-pesadas-a-nova-tendencia-de-2026-une-organizacao-design-e-praticidade\/#breadcrumb","itemListElement":[{"@type":"ListItem","position":1,"name":"In\u00edcio","item":"https:\/\/www.em.com.br\/emfoco\/"},{"@type":"ListItem","position":2,"name":"Adeus \u00e0s mochilas pesadas, a nova tend\u00eancia de 2026 une organiza\u00e7\u00e3o design e praticidade"}]},{"@type":"WebSite","@id":"https:\/\/www.em.com.br\/emfoco\/#website","url":"https:\/\/www.em.com.br\/emfoco\/","name":"Estado de Minas - Em foco","description":"Acompanhe as \u00faltimas not\u00edcias e fique bem informado sobre tudo o que acontece em Minas Gerais, Brasil e no mundo.","potentialAction":[{"@type":"SearchAction","target":{"@type":"EntryPoint","urlTemplate":"https:\/\/www.em.com.br\/emfoco\/?s={search_term_string}"},"query-input":{"@type":"PropertyValueSpecification","valueRequired":true,"valueName":"search_term_string"}}],"inLanguage":"pt-BR"},{"@type":"Person","@id":"https:\/\/www.em.com.br\/emfoco\/#\/schema\/person\/5379e929a4b966c775d121e23f9bb421","name":"Guilherme Ara\u00fajo","image":{"@type":"ImageObject","inLanguage":"pt-BR","@id":"https:\/\/www.em.com.br\/emfoco\/#\/schema\/person\/image\/","url":"https:\/\/secure.gravatar.com\/avatar\/b8bf1fd0130e170bd8f5d7298dbafa25?s=96&d=mm&r=g","contentUrl":"https:\/\/secure.gravatar.com\/avatar\/b8bf1fd0130e170bd8f5d7298dbafa25?s=96&d=mm&r=g","caption":"Guilherme Ara\u00fajo"},"sameAs":["https:\/\/www.em.com.br\/emfoco"],"url":"https:\/\/www.em.com.br\/emfoco\/author\/guilhermeamyth\/"}]}},"_links":{"self":[{"href":"https:\/\/www.em.com.br\/emfoco\/wp-json\/wp\/v2\/posts\/199453","targetHints":{"allow":["GET"]}}],"collection":[{"href":"https:\/\/www.em.com.br\/emfoco\/wp-json\/wp\/v2\/posts"}],"about":[{"href":"https:\/\/www.em.com.br\/emfoco\/wp-json\/wp\/v2\/types\/post"}],"author":[{"embeddable":true,"href":"https:\/\/www.em.com.br\/emfoco\/wp-json\/wp\/v2\/users\/30"}],"replies":[{"embeddable":true,"href":"https:\/\/www.em.com.br\/emfoco\/wp-json\/wp\/v2\/comments?post=199453"}],"version-history":[{"count":2,"href":"https:\/\/www.em.com.br\/emfoco\/wp-json\/wp\/v2\/posts\/199453\/revisions"}],"predecessor-version":[{"id":199475,"href":"https:\/\/www.em.com.br\/emfoco\/wp-json\/wp\/v2\/posts\/199453\/revisions\/199475"}],"wp:featuredmedia":[{"embeddable":true,"href":"https:\/\/www.em.com.br\/emfoco\/wp-json\/wp\/v2\/media\/199465"}],"wp:attachment":[{"href":"https:\/\/www.em.com.br\/emfoco\/wp-json\/wp\/v2\/media?parent=199453"}],"wp:term":[{"taxonomy":"category","embeddable":true,"href":"https:\/\/www.em.com.br\/emfoco\/wp-json\/wp\/v2\/categories?post=199453"},{"taxonomy":"post_tag","embeddable":true,"href":"https:\/\/www.em.com.br\/emfoco\/wp-json\/wp\/v2\/tags?post=199453"}],"curies":[{"name":"wp","href":"https:\/\/api.w.org\/{rel}","templated":true}]}}