{"id":199449,"date":"2026-04-26T18:15:00","date_gmt":"2026-04-26T21:15:00","guid":{"rendered":"https:\/\/www.em.com.br\/emfoco\/?p=199449"},"modified":"2026-04-25T17:34:54","modified_gmt":"2026-04-25T20:34:54","slug":"sinais-silenciosos-de-cansaco-emocional-que-muitas-mulheres-ignoram-na-rotina-diaria","status":"publish","type":"post","link":"https:\/\/www.em.com.br\/emfoco\/2026\/04\/26\/sinais-silenciosos-de-cansaco-emocional-que-muitas-mulheres-ignoram-na-rotina-diaria\/","title":{"rendered":"Sinais silenciosos de cansa\u00e7o emocional que muitas mulheres ignoram na rotina di\u00e1ria"},"content":{"rendered":"\n<p>Voc\u00ea desliga o despertador pela terceira vez sentindo que uma noite inteira de sono n\u00e3o foi suficiente para aliviar o peso do seu <strong>cansa\u00e7o emocional<\/strong> persistente. Ser\u00e1 que a sua mente est\u00e1 enviando sinais silenciosos de que o limite do estresse foi ultrapassado sem voc\u00ea perceber?<\/p>\n\n\n\n<h2 class=\"wp-block-heading\">Como identificar os primeiros sinais do cansa\u00e7o emocional na sua rotina?<\/h2>\n\n\n\n<p>O corpo costuma manifestar sintomas f\u00edsicos claros quando a mente feminina atinge um estado de exaust\u00e3o profunda e prolongada no cotidiano. Muitas mulheres sentem dores de cabe\u00e7a frequentes ou uma falta de concentra\u00e7\u00e3o inexplic\u00e1vel durante as tarefas mais simples do seu dia. Identificar esses <strong>alertas biol\u00f3gicos<\/strong> precocemente ajuda a evitar que o quadro de des\u00e2nimo evolua para problemas maiores de sa\u00fade f\u00edsica.<\/p>\n\n\n\n<p>A irritabilidade excessiva com pequenas situa\u00e7\u00f5es cotidianas tamb\u00e9m funciona como um forte indicativo de sobrecarga mental severa e preocupante. Voc\u00ea pode perceber que a paci\u00eancia diminuiu drasticamente nas conversas com familiares ou colegas de trabalho mais pr\u00f3ximos. Reconhecer essa <strong>altera\u00e7\u00e3o comportamental<\/strong> permite que estrat\u00e9gias de pausa sejam implementadas antes de um esgotamento total e inevit\u00e1vel para o organismo.<\/p>\n\n\n<div class=\"wp-block-image\">\n<figure class=\"aligncenter size-large\"><img loading=\"lazy\" decoding=\"async\" width=\"1024\" height=\"576\" src=\"https:\/\/www.em.com.br\/emfoco\/wp-content\/uploads\/2026\/04\/cansaco-emocional-_1777146306450-1024x576.jpg\" alt=\"cansa\u00e7o emocional\" class=\"wp-image-199458\" srcset=\"https:\/\/www.em.com.br\/emfoco\/wp-content\/uploads\/2026\/04\/cansaco-emocional-_1777146306450-1024x576.jpg 1024w, https:\/\/www.em.com.br\/emfoco\/wp-content\/uploads\/2026\/04\/cansaco-emocional-_1777146306450-300x169.jpg 300w, https:\/\/www.em.com.br\/emfoco\/wp-content\/uploads\/2026\/04\/cansaco-emocional-_1777146306450-768x432.jpg 768w, https:\/\/www.em.com.br\/emfoco\/wp-content\/uploads\/2026\/04\/cansaco-emocional-_1777146306450-750x422.jpg 750w, https:\/\/www.em.com.br\/emfoco\/wp-content\/uploads\/2026\/04\/cansaco-emocional-_1777146306450-1140x641.jpg 1140w, https:\/\/www.em.com.br\/emfoco\/wp-content\/uploads\/2026\/04\/cansaco-emocional-_1777146306450.jpg 1280w\" sizes=\"auto, (max-width: 1024px) 100vw, 1024px\" \/><figcaption class=\"wp-element-caption\">A irritabilidade excessiva com pequenas situa\u00e7\u00f5es cotidianas tamb\u00e9m funciona como um forte indicativo de sobrecarga mental severa e preocupante &#8211; Cr\u00e9ditos: depositphotos.com \/ HayDmitriy<\/figcaption><\/figure><\/div>\n\n\n<p>Leia tamb\u00e9m: <a href=\"https:\/\/www.em.com.br\/emfoco\/2026\/04\/04\/a-folha-dessa-fruta-pode-aliviar-ondas-de-calor-e-ajudar-mulheres-na-menopausa-2\/\" target=\"_blank\" rel=\"noreferrer noopener\">Adeus calor! Os benef\u00edcios da folha de amora na menopausa para um auto cuidado simples<\/a><\/p>\n\n\n\n<h2 class=\"wp-block-heading\">Quais s\u00e3o as causas invis\u00edveis que alimentam o cansa\u00e7o emocional feminino?<\/h2>\n\n\n\n<p>A press\u00e3o social para desempenhar m\u00faltiplos pap\u00e9is com perfei\u00e7\u00e3o absoluta gera uma carga invis\u00edvel extremamente pesada para as mulheres contempor\u00e2neas. O excesso de informa\u00e7\u00f5es digitais e a compara\u00e7\u00e3o constante nas redes sociais tamb\u00e9m drenam a <strong>energia vital<\/strong> de forma silenciosa e constante. Entender essas <strong>fontes de estresse<\/strong> \u00e9 o primeiro passo para filtrar o que realmente merece sua aten\u00e7\u00e3o e esfor\u00e7o di\u00e1rio.<\/p>\n\n\n\n<p>Ignorar as pr\u00f3prias necessidades em prol do cuidado com os outros costuma ser um gatilho perigoso para a exaust\u00e3o profunda. O par\u00e1grafo seguinte apresenta comportamentos comuns que podem intensificar o sentimento de esgotamento e devem ser observados com cautela redobrada na sua vida:<\/p>\n\n\n\n<ul class=\"wp-block-list\">\n<li>Dificuldade persistente em <strong>estabelecer limites<\/strong> saud\u00e1veis nas rela\u00e7\u00f5es pessoais e profissionais.<\/li>\n\n\n\n<li>H\u00e1bito nocivo de levar preocupa\u00e7\u00f5es profissionais para os momentos de lazer com a fam\u00edlia.<\/li>\n\n\n\n<li>Negligenciar o <strong>tempo de descanso<\/strong> genu\u00edno em busca de uma produtividade t\u00f3xica e inalcan\u00e7\u00e1vel.<\/li>\n<\/ul>\n\n\n\n<figure class=\"wp-block-embed is-type-rich is-provider-pinterest wp-block-embed-pinterest\"><div class=\"wp-block-embed__wrapper\">\n<iframe loading=\"lazy\" title=\" \" src=\"https:\/\/assets.pinterest.com\/ext\/embed.html?id=941815340836337734&#038;src=oembed\" height=\"899\" width=\"450\" frameborder=\"0\" scrolling=\"no\" ><\/iframe>\n<\/div><\/figure>\n\n\n\n<p>Aprender a delegar tarefas e aceitar que ningu\u00e9m consegue ser produtivo o tempo todo alivia a press\u00e3o interna sobre os ombros. Muitas vezes a necessidade de controle absoluto impede que o <strong>relaxamento mental<\/strong> aconte\u00e7a de forma fluida durante os per\u00edodos de folga. Priorizar a <strong>paz de esp\u00edrito<\/strong> ajuda a reconstruir as reservas de entusiasmo necess\u00e1rias para enfrentar os desafios complexos da modernidade.<\/p>\n\n\n\n<h2 class=\"wp-block-heading\">Estrat\u00e9gias pr\u00e1ticas para aliviar o cansa\u00e7o emocional e renovar a mente<\/h2>\n\n\n\n<p>Aprender a ouvir o ritmo natural do seu organismo transforma completamente a maneira como voc\u00ea lida com as press\u00f5es externas di\u00e1rias. Pequenas pausas de cinco minutos durante o expediente ajudam a <strong>oxigenar o c\u00e9rebro<\/strong> e reduzem a ansiedade acumulada nas \u00faltimas horas de trabalho. Escolher o <strong>autocuidado real<\/strong> significa optar por atividades que tragam prazer genu\u00edno e relaxamento profundo para o seu esp\u00edrito cansado.<\/p>\n\n\n\n<p>A desconex\u00e3o digital programada permite que o sistema nervoso descanse do bombardeio constante de est\u00edmulos visuais e sonoros irritantes. Praticar exerc\u00edcios f\u00edsicos leves ou hobbies manuais auxilia na libera\u00e7\u00e3o de <strong>horm\u00f4nios do bem-estar<\/strong> de forma totalmente natural e segura. Essas atitudes simples fortalecem a <strong>resili\u00eancia mental<\/strong> necess\u00e1ria para enfrentar os dias mais dif\u00edceis com muito mais leveza e clareza.<\/p>\n\n\n\n<p>Para voc\u00ea que gosta de se cuidar, separamos um v\u00eddeo do canal da <a href=\"https:\/\/www.youtube.com\/@PapocomAnahyDAmico\" target=\"_blank\" rel=\"noreferrer noopener\">Anahy D&#8217;Amico<\/a> com dicas para melhorar sua sa\u00fade emocional:<\/p>\n\n\n\n<figure class=\"wp-block-embed is-type-video is-provider-youtube wp-block-embed-youtube wp-embed-aspect-16-9 wp-has-aspect-ratio\"><div class=\"wp-block-embed__wrapper\">\n<div class=\"jeg_video_container jeg_video_content\"><iframe loading=\"lazy\" title=\"EXAUST\u00c3O EMOCIONAL: O CANSA\u00c7O QUE N\u00c3O PASSA com Dra Anahy\" width=\"500\" height=\"281\" src=\"https:\/\/www.youtube.com\/embed\/UC_9TndluoE?feature=oembed\" frameborder=\"0\" allow=\"accelerometer; autoplay; clipboard-write; encrypted-media; gyroscope; picture-in-picture; web-share\" referrerpolicy=\"strict-origin-when-cross-origin\" allowfullscreen><\/iframe><\/div>\n<\/div><\/figure>\n\n\n\n<h2 class=\"wp-block-heading\">O papel do descanso restaurador na recupera\u00e7\u00e3o da sa\u00fade mental<\/h2>\n\n\n\n<p>Dormir com qualidade superior vai muito al\u00e9m de apenas fechar os olhos por algumas horas durante a madrugada silenciosa e escura. Criar um <strong>ambiente acolhedor<\/strong> e livre de aparelhos eletr\u00f4nicos no quarto favorece o sono profundo e verdadeiramente reparador para a face. Essa higiene do sono \u00e9 uma ferramenta poderosa para <strong>restaurar as fun\u00e7\u00f5es<\/strong> cognitivas e melhorar o humor logo cedo pela manh\u00e3.<\/p>\n\n\n\n<p>Momentos de sil\u00eancio absoluto permitem que os pensamentos se organizem sem a interfer\u00eancia de ru\u00eddos externos ou cobran\u00e7as alheias constantes. Valorizar esses instantes de <strong>introspec\u00e7\u00e3o produtiva<\/strong> ajuda a clarear as metas pessoais e profissionais com muito mais facilidade e precis\u00e3o. O descanso adequado atua como um <strong>combust\u00edvel fundamental<\/strong> para manter a criatividade e a disposi\u00e7\u00e3o em n\u00edveis elevados e est\u00e1veis.<\/p>\n\n\n\n<h2 class=\"wp-block-heading\">Priorize seu bem-estar para uma vida mais leve e equilibrada<\/h2>\n\n\n\n<p>Respeite os sinais que seu cora\u00e7\u00e3o envia quando a carga di\u00e1ria parece pesada demais para carregar sozinha. Aprender a dizer n\u00e3o para algumas demandas protege sua <strong>paz interior<\/strong> de forma definitiva e muito saud\u00e1vel. Valorize cada pequeno <strong>momento de pausa<\/strong> que voc\u00ea conquista durante sua longa jornada pessoal.<\/p>\n\n\n\n<p>A sa\u00fade da mente merece tanta aten\u00e7\u00e3o quanto o cuidado dedicado ao seu corpo f\u00edsico diariamente. Busque atividades que alimentem sua alma e tragam <strong>alegria verdadeira<\/strong> para seus dias produtivos e cheios de vida. Invista na sua <strong>felicidade pessoal<\/strong> com consci\u00eancia e muito amor pr\u00f3prio em todos os momentos.<\/p>\n","protected":false},"excerpt":{"rendered":"<p>Voc\u00ea desliga o despertador pela terceira vez sentindo que uma noite inteira de sono n\u00e3o foi suficiente para aliviar o peso do seu cansa\u00e7o emocional persistente. Ser\u00e1 que a sua mente est\u00e1 enviando sinais silenciosos de que o limite do estresse foi ultrapassado sem voc\u00ea perceber? Como identificar os primeiros sinais do cansa\u00e7o emocional na [&hellip;]<\/p>\n","protected":false},"author":9,"featured_media":199547,"comment_status":"open","ping_status":"open","sticky":false,"template":"","format":"standard","meta":{"jnews-multi-image_gallery":[],"jnews_single_post":{"format":"standard"},"jnews_primary_category":[],"jnews_social_meta":[],"jnews_override_counter":[],"footnotes":""},"categories":[8691,9053],"tags":[28761,4985,28392],"class_list":["post-199449","post","type-post","status-publish","format-standard","has-post-thumbnail","hentry","category-bem-estar","category-saude","tag-autocuidado-diario","tag-bem-estar-emocional","tag-saude-mental-feminina"],"yoast_head":"<!-- This site is optimized with the Yoast SEO plugin v23.8 - https:\/\/yoast.com\/wordpress\/plugins\/seo\/ -->\n<title>Sinais silenciosos de cansa\u00e7o emocional que muitas mulheres ignoram na rotina di\u00e1ria - Estado de Minas - Em foco<\/title>\n<meta name=\"description\" content=\"O cansa\u00e7o emocional afeta sua produtividade e sa\u00fade mental mas pequenas mudan\u00e7as na rotina ajudam a recuperar a energia e o bem-estar di\u00e1rio\" \/>\n<meta name=\"robots\" content=\"index, follow, max-snippet:-1, max-image-preview:large, max-video-preview:-1\" \/>\n<link rel=\"canonical\" href=\"https:\/\/www.em.com.br\/emfoco\/2026\/04\/26\/sinais-silenciosos-de-cansaco-emocional-que-muitas-mulheres-ignoram-na-rotina-diaria\/\" \/>\n<meta property=\"og:locale\" content=\"pt_BR\" \/>\n<meta property=\"og:type\" content=\"article\" \/>\n<meta property=\"og:title\" content=\"Sinais silenciosos de cansa\u00e7o emocional que muitas mulheres ignoram na rotina di\u00e1ria - Estado de Minas - Em foco\" \/>\n<meta property=\"og:description\" content=\"O cansa\u00e7o emocional afeta sua produtividade e sa\u00fade mental mas pequenas mudan\u00e7as na rotina ajudam a recuperar a energia e o bem-estar di\u00e1rio\" \/>\n<meta property=\"og:url\" content=\"https:\/\/www.em.com.br\/emfoco\/2026\/04\/26\/sinais-silenciosos-de-cansaco-emocional-que-muitas-mulheres-ignoram-na-rotina-diaria\/\" \/>\n<meta property=\"og:site_name\" content=\"Estado de Minas - Em foco\" \/>\n<meta property=\"article:published_time\" content=\"2026-04-26T21:15:00+00:00\" \/>\n<meta property=\"article:modified_time\" content=\"2026-04-25T20:34:54+00:00\" \/>\n<meta property=\"og:image\" content=\"https:\/\/www.em.com.br\/emfoco\/wp-content\/uploads\/2026\/04\/Oeste_53.jpg\" \/>\n\t<meta property=\"og:image:width\" content=\"1280\" \/>\n\t<meta property=\"og:image:height\" content=\"720\" \/>\n\t<meta property=\"og:image:type\" content=\"image\/jpeg\" \/>\n<meta name=\"author\" content=\"Daniely Cardoso\" \/>\n<meta name=\"twitter:card\" content=\"summary_large_image\" \/>\n<meta name=\"twitter:label1\" content=\"Escrito por\" \/>\n\t<meta name=\"twitter:data1\" content=\"Daniely Cardoso\" \/>\n\t<meta name=\"twitter:label2\" content=\"Est. tempo de leitura\" \/>\n\t<meta name=\"twitter:data2\" content=\"5 minutos\" \/>\n<!-- \/ Yoast SEO plugin. -->","yoast_head_json":{"title":"Sinais silenciosos de cansa\u00e7o emocional que muitas mulheres ignoram na rotina di\u00e1ria - Estado de Minas - Em foco","description":"O cansa\u00e7o emocional afeta sua produtividade e sa\u00fade mental mas pequenas mudan\u00e7as na rotina ajudam a recuperar a energia e o bem-estar di\u00e1rio","robots":{"index":"index","follow":"follow","max-snippet":"max-snippet:-1","max-image-preview":"max-image-preview:large","max-video-preview":"max-video-preview:-1"},"canonical":"https:\/\/www.em.com.br\/emfoco\/2026\/04\/26\/sinais-silenciosos-de-cansaco-emocional-que-muitas-mulheres-ignoram-na-rotina-diaria\/","og_locale":"pt_BR","og_type":"article","og_title":"Sinais silenciosos de cansa\u00e7o emocional que muitas mulheres ignoram na rotina di\u00e1ria - Estado de Minas - Em foco","og_description":"O cansa\u00e7o emocional afeta sua produtividade e sa\u00fade mental mas pequenas mudan\u00e7as na rotina ajudam a recuperar a energia e o bem-estar di\u00e1rio","og_url":"https:\/\/www.em.com.br\/emfoco\/2026\/04\/26\/sinais-silenciosos-de-cansaco-emocional-que-muitas-mulheres-ignoram-na-rotina-diaria\/","og_site_name":"Estado de Minas - Em foco","article_published_time":"2026-04-26T21:15:00+00:00","article_modified_time":"2026-04-25T20:34:54+00:00","og_image":[{"width":1280,"height":720,"url":"https:\/\/www.em.com.br\/emfoco\/wp-content\/uploads\/2026\/04\/Oeste_53.jpg","type":"image\/jpeg"}],"author":"Daniely Cardoso","twitter_card":"summary_large_image","twitter_misc":{"Escrito por":"Daniely Cardoso","Est. tempo de leitura":"5 minutos"},"schema":{"@context":"https:\/\/schema.org","@graph":[{"@type":"WebPage","@id":"https:\/\/www.em.com.br\/emfoco\/2026\/04\/26\/sinais-silenciosos-de-cansaco-emocional-que-muitas-mulheres-ignoram-na-rotina-diaria\/","url":"https:\/\/www.em.com.br\/emfoco\/2026\/04\/26\/sinais-silenciosos-de-cansaco-emocional-que-muitas-mulheres-ignoram-na-rotina-diaria\/","name":"Sinais silenciosos de cansa\u00e7o emocional que muitas mulheres ignoram na rotina di\u00e1ria - Estado de Minas - Em foco","isPartOf":{"@id":"https:\/\/www.em.com.br\/emfoco\/#website"},"primaryImageOfPage":{"@id":"https:\/\/www.em.com.br\/emfoco\/2026\/04\/26\/sinais-silenciosos-de-cansaco-emocional-que-muitas-mulheres-ignoram-na-rotina-diaria\/#primaryimage"},"image":{"@id":"https:\/\/www.em.com.br\/emfoco\/2026\/04\/26\/sinais-silenciosos-de-cansaco-emocional-que-muitas-mulheres-ignoram-na-rotina-diaria\/#primaryimage"},"thumbnailUrl":"https:\/\/www.em.com.br\/emfoco\/wp-content\/uploads\/2026\/04\/Oeste_53.jpg","datePublished":"2026-04-26T21:15:00+00:00","dateModified":"2026-04-25T20:34:54+00:00","author":{"@id":"https:\/\/www.em.com.br\/emfoco\/#\/schema\/person\/0a8186d72f2c3a5c6276d90b41f271a0"},"description":"O cansa\u00e7o emocional afeta sua produtividade e sa\u00fade mental mas pequenas mudan\u00e7as na rotina ajudam a recuperar a energia e o bem-estar di\u00e1rio","breadcrumb":{"@id":"https:\/\/www.em.com.br\/emfoco\/2026\/04\/26\/sinais-silenciosos-de-cansaco-emocional-que-muitas-mulheres-ignoram-na-rotina-diaria\/#breadcrumb"},"inLanguage":"pt-BR","potentialAction":[{"@type":"ReadAction","target":["https:\/\/www.em.com.br\/emfoco\/2026\/04\/26\/sinais-silenciosos-de-cansaco-emocional-que-muitas-mulheres-ignoram-na-rotina-diaria\/"]}]},{"@type":"ImageObject","inLanguage":"pt-BR","@id":"https:\/\/www.em.com.br\/emfoco\/2026\/04\/26\/sinais-silenciosos-de-cansaco-emocional-que-muitas-mulheres-ignoram-na-rotina-diaria\/#primaryimage","url":"https:\/\/www.em.com.br\/emfoco\/wp-content\/uploads\/2026\/04\/Oeste_53.jpg","contentUrl":"https:\/\/www.em.com.br\/emfoco\/wp-content\/uploads\/2026\/04\/Oeste_53.jpg","width":1280,"height":720,"caption":"Identifica\u00e7\u00e3o de sinais de exaust\u00e3o mental permite implementar pausas para evitar esgotamento total"},{"@type":"BreadcrumbList","@id":"https:\/\/www.em.com.br\/emfoco\/2026\/04\/26\/sinais-silenciosos-de-cansaco-emocional-que-muitas-mulheres-ignoram-na-rotina-diaria\/#breadcrumb","itemListElement":[{"@type":"ListItem","position":1,"name":"In\u00edcio","item":"https:\/\/www.em.com.br\/emfoco\/"},{"@type":"ListItem","position":2,"name":"Sinais silenciosos de cansa\u00e7o emocional que muitas mulheres ignoram na rotina di\u00e1ria"}]},{"@type":"WebSite","@id":"https:\/\/www.em.com.br\/emfoco\/#website","url":"https:\/\/www.em.com.br\/emfoco\/","name":"Estado de Minas - Em foco","description":"Acompanhe as \u00faltimas not\u00edcias e fique bem informado sobre tudo o que acontece em Minas Gerais, Brasil e no mundo.","potentialAction":[{"@type":"SearchAction","target":{"@type":"EntryPoint","urlTemplate":"https:\/\/www.em.com.br\/emfoco\/?s={search_term_string}"},"query-input":{"@type":"PropertyValueSpecification","valueRequired":true,"valueName":"search_term_string"}}],"inLanguage":"pt-BR"},{"@type":"Person","@id":"https:\/\/www.em.com.br\/emfoco\/#\/schema\/person\/0a8186d72f2c3a5c6276d90b41f271a0","name":"Daniely Cardoso","image":{"@type":"ImageObject","inLanguage":"pt-BR","@id":"https:\/\/www.em.com.br\/emfoco\/#\/schema\/person\/image\/","url":"https:\/\/secure.gravatar.com\/avatar\/4b80ddbd124d1f071b626d52d62e5dff?s=96&d=mm&r=g","contentUrl":"https:\/\/secure.gravatar.com\/avatar\/4b80ddbd124d1f071b626d52d62e5dff?s=96&d=mm&r=g","caption":"Daniely Cardoso"},"url":"https:\/\/www.em.com.br\/emfoco\/author\/danielymyth\/"}]}},"_links":{"self":[{"href":"https:\/\/www.em.com.br\/emfoco\/wp-json\/wp\/v2\/posts\/199449","targetHints":{"allow":["GET"]}}],"collection":[{"href":"https:\/\/www.em.com.br\/emfoco\/wp-json\/wp\/v2\/posts"}],"about":[{"href":"https:\/\/www.em.com.br\/emfoco\/wp-json\/wp\/v2\/types\/post"}],"author":[{"embeddable":true,"href":"https:\/\/www.em.com.br\/emfoco\/wp-json\/wp\/v2\/users\/9"}],"replies":[{"embeddable":true,"href":"https:\/\/www.em.com.br\/emfoco\/wp-json\/wp\/v2\/comments?post=199449"}],"version-history":[{"count":2,"href":"https:\/\/www.em.com.br\/emfoco\/wp-json\/wp\/v2\/posts\/199449\/revisions"}],"predecessor-version":[{"id":199483,"href":"https:\/\/www.em.com.br\/emfoco\/wp-json\/wp\/v2\/posts\/199449\/revisions\/199483"}],"wp:featuredmedia":[{"embeddable":true,"href":"https:\/\/www.em.com.br\/emfoco\/wp-json\/wp\/v2\/media\/199547"}],"wp:attachment":[{"href":"https:\/\/www.em.com.br\/emfoco\/wp-json\/wp\/v2\/media?parent=199449"}],"wp:term":[{"taxonomy":"category","embeddable":true,"href":"https:\/\/www.em.com.br\/emfoco\/wp-json\/wp\/v2\/categories?post=199449"},{"taxonomy":"post_tag","embeddable":true,"href":"https:\/\/www.em.com.br\/emfoco\/wp-json\/wp\/v2\/tags?post=199449"}],"curies":[{"name":"wp","href":"https:\/\/api.w.org\/{rel}","templated":true}]}}