{"id":199435,"date":"2026-04-26T19:15:00","date_gmt":"2026-04-26T22:15:00","guid":{"rendered":"https:\/\/www.em.com.br\/emfoco\/?p=199435"},"modified":"2026-04-25T17:35:01","modified_gmt":"2026-04-25T20:35:01","slug":"os-tons-de-batom-vermelho-que-valorizam-qualquer-tom-de-pele","status":"publish","type":"post","link":"https:\/\/www.em.com.br\/emfoco\/2026\/04\/26\/os-tons-de-batom-vermelho-que-valorizam-qualquer-tom-de-pele\/","title":{"rendered":"Os tons de batom vermelho que valorizam qualquer tom de pele"},"content":{"rendered":"\n<p>Voc\u00ea finaliza a maquiagem e percebe que as <strong>cores de batom vermelho<\/strong> certas podem transformar completamente a sua confian\u00e7a para aquela reuni\u00e3o importante. Ser\u00e1 que existe uma tonalidade universal capaz de valorizar todos os fundos de pele sem erros t\u00e9cnicos?<\/p>\n\n\n\n<h2 class=\"wp-block-heading\">Por que algumas cores de batom vermelho funcionam em todo mundo?<\/h2>\n\n\n\n<p>A ci\u00eancia das cores explica detalhadamente que o equil\u00edbrio entre pigmentos quentes e frios permite essa versatilidade incr\u00edvel na maquiagem profissional contempor\u00e2nea. Muitas marcas investem em <strong>f\u00f3rmulas democr\u00e1ticas<\/strong> que se adaptam ao contraste natural de cada mulher de forma totalmente harm\u00f4nica e elegante. Voc\u00ea consegue um <strong>visual poderoso<\/strong> sem precisar testar dezenas de produtos diferentes antes de sair de casa para trabalhar.<\/p>\n\n\n\n<p>A profundidade do pigmento \u00e9 o elemento que garante que o tom n\u00e3o fique apagado em peles retintas ou vibrante demais nas peles muito claras. Esses produtos ic\u00f4nicos mant\u00eam uma <strong>satura\u00e7\u00e3o equilibrada<\/strong> que real\u00e7a o brilho natural dos dentes e do olhar feminino de maneira imediata. Ao escolher essas op\u00e7\u00f5es consagradas, voc\u00ea garante uma <strong>compra inteligente<\/strong> e duradoura para o seu kit de beleza pessoal b\u00e1sico.<\/p>\n\n\n<div class=\"wp-block-image\">\n<figure class=\"aligncenter size-large\"><img loading=\"lazy\" decoding=\"async\" width=\"1024\" height=\"576\" src=\"https:\/\/www.em.com.br\/emfoco\/wp-content\/uploads\/2026\/04\/batom-vermelho_1777145843513-1024x576.jpg\" alt=\"cores de batom vermelho\" class=\"wp-image-199436\" srcset=\"https:\/\/www.em.com.br\/emfoco\/wp-content\/uploads\/2026\/04\/batom-vermelho_1777145843513-1024x576.jpg 1024w, https:\/\/www.em.com.br\/emfoco\/wp-content\/uploads\/2026\/04\/batom-vermelho_1777145843513-300x169.jpg 300w, https:\/\/www.em.com.br\/emfoco\/wp-content\/uploads\/2026\/04\/batom-vermelho_1777145843513-768x432.jpg 768w, https:\/\/www.em.com.br\/emfoco\/wp-content\/uploads\/2026\/04\/batom-vermelho_1777145843513-750x422.jpg 750w, https:\/\/www.em.com.br\/emfoco\/wp-content\/uploads\/2026\/04\/batom-vermelho_1777145843513-1140x641.jpg 1140w, https:\/\/www.em.com.br\/emfoco\/wp-content\/uploads\/2026\/04\/batom-vermelho_1777145843513.jpg 1280w\" sizes=\"auto, (max-width: 1024px) 100vw, 1024px\" \/><figcaption class=\"wp-element-caption\">A profundidade do pigmento \u00e9 o elemento que garante que o tom n\u00e3o fique apagado em peles retintas ou vibrante demais nas peles muito claras &#8211; Cr\u00e9ditos: depositphotos.com \/ mysticlight<\/figcaption><\/figure><\/div>\n\n\n<p>Leia tamb\u00e9m: <a href=\"https:\/\/www.em.com.br\/emfoco\/2026\/03\/31\/como-evitar-a-oleosidade-da-pele-causada-pelo-uso-da-maquiagem-diaria\/\" target=\"_blank\" rel=\"noreferrer noopener\">Como evitar a oleosidade da pele causada pelo uso da maquiagem di\u00e1ria<\/a><\/p>\n\n\n\n<h2 class=\"wp-block-heading\">Quais s\u00e3o as cores de batom vermelho mais ic\u00f4nicas da hist\u00f3ria?<\/h2>\n\n\n\n<p>Existem tons que se tornaram verdadeiras lendas no universo da beleza por sua capacidade de embelezar qualquer pessoa de forma instant\u00e2nea e luxuosa. Maquiadores renomados afirmam que essas <strong>tonalidades cl\u00e1ssicas<\/strong> s\u00e3o indispens\u00e1veis para quem deseja um toque de glamour imediato em qualquer produ\u00e7\u00e3o de moda. Elas atravessam gera\u00e7\u00f5es mantendo o status de <strong>item obrigat\u00f3rio<\/strong> no n\u00e9cessaire de qualquer mulher moderna que preza pelo estilo pr\u00f3prio.<\/p>\n\n\n\n<p>Para facilitar sua pr\u00f3xima escolha na perfumaria, selecionamos as op\u00e7\u00f5es que entregam o melhor acabamento e uma durabilidade excelente no seu dia a dia agitado. A lista a seguir apresenta as <strong>escolhas certeiras<\/strong> para quem busca o vermelho perfeito para qualquer ocasi\u00e3o social ou compromisso profissional importante:<\/p>\n\n\n\n<ul class=\"wp-block-list\">\n<li>Ruby Woo da MAC com seu <strong>acabamento ultramate<\/strong> inconfund\u00edvel e alt\u00edssima fixa\u00e7\u00e3o.<\/li>\n<\/ul>\n\n\n\n<figure class=\"wp-block-embed is-type-rich is-provider-pinterest wp-block-embed-pinterest\"><div class=\"wp-block-embed__wrapper\">\n<iframe loading=\"lazy\" title=\"MAC Ruby Woo\" src=\"https:\/\/assets.pinterest.com\/ext\/embed.html?id=1128785094076947264&#038;src=oembed\" height=\"899\" width=\"450\" frameborder=\"0\" scrolling=\"no\" ><\/iframe>\n<\/div><\/figure>\n\n\n\n<ul class=\"wp-block-list\">\n<li>Dior 999 que oferece o equil\u00edbrio perfeito entre o <strong>cl\u00e1ssico e o moderno<\/strong> em v\u00e1rias texturas.<\/li>\n<\/ul>\n\n\n\n<figure class=\"wp-block-embed is-type-rich is-provider-pinterest wp-block-embed-pinterest\"><div class=\"wp-block-embed__wrapper\">\n<iframe loading=\"lazy\" title=\"Dior rouge 999. @luxoeco.import\" src=\"https:\/\/assets.pinterest.com\/ext\/embed.html?id=609674868357857726&#038;src=oembed\" height=\"899\" width=\"450\" frameborder=\"0\" scrolling=\"no\" ><\/iframe>\n<\/div><\/figure>\n\n\n\n<ul class=\"wp-block-list\">\n<li>Dragon Girl da NARS para quem prefere a praticidade do <strong>formato l\u00e1pis<\/strong> de longa dura\u00e7\u00e3o.<\/li>\n<\/ul>\n\n\n\n<figure class=\"wp-block-embed is-type-rich is-provider-pinterest wp-block-embed-pinterest\"><div class=\"wp-block-embed__wrapper\">\n<iframe loading=\"lazy\" title=\"Fave fall lipsticks Nars &quot;Dragon Girl&quot; elannapecherle.com\" src=\"https:\/\/assets.pinterest.com\/ext\/embed.html?id=7529524354515290&#038;src=oembed\" height=\"400\" width=\"450\" frameborder=\"0\" scrolling=\"no\" ><\/iframe>\n<\/div><\/figure>\n\n\n\n<ul class=\"wp-block-list\">\n<li>Stunna Lip Paint da Fenty Beauty com sua <strong>fluidez tecnol\u00f3gica<\/strong> inovadora e aplicador preciso.<\/li>\n<\/ul>\n\n\n\n<figure class=\"wp-block-embed is-type-rich is-provider-pinterest wp-block-embed-pinterest\"><div class=\"wp-block-embed__wrapper\">\n<iframe loading=\"lazy\" title=\" \" src=\"https:\/\/assets.pinterest.com\/ext\/embed.html?id=1013943303596096305&#038;src=oembed\" height=\"655\" width=\"450\" frameborder=\"0\" scrolling=\"no\" ><\/iframe>\n<\/div><\/figure>\n\n\n\n<ul class=\"wp-block-list\">\n<li>Pirate da Chanel que traz uma <strong>sofistica\u00e7\u00e3o parisiense<\/strong> absoluta e brilho acetinado aos l\u00e1bios.<\/li>\n<\/ul>\n\n\n\n<figure class=\"wp-block-embed is-type-rich is-provider-pinterest wp-block-embed-pinterest\"><div class=\"wp-block-embed__wrapper\">\n<iframe loading=\"lazy\" title=\"Red lip\ud83d\udc8b\u2665\ufe0f\ud83c\udf39@chanel.beauty Rouge Allure \u201899 Pirate\u2019#redlips #redlipstick #redlip #chanellipstick\" src=\"https:\/\/assets.pinterest.com\/ext\/embed.html?id=1138003399592377027&#038;src=oembed\" height=\"896\" width=\"450\" frameborder=\"0\" scrolling=\"no\" ><\/iframe>\n<\/div><\/figure>\n\n\n\n<ul class=\"wp-block-list\">\n<li>Red Velvet da Besame para um <strong>toque retr\u00f4<\/strong> de alta pigmenta\u00e7\u00e3o inspirado no cinema antigo.<\/li>\n<\/ul>\n\n\n\n<figure class=\"wp-block-embed is-type-rich is-provider-pinterest wp-block-embed-pinterest\"><div class=\"wp-block-embed__wrapper\">\n<iframe loading=\"lazy\" title=\" \" src=\"https:\/\/assets.pinterest.com\/ext\/embed.html?id=3237030978122204&#038;src=oembed\" height=\"899\" width=\"450\" frameborder=\"0\" scrolling=\"no\" ><\/iframe>\n<\/div><\/figure>\n\n\n\n<ul class=\"wp-block-list\">\n<li>Batom 330 de O Botic\u00e1rio sendo a <strong>op\u00e7\u00e3o nacional<\/strong> mais amada e acess\u00edvel do mercado brasileiro.<\/li>\n<\/ul>\n\n\n\n<figure class=\"wp-block-embed is-type-rich is-provider-pinterest wp-block-embed-pinterest\"><div class=\"wp-block-embed__wrapper\">\n<iframe loading=\"lazy\" title=\"a berry brown for fall \ud83e\udd0e @merit finally trying the signature lightweight lipstick in L\u2019avenue, let me know your thoughts #lipswatch #lipcombo #falllipcombo #lipswatches\" src=\"https:\/\/assets.pinterest.com\/ext\/embed.html?id=185984659608962586&#038;src=oembed\" height=\"898\" width=\"450\" frameborder=\"0\" scrolling=\"no\" ><\/iframe>\n<\/div><\/figure>\n\n\n\n<h2 class=\"wp-block-heading\">Como aplicar o produto para garantir um acabamento profissional?<\/h2>\n\n\n\n<p>A prepara\u00e7\u00e3o dos l\u00e1bios com um esfoliante suave ajuda a remover as peles mortas e garante uma superf\u00edcie lisa para o batom. Use um l\u00e1pis de contorno da mesma cor para <strong>definir os limites<\/strong> e evitar que o pigmento escorra durante as refei\u00e7\u00f5es ou conversas. Essa t\u00e9cnica simples aumenta a <strong>durabilidade do produto<\/strong> e mant\u00e9m o desenho da boca perfeito por muitas horas seguidas sem retoques.<\/p>\n\n\n\n<p>Aplique o batom com um pincel fino para alcan\u00e7ar os cantos mais dif\u00edceis com <strong>precis\u00e3o absoluta<\/strong> e um cuidado est\u00e9tico impec\u00e1vel. Remova o excesso com um len\u00e7o de papel e aplique uma segunda camada para <strong>intensificar a cor<\/strong> final desejada na produ\u00e7\u00e3o. Esse processo garante que voc\u00ea se sinta <strong>segura e bonita<\/strong> em qualquer evento importante do seu calend\u00e1rio social ou profissional.<\/p>\n\n\n\n<h2 class=\"wp-block-heading\">Existe um momento ideal para usar essas cores de batom vermelho?<\/h2>\n\n\n\n<p>Muitas pessoas pensam erroneamente que o tom vibrante deve ser reservado apenas para festas noturnas ou eventos de gala muito formais. Utilizar as <strong>cores de batom vermelho<\/strong> durante o dia traz um ar de modernidade e autoridade para o seu look de trabalho habitual. Combine com uma <strong>maquiagem neutra<\/strong> nos olhos para deixar todo o foco voltado estrategicamente para o seu sorriso marcante e iluminado.<\/p>\n\n\n\n<p>A versatilidade do vermelho permite transitar entre o casual e o sofisticado apenas mudando os acess\u00f3rios ou o penteado do seu figurino. Sinta-se livre para expressar sua <strong>personalidade vibrante<\/strong> atrav\u00e9s dessa cor que nunca sai de moda nas passarelas de Paris ou Mil\u00e3o. O importante \u00e9 manter a <strong>atitude confiante<\/strong> que esse acess\u00f3rio de beleza proporciona para a mulher contempor\u00e2nea em todos os momentos.<\/p>\n\n\n\n<p>Para voc\u00ea que gosta de se cuidar, separamos um v\u00eddeo do canal da <a href=\"https:\/\/www.youtube.com\/@HYPNOTIQUE\" target=\"_blank\" rel=\"noreferrer noopener\">Fab\u00edola Kassin<\/a> com dicas para usar batons vermelhos:<\/p>\n\n\n\n<figure class=\"wp-block-embed is-type-video is-provider-youtube wp-block-embed-youtube wp-embed-aspect-16-9 wp-has-aspect-ratio\"><div class=\"wp-block-embed__wrapper\">\n<div class=\"jeg_video_container jeg_video_content\"><iframe loading=\"lazy\" title=\"COMO USAR BATOM VERMELHO\" width=\"500\" height=\"281\" src=\"https:\/\/www.youtube.com\/embed\/04FhbYztGjU?feature=oembed\" frameborder=\"0\" allow=\"accelerometer; autoplay; clipboard-write; encrypted-media; gyroscope; picture-in-picture; web-share\" referrerpolicy=\"strict-origin-when-cross-origin\" allowfullscreen><\/iframe><\/div>\n<\/div><\/figure>\n\n\n\n<h2 class=\"wp-block-heading\">Sinta o poder de uma maquiagem marcante e cl\u00e1ssica<\/h2>\n\n\n\n<p>Aposte na intensidade do vermelho para elevar seu \u00e2nimo em dias mais desafiadores ou cansativos da sua semana. Experimente tons diferentes at\u00e9 encontrar aquele que faz voc\u00ea se sentir uma <strong>verdadeira estrela<\/strong> em qualquer lugar. Valorize seus tra\u00e7os \u00fanicos com essa <strong>escolha atemporal<\/strong> de beleza.<\/p>\n\n\n\n<p>Lembre-se que a beleza deve ser uma forma divertida de explorar sua pr\u00f3pria criatividade di\u00e1ria com muita liberdade. Use o batom como um <strong>escudo de confian\u00e7a<\/strong> para enfrentar qualquer situa\u00e7\u00e3o social com muita eleg\u00e2ncia natural. Brilhe com <strong>autenticidade e charme<\/strong> em todos os seus caminhos escolhidos.<\/p>\n","protected":false},"excerpt":{"rendered":"<p>Voc\u00ea finaliza a maquiagem e percebe que as cores de batom vermelho certas podem transformar completamente a sua confian\u00e7a para aquela reuni\u00e3o importante. Ser\u00e1 que existe uma tonalidade universal capaz de valorizar todos os fundos de pele sem erros t\u00e9cnicos? Por que algumas cores de batom vermelho funcionam em todo mundo? A ci\u00eancia das cores [&hellip;]<\/p>\n","protected":false},"author":9,"featured_media":199546,"comment_status":"open","ping_status":"open","sticky":false,"template":"","format":"standard","meta":{"jnews-multi-image_gallery":[],"jnews_single_post":{"format":"standard"},"jnews_primary_category":[],"jnews_social_meta":[],"jnews_override_counter":[],"footnotes":""},"categories":[8691,29],"tags":[28759,5046,28758],"class_list":["post-199435","post","type-post","status-publish","format-standard","has-post-thumbnail","hentry","category-bem-estar","category-entretenimento","tag-batom-universal","tag-dicas-de-beleza","tag-maquiagem-feminina"],"yoast_head":"<!-- This site is optimized with the Yoast SEO plugin v23.8 - https:\/\/yoast.com\/wordpress\/plugins\/seo\/ -->\n<title>Os tons de batom vermelho que valorizam qualquer tom de pele - Estado de Minas - Em foco<\/title>\n<meta name=\"description\" content=\"As cores de batom vermelho ideais valorizam todos os tons de pele e garantem um visual sofisticado e cheio de atitude para qualquer mulher.\" \/>\n<meta name=\"robots\" content=\"index, follow, max-snippet:-1, max-image-preview:large, max-video-preview:-1\" \/>\n<link rel=\"canonical\" href=\"https:\/\/www.em.com.br\/emfoco\/2026\/04\/26\/os-tons-de-batom-vermelho-que-valorizam-qualquer-tom-de-pele\/\" \/>\n<meta property=\"og:locale\" content=\"pt_BR\" \/>\n<meta property=\"og:type\" content=\"article\" \/>\n<meta property=\"og:title\" content=\"Os tons de batom vermelho que valorizam qualquer tom de pele - Estado de Minas - Em foco\" \/>\n<meta property=\"og:description\" content=\"As cores de batom vermelho ideais valorizam todos os tons de pele e garantem um visual sofisticado e cheio de atitude para qualquer mulher.\" \/>\n<meta property=\"og:url\" content=\"https:\/\/www.em.com.br\/emfoco\/2026\/04\/26\/os-tons-de-batom-vermelho-que-valorizam-qualquer-tom-de-pele\/\" \/>\n<meta property=\"og:site_name\" content=\"Estado de Minas - Em foco\" \/>\n<meta property=\"article:published_time\" content=\"2026-04-26T22:15:00+00:00\" \/>\n<meta property=\"article:modified_time\" content=\"2026-04-25T20:35:01+00:00\" \/>\n<meta property=\"og:image\" content=\"https:\/\/www.em.com.br\/emfoco\/wp-content\/uploads\/2026\/04\/Oeste_54.jpg\" \/>\n\t<meta property=\"og:image:width\" content=\"1280\" \/>\n\t<meta property=\"og:image:height\" content=\"720\" \/>\n\t<meta property=\"og:image:type\" content=\"image\/jpeg\" \/>\n<meta name=\"author\" content=\"Daniely Cardoso\" \/>\n<meta name=\"twitter:card\" content=\"summary_large_image\" \/>\n<meta name=\"twitter:label1\" content=\"Escrito por\" \/>\n\t<meta name=\"twitter:data1\" content=\"Daniely Cardoso\" \/>\n\t<meta name=\"twitter:label2\" content=\"Est. tempo de leitura\" \/>\n\t<meta name=\"twitter:data2\" content=\"5 minutos\" \/>\n<!-- \/ Yoast SEO plugin. -->","yoast_head_json":{"title":"Os tons de batom vermelho que valorizam qualquer tom de pele - Estado de Minas - Em foco","description":"As cores de batom vermelho ideais valorizam todos os tons de pele e garantem um visual sofisticado e cheio de atitude para qualquer mulher.","robots":{"index":"index","follow":"follow","max-snippet":"max-snippet:-1","max-image-preview":"max-image-preview:large","max-video-preview":"max-video-preview:-1"},"canonical":"https:\/\/www.em.com.br\/emfoco\/2026\/04\/26\/os-tons-de-batom-vermelho-que-valorizam-qualquer-tom-de-pele\/","og_locale":"pt_BR","og_type":"article","og_title":"Os tons de batom vermelho que valorizam qualquer tom de pele - Estado de Minas - Em foco","og_description":"As cores de batom vermelho ideais valorizam todos os tons de pele e garantem um visual sofisticado e cheio de atitude para qualquer mulher.","og_url":"https:\/\/www.em.com.br\/emfoco\/2026\/04\/26\/os-tons-de-batom-vermelho-que-valorizam-qualquer-tom-de-pele\/","og_site_name":"Estado de Minas - Em foco","article_published_time":"2026-04-26T22:15:00+00:00","article_modified_time":"2026-04-25T20:35:01+00:00","og_image":[{"width":1280,"height":720,"url":"https:\/\/www.em.com.br\/emfoco\/wp-content\/uploads\/2026\/04\/Oeste_54.jpg","type":"image\/jpeg"}],"author":"Daniely Cardoso","twitter_card":"summary_large_image","twitter_misc":{"Escrito por":"Daniely Cardoso","Est. tempo de leitura":"5 minutos"},"schema":{"@context":"https:\/\/schema.org","@graph":[{"@type":"WebPage","@id":"https:\/\/www.em.com.br\/emfoco\/2026\/04\/26\/os-tons-de-batom-vermelho-que-valorizam-qualquer-tom-de-pele\/","url":"https:\/\/www.em.com.br\/emfoco\/2026\/04\/26\/os-tons-de-batom-vermelho-que-valorizam-qualquer-tom-de-pele\/","name":"Os tons de batom vermelho que valorizam qualquer tom de pele - Estado de Minas - Em foco","isPartOf":{"@id":"https:\/\/www.em.com.br\/emfoco\/#website"},"primaryImageOfPage":{"@id":"https:\/\/www.em.com.br\/emfoco\/2026\/04\/26\/os-tons-de-batom-vermelho-que-valorizam-qualquer-tom-de-pele\/#primaryimage"},"image":{"@id":"https:\/\/www.em.com.br\/emfoco\/2026\/04\/26\/os-tons-de-batom-vermelho-que-valorizam-qualquer-tom-de-pele\/#primaryimage"},"thumbnailUrl":"https:\/\/www.em.com.br\/emfoco\/wp-content\/uploads\/2026\/04\/Oeste_54.jpg","datePublished":"2026-04-26T22:15:00+00:00","dateModified":"2026-04-25T20:35:01+00:00","author":{"@id":"https:\/\/www.em.com.br\/emfoco\/#\/schema\/person\/0a8186d72f2c3a5c6276d90b41f271a0"},"description":"As cores de batom vermelho ideais valorizam todos os tons de pele e garantem um visual sofisticado e cheio de atitude para qualquer mulher.","breadcrumb":{"@id":"https:\/\/www.em.com.br\/emfoco\/2026\/04\/26\/os-tons-de-batom-vermelho-que-valorizam-qualquer-tom-de-pele\/#breadcrumb"},"inLanguage":"pt-BR","potentialAction":[{"@type":"ReadAction","target":["https:\/\/www.em.com.br\/emfoco\/2026\/04\/26\/os-tons-de-batom-vermelho-que-valorizam-qualquer-tom-de-pele\/"]}]},{"@type":"ImageObject","inLanguage":"pt-BR","@id":"https:\/\/www.em.com.br\/emfoco\/2026\/04\/26\/os-tons-de-batom-vermelho-que-valorizam-qualquer-tom-de-pele\/#primaryimage","url":"https:\/\/www.em.com.br\/emfoco\/wp-content\/uploads\/2026\/04\/Oeste_54.jpg","contentUrl":"https:\/\/www.em.com.br\/emfoco\/wp-content\/uploads\/2026\/04\/Oeste_54.jpg","width":1280,"height":720,"caption":"Tonalidades ic\u00f4nicas de batom vermelho valorizam diversos tons de pele com eleg\u00e2ncia atemporal"},{"@type":"BreadcrumbList","@id":"https:\/\/www.em.com.br\/emfoco\/2026\/04\/26\/os-tons-de-batom-vermelho-que-valorizam-qualquer-tom-de-pele\/#breadcrumb","itemListElement":[{"@type":"ListItem","position":1,"name":"In\u00edcio","item":"https:\/\/www.em.com.br\/emfoco\/"},{"@type":"ListItem","position":2,"name":"Os tons de batom vermelho que valorizam qualquer tom de pele"}]},{"@type":"WebSite","@id":"https:\/\/www.em.com.br\/emfoco\/#website","url":"https:\/\/www.em.com.br\/emfoco\/","name":"Estado de Minas - Em foco","description":"Acompanhe as \u00faltimas not\u00edcias e fique bem informado sobre tudo o que acontece em Minas Gerais, Brasil e no mundo.","potentialAction":[{"@type":"SearchAction","target":{"@type":"EntryPoint","urlTemplate":"https:\/\/www.em.com.br\/emfoco\/?s={search_term_string}"},"query-input":{"@type":"PropertyValueSpecification","valueRequired":true,"valueName":"search_term_string"}}],"inLanguage":"pt-BR"},{"@type":"Person","@id":"https:\/\/www.em.com.br\/emfoco\/#\/schema\/person\/0a8186d72f2c3a5c6276d90b41f271a0","name":"Daniely Cardoso","image":{"@type":"ImageObject","inLanguage":"pt-BR","@id":"https:\/\/www.em.com.br\/emfoco\/#\/schema\/person\/image\/","url":"https:\/\/secure.gravatar.com\/avatar\/4b80ddbd124d1f071b626d52d62e5dff?s=96&d=mm&r=g","contentUrl":"https:\/\/secure.gravatar.com\/avatar\/4b80ddbd124d1f071b626d52d62e5dff?s=96&d=mm&r=g","caption":"Daniely Cardoso"},"url":"https:\/\/www.em.com.br\/emfoco\/author\/danielymyth\/"}]}},"_links":{"self":[{"href":"https:\/\/www.em.com.br\/emfoco\/wp-json\/wp\/v2\/posts\/199435","targetHints":{"allow":["GET"]}}],"collection":[{"href":"https:\/\/www.em.com.br\/emfoco\/wp-json\/wp\/v2\/posts"}],"about":[{"href":"https:\/\/www.em.com.br\/emfoco\/wp-json\/wp\/v2\/types\/post"}],"author":[{"embeddable":true,"href":"https:\/\/www.em.com.br\/emfoco\/wp-json\/wp\/v2\/users\/9"}],"replies":[{"embeddable":true,"href":"https:\/\/www.em.com.br\/emfoco\/wp-json\/wp\/v2\/comments?post=199435"}],"version-history":[{"count":1,"href":"https:\/\/www.em.com.br\/emfoco\/wp-json\/wp\/v2\/posts\/199435\/revisions"}],"predecessor-version":[{"id":199448,"href":"https:\/\/www.em.com.br\/emfoco\/wp-json\/wp\/v2\/posts\/199435\/revisions\/199448"}],"wp:featuredmedia":[{"embeddable":true,"href":"https:\/\/www.em.com.br\/emfoco\/wp-json\/wp\/v2\/media\/199546"}],"wp:attachment":[{"href":"https:\/\/www.em.com.br\/emfoco\/wp-json\/wp\/v2\/media?parent=199435"}],"wp:term":[{"taxonomy":"category","embeddable":true,"href":"https:\/\/www.em.com.br\/emfoco\/wp-json\/wp\/v2\/categories?post=199435"},{"taxonomy":"post_tag","embeddable":true,"href":"https:\/\/www.em.com.br\/emfoco\/wp-json\/wp\/v2\/tags?post=199435"}],"curies":[{"name":"wp","href":"https:\/\/api.w.org\/{rel}","templated":true}]}}