{"id":199431,"date":"2026-04-26T11:00:00","date_gmt":"2026-04-26T14:00:00","guid":{"rendered":"https:\/\/www.em.com.br\/emfoco\/?p=199431"},"modified":"2026-04-25T17:44:29","modified_gmt":"2026-04-25T20:44:29","slug":"aposentados-e-pensionistas-desconhecem-esses-beneficios-que-podem-aumentar-a-renda","status":"publish","type":"post","link":"https:\/\/www.em.com.br\/emfoco\/2026\/04\/26\/aposentados-e-pensionistas-desconhecem-esses-beneficios-que-podem-aumentar-a-renda\/","title":{"rendered":"Aposentados e pensionistas desconhecem esses benef\u00edcios que podem aumentar a renda"},"content":{"rendered":"\n<p>Muitos aposentados e pensionistas do <strong>INSS <\/strong>ainda desconhecem vantagens que podem aliviar o or\u00e7amento, recuperar descontos indevidos e aumentar a renda mensal. Em 2026, ganham destaque o ressarcimento de cobran\u00e7as de associa\u00e7\u00f5es diretamente pela <strong>Previd\u00eancia<\/strong>, a isen\u00e7\u00e3o de Imposto de Renda por doen\u00e7a grave, benef\u00edcios no transporte e novas regras de seguran\u00e7a no empr\u00e9stimo consignado, todos com prazos e procedimentos que exigem aten\u00e7\u00e3o redobrada.<\/p>\n\n\n\n<h2 class=\"wp-block-heading\">Como funciona o ressarcimento de descontos indevidos em 2026<\/h2>\n\n\n\n<p>Entre mar\u00e7o de 2020 e mar\u00e7o de 2025, muitos segurados tiveram mensalidades de associa\u00e7\u00f5es inclu\u00eddas no extrato do INSS sem autoriza\u00e7\u00e3o formal. Para esses casos, foi firmado um acordo que permite recuperar os valores de forma administrativa, sem necessidade de a\u00e7\u00e3o judicial, desde que respeitado o prazo final de contesta\u00e7\u00e3o.<\/p>\n\n\n\n<p>O prazo para contestar essas cobran\u00e7as foi prorrogado para\u00a0<strong>20 de junho de 2026<\/strong>, valendo para descontos de entidades de classe, clubes de benef\u00edcios e associa\u00e7\u00f5es semelhantes. A contesta\u00e7\u00e3o deve ser feita pelos canais oficiais e, se confirmada irregularidade, o ressarcimento \u00e9 creditado em at\u00e9 tr\u00eas dias \u00fateis ap\u00f3s o retorno da entidade.<\/p>\n\n\n\n<figure class=\"wp-block-image size-large\"><img loading=\"lazy\" decoding=\"async\" width=\"1024\" height=\"576\" src=\"https:\/\/www.em.com.br\/emfoco\/wp-content\/uploads\/2026\/04\/ChatGPT-Image-25-de-abr.-de-2026-17_31_38-1-1024x576.png\" alt=\"INSS libera vantagens que muitos idosos ignoram\" class=\"wp-image-199542\" srcset=\"https:\/\/www.em.com.br\/emfoco\/wp-content\/uploads\/2026\/04\/ChatGPT-Image-25-de-abr.-de-2026-17_31_38-1-1024x576.png 1024w, https:\/\/www.em.com.br\/emfoco\/wp-content\/uploads\/2026\/04\/ChatGPT-Image-25-de-abr.-de-2026-17_31_38-1-300x169.png 300w, https:\/\/www.em.com.br\/emfoco\/wp-content\/uploads\/2026\/04\/ChatGPT-Image-25-de-abr.-de-2026-17_31_38-1-768x432.png 768w, https:\/\/www.em.com.br\/emfoco\/wp-content\/uploads\/2026\/04\/ChatGPT-Image-25-de-abr.-de-2026-17_31_38-1-750x422.png 750w, https:\/\/www.em.com.br\/emfoco\/wp-content\/uploads\/2026\/04\/ChatGPT-Image-25-de-abr.-de-2026-17_31_38-1-1140x642.png 1140w, https:\/\/www.em.com.br\/emfoco\/wp-content\/uploads\/2026\/04\/ChatGPT-Image-25-de-abr.-de-2026-17_31_38-1.png 1279w\" sizes=\"auto, (max-width: 1024px) 100vw, 1024px\" \/><figcaption class=\"wp-element-caption\">INSS libera vantagens que muitos idosos ignoram<\/figcaption><\/figure>\n\n\n\n<h2 class=\"wp-block-heading\">Quem pode obter isen\u00e7\u00e3o de Imposto de Renda por doen\u00e7a grave<\/h2>\n\n\n\n<p>A isen\u00e7\u00e3o de<strong> Imposto de Renda<\/strong> \u00e9 um direito de aposentados e pensionistas com doen\u00e7as graves previstas em lei, como c\u00e2ncer, doen\u00e7a de Parkinson, cardiopatia grave, cegueira e nefropatia grave. O benef\u00edcio vale apenas para os rendimentos de aposentadoria ou pens\u00e3o, n\u00e3o se estendendo, em regra, a outras fontes de renda.<\/p>\n\n\n\n<p>Para ter direito, \u00e9 preciso apresentar laudos m\u00e9dicos atualizados de servi\u00e7o m\u00e9dico oficial ou reconhecido, al\u00e9m de exames e relat\u00f3rios que comprovem a enfermidade. Tamb\u00e9m \u00e9 poss\u00edvel pedir restitui\u00e7\u00e3o do IR pago nos \u00faltimos cinco anos, se demonstrado que a doen\u00e7a j\u00e1 existia nesse per\u00edodo.<\/p>\n\n\n\n<h2 class=\"wp-block-heading\">Quais s\u00e3o os principais benef\u00edcios de transporte para idosos<\/h2>\n\n\n\n<p>O&nbsp;<strong>Estatuto do Idoso<\/strong>&nbsp;garante vantagens importantes no transporte p\u00fablico para pessoas com 65 anos ou mais, podendo haver idade menor em algumas cidades. Em geral, h\u00e1 gratuidade em \u00f4nibus, trens e metr\u00f4s urbanos mediante apresenta\u00e7\u00e3o de documento com foto ou cart\u00e3o espec\u00edfico do munic\u00edpio.<\/p>\n\n\n\n<p>No transporte interestadual, idosos de baixa renda (at\u00e9 dois sal\u00e1rios m\u00ednimos) t\u00eam direito a vagas gratuitas ou desconto em passagens de \u00f4nibus. Para aproveitar melhor esses benef\u00edcios, \u00e9 fundamental entender quais documentos s\u00e3o exigidos e como funciona a reserva de assentos.<\/p>\n\n\n\n<ul class=\"wp-block-list\">\n<li><strong>Duas vagas gratuitas<\/strong>\u00a0por \u00f4nibus interestadual para idosos de baixa renda;<\/li>\n\n\n\n<li><strong>50% de desconto<\/strong>\u00a0na passagem quando as vagas gratuitas j\u00e1 estiverem preenchidas;<\/li>\n\n\n\n<li>Necessidade de apresentar a\u00a0<strong>Carteira do Idoso<\/strong>\u00a0ou documento equivalente atualizado;<\/li>\n\n\n\n<li>Recomenda\u00e7\u00e3o de chegar ao guich\u00ea com anteced\u00eancia de\u00a0<strong>3 a 5 horas<\/strong>\u00a0em per\u00edodos de grande movimento.<\/li>\n<\/ul>\n\n\n\n<figure class=\"wp-block-image\"><img decoding=\"async\" src=\"https:\/\/www.em.com.br\/emfoco\/wp-content\/uploads\/2025\/04\/idoso-no-celular_1745680872095-1024x576.jpg\" alt=\"\"\/><figcaption class=\"wp-element-caption\">INSS libera vantagens que muitos idosos ignoram &#8211; Cr\u00e9ditos: depositphotos.com \/ jet_po.mail.ru<\/figcaption><\/figure>\n\n\n\n<h2 class=\"wp-block-heading\">Quais s\u00e3o as novas regras do empr\u00e9stimo consignado e prazos do INSS<\/h2>\n\n\n\n<p>Os empr\u00e9stimos consignados para aposentados e pensionistas passaram por mudan\u00e7as para refor\u00e7ar a seguran\u00e7a e reduzir fraudes. Uma das principais novidades \u00e9 a exig\u00eancia de biometria facial no aplicativo <strong>Meu INSS<\/strong> para confirmar a contrata\u00e7\u00e3o, com prazo de at\u00e9 cinco dias para o benefici\u00e1rio validar a proposta.<\/p>\n\n\n\n<p>Nos pedidos de benef\u00edcios e revis\u00f5es, o INSS tem, em regra, at\u00e9 90 dias para an\u00e1lise, podendo exigir documentos adicionais. Nesses casos, o segurado disp\u00f5e de 30 dias, prorrog\u00e1veis por mais 30 se solicitar, para cumprir a exig\u00eancia, evitando o arquivamento do processo.<\/p>\n\n\n\n<h2 class=\"wp-block-heading\">Como garantir seus direitos e evitar preju\u00edzos no INSS<\/h2>\n\n\n\n<p>Diante de tantos prazos e regras, acompanhar regularmente o extrato de pagamento no Meu INSS e os comunicados oficiais \u00e9 essencial para n\u00e3o perder dinheiro. Revisar descontos, checar se h\u00e1 cobran\u00e7as de associa\u00e7\u00f5es desconhecidas e avaliar se voc\u00ea ou um familiar se enquadra em doen\u00e7a grave podem gerar economia imediata e restitui\u00e7\u00f5es significativas.<\/p>\n\n\n\n<p>N\u00e3o espere o problema crescer ou o prazo acabar: revise hoje seus descontos, verifique seus laudos m\u00e9dicos e, se tiver d\u00favidas, busque orienta\u00e7\u00e3o especializada ou ligue para o 135. Cada m\u00eas de atraso pode significar valores que n\u00e3o voltam mais; aja agora para proteger sua renda e garantir todos os direitos que a lei j\u00e1 coloca ao seu alcance.<\/p>\n\n\n\n<p><\/p>\n","protected":false},"excerpt":{"rendered":"<p>Muitos aposentados e pensionistas do INSS ainda desconhecem vantagens que podem aliviar o or\u00e7amento, recuperar descontos indevidos e aumentar a renda mensal. Em 2026, ganham destaque o ressarcimento de cobran\u00e7as de associa\u00e7\u00f5es diretamente pela Previd\u00eancia, a isen\u00e7\u00e3o de Imposto de Renda por doen\u00e7a grave, benef\u00edcios no transporte e novas regras de seguran\u00e7a no empr\u00e9stimo consignado, [&hellip;]<\/p>\n","protected":false},"author":11,"featured_media":199551,"comment_status":"open","ping_status":"open","sticky":false,"template":"","format":"standard","meta":{"jnews-multi-image_gallery":[],"jnews_single_post":{"format":"standard"},"jnews_primary_category":[],"jnews_social_meta":[],"jnews_override_counter":[],"footnotes":""},"categories":[28,1],"tags":[172,529,256,1540,174,28762],"class_list":["post-199431","post","type-post","status-publish","format-standard","has-post-thumbnail","hentry","category-economia","category-noticias","tag-aposentadoria","tag-aposentados","tag-beneficios","tag-descontos-indevidos","tag-inss","tag-transporte-gratis"],"yoast_head":"<!-- This site is optimized with the Yoast SEO plugin v23.8 - https:\/\/yoast.com\/wordpress\/plugins\/seo\/ -->\n<title>Aposentados e pensionistas desconhecem esses benef\u00edcios que podem aumentar a renda - Estado de Minas - Em foco<\/title>\n<meta name=\"description\" content=\"INSS pode devolver valores, liberar isen\u00e7\u00e3o e ampliar benef\u00edcios. Veja direitos que aposentados ainda ignoram em 2026.\" \/>\n<meta name=\"robots\" content=\"index, follow, max-snippet:-1, max-image-preview:large, max-video-preview:-1\" \/>\n<link rel=\"canonical\" href=\"https:\/\/www.em.com.br\/emfoco\/2026\/04\/26\/aposentados-e-pensionistas-desconhecem-esses-beneficios-que-podem-aumentar-a-renda\/\" \/>\n<meta property=\"og:locale\" content=\"pt_BR\" \/>\n<meta property=\"og:type\" content=\"article\" \/>\n<meta property=\"og:title\" content=\"Aposentados e pensionistas desconhecem esses benef\u00edcios que podem aumentar a renda - Estado de Minas - Em foco\" \/>\n<meta property=\"og:description\" content=\"INSS pode devolver valores, liberar isen\u00e7\u00e3o e ampliar benef\u00edcios. Veja direitos que aposentados ainda ignoram em 2026.\" \/>\n<meta property=\"og:url\" content=\"https:\/\/www.em.com.br\/emfoco\/2026\/04\/26\/aposentados-e-pensionistas-desconhecem-esses-beneficios-que-podem-aumentar-a-renda\/\" \/>\n<meta property=\"og:site_name\" content=\"Estado de Minas - Em foco\" \/>\n<meta property=\"article:published_time\" content=\"2026-04-26T14:00:00+00:00\" \/>\n<meta property=\"article:modified_time\" content=\"2026-04-25T20:44:29+00:00\" \/>\n<meta property=\"og:image\" content=\"https:\/\/www.em.com.br\/emfoco\/wp-content\/uploads\/2026\/04\/Gemini_Generated_Image_7tr3nl7tr3nl7tr3-1.png\" \/>\n\t<meta property=\"og:image:width\" content=\"1280\" \/>\n\t<meta property=\"og:image:height\" content=\"720\" \/>\n\t<meta property=\"og:image:type\" content=\"image\/png\" \/>\n<meta name=\"author\" content=\"Andre\u0301 Rangel\u00a0\" \/>\n<meta name=\"twitter:card\" content=\"summary_large_image\" \/>\n<meta name=\"twitter:label1\" content=\"Escrito por\" \/>\n\t<meta name=\"twitter:data1\" content=\"Andre\u0301 Rangel\u00a0\" \/>\n\t<meta name=\"twitter:label2\" content=\"Est. tempo de leitura\" \/>\n\t<meta name=\"twitter:data2\" content=\"5 minutos\" \/>\n<!-- \/ Yoast SEO plugin. -->","yoast_head_json":{"title":"Aposentados e pensionistas desconhecem esses benef\u00edcios que podem aumentar a renda - Estado de Minas - Em foco","description":"INSS pode devolver valores, liberar isen\u00e7\u00e3o e ampliar benef\u00edcios. Veja direitos que aposentados ainda ignoram em 2026.","robots":{"index":"index","follow":"follow","max-snippet":"max-snippet:-1","max-image-preview":"max-image-preview:large","max-video-preview":"max-video-preview:-1"},"canonical":"https:\/\/www.em.com.br\/emfoco\/2026\/04\/26\/aposentados-e-pensionistas-desconhecem-esses-beneficios-que-podem-aumentar-a-renda\/","og_locale":"pt_BR","og_type":"article","og_title":"Aposentados e pensionistas desconhecem esses benef\u00edcios que podem aumentar a renda - Estado de Minas - Em foco","og_description":"INSS pode devolver valores, liberar isen\u00e7\u00e3o e ampliar benef\u00edcios. Veja direitos que aposentados ainda ignoram em 2026.","og_url":"https:\/\/www.em.com.br\/emfoco\/2026\/04\/26\/aposentados-e-pensionistas-desconhecem-esses-beneficios-que-podem-aumentar-a-renda\/","og_site_name":"Estado de Minas - Em foco","article_published_time":"2026-04-26T14:00:00+00:00","article_modified_time":"2026-04-25T20:44:29+00:00","og_image":[{"width":1280,"height":720,"url":"https:\/\/www.em.com.br\/emfoco\/wp-content\/uploads\/2026\/04\/Gemini_Generated_Image_7tr3nl7tr3nl7tr3-1.png","type":"image\/png"}],"author":"Andre\u0301 Rangel\u00a0","twitter_card":"summary_large_image","twitter_misc":{"Escrito por":"Andre\u0301 Rangel\u00a0","Est. tempo de leitura":"5 minutos"},"schema":{"@context":"https:\/\/schema.org","@graph":[{"@type":"WebPage","@id":"https:\/\/www.em.com.br\/emfoco\/2026\/04\/26\/aposentados-e-pensionistas-desconhecem-esses-beneficios-que-podem-aumentar-a-renda\/","url":"https:\/\/www.em.com.br\/emfoco\/2026\/04\/26\/aposentados-e-pensionistas-desconhecem-esses-beneficios-que-podem-aumentar-a-renda\/","name":"Aposentados e pensionistas desconhecem esses benef\u00edcios que podem aumentar a renda - Estado de Minas - Em foco","isPartOf":{"@id":"https:\/\/www.em.com.br\/emfoco\/#website"},"primaryImageOfPage":{"@id":"https:\/\/www.em.com.br\/emfoco\/2026\/04\/26\/aposentados-e-pensionistas-desconhecem-esses-beneficios-que-podem-aumentar-a-renda\/#primaryimage"},"image":{"@id":"https:\/\/www.em.com.br\/emfoco\/2026\/04\/26\/aposentados-e-pensionistas-desconhecem-esses-beneficios-que-podem-aumentar-a-renda\/#primaryimage"},"thumbnailUrl":"https:\/\/www.em.com.br\/emfoco\/wp-content\/uploads\/2026\/04\/Gemini_Generated_Image_7tr3nl7tr3nl7tr3-1.png","datePublished":"2026-04-26T14:00:00+00:00","dateModified":"2026-04-25T20:44:29+00:00","author":{"@id":"https:\/\/www.em.com.br\/emfoco\/#\/schema\/person\/60eda09c1fedf0d6891f4cef4b60b8b8"},"description":"INSS pode devolver valores, liberar isen\u00e7\u00e3o e ampliar benef\u00edcios. Veja direitos que aposentados ainda ignoram em 2026.","breadcrumb":{"@id":"https:\/\/www.em.com.br\/emfoco\/2026\/04\/26\/aposentados-e-pensionistas-desconhecem-esses-beneficios-que-podem-aumentar-a-renda\/#breadcrumb"},"inLanguage":"pt-BR","potentialAction":[{"@type":"ReadAction","target":["https:\/\/www.em.com.br\/emfoco\/2026\/04\/26\/aposentados-e-pensionistas-desconhecem-esses-beneficios-que-podem-aumentar-a-renda\/"]}]},{"@type":"ImageObject","inLanguage":"pt-BR","@id":"https:\/\/www.em.com.br\/emfoco\/2026\/04\/26\/aposentados-e-pensionistas-desconhecem-esses-beneficios-que-podem-aumentar-a-renda\/#primaryimage","url":"https:\/\/www.em.com.br\/emfoco\/wp-content\/uploads\/2026\/04\/Gemini_Generated_Image_7tr3nl7tr3nl7tr3-1.png","contentUrl":"https:\/\/www.em.com.br\/emfoco\/wp-content\/uploads\/2026\/04\/Gemini_Generated_Image_7tr3nl7tr3nl7tr3-1.png","width":1280,"height":720,"caption":"INSS libera vantagens que muitos idosos ignoram"},{"@type":"BreadcrumbList","@id":"https:\/\/www.em.com.br\/emfoco\/2026\/04\/26\/aposentados-e-pensionistas-desconhecem-esses-beneficios-que-podem-aumentar-a-renda\/#breadcrumb","itemListElement":[{"@type":"ListItem","position":1,"name":"In\u00edcio","item":"https:\/\/www.em.com.br\/emfoco\/"},{"@type":"ListItem","position":2,"name":"Aposentados e pensionistas desconhecem esses benef\u00edcios que podem aumentar a renda"}]},{"@type":"WebSite","@id":"https:\/\/www.em.com.br\/emfoco\/#website","url":"https:\/\/www.em.com.br\/emfoco\/","name":"Estado de Minas - Em foco","description":"Acompanhe as \u00faltimas not\u00edcias e fique bem informado sobre tudo o que acontece em Minas Gerais, Brasil e no mundo.","potentialAction":[{"@type":"SearchAction","target":{"@type":"EntryPoint","urlTemplate":"https:\/\/www.em.com.br\/emfoco\/?s={search_term_string}"},"query-input":{"@type":"PropertyValueSpecification","valueRequired":true,"valueName":"search_term_string"}}],"inLanguage":"pt-BR"},{"@type":"Person","@id":"https:\/\/www.em.com.br\/emfoco\/#\/schema\/person\/60eda09c1fedf0d6891f4cef4b60b8b8","name":"Andre\u0301 Rangel\u00a0","image":{"@type":"ImageObject","inLanguage":"pt-BR","@id":"https:\/\/www.em.com.br\/emfoco\/#\/schema\/person\/image\/","url":"https:\/\/secure.gravatar.com\/avatar\/6234dc814c77c8ef6d8bba622c787efc?s=96&d=mm&r=g","contentUrl":"https:\/\/secure.gravatar.com\/avatar\/6234dc814c77c8ef6d8bba622c787efc?s=96&d=mm&r=g","caption":"Andre\u0301 Rangel\u00a0"},"url":"https:\/\/www.em.com.br\/emfoco\/author\/luizmyth\/"}]}},"_links":{"self":[{"href":"https:\/\/www.em.com.br\/emfoco\/wp-json\/wp\/v2\/posts\/199431","targetHints":{"allow":["GET"]}}],"collection":[{"href":"https:\/\/www.em.com.br\/emfoco\/wp-json\/wp\/v2\/posts"}],"about":[{"href":"https:\/\/www.em.com.br\/emfoco\/wp-json\/wp\/v2\/types\/post"}],"author":[{"embeddable":true,"href":"https:\/\/www.em.com.br\/emfoco\/wp-json\/wp\/v2\/users\/11"}],"replies":[{"embeddable":true,"href":"https:\/\/www.em.com.br\/emfoco\/wp-json\/wp\/v2\/comments?post=199431"}],"version-history":[{"count":2,"href":"https:\/\/www.em.com.br\/emfoco\/wp-json\/wp\/v2\/posts\/199431\/revisions"}],"predecessor-version":[{"id":199552,"href":"https:\/\/www.em.com.br\/emfoco\/wp-json\/wp\/v2\/posts\/199431\/revisions\/199552"}],"wp:featuredmedia":[{"embeddable":true,"href":"https:\/\/www.em.com.br\/emfoco\/wp-json\/wp\/v2\/media\/199551"}],"wp:attachment":[{"href":"https:\/\/www.em.com.br\/emfoco\/wp-json\/wp\/v2\/media?parent=199431"}],"wp:term":[{"taxonomy":"category","embeddable":true,"href":"https:\/\/www.em.com.br\/emfoco\/wp-json\/wp\/v2\/categories?post=199431"},{"taxonomy":"post_tag","embeddable":true,"href":"https:\/\/www.em.com.br\/emfoco\/wp-json\/wp\/v2\/tags?post=199431"}],"curies":[{"name":"wp","href":"https:\/\/api.w.org\/{rel}","templated":true}]}}